{"id":220,"count":1,"description":"","link":"https:\/\/lepatriotebenin.com\/index.php\/tag\/retraite-doffice-au-sein-de-forces-de-defense-et-securite\/","name":"Retraite d\u2019office au sein de Forces de d\u00e9fense et s\u00e9curit\u00e9","slug":"retraite-doffice-au-sein-de-forces-de-defense-et-securite","taxonomy":"post_tag","meta":[],"yoast_head":"<!-- This site is optimized with the Yoast SEO plugin v27.5 - https:\/\/yoast.com\/product\/yoast-seo-wordpress\/ -->\n<title>Archives des Retraite d\u2019office au sein de Forces de d\u00e9fense et s\u00e9curit\u00e9 - Le Patriote<\/title>\n<meta name=\"robots\" content=\"index, follow, max-snippet:-1, max-image-preview:large, max-video-preview:-1\" \/>\n<link rel=\"canonical\" href=\"https:\/\/lepatriotebenin.com\/index.php\/tag\/retraite-doffice-au-sein-de-forces-de-defense-et-securite\/\" \/>\n<meta property=\"og:locale\" content=\"fr_FR\" \/>\n<meta property=\"og:type\" content=\"article\" \/>\n<meta property=\"og:title\" content=\"Archives des Retraite d\u2019office au sein de Forces de d\u00e9fense et s\u00e9curit\u00e9 - Le Patriote\" \/>\n<meta property=\"og:url\" content=\"https:\/\/lepatriotebenin.com\/index.php\/tag\/retraite-doffice-au-sein-de-forces-de-defense-et-securite\/\" \/>\n<meta property=\"og:site_name\" content=\"Le Patriote\" \/>\n<meta name=\"twitter:card\" content=\"summary_large_image\" \/>\n<script type=\"application\/ld+json\" class=\"yoast-schema-graph\">{\"@context\":\"https:\\\/\\\/schema.org\",\"@graph\":[{\"@type\":\"CollectionPage\",\"@id\":\"https:\\\/\\\/lepatriotebenin.com\\\/index.php\\\/tag\\\/retraite-doffice-au-sein-de-forces-de-defense-et-securite\\\/\",\"url\":\"https:\\\/\\\/lepatriotebenin.com\\\/index.php\\\/tag\\\/retraite-doffice-au-sein-de-forces-de-defense-et-securite\\\/\",\"name\":\"Archives des Retraite d\u2019office au sein de Forces de d\u00e9fense et s\u00e9curit\u00e9 - Le Patriote\",\"isPartOf\":{\"@id\":\"https:\\\/\\\/lepatriotebenin.com\\\/#website\"},\"breadcrumb\":{\"@id\":\"https:\\\/\\\/lepatriotebenin.com\\\/index.php\\\/tag\\\/retraite-doffice-au-sein-de-forces-de-defense-et-securite\\\/#breadcrumb\"},\"inLanguage\":\"fr-FR\"},{\"@type\":\"BreadcrumbList\",\"@id\":\"https:\\\/\\\/lepatriotebenin.com\\\/index.php\\\/tag\\\/retraite-doffice-au-sein-de-forces-de-defense-et-securite\\\/#breadcrumb\",\"itemListElement\":[{\"@type\":\"ListItem\",\"position\":1,\"name\":\"Accueil\",\"item\":\"https:\\\/\\\/lepatriotebenin.com\\\/\"},{\"@type\":\"ListItem\",\"position\":2,\"name\":\"Retraite d\u2019office au sein de Forces de d\u00e9fense et s\u00e9curit\u00e9\"}]},{\"@type\":\"WebSite\",\"@id\":\"https:\\\/\\\/lepatriotebenin.com\\\/#website\",\"url\":\"https:\\\/\\\/lepatriotebenin.com\\\/\",\"name\":\"Le Patriote\",\"description\":\"Le Patriote B\u00e9nin\",\"potentialAction\":[{\"@type\":\"SearchAction\",\"target\":{\"@type\":\"EntryPoint\",\"urlTemplate\":\"https:\\\/\\\/lepatriotebenin.com\\\/?s={search_term_string}\"},\"query-input\":{\"@type\":\"PropertyValueSpecification\",\"valueRequired\":true,\"valueName\":\"search_term_string\"}}],\"inLanguage\":\"fr-FR\"}]}<\/script>\n<!-- \/ Yoast SEO plugin. -->","yoast_head_json":{"title":"Archives des Retraite d\u2019office au sein de Forces de d\u00e9fense et s\u00e9curit\u00e9 - Le Patriote","robots":{"index":"index","follow":"follow","max-snippet":"max-snippet:-1","max-image-preview":"max-image-preview:large","max-video-preview":"max-video-preview:-1"},"canonical":"https:\/\/lepatriotebenin.com\/index.php\/tag\/retraite-doffice-au-sein-de-forces-de-defense-et-securite\/","og_locale":"fr_FR","og_type":"article","og_title":"Archives des Retraite d\u2019office au sein de Forces de d\u00e9fense et s\u00e9curit\u00e9 - Le Patriote","og_url":"https:\/\/lepatriotebenin.com\/index.php\/tag\/retraite-doffice-au-sein-de-forces-de-defense-et-securite\/","og_site_name":"Le Patriote","twitter_card":"summary_large_image","schema":{"@context":"https:\/\/schema.org","@graph":[{"@type":"CollectionPage","@id":"https:\/\/lepatriotebenin.com\/index.php\/tag\/retraite-doffice-au-sein-de-forces-de-defense-et-securite\/","url":"https:\/\/lepatriotebenin.com\/index.php\/tag\/retraite-doffice-au-sein-de-forces-de-defense-et-securite\/","name":"Archives des Retraite d\u2019office au sein de Forces de d\u00e9fense et s\u00e9curit\u00e9 - Le Patriote","isPartOf":{"@id":"https:\/\/lepatriotebenin.com\/#website"},"breadcrumb":{"@id":"https:\/\/lepatriotebenin.com\/index.php\/tag\/retraite-doffice-au-sein-de-forces-de-defense-et-securite\/#breadcrumb"},"inLanguage":"fr-FR"},{"@type":"BreadcrumbList","@id":"https:\/\/lepatriotebenin.com\/index.php\/tag\/retraite-doffice-au-sein-de-forces-de-defense-et-securite\/#breadcrumb","itemListElement":[{"@type":"ListItem","position":1,"name":"Accueil","item":"https:\/\/lepatriotebenin.com\/"},{"@type":"ListItem","position":2,"name":"Retraite d\u2019office au sein de Forces de d\u00e9fense et s\u00e9curit\u00e9"}]},{"@type":"WebSite","@id":"https:\/\/lepatriotebenin.com\/#website","url":"https:\/\/lepatriotebenin.com\/","name":"Le Patriote","description":"Le Patriote B\u00e9nin","potentialAction":[{"@type":"SearchAction","target":{"@type":"EntryPoint","urlTemplate":"https:\/\/lepatriotebenin.com\/?s={search_term_string}"},"query-input":{"@type":"PropertyValueSpecification","valueRequired":true,"valueName":"search_term_string"}}],"inLanguage":"fr-FR"}]}},"_links":{"self":[{"href":"https:\/\/lepatriotebenin.com\/index.php\/wp-json\/wp\/v2\/tags\/220","targetHints":{"allow":["GET"]}}],"collection":[{"href":"https:\/\/lepatriotebenin.com\/index.php\/wp-json\/wp\/v2\/tags"}],"about":[{"href":"https:\/\/lepatriotebenin.com\/index.php\/wp-json\/wp\/v2\/taxonomies\/post_tag"}],"wp:post_type":[{"href":"https:\/\/lepatriotebenin.com\/index.php\/wp-json\/wp\/v2\/posts?tags=220"}],"curies":[{"name":"wp","href":"https:\/\/api.w.org\/{rel}","templated":true}]}}