{"id":9940,"date":"2024-12-23T02:47:32","date_gmt":"2024-12-23T01:47:32","guid":{"rendered":"https:\/\/lepatriotebenin.com\/?p=9940"},"modified":"2024-12-23T02:47:34","modified_gmt":"2024-12-23T01:47:34","slug":"assemblee-nationale-vlavonou-griot-du-chef-de-letat-ou-2e-personnalite-de-letat","status":"publish","type":"post","link":"https:\/\/lepatriotebenin.com\/index.php\/2024\/12\/23\/assemblee-nationale-vlavonou-griot-du-chef-de-letat-ou-2e-personnalite-de-letat\/","title":{"rendered":"Assembl\u00e9e Nationale\u00a0: Vlavonou, griot du chef de l\u2019Etat ou 2\u00e8 personnalit\u00e9 de l\u2019Etat\u00a0?"},"content":{"rendered":"\n<p><strong>Depuis 2019 qu\u2019il est \u00e0 la t\u00eate de l\u2019Assembl\u00e9e Nationale, Louis G. Vlavonou n\u2019a jamais pu incarner la 2\u00e8 personnalit\u00e9 de l\u2019Etat B\u00e9ninois dans son rang et dans sa posture. Sa d\u00e9votion et sa r\u00e9v\u00e9rence exag\u00e9r\u00e9e au chef de l\u2019Etat mettent \u00e0 mal l\u2019image de l\u2019institution de \u00ab&nbsp;contre pouvoir&nbsp;\u00bb qu\u2019il dirige, autant qu\u2019il le projette comme un homme-lige condamn\u00e9 \u00e0 louanger Patrice Talon pour m\u00e9riter son poste.<\/strong><\/p>\n\n\n\n<p>De m\u00e9moire de B\u00e9ninois, jamais un pr\u00e9sident de l\u2019Assembl\u00e9e Nationale n\u2019aura \u00e9t\u00e9 aussi docile et soumis. Si le \u00ab&nbsp;pi-pan&nbsp;\u00bb entre Boni Yayi et Mathurin Nago avait r\u00e9sonn\u00e9 une note regrettable de complicit\u00e9 entre le chef de l\u2019Etat et le Pr\u00e9sident de l\u2019Assembl\u00e9e, les d\u00e9f\u00e9rences impromptues et le griotisme pouss\u00e9 de Louis Vlavonou envers Patrice Talon auront suffi pour sonner d\u00e9finitivement le glas de l\u2019ind\u00e9pendance de l\u2019Assembl\u00e9e Nationale consid\u00e9r\u00e9e- \u00e0 tort peut \u00eatre- comme la repr\u00e9sentation Nationale. Cette fois-ci, la symphonie est en note soumission. Et hier vendredi 20 d\u00e9cembre, \u00e0 la pr\u00e9sentation du discours du chef de l\u2019Etat sur l\u2019\u00e9tat de la nation, Louis Vlavonou en aura donn\u00e9 toute la grandeur. Introduit par le protocole, le pr\u00e9sident de l\u2019Assembl\u00e9e Nationale devrait, selon les r\u00e8gles protocolaires, ouvrir la s\u00e9ance et donner la parole au chef de l\u2019Etat qui prononce son discours. Au m\u00eame pupitre, on a vu les pr\u00e9sidents Houngb\u00e9dji, Amoussou, Idji, Nago s\u2019exercer au m\u00eame c\u00e9r\u00e9monial sans susciter autant de critiques et de hargne. Hier malheureusement, Louis Vlavonou a voulu jouer au griot. En fait, il s\u2019agit d\u2019une sorte d\u2019obligation de reconnaissance \u00e0 un bienfaiteur dont l\u2019influence sur soi est forte. Une sorte de t\u00e9moignage de gratitude dont il a du mal \u00e0 se passer. Posture pourtant compr\u00e9hensible lorsqu\u2019on se rappelle qu\u2019il a \u00e9t\u00e9 impos\u00e9 aux d\u00e9put\u00e9s de la 8\u00e8 l\u00e9gislature presque d\u00e9sign\u00e9s aux termes d\u2019\u00e9lections l\u00e9gislatives \u00e0 \u00ab&nbsp;guichet ferm\u00e9&nbsp;\u00bb, endeuill\u00e9es par les crimes de sang et purg\u00e9es de tous les partis de l\u2019opposition. Dans un tel contexte et pour le chr\u00e9tien qu\u2019il est, Talon apparait comme un bienfaiteur, \u00ab&nbsp;celui par qui Dieu manifeste sa volont\u00e9 dans sa vie&nbsp;\u00bb. &nbsp;On le voit compl\u00e8tement gris\u00e9 devant la prestance pr\u00e9sidentielle. C\u2019est ainsi qu\u2019il va chercher \u00e0 mimer le porte parole du gouvernement en r\u00e9citant comme un jeune \u00e9colier ses propos sur le chef de l\u2019Etat \u00e0 la lettre. \u00ab&nbsp;Avec le chef de l\u2019Etat, rien ne se dit au hasard\u2026&nbsp;\u00bb, \u00ab&nbsp;ses propos sont recherch\u00e9s&nbsp;\u00bb\u2026et d\u2019autres formules us\u00e9es par le porte parole dans ses joutes oratoires. Louis Vlavonou aura fait mieux que des ministres et m\u00eame des communicants z\u00e9l\u00e9s et pay\u00e9s comptants par la Marina. Et lorsqu\u2019on a vu sa mine changer apr\u00e8s les propos va-t-en-guerre du chef de l\u2019Etat, il ne peut malheureusement qu\u2019acquiescer par un rictus discret. Il n\u2019y a pas si longtemps, \u00e0 l\u2019ouverture de la session budg\u00e9taire, il faisait un discours sur la haine et sa prolif\u00e9ration au sein de la R\u00e9publique.&nbsp;<\/p>\n\n\n\n<p>&nbsp;&nbsp;&nbsp;&nbsp;&nbsp; &nbsp;<strong>Crime de l\u00e8se-ind\u00e9pendance<\/strong><\/p>\n\n\n\n<p>Les actes et les discours de l\u2019ex- douanier n\u2019ont jamais chang\u00e9 depuis 2019. Il n\u2019a malheureusement pas pu faire donner \u00e0 l\u2019institution son ind\u00e9pendance et sa souverainet\u00e9. Selon l\u2019article 79 de la constitution, \u00ab&nbsp;Le Parlement est constitu\u00e9 par une assembl\u00e9e unique dite Assembl\u00e9e nationale dont les membres portent le titre de d\u00e9put\u00e9. Il exerce le pouvoir l\u00e9gislatif et contr\u00f4le l&rsquo;action du Gouvernement&nbsp;\u00bb. Sous Louis Vlavonou, le r\u00f4le important qui fait de l\u2019Assembl\u00e9e Nationale l\u2019institution de contre-pouvoir et qui vise \u00e0 contr\u00f4ler le parlement a presque disparu. &nbsp;Il n\u2019a y presque plus de commissions parlementaires et les rares questions orales et \u00e9crites venant majoritairement des d\u00e9put\u00e9s de l\u2019opposition souffrent dans l\u2019agenda parlementaire. La r\u00e9forme constitutionnelle de 2019 a d\u2019ailleurs diminu\u00e9 les pr\u00e9rogatives de contre-pouvoir de l\u2019institution en lui arrachant le pouvoir de ratification des accords de pr\u00eat et de subvention. Louis Vlavonou ne s\u2019en est gu\u00e8re plaint. Lorsqu\u2019il affirme dans son discours que l\u2019Assembl\u00e9e est le \u00ab&nbsp;sanctuaire de la d\u00e9mocratie&nbsp;\u00bb, il ne fait que de la phras\u00e9ologie car depuis 2019, lui son premier responsable s\u2019est toujours comport\u00e9 comme le 22\u00e8 ministre du gouvernement qui cherche plus \u00e0 le d\u00e9fendre, \u00e0 d\u00e9fendre ses int\u00e9r\u00eats politiciens qu\u2019\u00e0 repr\u00e9senter dignement une institution qui devrait \u00eatre un rempart aux drives du pouvoir ex\u00e9cutif.<\/p>\n","protected":false},"excerpt":{"rendered":"<p>Depuis 2019 qu\u2019il est \u00e0 la t\u00eate de l\u2019Assembl\u00e9e Nationale, Louis G. Vlavonou n\u2019a jamais pu incarner la 2\u00e8 personnalit\u00e9 de l\u2019Etat B\u00e9ninois dans son rang et dans sa posture.&hellip;<\/p>\n","protected":false},"author":15,"featured_media":9941,"comment_status":"open","ping_status":"open","sticky":false,"template":"","format":"standard","meta":{"content-type":"","om_disable_all_campaigns":false,"_monsterinsights_skip_tracking":false,"_monsterinsights_sitenote_active":false,"_monsterinsights_sitenote_note":"","_monsterinsights_sitenote_category":0,"_uf_show_specific_survey":0,"_uf_disable_surveys":false,"footnotes":""},"categories":[26],"tags":[],"class_list":["post-9940","post","type-post","status-publish","format-standard","has-post-thumbnail","hentry","category-politique"],"aioseo_notices":[],"yoast_head":"<!-- This site is optimized with the Yoast SEO plugin v27.5 - https:\/\/yoast.com\/product\/yoast-seo-wordpress\/ -->\n<title>Assembl\u00e9e Nationale\u00a0: Vlavonou, griot du chef de l\u2019Etat ou 2\u00e8 personnalit\u00e9 de l\u2019Etat\u00a0? - Le Patriote<\/title>\n<meta name=\"robots\" content=\"index, follow, max-snippet:-1, max-image-preview:large, max-video-preview:-1\" \/>\n<link rel=\"canonical\" href=\"https:\/\/lepatriotebenin.com\/index.php\/2024\/12\/23\/assemblee-nationale-vlavonou-griot-du-chef-de-letat-ou-2e-personnalite-de-letat\/\" \/>\n<meta property=\"og:locale\" content=\"fr_FR\" \/>\n<meta property=\"og:type\" content=\"article\" \/>\n<meta property=\"og:title\" content=\"Assembl\u00e9e Nationale\u00a0: Vlavonou, griot du chef de l\u2019Etat ou 2\u00e8 personnalit\u00e9 de l\u2019Etat\u00a0? - Le Patriote\" \/>\n<meta property=\"og:description\" content=\"Depuis 2019 qu\u2019il est \u00e0 la t\u00eate de l\u2019Assembl\u00e9e Nationale, Louis G. Vlavonou n\u2019a jamais pu incarner la 2\u00e8 personnalit\u00e9 de l\u2019Etat B\u00e9ninois dans son rang et dans sa posture.&hellip;\" \/>\n<meta property=\"og:url\" content=\"https:\/\/lepatriotebenin.com\/index.php\/2024\/12\/23\/assemblee-nationale-vlavonou-griot-du-chef-de-letat-ou-2e-personnalite-de-letat\/\" \/>\n<meta property=\"og:site_name\" content=\"Le Patriote\" \/>\n<meta property=\"article:published_time\" content=\"2024-12-23T01:47:32+00:00\" \/>\n<meta property=\"article:modified_time\" content=\"2024-12-23T01:47:34+00:00\" \/>\n<meta property=\"og:image\" content=\"https:\/\/lepatriotebenin.com\/wp-content\/uploads\/2024\/12\/vlavonou.jpeg\" \/>\n\t<meta property=\"og:image:width\" content=\"655\" \/>\n\t<meta property=\"og:image:height\" content=\"468\" \/>\n\t<meta property=\"og:image:type\" content=\"image\/jpeg\" \/>\n<meta name=\"author\" content=\"Marcel ZOUMENOU\" \/>\n<meta name=\"twitter:card\" content=\"summary_large_image\" \/>\n<meta name=\"twitter:label1\" content=\"\u00c9crit par\" \/>\n\t<meta name=\"twitter:data1\" content=\"Marcel ZOUMENOU\" \/>\n\t<meta name=\"twitter:label2\" content=\"Dur\u00e9e de lecture estim\u00e9e\" \/>\n\t<meta name=\"twitter:data2\" content=\"4 minutes\" \/>\n<script type=\"application\/ld+json\" class=\"yoast-schema-graph\">{\"@context\":\"https:\\\/\\\/schema.org\",\"@graph\":[{\"@type\":\"Article\",\"@id\":\"https:\\\/\\\/lepatriotebenin.com\\\/index.php\\\/2024\\\/12\\\/23\\\/assemblee-nationale-vlavonou-griot-du-chef-de-letat-ou-2e-personnalite-de-letat\\\/#article\",\"isPartOf\":{\"@id\":\"https:\\\/\\\/lepatriotebenin.com\\\/index.php\\\/2024\\\/12\\\/23\\\/assemblee-nationale-vlavonou-griot-du-chef-de-letat-ou-2e-personnalite-de-letat\\\/\"},\"author\":{\"name\":\"Marcel ZOUMENOU\",\"@id\":\"https:\\\/\\\/lepatriotebenin.com\\\/#\\\/schema\\\/person\\\/431e5eef55c02ebf1428603ce8959de6\"},\"headline\":\"Assembl\u00e9e Nationale\u00a0: Vlavonou, griot du chef de l\u2019Etat ou 2\u00e8 personnalit\u00e9 de l\u2019Etat\u00a0?\",\"datePublished\":\"2024-12-23T01:47:32+00:00\",\"dateModified\":\"2024-12-23T01:47:34+00:00\",\"mainEntityOfPage\":{\"@id\":\"https:\\\/\\\/lepatriotebenin.com\\\/index.php\\\/2024\\\/12\\\/23\\\/assemblee-nationale-vlavonou-griot-du-chef-de-letat-ou-2e-personnalite-de-letat\\\/\"},\"wordCount\":839,\"commentCount\":0,\"image\":{\"@id\":\"https:\\\/\\\/lepatriotebenin.com\\\/index.php\\\/2024\\\/12\\\/23\\\/assemblee-nationale-vlavonou-griot-du-chef-de-letat-ou-2e-personnalite-de-letat\\\/#primaryimage\"},\"thumbnailUrl\":\"https:\\\/\\\/lepatriotebenin.com\\\/wp-content\\\/uploads\\\/2024\\\/12\\\/vlavonou.jpeg\",\"articleSection\":[\"Politique\"],\"inLanguage\":\"fr-FR\",\"potentialAction\":[{\"@type\":\"CommentAction\",\"name\":\"Comment\",\"target\":[\"https:\\\/\\\/lepatriotebenin.com\\\/index.php\\\/2024\\\/12\\\/23\\\/assemblee-nationale-vlavonou-griot-du-chef-de-letat-ou-2e-personnalite-de-letat\\\/#respond\"]}]},{\"@type\":\"WebPage\",\"@id\":\"https:\\\/\\\/lepatriotebenin.com\\\/index.php\\\/2024\\\/12\\\/23\\\/assemblee-nationale-vlavonou-griot-du-chef-de-letat-ou-2e-personnalite-de-letat\\\/\",\"url\":\"https:\\\/\\\/lepatriotebenin.com\\\/index.php\\\/2024\\\/12\\\/23\\\/assemblee-nationale-vlavonou-griot-du-chef-de-letat-ou-2e-personnalite-de-letat\\\/\",\"name\":\"Assembl\u00e9e Nationale\u00a0: Vlavonou, griot du chef de l\u2019Etat ou 2\u00e8 personnalit\u00e9 de l\u2019Etat\u00a0? - Le Patriote\",\"isPartOf\":{\"@id\":\"https:\\\/\\\/lepatriotebenin.com\\\/#website\"},\"primaryImageOfPage\":{\"@id\":\"https:\\\/\\\/lepatriotebenin.com\\\/index.php\\\/2024\\\/12\\\/23\\\/assemblee-nationale-vlavonou-griot-du-chef-de-letat-ou-2e-personnalite-de-letat\\\/#primaryimage\"},\"image\":{\"@id\":\"https:\\\/\\\/lepatriotebenin.com\\\/index.php\\\/2024\\\/12\\\/23\\\/assemblee-nationale-vlavonou-griot-du-chef-de-letat-ou-2e-personnalite-de-letat\\\/#primaryimage\"},\"thumbnailUrl\":\"https:\\\/\\\/lepatriotebenin.com\\\/wp-content\\\/uploads\\\/2024\\\/12\\\/vlavonou.jpeg\",\"datePublished\":\"2024-12-23T01:47:32+00:00\",\"dateModified\":\"2024-12-23T01:47:34+00:00\",\"author\":{\"@id\":\"https:\\\/\\\/lepatriotebenin.com\\\/#\\\/schema\\\/person\\\/431e5eef55c02ebf1428603ce8959de6\"},\"breadcrumb\":{\"@id\":\"https:\\\/\\\/lepatriotebenin.com\\\/index.php\\\/2024\\\/12\\\/23\\\/assemblee-nationale-vlavonou-griot-du-chef-de-letat-ou-2e-personnalite-de-letat\\\/#breadcrumb\"},\"inLanguage\":\"fr-FR\",\"potentialAction\":[{\"@type\":\"ReadAction\",\"target\":[\"https:\\\/\\\/lepatriotebenin.com\\\/index.php\\\/2024\\\/12\\\/23\\\/assemblee-nationale-vlavonou-griot-du-chef-de-letat-ou-2e-personnalite-de-letat\\\/\"]}]},{\"@type\":\"ImageObject\",\"inLanguage\":\"fr-FR\",\"@id\":\"https:\\\/\\\/lepatriotebenin.com\\\/index.php\\\/2024\\\/12\\\/23\\\/assemblee-nationale-vlavonou-griot-du-chef-de-letat-ou-2e-personnalite-de-letat\\\/#primaryimage\",\"url\":\"https:\\\/\\\/lepatriotebenin.com\\\/wp-content\\\/uploads\\\/2024\\\/12\\\/vlavonou.jpeg\",\"contentUrl\":\"https:\\\/\\\/lepatriotebenin.com\\\/wp-content\\\/uploads\\\/2024\\\/12\\\/vlavonou.jpeg\",\"width\":655,\"height\":468},{\"@type\":\"BreadcrumbList\",\"@id\":\"https:\\\/\\\/lepatriotebenin.com\\\/index.php\\\/2024\\\/12\\\/23\\\/assemblee-nationale-vlavonou-griot-du-chef-de-letat-ou-2e-personnalite-de-letat\\\/#breadcrumb\",\"itemListElement\":[{\"@type\":\"ListItem\",\"position\":1,\"name\":\"Accueil\",\"item\":\"https:\\\/\\\/lepatriotebenin.com\\\/\"},{\"@type\":\"ListItem\",\"position\":2,\"name\":\"Assembl\u00e9e Nationale\u00a0: Vlavonou, griot du chef de l\u2019Etat ou 2\u00e8 personnalit\u00e9 de l\u2019Etat\u00a0?\"}]},{\"@type\":\"WebSite\",\"@id\":\"https:\\\/\\\/lepatriotebenin.com\\\/#website\",\"url\":\"https:\\\/\\\/lepatriotebenin.com\\\/\",\"name\":\"Le Patriote\",\"description\":\"Le Patriote B\u00e9nin\",\"potentialAction\":[{\"@type\":\"SearchAction\",\"target\":{\"@type\":\"EntryPoint\",\"urlTemplate\":\"https:\\\/\\\/lepatriotebenin.com\\\/?s={search_term_string}\"},\"query-input\":{\"@type\":\"PropertyValueSpecification\",\"valueRequired\":true,\"valueName\":\"search_term_string\"}}],\"inLanguage\":\"fr-FR\"},{\"@type\":\"Person\",\"@id\":\"https:\\\/\\\/lepatriotebenin.com\\\/#\\\/schema\\\/person\\\/431e5eef55c02ebf1428603ce8959de6\",\"name\":\"Marcel ZOUMENOU\",\"image\":{\"@type\":\"ImageObject\",\"inLanguage\":\"fr-FR\",\"@id\":\"https:\\\/\\\/secure.gravatar.com\\\/avatar\\\/a986fe63c7fe32322b74e5137cdd4e12d90613a42644cebed7e2d46d8fc58cd4?s=96&d=mm&r=g\",\"url\":\"https:\\\/\\\/secure.gravatar.com\\\/avatar\\\/a986fe63c7fe32322b74e5137cdd4e12d90613a42644cebed7e2d46d8fc58cd4?s=96&d=mm&r=g\",\"contentUrl\":\"https:\\\/\\\/secure.gravatar.com\\\/avatar\\\/a986fe63c7fe32322b74e5137cdd4e12d90613a42644cebed7e2d46d8fc58cd4?s=96&d=mm&r=g\",\"caption\":\"Marcel ZOUMENOU\"},\"url\":\"https:\\\/\\\/lepatriotebenin.com\"}]}<\/script>\n<!-- \/ Yoast SEO plugin. -->","yoast_head_json":{"title":"Assembl\u00e9e Nationale\u00a0: Vlavonou, griot du chef de l\u2019Etat ou 2\u00e8 personnalit\u00e9 de l\u2019Etat\u00a0? - Le Patriote","robots":{"index":"index","follow":"follow","max-snippet":"max-snippet:-1","max-image-preview":"max-image-preview:large","max-video-preview":"max-video-preview:-1"},"canonical":"https:\/\/lepatriotebenin.com\/index.php\/2024\/12\/23\/assemblee-nationale-vlavonou-griot-du-chef-de-letat-ou-2e-personnalite-de-letat\/","og_locale":"fr_FR","og_type":"article","og_title":"Assembl\u00e9e Nationale\u00a0: Vlavonou, griot du chef de l\u2019Etat ou 2\u00e8 personnalit\u00e9 de l\u2019Etat\u00a0? - Le Patriote","og_description":"Depuis 2019 qu\u2019il est \u00e0 la t\u00eate de l\u2019Assembl\u00e9e Nationale, Louis G. Vlavonou n\u2019a jamais pu incarner la 2\u00e8 personnalit\u00e9 de l\u2019Etat B\u00e9ninois dans son rang et dans sa posture.&hellip;","og_url":"https:\/\/lepatriotebenin.com\/index.php\/2024\/12\/23\/assemblee-nationale-vlavonou-griot-du-chef-de-letat-ou-2e-personnalite-de-letat\/","og_site_name":"Le Patriote","article_published_time":"2024-12-23T01:47:32+00:00","article_modified_time":"2024-12-23T01:47:34+00:00","og_image":[{"width":655,"height":468,"url":"https:\/\/lepatriotebenin.com\/wp-content\/uploads\/2024\/12\/vlavonou.jpeg","type":"image\/jpeg"}],"author":"Marcel ZOUMENOU","twitter_card":"summary_large_image","twitter_misc":{"\u00c9crit par":"Marcel ZOUMENOU","Dur\u00e9e de lecture estim\u00e9e":"4 minutes"},"schema":{"@context":"https:\/\/schema.org","@graph":[{"@type":"Article","@id":"https:\/\/lepatriotebenin.com\/index.php\/2024\/12\/23\/assemblee-nationale-vlavonou-griot-du-chef-de-letat-ou-2e-personnalite-de-letat\/#article","isPartOf":{"@id":"https:\/\/lepatriotebenin.com\/index.php\/2024\/12\/23\/assemblee-nationale-vlavonou-griot-du-chef-de-letat-ou-2e-personnalite-de-letat\/"},"author":{"name":"Marcel ZOUMENOU","@id":"https:\/\/lepatriotebenin.com\/#\/schema\/person\/431e5eef55c02ebf1428603ce8959de6"},"headline":"Assembl\u00e9e Nationale\u00a0: Vlavonou, griot du chef de l\u2019Etat ou 2\u00e8 personnalit\u00e9 de l\u2019Etat\u00a0?","datePublished":"2024-12-23T01:47:32+00:00","dateModified":"2024-12-23T01:47:34+00:00","mainEntityOfPage":{"@id":"https:\/\/lepatriotebenin.com\/index.php\/2024\/12\/23\/assemblee-nationale-vlavonou-griot-du-chef-de-letat-ou-2e-personnalite-de-letat\/"},"wordCount":839,"commentCount":0,"image":{"@id":"https:\/\/lepatriotebenin.com\/index.php\/2024\/12\/23\/assemblee-nationale-vlavonou-griot-du-chef-de-letat-ou-2e-personnalite-de-letat\/#primaryimage"},"thumbnailUrl":"https:\/\/lepatriotebenin.com\/wp-content\/uploads\/2024\/12\/vlavonou.jpeg","articleSection":["Politique"],"inLanguage":"fr-FR","potentialAction":[{"@type":"CommentAction","name":"Comment","target":["https:\/\/lepatriotebenin.com\/index.php\/2024\/12\/23\/assemblee-nationale-vlavonou-griot-du-chef-de-letat-ou-2e-personnalite-de-letat\/#respond"]}]},{"@type":"WebPage","@id":"https:\/\/lepatriotebenin.com\/index.php\/2024\/12\/23\/assemblee-nationale-vlavonou-griot-du-chef-de-letat-ou-2e-personnalite-de-letat\/","url":"https:\/\/lepatriotebenin.com\/index.php\/2024\/12\/23\/assemblee-nationale-vlavonou-griot-du-chef-de-letat-ou-2e-personnalite-de-letat\/","name":"Assembl\u00e9e Nationale\u00a0: Vlavonou, griot du chef de l\u2019Etat ou 2\u00e8 personnalit\u00e9 de l\u2019Etat\u00a0? - Le Patriote","isPartOf":{"@id":"https:\/\/lepatriotebenin.com\/#website"},"primaryImageOfPage":{"@id":"https:\/\/lepatriotebenin.com\/index.php\/2024\/12\/23\/assemblee-nationale-vlavonou-griot-du-chef-de-letat-ou-2e-personnalite-de-letat\/#primaryimage"},"image":{"@id":"https:\/\/lepatriotebenin.com\/index.php\/2024\/12\/23\/assemblee-nationale-vlavonou-griot-du-chef-de-letat-ou-2e-personnalite-de-letat\/#primaryimage"},"thumbnailUrl":"https:\/\/lepatriotebenin.com\/wp-content\/uploads\/2024\/12\/vlavonou.jpeg","datePublished":"2024-12-23T01:47:32+00:00","dateModified":"2024-12-23T01:47:34+00:00","author":{"@id":"https:\/\/lepatriotebenin.com\/#\/schema\/person\/431e5eef55c02ebf1428603ce8959de6"},"breadcrumb":{"@id":"https:\/\/lepatriotebenin.com\/index.php\/2024\/12\/23\/assemblee-nationale-vlavonou-griot-du-chef-de-letat-ou-2e-personnalite-de-letat\/#breadcrumb"},"inLanguage":"fr-FR","potentialAction":[{"@type":"ReadAction","target":["https:\/\/lepatriotebenin.com\/index.php\/2024\/12\/23\/assemblee-nationale-vlavonou-griot-du-chef-de-letat-ou-2e-personnalite-de-letat\/"]}]},{"@type":"ImageObject","inLanguage":"fr-FR","@id":"https:\/\/lepatriotebenin.com\/index.php\/2024\/12\/23\/assemblee-nationale-vlavonou-griot-du-chef-de-letat-ou-2e-personnalite-de-letat\/#primaryimage","url":"https:\/\/lepatriotebenin.com\/wp-content\/uploads\/2024\/12\/vlavonou.jpeg","contentUrl":"https:\/\/lepatriotebenin.com\/wp-content\/uploads\/2024\/12\/vlavonou.jpeg","width":655,"height":468},{"@type":"BreadcrumbList","@id":"https:\/\/lepatriotebenin.com\/index.php\/2024\/12\/23\/assemblee-nationale-vlavonou-griot-du-chef-de-letat-ou-2e-personnalite-de-letat\/#breadcrumb","itemListElement":[{"@type":"ListItem","position":1,"name":"Accueil","item":"https:\/\/lepatriotebenin.com\/"},{"@type":"ListItem","position":2,"name":"Assembl\u00e9e Nationale\u00a0: Vlavonou, griot du chef de l\u2019Etat ou 2\u00e8 personnalit\u00e9 de l\u2019Etat\u00a0?"}]},{"@type":"WebSite","@id":"https:\/\/lepatriotebenin.com\/#website","url":"https:\/\/lepatriotebenin.com\/","name":"Le Patriote","description":"Le Patriote B\u00e9nin","potentialAction":[{"@type":"SearchAction","target":{"@type":"EntryPoint","urlTemplate":"https:\/\/lepatriotebenin.com\/?s={search_term_string}"},"query-input":{"@type":"PropertyValueSpecification","valueRequired":true,"valueName":"search_term_string"}}],"inLanguage":"fr-FR"},{"@type":"Person","@id":"https:\/\/lepatriotebenin.com\/#\/schema\/person\/431e5eef55c02ebf1428603ce8959de6","name":"Marcel ZOUMENOU","image":{"@type":"ImageObject","inLanguage":"fr-FR","@id":"https:\/\/secure.gravatar.com\/avatar\/a986fe63c7fe32322b74e5137cdd4e12d90613a42644cebed7e2d46d8fc58cd4?s=96&d=mm&r=g","url":"https:\/\/secure.gravatar.com\/avatar\/a986fe63c7fe32322b74e5137cdd4e12d90613a42644cebed7e2d46d8fc58cd4?s=96&d=mm&r=g","contentUrl":"https:\/\/secure.gravatar.com\/avatar\/a986fe63c7fe32322b74e5137cdd4e12d90613a42644cebed7e2d46d8fc58cd4?s=96&d=mm&r=g","caption":"Marcel ZOUMENOU"},"url":"https:\/\/lepatriotebenin.com"}]}},"_links":{"self":[{"href":"https:\/\/lepatriotebenin.com\/index.php\/wp-json\/wp\/v2\/posts\/9940","targetHints":{"allow":["GET"]}}],"collection":[{"href":"https:\/\/lepatriotebenin.com\/index.php\/wp-json\/wp\/v2\/posts"}],"about":[{"href":"https:\/\/lepatriotebenin.com\/index.php\/wp-json\/wp\/v2\/types\/post"}],"author":[{"embeddable":true,"href":"https:\/\/lepatriotebenin.com\/index.php\/wp-json\/wp\/v2\/users\/15"}],"replies":[{"embeddable":true,"href":"https:\/\/lepatriotebenin.com\/index.php\/wp-json\/wp\/v2\/comments?post=9940"}],"version-history":[{"count":1,"href":"https:\/\/lepatriotebenin.com\/index.php\/wp-json\/wp\/v2\/posts\/9940\/revisions"}],"predecessor-version":[{"id":9942,"href":"https:\/\/lepatriotebenin.com\/index.php\/wp-json\/wp\/v2\/posts\/9940\/revisions\/9942"}],"wp:featuredmedia":[{"embeddable":true,"href":"https:\/\/lepatriotebenin.com\/index.php\/wp-json\/wp\/v2\/media\/9941"}],"wp:attachment":[{"href":"https:\/\/lepatriotebenin.com\/index.php\/wp-json\/wp\/v2\/media?parent=9940"}],"wp:term":[{"taxonomy":"category","embeddable":true,"href":"https:\/\/lepatriotebenin.com\/index.php\/wp-json\/wp\/v2\/categories?post=9940"},{"taxonomy":"post_tag","embeddable":true,"href":"https:\/\/lepatriotebenin.com\/index.php\/wp-json\/wp\/v2\/tags?post=9940"}],"curies":[{"name":"wp","href":"https:\/\/api.w.org\/{rel}","templated":true}]}}