{"id":9937,"date":"2024-12-23T02:44:23","date_gmt":"2024-12-23T01:44:23","guid":{"rendered":"https:\/\/lepatriotebenin.com\/?p=9937"},"modified":"2024-12-23T02:44:24","modified_gmt":"2024-12-23T01:44:24","slug":"discours-sur-letat-de-la-nation-la-derive","status":"publish","type":"post","link":"https:\/\/lepatriotebenin.com\/index.php\/2024\/12\/23\/discours-sur-letat-de-la-nation-la-derive\/","title":{"rendered":"Discours sur l\u2019\u00e9tat de la Nation : La d\u00e9rive !"},"content":{"rendered":"\n<p>Le pr\u00e9sident Patrice Talon a encore dit une grosse bourde. Champion dans des propos politiquement insolites du genre \u00e0 choquer l\u2019opinion publique nationale et internationale \u00e0 travers, le pr\u00e9sident b\u00e9ninois a, devant la repr\u00e9sentation nationale, insult\u00e9 le pass\u00e9 du pays qui le nourrit, de honteux. \u00ab L\ud835\uddf2 \ud835\uddd5\ud835\uddf2\u0301\ud835\uddfb\ud835\uddf6\ud835\uddfb \ud835\uddfb\ud835\uddfc\ud835\ude01\ud835\uddff\ud835\uddf2 \ud835\uddfd\ud835\uddee\ud835\ude06\ud835\ude00 \ud835\uddee \ud835\ude01\ud835\uddff\ud835\uddfc\ud835\ude02\ud835\ude03\u00e9 \ud835\ude00\ud835\uddfc\ud835\uddfb \ud835\uddf0\ud835\uddf5\ud835\uddf2\ud835\uddfa\ud835\uddf6\ud835\uddfb \ud835\uddf2\ud835\ude01 \ud835\uddf0\ud835\uddf2\ud835\uddf9\ud835\uddee \ud835\uddf2\ud835\ude00\ud835\ude01 \ud835\uddf6\ud835\uddff\ud835\uddff\ud835\uddf2\u0301\ud835\ude03\ud835\uddf2\ud835\uddff\ud835\ude00\ud835\uddf6\ud835\uddef\ud835\uddf9\ud835\uddf2, \ud835\uddfd\ud835\uddf2\ud835\ude02 \ud835\uddf6\ud835\uddfa\ud835\uddfd\ud835\uddfc\ud835\uddff\ud835\ude01\ud835\uddf2 \ud835\uddf9&rsquo;\ud835\uddfc\ud835\uddfd\ud835\uddf6\ud835\uddfb\ud835\uddf6\ud835\uddfc\ud835\uddfb \ud835\uddf2\ud835\ude01 \ud835\uddf9\ud835\uddf2 \ud835\ude00\ud835\uddfc\ud835\ude02\ud835\uddf5\ud835\uddee\ud835\uddf6\ud835\ude01 \ud835\uddf1\ud835\uddf2\ud835\ude00 \ud835\uddfb\ud835\uddfc\ud835\ude00\ud835\ude01\ud835\uddee\ud835\uddf9\ud835\uddf4\ud835\uddf6\ud835\uddfe\ud835\ude02\ud835\uddf2\ud835\ude00 \ud835\uddf2\ud835\uddfb \ud835\uddfe\ud835\ude02\ud835\uddf2\u0302\ud835\ude01\ud835\uddf2 \ud835\uddf1&rsquo;\ud835\ude02\ud835\uddfb \ud835\uddff\ud835\uddf2\ud835\ude01\ud835\uddfc\ud835\ude02\ud835\uddff \ud835\uddee\u0300 \ud835\uddfb\ud835\uddfc\ud835\ude01\ud835\uddff\ud835\uddf2 \ud835\uddfd\ud835\uddee\ud835\ude00\ud835\ude00\u00e9 \ud835\uddf5\ud835\uddfc\ud835\uddfb\ud835\ude01\ud835\uddf2\ud835\ude02\ud835\ude05&#8230;.\u00bb, affirme-t-il avant de lancer avec un ton mena\u00e7ant, au Palais des Gouverneurs \u00e0 Porto Novo, \u00ab f\ud835\uddf6\ud835\uddfb\ud835\uddf6\ud835\uddf2 \ud835\uddf9&rsquo;\ud835\ude02\ud835\ude00\ud835\ude02\ud835\uddff\ud835\uddfd\ud835\uddee\ud835\ude01\ud835\uddf6\ud835\uddfc\ud835\uddfb \ud835\uddf1\ud835\ude02 \ud835\uddfd\ud835\uddfc\ud835\ude02\ud835\ude03\ud835\uddfc\ud835\uddf6\ud835\uddff \ud835\uddfd\ud835\uddfc\ud835\uddf9\ud835\uddf6\ud835\ude01\ud835\uddf6\ud835\uddfe\ud835\ude02\ud835\uddf2 \ud835\uddfd\ud835\uddee\ud835\uddff \ud835\uddf1\ud835\uddf2\ud835\ude00 \ud835\ude03\ud835\uddf2\ud835\uddfb\ud835\uddf1\ud835\uddf2\ud835\ude02\ud835\uddff\ud835\ude00 \ud835\uddf1&rsquo;\ud835\uddf6\ud835\uddf9\ud835\uddf9\ud835\ude02\ud835\ude00\ud835\uddf6\ud835\uddfc\ud835\uddfb\ud835\ude00 \ud835\uddf6\ud835\uddfb\ud835\uddf0\ud835\uddfc\ud835\uddfa\ud835\uddfd\ud835\uddf2\u0301\ud835\ude01\ud835\uddf2\ud835\uddfb\ud835\ude01\ud835\ude00 \ud835\uddf2\ud835\ude01 \ud835\uddfa\ud835\uddee\ud835\uddf9 \ud835\uddf6\ud835\uddfb\ud835\ude01\ud835\uddf2\ud835\uddfb\ud835\ude01\ud835\uddf6\ud835\uddfc\ud835\uddfb\ud835\uddfb\ud835\uddf2\u0301\ud835\ude00&#8230;\u00bb. De qui parle-t-il et de quel pass\u00e9 du B\u00e9nin parle le. Chef de l\u2019\u00c9tat ? De lui m\u00eame et de son pass\u00e9 ? Ou de ce pass\u00e9 du B\u00e9nin qui lui a permis d\u2019\u00eatre d\u00e9mocratiquement \u00e9lu pr\u00e9sident en 2016, sans trouble ni effusion de sang ? Ou encore de ces hommes politiques qui ont pu et ont su pr\u00e9server et entretenir l\u2019h\u00e9ritage d\u00e9mocratique que les grands hommes comme Monseigneur Isidore De Souza, les pr\u00e9sidents <strong>Mathieu K\u00e9r\u00e9kou, Nic\u00e9phore Soglo et Boni Yayi<\/strong> avec toute la classe politique pacifique lui ont laiss\u00e9 ? <em>\u00abLe Benin est un pays de pagaille\u00bb, \u00abLe Benin est un d\u00e9sert de comp\u00e9tence\u00bb, \u00ab\u2026Je vais compromettre la paix\u2026\u00bb, \u00abVous allez en souffrir, mais vous ne pouvez rien faire\u00bb,<\/em> ce sont l\u00e0 quelques des propos du Chef de l\u2019\u00c9tat b\u00e9ninois qui vient d\u2019ajouter \u00e0 cette longue liste noire de propos politiquement incorrects, une autre insulte \u00e0 l\u2019histoire du B\u00e9nin.<\/p>\n\n\n\n<p>Si le B\u00e9nin a un pass\u00e9 honteux, revient-il au pr\u00e9sident de la R\u00e9publique de le dire, et ce, devant la repr\u00e9sentation nationale ? De plus, en insultant publiquement son pays et toute la classe politique qui le caract\u00e9rise, le pr\u00e9sident Patrice Talon refuse de travailler \u00e0 ramener la paix dans un pays sous haute tension politique \u00e0 moins de deux ans des \u00e9lections g\u00e9n\u00e9rales et de la fin de son deuxi\u00e8me et dernier mandat constitutionnel. La relecture du code \u00e9lectoral et l\u2019audit du fichier \u00e9lectoral sont vivement r\u00e9clam\u00e9s par les forces vives de la nation mais, <em>\u00ab le p\u00e8re de la nation\u00bb,<\/em> n\u2019entend \u00e9couter personne. \u00ab \u2026\ud835\uddd4\ud835\ude02\ud835\uddf0\ud835\ude02\ud835\uddfb\ud835\uddf2 \ud835\ude00\ud835\ude02\ud835\uddfd\ud835\uddfd\ud835\uddf9\ud835\uddf6\ud835\uddf0\ud835\uddee\ud835\ude01\ud835\uddf6\ud835\uddfc\ud835\uddfb, \ud835\uddee\ud835\ude02\ud835\uddf0\ud835\ude02\ud835\uddfb \ud835\uddff\ud835\uddee\u0302\ud835\uddf9\ud835\uddf2\ud835\uddfa\ud835\uddf2\ud835\uddfb\ud835\ude01, \ud835\uddee\ud835\ude02\ud835\uddf0\ud835\ude02\ud835\uddfb\ud835\uddf2 \ud835\uddfa\ud835\uddf2\ud835\uddfb\ud835\uddee\ud835\uddf0\ud835\uddf2 \ud835\uddfb\ud835\uddf2 \ud835\uddfb\ud835\uddfc\ud835\ude02\ud835\ude00 \ud835\uddf3\ud835\uddf2\ud835\uddff\ud835\uddee \ud835\uddff\ud835\uddf2\ud835\uddf0\ud835\ude02\ud835\uddf9\ud835\uddf2\ud835\uddff. \ud835\uddd4\ud835\ude02\ud835\uddf0\ud835\ude02\ud835\uddfb \ud835\uddf0\ud835\uddfc\ud835\uddfa\ud835\uddfd\ud835\uddff\ud835\uddfc\ud835\uddfa\ud835\uddf6\ud835\ude00 \ud835\uddfd\ud835\uddfc\ud835\uddf9\ud835\uddf6\ud835\ude01\ud835\uddf6\ud835\uddfe\ud835\ude02\ud835\uddf2 \ud835\uddfd\ud835\uddff\ud835\uddf2\u0301\ud835\uddf7\ud835\ude02\ud835\uddf1\ud835\uddf6\ud835\uddf0\ud835\uddf6\ud835\uddee\ud835\uddef\ud835\uddf9\ud835\uddf2 \ud835\uddee\u0300 \ud835\uddfb\ud835\uddfc\ud835\ude01\ud835\uddff\ud835\uddf2 \ud835\uddf1\ud835\uddf2\u0301\ud835\ude03\ud835\uddf2\ud835\uddf9\ud835\uddfc\ud835\uddfd\ud835\uddfd\ud835\uddf2\ud835\uddfa\ud835\uddf2\ud835\uddfb\ud835\ude01 \ud835\uddfb\ud835\uddf2 \ud835\ude00\ud835\uddf2\ud835\uddff\ud835\uddee \ud835\uddf0\ud835\uddfc\ud835\uddfb\ud835\uddf0\u00e9\ud835\uddf1\u00e9, \ud835\uddfd\ud835\uddfc\ud835\ude02\ud835\uddff \ud835\uddfd\ud835\uddf9\ud835\uddee\ud835\uddf6\ud835\uddff\ud835\uddf2 \u00e0 \ud835\uddfe\ud835\ude02\ud835\uddf6 \ud835\uddfe\ud835\ude02\ud835\uddf2 \ud835\uddf0\ud835\uddf2 \ud835\ude00\ud835\uddfc\ud835\uddf6\ud835\ude01 \ud835\uddfc\ud835\ude02 \ud835\uddfd\ud835\uddfc\ud835\ude02\ud835\uddff \ud835\ude00\ud835\uddee\ud835\ude01\ud835\uddf6\ud835\ude00\ud835\uddf3\ud835\uddee\ud835\uddf6\ud835\uddff\ud835\uddf2 \ud835\ude02\ud835\uddfb \ud835\uddfe\ud835\ude02\ud835\uddf2\ud835\uddf9\ud835\uddf0\ud835\uddfc\ud835\uddfb\ud835\uddfe\ud835\ude02\ud835\uddf2 \ud835\uddf0\ud835\uddfc\ud835\uddfb\ud835\ude00\ud835\uddf2\ud835\uddfb\ud835\ude00\ud835\ude02\ud835\ude00 \ud835\uddfd\ud835\uddfc\ud835\uddf9\ud835\uddf6\ud835\ude01\ud835\uddf6\ud835\uddfe\ud835\ude02\ud835\uddf2\u2026\u00bb, mart\u00e8le Patrice Talon, pourtant pr\u00e9sident du B\u00e9nin, de tous les b\u00e9ninois. \u00ab\u2026.un quelconque consensus politique\u2026.\u00bb, dit-il ?N\u2019est-ce pas dans l\u2019entente, gr\u00e2ce au consensus politique que le B\u00e9nin a pu s\u2019extirper du dangereux gu\u00eapier au lendemain de la Conf\u00e9rence nationale de 1990 ? Veut-il vraiment la paix et la tranquillit\u00e9 dans son pays ou est-il toujours dans sa suicidaire philosophie de compromettre la paix pour un hypoth\u00e9tique d\u00e9veloppement ?<\/p>\n\n\n\n<p>Sait-il ce que la Syrie de Hafez el-Assad est devenue pour d\u00e9faut de paix malgr\u00e9 ses infrastructures routi\u00e8res, son niveau de d\u00e9veloppement ? Conna\u00eet-il l\u2019histoire de la Lybie de Kadhafi sans la paix ? Pourquoi le pr\u00e9sident b\u00e9ninois ne veut pas faire de compromis ne serait-ce que pour la paix et le bien \u00eatre de ses compatriotes ? En refusant de faire la paix avec ses adversaires politiques pour baisser la tension sociopolitique \u00e9vidente dans le pays, Patrice Talon choisit d\u00e9lib\u00e9r\u00e9ment soit de sortir par la fen\u00eatre en 2026 soit de d\u00e9chirer la constitution b\u00e9ninoise pour se maintenir au pouvoir apr\u00e8s ses deux mandats constitutionnels. Un projet contre lequel l\u2019opposition s\u2019investit depuis des mois et menace tout comme l\u2019incertitude qui plane de plus en plus sur le B\u00e9nin de 2026.<\/p>\n","protected":false},"excerpt":{"rendered":"<p>Le pr\u00e9sident Patrice Talon a encore dit une grosse bourde. Champion dans des propos politiquement insolites du genre \u00e0 choquer l\u2019opinion publique nationale et internationale \u00e0 travers, le pr\u00e9sident b\u00e9ninois&hellip;<\/p>\n","protected":false},"author":12,"featured_media":9938,"comment_status":"open","ping_status":"open","sticky":false,"template":"","format":"standard","meta":{"content-type":"","om_disable_all_campaigns":false,"_monsterinsights_skip_tracking":false,"_monsterinsights_sitenote_active":false,"_monsterinsights_sitenote_note":"","_monsterinsights_sitenote_category":0,"_uf_show_specific_survey":0,"_uf_disable_surveys":false,"footnotes":""},"categories":[26],"tags":[],"class_list":["post-9937","post","type-post","status-publish","format-standard","has-post-thumbnail","hentry","category-politique"],"aioseo_notices":[],"yoast_head":"<!-- This site is optimized with the Yoast SEO plugin v27.5 - https:\/\/yoast.com\/product\/yoast-seo-wordpress\/ -->\n<title>Discours sur l\u2019\u00e9tat de la Nation : La d\u00e9rive ! - Le Patriote<\/title>\n<meta name=\"robots\" content=\"index, follow, max-snippet:-1, max-image-preview:large, max-video-preview:-1\" \/>\n<link rel=\"canonical\" href=\"https:\/\/lepatriotebenin.com\/index.php\/2024\/12\/23\/discours-sur-letat-de-la-nation-la-derive\/\" \/>\n<meta property=\"og:locale\" content=\"fr_FR\" \/>\n<meta property=\"og:type\" content=\"article\" \/>\n<meta property=\"og:title\" content=\"Discours sur l\u2019\u00e9tat de la Nation : La d\u00e9rive ! - Le Patriote\" \/>\n<meta property=\"og:description\" content=\"Le pr\u00e9sident Patrice Talon a encore dit une grosse bourde. Champion dans des propos politiquement insolites du genre \u00e0 choquer l\u2019opinion publique nationale et internationale \u00e0 travers, le pr\u00e9sident b\u00e9ninois&hellip;\" \/>\n<meta property=\"og:url\" content=\"https:\/\/lepatriotebenin.com\/index.php\/2024\/12\/23\/discours-sur-letat-de-la-nation-la-derive\/\" \/>\n<meta property=\"og:site_name\" content=\"Le Patriote\" \/>\n<meta property=\"article:published_time\" content=\"2024-12-23T01:44:23+00:00\" \/>\n<meta property=\"article:modified_time\" content=\"2024-12-23T01:44:24+00:00\" \/>\n<meta property=\"og:image\" content=\"https:\/\/lepatriotebenin.com\/wp-content\/uploads\/2024\/12\/talon-hemicycle-1.jpg\" \/>\n\t<meta property=\"og:image:width\" content=\"1200\" \/>\n\t<meta property=\"og:image:height\" content=\"675\" \/>\n\t<meta property=\"og:image:type\" content=\"image\/jpeg\" \/>\n<meta name=\"author\" content=\"Comlan Paul ODAH\" \/>\n<meta name=\"twitter:card\" content=\"summary_large_image\" \/>\n<meta name=\"twitter:label1\" content=\"\u00c9crit par\" \/>\n\t<meta name=\"twitter:data1\" content=\"Comlan Paul ODAH\" \/>\n\t<meta name=\"twitter:label2\" content=\"Dur\u00e9e de lecture estim\u00e9e\" \/>\n\t<meta name=\"twitter:data2\" content=\"3 minutes\" \/>\n<script type=\"application\/ld+json\" class=\"yoast-schema-graph\">{\"@context\":\"https:\\\/\\\/schema.org\",\"@graph\":[{\"@type\":\"Article\",\"@id\":\"https:\\\/\\\/lepatriotebenin.com\\\/index.php\\\/2024\\\/12\\\/23\\\/discours-sur-letat-de-la-nation-la-derive\\\/#article\",\"isPartOf\":{\"@id\":\"https:\\\/\\\/lepatriotebenin.com\\\/index.php\\\/2024\\\/12\\\/23\\\/discours-sur-letat-de-la-nation-la-derive\\\/\"},\"author\":{\"name\":\"Comlan Paul ODAH\",\"@id\":\"https:\\\/\\\/lepatriotebenin.com\\\/#\\\/schema\\\/person\\\/6486fa44ec286eee49816deb241bcbbf\"},\"headline\":\"Discours sur l\u2019\u00e9tat de la Nation : La d\u00e9rive !\",\"datePublished\":\"2024-12-23T01:44:23+00:00\",\"dateModified\":\"2024-12-23T01:44:24+00:00\",\"mainEntityOfPage\":{\"@id\":\"https:\\\/\\\/lepatriotebenin.com\\\/index.php\\\/2024\\\/12\\\/23\\\/discours-sur-letat-de-la-nation-la-derive\\\/\"},\"wordCount\":576,\"commentCount\":0,\"image\":{\"@id\":\"https:\\\/\\\/lepatriotebenin.com\\\/index.php\\\/2024\\\/12\\\/23\\\/discours-sur-letat-de-la-nation-la-derive\\\/#primaryimage\"},\"thumbnailUrl\":\"https:\\\/\\\/lepatriotebenin.com\\\/wp-content\\\/uploads\\\/2024\\\/12\\\/talon-hemicycle-1.jpg\",\"articleSection\":[\"Politique\"],\"inLanguage\":\"fr-FR\",\"potentialAction\":[{\"@type\":\"CommentAction\",\"name\":\"Comment\",\"target\":[\"https:\\\/\\\/lepatriotebenin.com\\\/index.php\\\/2024\\\/12\\\/23\\\/discours-sur-letat-de-la-nation-la-derive\\\/#respond\"]}]},{\"@type\":\"WebPage\",\"@id\":\"https:\\\/\\\/lepatriotebenin.com\\\/index.php\\\/2024\\\/12\\\/23\\\/discours-sur-letat-de-la-nation-la-derive\\\/\",\"url\":\"https:\\\/\\\/lepatriotebenin.com\\\/index.php\\\/2024\\\/12\\\/23\\\/discours-sur-letat-de-la-nation-la-derive\\\/\",\"name\":\"Discours sur l\u2019\u00e9tat de la Nation : La d\u00e9rive ! - Le Patriote\",\"isPartOf\":{\"@id\":\"https:\\\/\\\/lepatriotebenin.com\\\/#website\"},\"primaryImageOfPage\":{\"@id\":\"https:\\\/\\\/lepatriotebenin.com\\\/index.php\\\/2024\\\/12\\\/23\\\/discours-sur-letat-de-la-nation-la-derive\\\/#primaryimage\"},\"image\":{\"@id\":\"https:\\\/\\\/lepatriotebenin.com\\\/index.php\\\/2024\\\/12\\\/23\\\/discours-sur-letat-de-la-nation-la-derive\\\/#primaryimage\"},\"thumbnailUrl\":\"https:\\\/\\\/lepatriotebenin.com\\\/wp-content\\\/uploads\\\/2024\\\/12\\\/talon-hemicycle-1.jpg\",\"datePublished\":\"2024-12-23T01:44:23+00:00\",\"dateModified\":\"2024-12-23T01:44:24+00:00\",\"author\":{\"@id\":\"https:\\\/\\\/lepatriotebenin.com\\\/#\\\/schema\\\/person\\\/6486fa44ec286eee49816deb241bcbbf\"},\"breadcrumb\":{\"@id\":\"https:\\\/\\\/lepatriotebenin.com\\\/index.php\\\/2024\\\/12\\\/23\\\/discours-sur-letat-de-la-nation-la-derive\\\/#breadcrumb\"},\"inLanguage\":\"fr-FR\",\"potentialAction\":[{\"@type\":\"ReadAction\",\"target\":[\"https:\\\/\\\/lepatriotebenin.com\\\/index.php\\\/2024\\\/12\\\/23\\\/discours-sur-letat-de-la-nation-la-derive\\\/\"]}]},{\"@type\":\"ImageObject\",\"inLanguage\":\"fr-FR\",\"@id\":\"https:\\\/\\\/lepatriotebenin.com\\\/index.php\\\/2024\\\/12\\\/23\\\/discours-sur-letat-de-la-nation-la-derive\\\/#primaryimage\",\"url\":\"https:\\\/\\\/lepatriotebenin.com\\\/wp-content\\\/uploads\\\/2024\\\/12\\\/talon-hemicycle-1.jpg\",\"contentUrl\":\"https:\\\/\\\/lepatriotebenin.com\\\/wp-content\\\/uploads\\\/2024\\\/12\\\/talon-hemicycle-1.jpg\",\"width\":1200,\"height\":675},{\"@type\":\"BreadcrumbList\",\"@id\":\"https:\\\/\\\/lepatriotebenin.com\\\/index.php\\\/2024\\\/12\\\/23\\\/discours-sur-letat-de-la-nation-la-derive\\\/#breadcrumb\",\"itemListElement\":[{\"@type\":\"ListItem\",\"position\":1,\"name\":\"Accueil\",\"item\":\"https:\\\/\\\/lepatriotebenin.com\\\/\"},{\"@type\":\"ListItem\",\"position\":2,\"name\":\"Discours sur l\u2019\u00e9tat de la Nation : La d\u00e9rive !\"}]},{\"@type\":\"WebSite\",\"@id\":\"https:\\\/\\\/lepatriotebenin.com\\\/#website\",\"url\":\"https:\\\/\\\/lepatriotebenin.com\\\/\",\"name\":\"Le Patriote\",\"description\":\"Le Patriote B\u00e9nin\",\"potentialAction\":[{\"@type\":\"SearchAction\",\"target\":{\"@type\":\"EntryPoint\",\"urlTemplate\":\"https:\\\/\\\/lepatriotebenin.com\\\/?s={search_term_string}\"},\"query-input\":{\"@type\":\"PropertyValueSpecification\",\"valueRequired\":true,\"valueName\":\"search_term_string\"}}],\"inLanguage\":\"fr-FR\"},{\"@type\":\"Person\",\"@id\":\"https:\\\/\\\/lepatriotebenin.com\\\/#\\\/schema\\\/person\\\/6486fa44ec286eee49816deb241bcbbf\",\"name\":\"Comlan Paul ODAH\",\"image\":{\"@type\":\"ImageObject\",\"inLanguage\":\"fr-FR\",\"@id\":\"https:\\\/\\\/secure.gravatar.com\\\/avatar\\\/c45cf8a86d3cde8c562d63858f4ea8947664bd10708ad75990c2938897d9dbe1?s=96&d=mm&r=g\",\"url\":\"https:\\\/\\\/secure.gravatar.com\\\/avatar\\\/c45cf8a86d3cde8c562d63858f4ea8947664bd10708ad75990c2938897d9dbe1?s=96&d=mm&r=g\",\"contentUrl\":\"https:\\\/\\\/secure.gravatar.com\\\/avatar\\\/c45cf8a86d3cde8c562d63858f4ea8947664bd10708ad75990c2938897d9dbe1?s=96&d=mm&r=g\",\"caption\":\"Comlan Paul ODAH\"},\"url\":\"https:\\\/\\\/lepatriotebenin.com\"}]}<\/script>\n<!-- \/ Yoast SEO plugin. -->","yoast_head_json":{"title":"Discours sur l\u2019\u00e9tat de la Nation : La d\u00e9rive ! - Le Patriote","robots":{"index":"index","follow":"follow","max-snippet":"max-snippet:-1","max-image-preview":"max-image-preview:large","max-video-preview":"max-video-preview:-1"},"canonical":"https:\/\/lepatriotebenin.com\/index.php\/2024\/12\/23\/discours-sur-letat-de-la-nation-la-derive\/","og_locale":"fr_FR","og_type":"article","og_title":"Discours sur l\u2019\u00e9tat de la Nation : La d\u00e9rive ! - Le Patriote","og_description":"Le pr\u00e9sident Patrice Talon a encore dit une grosse bourde. Champion dans des propos politiquement insolites du genre \u00e0 choquer l\u2019opinion publique nationale et internationale \u00e0 travers, le pr\u00e9sident b\u00e9ninois&hellip;","og_url":"https:\/\/lepatriotebenin.com\/index.php\/2024\/12\/23\/discours-sur-letat-de-la-nation-la-derive\/","og_site_name":"Le Patriote","article_published_time":"2024-12-23T01:44:23+00:00","article_modified_time":"2024-12-23T01:44:24+00:00","og_image":[{"width":1200,"height":675,"url":"https:\/\/lepatriotebenin.com\/wp-content\/uploads\/2024\/12\/talon-hemicycle-1.jpg","type":"image\/jpeg"}],"author":"Comlan Paul ODAH","twitter_card":"summary_large_image","twitter_misc":{"\u00c9crit par":"Comlan Paul ODAH","Dur\u00e9e de lecture estim\u00e9e":"3 minutes"},"schema":{"@context":"https:\/\/schema.org","@graph":[{"@type":"Article","@id":"https:\/\/lepatriotebenin.com\/index.php\/2024\/12\/23\/discours-sur-letat-de-la-nation-la-derive\/#article","isPartOf":{"@id":"https:\/\/lepatriotebenin.com\/index.php\/2024\/12\/23\/discours-sur-letat-de-la-nation-la-derive\/"},"author":{"name":"Comlan Paul ODAH","@id":"https:\/\/lepatriotebenin.com\/#\/schema\/person\/6486fa44ec286eee49816deb241bcbbf"},"headline":"Discours sur l\u2019\u00e9tat de la Nation : La d\u00e9rive !","datePublished":"2024-12-23T01:44:23+00:00","dateModified":"2024-12-23T01:44:24+00:00","mainEntityOfPage":{"@id":"https:\/\/lepatriotebenin.com\/index.php\/2024\/12\/23\/discours-sur-letat-de-la-nation-la-derive\/"},"wordCount":576,"commentCount":0,"image":{"@id":"https:\/\/lepatriotebenin.com\/index.php\/2024\/12\/23\/discours-sur-letat-de-la-nation-la-derive\/#primaryimage"},"thumbnailUrl":"https:\/\/lepatriotebenin.com\/wp-content\/uploads\/2024\/12\/talon-hemicycle-1.jpg","articleSection":["Politique"],"inLanguage":"fr-FR","potentialAction":[{"@type":"CommentAction","name":"Comment","target":["https:\/\/lepatriotebenin.com\/index.php\/2024\/12\/23\/discours-sur-letat-de-la-nation-la-derive\/#respond"]}]},{"@type":"WebPage","@id":"https:\/\/lepatriotebenin.com\/index.php\/2024\/12\/23\/discours-sur-letat-de-la-nation-la-derive\/","url":"https:\/\/lepatriotebenin.com\/index.php\/2024\/12\/23\/discours-sur-letat-de-la-nation-la-derive\/","name":"Discours sur l\u2019\u00e9tat de la Nation : La d\u00e9rive ! - Le Patriote","isPartOf":{"@id":"https:\/\/lepatriotebenin.com\/#website"},"primaryImageOfPage":{"@id":"https:\/\/lepatriotebenin.com\/index.php\/2024\/12\/23\/discours-sur-letat-de-la-nation-la-derive\/#primaryimage"},"image":{"@id":"https:\/\/lepatriotebenin.com\/index.php\/2024\/12\/23\/discours-sur-letat-de-la-nation-la-derive\/#primaryimage"},"thumbnailUrl":"https:\/\/lepatriotebenin.com\/wp-content\/uploads\/2024\/12\/talon-hemicycle-1.jpg","datePublished":"2024-12-23T01:44:23+00:00","dateModified":"2024-12-23T01:44:24+00:00","author":{"@id":"https:\/\/lepatriotebenin.com\/#\/schema\/person\/6486fa44ec286eee49816deb241bcbbf"},"breadcrumb":{"@id":"https:\/\/lepatriotebenin.com\/index.php\/2024\/12\/23\/discours-sur-letat-de-la-nation-la-derive\/#breadcrumb"},"inLanguage":"fr-FR","potentialAction":[{"@type":"ReadAction","target":["https:\/\/lepatriotebenin.com\/index.php\/2024\/12\/23\/discours-sur-letat-de-la-nation-la-derive\/"]}]},{"@type":"ImageObject","inLanguage":"fr-FR","@id":"https:\/\/lepatriotebenin.com\/index.php\/2024\/12\/23\/discours-sur-letat-de-la-nation-la-derive\/#primaryimage","url":"https:\/\/lepatriotebenin.com\/wp-content\/uploads\/2024\/12\/talon-hemicycle-1.jpg","contentUrl":"https:\/\/lepatriotebenin.com\/wp-content\/uploads\/2024\/12\/talon-hemicycle-1.jpg","width":1200,"height":675},{"@type":"BreadcrumbList","@id":"https:\/\/lepatriotebenin.com\/index.php\/2024\/12\/23\/discours-sur-letat-de-la-nation-la-derive\/#breadcrumb","itemListElement":[{"@type":"ListItem","position":1,"name":"Accueil","item":"https:\/\/lepatriotebenin.com\/"},{"@type":"ListItem","position":2,"name":"Discours sur l\u2019\u00e9tat de la Nation : La d\u00e9rive !"}]},{"@type":"WebSite","@id":"https:\/\/lepatriotebenin.com\/#website","url":"https:\/\/lepatriotebenin.com\/","name":"Le Patriote","description":"Le Patriote B\u00e9nin","potentialAction":[{"@type":"SearchAction","target":{"@type":"EntryPoint","urlTemplate":"https:\/\/lepatriotebenin.com\/?s={search_term_string}"},"query-input":{"@type":"PropertyValueSpecification","valueRequired":true,"valueName":"search_term_string"}}],"inLanguage":"fr-FR"},{"@type":"Person","@id":"https:\/\/lepatriotebenin.com\/#\/schema\/person\/6486fa44ec286eee49816deb241bcbbf","name":"Comlan Paul ODAH","image":{"@type":"ImageObject","inLanguage":"fr-FR","@id":"https:\/\/secure.gravatar.com\/avatar\/c45cf8a86d3cde8c562d63858f4ea8947664bd10708ad75990c2938897d9dbe1?s=96&d=mm&r=g","url":"https:\/\/secure.gravatar.com\/avatar\/c45cf8a86d3cde8c562d63858f4ea8947664bd10708ad75990c2938897d9dbe1?s=96&d=mm&r=g","contentUrl":"https:\/\/secure.gravatar.com\/avatar\/c45cf8a86d3cde8c562d63858f4ea8947664bd10708ad75990c2938897d9dbe1?s=96&d=mm&r=g","caption":"Comlan Paul ODAH"},"url":"https:\/\/lepatriotebenin.com"}]}},"_links":{"self":[{"href":"https:\/\/lepatriotebenin.com\/index.php\/wp-json\/wp\/v2\/posts\/9937","targetHints":{"allow":["GET"]}}],"collection":[{"href":"https:\/\/lepatriotebenin.com\/index.php\/wp-json\/wp\/v2\/posts"}],"about":[{"href":"https:\/\/lepatriotebenin.com\/index.php\/wp-json\/wp\/v2\/types\/post"}],"author":[{"embeddable":true,"href":"https:\/\/lepatriotebenin.com\/index.php\/wp-json\/wp\/v2\/users\/12"}],"replies":[{"embeddable":true,"href":"https:\/\/lepatriotebenin.com\/index.php\/wp-json\/wp\/v2\/comments?post=9937"}],"version-history":[{"count":1,"href":"https:\/\/lepatriotebenin.com\/index.php\/wp-json\/wp\/v2\/posts\/9937\/revisions"}],"predecessor-version":[{"id":9939,"href":"https:\/\/lepatriotebenin.com\/index.php\/wp-json\/wp\/v2\/posts\/9937\/revisions\/9939"}],"wp:featuredmedia":[{"embeddable":true,"href":"https:\/\/lepatriotebenin.com\/index.php\/wp-json\/wp\/v2\/media\/9938"}],"wp:attachment":[{"href":"https:\/\/lepatriotebenin.com\/index.php\/wp-json\/wp\/v2\/media?parent=9937"}],"wp:term":[{"taxonomy":"category","embeddable":true,"href":"https:\/\/lepatriotebenin.com\/index.php\/wp-json\/wp\/v2\/categories?post=9937"},{"taxonomy":"post_tag","embeddable":true,"href":"https:\/\/lepatriotebenin.com\/index.php\/wp-json\/wp\/v2\/tags?post=9937"}],"curies":[{"name":"wp","href":"https:\/\/api.w.org\/{rel}","templated":true}]}}