{"id":9934,"date":"2024-12-23T02:42:12","date_gmt":"2024-12-23T01:42:12","guid":{"rendered":"https:\/\/lepatriotebenin.com\/?p=9934"},"modified":"2024-12-23T02:42:13","modified_gmt":"2024-12-23T01:42:13","slug":"culture-le-benin-obtient-la-suspension-de-la-vente-de-la-recade-du-roi-behanzin-en-france","status":"publish","type":"post","link":"https:\/\/lepatriotebenin.com\/index.php\/2024\/12\/23\/culture-le-benin-obtient-la-suspension-de-la-vente-de-la-recade-du-roi-behanzin-en-france\/","title":{"rendered":"Culture: Le B\u00e9nin obtient la suspension de la vente de la r\u00e9cade du roi B\u00e9hanzin en France"},"content":{"rendered":"\n<p>La r\u00e9cade du roi B\u00e9hanzin, un sceptre traditionnel en bois symbolisant le pouvoir royal au Dahomey, a \u00e9t\u00e9 retir\u00e9e d\u2019une vente aux ench\u00e8res pr\u00e9vue ce vendredi 20 d\u00e9cembre \u00e0 Paris. Officiellement pr\u00e9sent\u00e9e comme \u00ab offerte \u00bb aux troupes coloniales \u00e0 la fin du XIXe si\u00e8cle, cette pi\u00e8ce est plut\u00f4t consid\u00e9r\u00e9e comme ayant \u00e9t\u00e9 pill\u00e9e, selon certaines voix au B\u00e9nin.<\/p>\n\n\n\n<p>\u00c0 la demande des autorit\u00e9s b\u00e9ninoises, l\u2019objet a \u00e9t\u00e9 retir\u00e9 du catalogue \u00e0 la derni\u00e8re minute rapporte RFI.&nbsp; La d\u00e9cision de suspendre la vente d\u00e9coule d\u2019une initiative de la Pr\u00e9sidence b\u00e9ninoise, qui a sollicit\u00e9 en urgence l\u2019appui du Service des mus\u00e9es de France. Ce retrait intervient alors que l\u2019annonce de cette mise en vente \u00e0 l\u2019h\u00f4tel Drouot avait d\u00e9j\u00e0 provoqu\u00e9 une vive r\u00e9action. Marie-C\u00e9cile Zinsou, pr\u00e9sidente de la Fondation d\u2019art Zinsou, s\u2019\u00e9tait notamment indign\u00e9e sur RFI, rappelant la maison devrait tenir compte de la volont\u00e9 du B\u00e9nin \u00e0 acqu\u00e9rir la recade&nbsp; ou non avant de songer \u00e0 la mettre \u00e0 la vente.<\/p>\n\n\n\n<p>Peu avant la vente, un appel du minist\u00e8re fran\u00e7ais de la Culture a pouss\u00e9 la maison Millon \u00e0 retirer la r\u00e9cade, bien qu\u2019elle ne soit pas l\u00e9galement contrainte de le faire. Cependant, la r\u00e9cade reste disponible \u00e0 la vente, et le B\u00e9nin pourrait choisir de l\u2019acqu\u00e9rir ou d\u2019entamer des n\u00e9gociations avec la France pour sa restitution.<\/p>\n\n\n\n<p>Cette affaire r\u00e9v\u00e8le un paradoxe : la maison de vente Millon, en s\u2019appuyant sur la l\u00e9galit\u00e9 de la propri\u00e9t\u00e9 actuelle, revendique le droit de vendre la r\u00e9cade, tandis que le B\u00e9nin s\u2019y oppose, invoquant son caract\u00e8re de patrimoine spoli\u00e9. Cette situation illustre la tension entre la l\u00e9gitimit\u00e9 commerciale et la n\u00e9cessit\u00e9 de restituer un bien culturel arrach\u00e9 dans un contexte colonial.<\/p>\n\n\n\n<p><strong>Ez\u00e9chiel D. Padonou<\/strong><\/p>\n","protected":false},"excerpt":{"rendered":"<p>La r\u00e9cade du roi B\u00e9hanzin, un sceptre traditionnel en bois symbolisant le pouvoir royal au Dahomey, a \u00e9t\u00e9 retir\u00e9e d\u2019une vente aux ench\u00e8res pr\u00e9vue ce vendredi 20 d\u00e9cembre \u00e0 Paris.&hellip;<\/p>\n","protected":false},"author":5,"featured_media":9935,"comment_status":"open","ping_status":"open","sticky":false,"template":"","format":"standard","meta":{"content-type":"","om_disable_all_campaigns":false,"_monsterinsights_skip_tracking":false,"_monsterinsights_sitenote_active":false,"_monsterinsights_sitenote_note":"","_monsterinsights_sitenote_category":0,"_uf_show_specific_survey":0,"_uf_disable_surveys":false,"footnotes":""},"categories":[29],"tags":[],"class_list":["post-9934","post","type-post","status-publish","format-standard","has-post-thumbnail","hentry","category-culture"],"aioseo_notices":[],"yoast_head":"<!-- This site is optimized with the Yoast SEO plugin v27.5 - https:\/\/yoast.com\/product\/yoast-seo-wordpress\/ -->\n<title>Culture: Le B\u00e9nin obtient la suspension de la vente de la r\u00e9cade du roi B\u00e9hanzin en France - Le Patriote<\/title>\n<meta name=\"robots\" content=\"index, follow, max-snippet:-1, max-image-preview:large, max-video-preview:-1\" \/>\n<link rel=\"canonical\" href=\"https:\/\/lepatriotebenin.com\/index.php\/2024\/12\/23\/culture-le-benin-obtient-la-suspension-de-la-vente-de-la-recade-du-roi-behanzin-en-france\/\" \/>\n<meta property=\"og:locale\" content=\"fr_FR\" \/>\n<meta property=\"og:type\" content=\"article\" \/>\n<meta property=\"og:title\" content=\"Culture: Le B\u00e9nin obtient la suspension de la vente de la r\u00e9cade du roi B\u00e9hanzin en France - Le Patriote\" \/>\n<meta property=\"og:description\" content=\"La r\u00e9cade du roi B\u00e9hanzin, un sceptre traditionnel en bois symbolisant le pouvoir royal au Dahomey, a \u00e9t\u00e9 retir\u00e9e d\u2019une vente aux ench\u00e8res pr\u00e9vue ce vendredi 20 d\u00e9cembre \u00e0 Paris.&hellip;\" \/>\n<meta property=\"og:url\" content=\"https:\/\/lepatriotebenin.com\/index.php\/2024\/12\/23\/culture-le-benin-obtient-la-suspension-de-la-vente-de-la-recade-du-roi-behanzin-en-france\/\" \/>\n<meta property=\"og:site_name\" content=\"Le Patriote\" \/>\n<meta property=\"article:published_time\" content=\"2024-12-23T01:42:12+00:00\" \/>\n<meta property=\"article:modified_time\" content=\"2024-12-23T01:42:13+00:00\" \/>\n<meta property=\"og:image\" content=\"https:\/\/lepatriotebenin.com\/wp-content\/uploads\/2024\/12\/recade-1.jpg\" \/>\n\t<meta property=\"og:image:width\" content=\"862\" \/>\n\t<meta property=\"og:image:height\" content=\"1080\" \/>\n\t<meta property=\"og:image:type\" content=\"image\/jpeg\" \/>\n<meta name=\"author\" content=\"Redaction\" \/>\n<meta name=\"twitter:card\" content=\"summary_large_image\" \/>\n<meta name=\"twitter:label1\" content=\"\u00c9crit par\" \/>\n\t<meta name=\"twitter:data1\" content=\"Redaction\" \/>\n\t<meta name=\"twitter:label2\" content=\"Dur\u00e9e de lecture estim\u00e9e\" \/>\n\t<meta name=\"twitter:data2\" content=\"2 minutes\" \/>\n<script type=\"application\/ld+json\" class=\"yoast-schema-graph\">{\"@context\":\"https:\\\/\\\/schema.org\",\"@graph\":[{\"@type\":\"Article\",\"@id\":\"https:\\\/\\\/lepatriotebenin.com\\\/index.php\\\/2024\\\/12\\\/23\\\/culture-le-benin-obtient-la-suspension-de-la-vente-de-la-recade-du-roi-behanzin-en-france\\\/#article\",\"isPartOf\":{\"@id\":\"https:\\\/\\\/lepatriotebenin.com\\\/index.php\\\/2024\\\/12\\\/23\\\/culture-le-benin-obtient-la-suspension-de-la-vente-de-la-recade-du-roi-behanzin-en-france\\\/\"},\"author\":{\"name\":\"Redaction\",\"@id\":\"https:\\\/\\\/lepatriotebenin.com\\\/#\\\/schema\\\/person\\\/2e7709b9c9cc313e452d1136af61690f\"},\"headline\":\"Culture: Le B\u00e9nin obtient la suspension de la vente de la r\u00e9cade du roi B\u00e9hanzin en France\",\"datePublished\":\"2024-12-23T01:42:12+00:00\",\"dateModified\":\"2024-12-23T01:42:13+00:00\",\"mainEntityOfPage\":{\"@id\":\"https:\\\/\\\/lepatriotebenin.com\\\/index.php\\\/2024\\\/12\\\/23\\\/culture-le-benin-obtient-la-suspension-de-la-vente-de-la-recade-du-roi-behanzin-en-france\\\/\"},\"wordCount\":351,\"commentCount\":0,\"image\":{\"@id\":\"https:\\\/\\\/lepatriotebenin.com\\\/index.php\\\/2024\\\/12\\\/23\\\/culture-le-benin-obtient-la-suspension-de-la-vente-de-la-recade-du-roi-behanzin-en-france\\\/#primaryimage\"},\"thumbnailUrl\":\"https:\\\/\\\/lepatriotebenin.com\\\/wp-content\\\/uploads\\\/2024\\\/12\\\/recade-1.jpg\",\"articleSection\":[\"Culture\"],\"inLanguage\":\"fr-FR\",\"potentialAction\":[{\"@type\":\"CommentAction\",\"name\":\"Comment\",\"target\":[\"https:\\\/\\\/lepatriotebenin.com\\\/index.php\\\/2024\\\/12\\\/23\\\/culture-le-benin-obtient-la-suspension-de-la-vente-de-la-recade-du-roi-behanzin-en-france\\\/#respond\"]}]},{\"@type\":\"WebPage\",\"@id\":\"https:\\\/\\\/lepatriotebenin.com\\\/index.php\\\/2024\\\/12\\\/23\\\/culture-le-benin-obtient-la-suspension-de-la-vente-de-la-recade-du-roi-behanzin-en-france\\\/\",\"url\":\"https:\\\/\\\/lepatriotebenin.com\\\/index.php\\\/2024\\\/12\\\/23\\\/culture-le-benin-obtient-la-suspension-de-la-vente-de-la-recade-du-roi-behanzin-en-france\\\/\",\"name\":\"Culture: Le B\u00e9nin obtient la suspension de la vente de la r\u00e9cade du roi B\u00e9hanzin en France - Le Patriote\",\"isPartOf\":{\"@id\":\"https:\\\/\\\/lepatriotebenin.com\\\/#website\"},\"primaryImageOfPage\":{\"@id\":\"https:\\\/\\\/lepatriotebenin.com\\\/index.php\\\/2024\\\/12\\\/23\\\/culture-le-benin-obtient-la-suspension-de-la-vente-de-la-recade-du-roi-behanzin-en-france\\\/#primaryimage\"},\"image\":{\"@id\":\"https:\\\/\\\/lepatriotebenin.com\\\/index.php\\\/2024\\\/12\\\/23\\\/culture-le-benin-obtient-la-suspension-de-la-vente-de-la-recade-du-roi-behanzin-en-france\\\/#primaryimage\"},\"thumbnailUrl\":\"https:\\\/\\\/lepatriotebenin.com\\\/wp-content\\\/uploads\\\/2024\\\/12\\\/recade-1.jpg\",\"datePublished\":\"2024-12-23T01:42:12+00:00\",\"dateModified\":\"2024-12-23T01:42:13+00:00\",\"author\":{\"@id\":\"https:\\\/\\\/lepatriotebenin.com\\\/#\\\/schema\\\/person\\\/2e7709b9c9cc313e452d1136af61690f\"},\"breadcrumb\":{\"@id\":\"https:\\\/\\\/lepatriotebenin.com\\\/index.php\\\/2024\\\/12\\\/23\\\/culture-le-benin-obtient-la-suspension-de-la-vente-de-la-recade-du-roi-behanzin-en-france\\\/#breadcrumb\"},\"inLanguage\":\"fr-FR\",\"potentialAction\":[{\"@type\":\"ReadAction\",\"target\":[\"https:\\\/\\\/lepatriotebenin.com\\\/index.php\\\/2024\\\/12\\\/23\\\/culture-le-benin-obtient-la-suspension-de-la-vente-de-la-recade-du-roi-behanzin-en-france\\\/\"]}]},{\"@type\":\"ImageObject\",\"inLanguage\":\"fr-FR\",\"@id\":\"https:\\\/\\\/lepatriotebenin.com\\\/index.php\\\/2024\\\/12\\\/23\\\/culture-le-benin-obtient-la-suspension-de-la-vente-de-la-recade-du-roi-behanzin-en-france\\\/#primaryimage\",\"url\":\"https:\\\/\\\/lepatriotebenin.com\\\/wp-content\\\/uploads\\\/2024\\\/12\\\/recade-1.jpg\",\"contentUrl\":\"https:\\\/\\\/lepatriotebenin.com\\\/wp-content\\\/uploads\\\/2024\\\/12\\\/recade-1.jpg\",\"width\":862,\"height\":1080},{\"@type\":\"BreadcrumbList\",\"@id\":\"https:\\\/\\\/lepatriotebenin.com\\\/index.php\\\/2024\\\/12\\\/23\\\/culture-le-benin-obtient-la-suspension-de-la-vente-de-la-recade-du-roi-behanzin-en-france\\\/#breadcrumb\",\"itemListElement\":[{\"@type\":\"ListItem\",\"position\":1,\"name\":\"Accueil\",\"item\":\"https:\\\/\\\/lepatriotebenin.com\\\/\"},{\"@type\":\"ListItem\",\"position\":2,\"name\":\"Culture: Le B\u00e9nin obtient la suspension de la vente de la r\u00e9cade du roi B\u00e9hanzin en France\"}]},{\"@type\":\"WebSite\",\"@id\":\"https:\\\/\\\/lepatriotebenin.com\\\/#website\",\"url\":\"https:\\\/\\\/lepatriotebenin.com\\\/\",\"name\":\"Le Patriote\",\"description\":\"Le Patriote B\u00e9nin\",\"potentialAction\":[{\"@type\":\"SearchAction\",\"target\":{\"@type\":\"EntryPoint\",\"urlTemplate\":\"https:\\\/\\\/lepatriotebenin.com\\\/?s={search_term_string}\"},\"query-input\":{\"@type\":\"PropertyValueSpecification\",\"valueRequired\":true,\"valueName\":\"search_term_string\"}}],\"inLanguage\":\"fr-FR\"},{\"@type\":\"Person\",\"@id\":\"https:\\\/\\\/lepatriotebenin.com\\\/#\\\/schema\\\/person\\\/2e7709b9c9cc313e452d1136af61690f\",\"name\":\"Redaction\",\"image\":{\"@type\":\"ImageObject\",\"inLanguage\":\"fr-FR\",\"@id\":\"https:\\\/\\\/secure.gravatar.com\\\/avatar\\\/c4c509357859ea2ca2cbb6d8812898a73e4ef1ef9934c2e591d7e32face734d1?s=96&d=mm&r=g\",\"url\":\"https:\\\/\\\/secure.gravatar.com\\\/avatar\\\/c4c509357859ea2ca2cbb6d8812898a73e4ef1ef9934c2e591d7e32face734d1?s=96&d=mm&r=g\",\"contentUrl\":\"https:\\\/\\\/secure.gravatar.com\\\/avatar\\\/c4c509357859ea2ca2cbb6d8812898a73e4ef1ef9934c2e591d7e32face734d1?s=96&d=mm&r=g\",\"caption\":\"Redaction\"},\"url\":\"https:\\\/\\\/lepatriotebenin.com\"}]}<\/script>\n<!-- \/ Yoast SEO plugin. -->","yoast_head_json":{"title":"Culture: Le B\u00e9nin obtient la suspension de la vente de la r\u00e9cade du roi B\u00e9hanzin en France - Le Patriote","robots":{"index":"index","follow":"follow","max-snippet":"max-snippet:-1","max-image-preview":"max-image-preview:large","max-video-preview":"max-video-preview:-1"},"canonical":"https:\/\/lepatriotebenin.com\/index.php\/2024\/12\/23\/culture-le-benin-obtient-la-suspension-de-la-vente-de-la-recade-du-roi-behanzin-en-france\/","og_locale":"fr_FR","og_type":"article","og_title":"Culture: Le B\u00e9nin obtient la suspension de la vente de la r\u00e9cade du roi B\u00e9hanzin en France - Le Patriote","og_description":"La r\u00e9cade du roi B\u00e9hanzin, un sceptre traditionnel en bois symbolisant le pouvoir royal au Dahomey, a \u00e9t\u00e9 retir\u00e9e d\u2019une vente aux ench\u00e8res pr\u00e9vue ce vendredi 20 d\u00e9cembre \u00e0 Paris.&hellip;","og_url":"https:\/\/lepatriotebenin.com\/index.php\/2024\/12\/23\/culture-le-benin-obtient-la-suspension-de-la-vente-de-la-recade-du-roi-behanzin-en-france\/","og_site_name":"Le Patriote","article_published_time":"2024-12-23T01:42:12+00:00","article_modified_time":"2024-12-23T01:42:13+00:00","og_image":[{"width":862,"height":1080,"url":"https:\/\/lepatriotebenin.com\/wp-content\/uploads\/2024\/12\/recade-1.jpg","type":"image\/jpeg"}],"author":"Redaction","twitter_card":"summary_large_image","twitter_misc":{"\u00c9crit par":"Redaction","Dur\u00e9e de lecture estim\u00e9e":"2 minutes"},"schema":{"@context":"https:\/\/schema.org","@graph":[{"@type":"Article","@id":"https:\/\/lepatriotebenin.com\/index.php\/2024\/12\/23\/culture-le-benin-obtient-la-suspension-de-la-vente-de-la-recade-du-roi-behanzin-en-france\/#article","isPartOf":{"@id":"https:\/\/lepatriotebenin.com\/index.php\/2024\/12\/23\/culture-le-benin-obtient-la-suspension-de-la-vente-de-la-recade-du-roi-behanzin-en-france\/"},"author":{"name":"Redaction","@id":"https:\/\/lepatriotebenin.com\/#\/schema\/person\/2e7709b9c9cc313e452d1136af61690f"},"headline":"Culture: Le B\u00e9nin obtient la suspension de la vente de la r\u00e9cade du roi B\u00e9hanzin en France","datePublished":"2024-12-23T01:42:12+00:00","dateModified":"2024-12-23T01:42:13+00:00","mainEntityOfPage":{"@id":"https:\/\/lepatriotebenin.com\/index.php\/2024\/12\/23\/culture-le-benin-obtient-la-suspension-de-la-vente-de-la-recade-du-roi-behanzin-en-france\/"},"wordCount":351,"commentCount":0,"image":{"@id":"https:\/\/lepatriotebenin.com\/index.php\/2024\/12\/23\/culture-le-benin-obtient-la-suspension-de-la-vente-de-la-recade-du-roi-behanzin-en-france\/#primaryimage"},"thumbnailUrl":"https:\/\/lepatriotebenin.com\/wp-content\/uploads\/2024\/12\/recade-1.jpg","articleSection":["Culture"],"inLanguage":"fr-FR","potentialAction":[{"@type":"CommentAction","name":"Comment","target":["https:\/\/lepatriotebenin.com\/index.php\/2024\/12\/23\/culture-le-benin-obtient-la-suspension-de-la-vente-de-la-recade-du-roi-behanzin-en-france\/#respond"]}]},{"@type":"WebPage","@id":"https:\/\/lepatriotebenin.com\/index.php\/2024\/12\/23\/culture-le-benin-obtient-la-suspension-de-la-vente-de-la-recade-du-roi-behanzin-en-france\/","url":"https:\/\/lepatriotebenin.com\/index.php\/2024\/12\/23\/culture-le-benin-obtient-la-suspension-de-la-vente-de-la-recade-du-roi-behanzin-en-france\/","name":"Culture: Le B\u00e9nin obtient la suspension de la vente de la r\u00e9cade du roi B\u00e9hanzin en France - Le Patriote","isPartOf":{"@id":"https:\/\/lepatriotebenin.com\/#website"},"primaryImageOfPage":{"@id":"https:\/\/lepatriotebenin.com\/index.php\/2024\/12\/23\/culture-le-benin-obtient-la-suspension-de-la-vente-de-la-recade-du-roi-behanzin-en-france\/#primaryimage"},"image":{"@id":"https:\/\/lepatriotebenin.com\/index.php\/2024\/12\/23\/culture-le-benin-obtient-la-suspension-de-la-vente-de-la-recade-du-roi-behanzin-en-france\/#primaryimage"},"thumbnailUrl":"https:\/\/lepatriotebenin.com\/wp-content\/uploads\/2024\/12\/recade-1.jpg","datePublished":"2024-12-23T01:42:12+00:00","dateModified":"2024-12-23T01:42:13+00:00","author":{"@id":"https:\/\/lepatriotebenin.com\/#\/schema\/person\/2e7709b9c9cc313e452d1136af61690f"},"breadcrumb":{"@id":"https:\/\/lepatriotebenin.com\/index.php\/2024\/12\/23\/culture-le-benin-obtient-la-suspension-de-la-vente-de-la-recade-du-roi-behanzin-en-france\/#breadcrumb"},"inLanguage":"fr-FR","potentialAction":[{"@type":"ReadAction","target":["https:\/\/lepatriotebenin.com\/index.php\/2024\/12\/23\/culture-le-benin-obtient-la-suspension-de-la-vente-de-la-recade-du-roi-behanzin-en-france\/"]}]},{"@type":"ImageObject","inLanguage":"fr-FR","@id":"https:\/\/lepatriotebenin.com\/index.php\/2024\/12\/23\/culture-le-benin-obtient-la-suspension-de-la-vente-de-la-recade-du-roi-behanzin-en-france\/#primaryimage","url":"https:\/\/lepatriotebenin.com\/wp-content\/uploads\/2024\/12\/recade-1.jpg","contentUrl":"https:\/\/lepatriotebenin.com\/wp-content\/uploads\/2024\/12\/recade-1.jpg","width":862,"height":1080},{"@type":"BreadcrumbList","@id":"https:\/\/lepatriotebenin.com\/index.php\/2024\/12\/23\/culture-le-benin-obtient-la-suspension-de-la-vente-de-la-recade-du-roi-behanzin-en-france\/#breadcrumb","itemListElement":[{"@type":"ListItem","position":1,"name":"Accueil","item":"https:\/\/lepatriotebenin.com\/"},{"@type":"ListItem","position":2,"name":"Culture: Le B\u00e9nin obtient la suspension de la vente de la r\u00e9cade du roi B\u00e9hanzin en France"}]},{"@type":"WebSite","@id":"https:\/\/lepatriotebenin.com\/#website","url":"https:\/\/lepatriotebenin.com\/","name":"Le Patriote","description":"Le Patriote B\u00e9nin","potentialAction":[{"@type":"SearchAction","target":{"@type":"EntryPoint","urlTemplate":"https:\/\/lepatriotebenin.com\/?s={search_term_string}"},"query-input":{"@type":"PropertyValueSpecification","valueRequired":true,"valueName":"search_term_string"}}],"inLanguage":"fr-FR"},{"@type":"Person","@id":"https:\/\/lepatriotebenin.com\/#\/schema\/person\/2e7709b9c9cc313e452d1136af61690f","name":"Redaction","image":{"@type":"ImageObject","inLanguage":"fr-FR","@id":"https:\/\/secure.gravatar.com\/avatar\/c4c509357859ea2ca2cbb6d8812898a73e4ef1ef9934c2e591d7e32face734d1?s=96&d=mm&r=g","url":"https:\/\/secure.gravatar.com\/avatar\/c4c509357859ea2ca2cbb6d8812898a73e4ef1ef9934c2e591d7e32face734d1?s=96&d=mm&r=g","contentUrl":"https:\/\/secure.gravatar.com\/avatar\/c4c509357859ea2ca2cbb6d8812898a73e4ef1ef9934c2e591d7e32face734d1?s=96&d=mm&r=g","caption":"Redaction"},"url":"https:\/\/lepatriotebenin.com"}]}},"_links":{"self":[{"href":"https:\/\/lepatriotebenin.com\/index.php\/wp-json\/wp\/v2\/posts\/9934","targetHints":{"allow":["GET"]}}],"collection":[{"href":"https:\/\/lepatriotebenin.com\/index.php\/wp-json\/wp\/v2\/posts"}],"about":[{"href":"https:\/\/lepatriotebenin.com\/index.php\/wp-json\/wp\/v2\/types\/post"}],"author":[{"embeddable":true,"href":"https:\/\/lepatriotebenin.com\/index.php\/wp-json\/wp\/v2\/users\/5"}],"replies":[{"embeddable":true,"href":"https:\/\/lepatriotebenin.com\/index.php\/wp-json\/wp\/v2\/comments?post=9934"}],"version-history":[{"count":1,"href":"https:\/\/lepatriotebenin.com\/index.php\/wp-json\/wp\/v2\/posts\/9934\/revisions"}],"predecessor-version":[{"id":9936,"href":"https:\/\/lepatriotebenin.com\/index.php\/wp-json\/wp\/v2\/posts\/9934\/revisions\/9936"}],"wp:featuredmedia":[{"embeddable":true,"href":"https:\/\/lepatriotebenin.com\/index.php\/wp-json\/wp\/v2\/media\/9935"}],"wp:attachment":[{"href":"https:\/\/lepatriotebenin.com\/index.php\/wp-json\/wp\/v2\/media?parent=9934"}],"wp:term":[{"taxonomy":"category","embeddable":true,"href":"https:\/\/lepatriotebenin.com\/index.php\/wp-json\/wp\/v2\/categories?post=9934"},{"taxonomy":"post_tag","embeddable":true,"href":"https:\/\/lepatriotebenin.com\/index.php\/wp-json\/wp\/v2\/tags?post=9934"}],"curies":[{"name":"wp","href":"https:\/\/api.w.org\/{rel}","templated":true}]}}