{"id":9932,"date":"2024-12-23T02:27:33","date_gmt":"2024-12-23T01:27:33","guid":{"rendered":"https:\/\/lepatriotebenin.com\/?p=9932"},"modified":"2024-12-23T02:27:34","modified_gmt":"2024-12-23T01:27:34","slug":"editorial-la-dignite-presidentielle-a-begaye","status":"publish","type":"post","link":"https:\/\/lepatriotebenin.com\/index.php\/2024\/12\/23\/editorial-la-dignite-presidentielle-a-begaye\/","title":{"rendered":"Editorial\u00a0: La dignit\u00e9 pr\u00e9sidentielle a b\u00e9gay\u00e9"},"content":{"rendered":"\n<p>De m\u00e9moires de B\u00e9ninois, ce discours sur l\u2019Etat de la nation prononc\u00e9 par Patrice Talon le vendredi dernier \u00e0 l\u2019Assembl\u00e9e Nationale laissera pour toujours de tr\u00e8s mauvais souvenirs. Et pour cause, il aura \u00e9prouv\u00e9 \u00e0 la fois la fiert\u00e9 r\u00e9publicaine, le morale et l\u2019\u00e9tat d\u2019\u00e2me de millions de compatriotes. \u00c7\u2019aurait \u00e9t\u00e9 moins douloureuse pour beaucoup si cette sc\u00e8ne d\u2019indignit\u00e9 n\u2019avait pas \u00e9t\u00e9 diffus\u00e9e en direct sur le petit \u00e9cran, r\u00e9v\u00e9lant \u00e0 la face du monde ce qu\u2019est devenu le B\u00e9nin aujourd\u2019hui&nbsp;: un tiers-pays o\u00f9 &nbsp;la terreur, la m\u00e9chancet\u00e9 et la haine sont les denr\u00e9es les plus vendues. &nbsp;Cette sc\u00e8ne de vaudeville \u00e0 laquelle l\u2019acteur principal n\u2019est que le premier des B\u00e9ninois a eu juste une petite situation att\u00e9nuante, les enfants, majoritairement en classe \u00e0 l\u2019heure l\u00e0. Pour le reste, ce fut une vingtaine de minutes de frayeur et d\u2019incertitude pour l\u2019avenir. A la place d\u2019un discours sur l\u2019\u00e9tat de la nation, le chef de l\u2019Etat est venu exposer ses grandes r\u00e9alisations qui feraient desormais du B\u00e9nin le pays le plus envi\u00e9 en Afrique. Eau potable, Infrastructures routi\u00e8res, centre hospitalier de r\u00e9f\u00e9rence, tourisme, propret\u00e9, transparence budg\u00e9taire\u2026on est dans les meilleurs du continent. Le seul endroit o\u00f9 Patrice Talon reconna\u00eet que le B\u00e9nin n\u2019a pas r\u00e9alis\u00e9 de grandes performances c\u2019est dans la lutte contre le terrorisme. Et l\u00e0, c\u2019est parce que \u00ab&nbsp;les terroristes circulent dans les pays voisins&nbsp;\u00bb. Patrice Talon a tellement parl\u00e9 de \u00ab&nbsp;ses&nbsp;\u00bb r\u00e9ussites, de \u00ab&nbsp;ses&nbsp;\u00bb exploits qu\u2019il a oubli\u00e9 les B\u00e9ninois. Car en effet, la seule chose qu\u2019ils peuvent se mettre sous la dent comme une d\u00e9cision qui les concerne et la gratuit\u00e9 des consultations pr\u00e9natales pour les femmes enceintes.<\/p>\n\n\n\n<p>A dire vrai, ce discours pose le probl\u00e8me du d\u00e9phasage criant entre le discours et la r\u00e9alit\u00e9 de terrain. Un proverbe Fon r\u00e9sume cela&nbsp;: \u00ab&nbsp;Lorsqu\u2019on veut parler, il faut se regarder et regarder l\u00e0 o\u00f9 on a quitt\u00e9&nbsp;\u00bb. Si Patrice Talon avait ce proverbe dans sa pens\u00e9e, il aurait \u00e9vit\u00e9 de dire les propos belliqueux qui ont noirci son discours. En effet, sa propre histoire d\u00e9ment ses propos sur le fameux \u00ab&nbsp;pass\u00e9 honteux&nbsp;\u00bb. Les B\u00e9ninois se souviennent, dans leur grande majorit\u00e9, qu\u2019il y a dix ans en arri\u00e8re, il \u00e9tait en exil en France, d\u2019o\u00f9 il a lanc\u00e9 sa candidature. Il se rappelle que c\u2019est le meilleur adversaire politique de Talon qui lui a permis de rentrer dans son pays, faire campagne et battre le candidat de celui l\u00e0 pour devenir Pr\u00e9sident. Ils se rappellent qu\u2019il avait b\u00e9n\u00e9fici\u00e9 des dividendes de la d\u00e9mocratie et son \u00e9lection avait surpris plus d\u2019un sur le continent. Il n\u2019y a que le S\u00e9n\u00e9gal qui ait fait mieux que le B\u00e9nin en \u00e9lisant \u00e0 la t\u00eate du pays&nbsp; un jeune sans exp\u00e9rience et qui sortait \u00e0 peine de prison.<\/p>\n\n\n\n<p>&nbsp; Le \u00ab&nbsp;pass\u00e9 honteux&nbsp;\u00bb n\u2019aura pas \u00e9t\u00e9 possible sans le chef de l\u2019Etat lui-m\u00eame qui a reconnu, dans une d\u00e9claration officielle \u00e0 l\u2019Elys\u00e9e en compagnie du pr\u00e9sident fran\u00e7ais de l\u2019\u00e9poque Fran\u00e7ois Hollande qu\u2019il reconna\u00eet avoir sa part de responsabilit\u00e9 dans les difficult\u00e9s actuelles du pays. Mieux que \u00e7a, cette caricature de \u00ab&nbsp;pass\u00e9 honteux&nbsp;\u00bb, m\u00eame si elle a exist\u00e9 et pourrait, selon plusieurs personnes, \u00eatre assimil\u00e9 \u00e0 la gouvernance Yayi n\u2019a \u00e9t\u00e9 possible qu\u2019avec le concours de l\u2019homme d\u2019affaires Patrice Talon qui passait pour le num\u00e9ro 2 du r\u00e9gime pendant au moins sept ans sur les dix que le r\u00e9gime a dur\u00e9. Il est ironique et injurieux pour l\u2019intelligence du peuple de voir autour de Talon ces hommes du \u00ab&nbsp;pass\u00e9 honteux&nbsp;\u00bb comme les Barthelemy Kassa, Ak\u00e9 Natond\u00e9, Rachidi Gbadamassi, Claudine Prudencio, Samou Adambi, Adidjatou Mathys et bien d\u2019autres \u00eatre ministres ou d\u00e9put\u00e9s sous Talon alors qu\u2019ils ont occup\u00e9 presque les m\u00eames postes sous Yayi. Le pass\u00e9 honteux n\u2019est donc que le pr\u00e9sent honteux.<\/p>\n\n\n\n<p>Au demeurant, Patrice Talon n\u2019aura donc pas chang\u00e9 grand- chose dans la gouvernance politique du pays. Il a b\u00e2ti son syst\u00e8me avec les hommes de ce pass\u00e9 honteux dont lui-m\u00eame fait membre. D\u2019o\u00f9 le retour au proverbe initial&nbsp;: \u00ab&nbsp;quand on veut parler, on se regarde et on regarde l\u00e0 o\u00f9 on a quitt\u00e9&nbsp;\u00bb.<\/p>\n\n\n\n<p>Ceci dit, la trame du discours confirme une gouvernance tourn\u00e9e vers l\u2019ext\u00e9rieur, une gouvernance faite pour l\u2019ext\u00e9rieur et qui se nourrit des chiffres et des palmes des institutions \u00e9trang\u00e8res que des appr\u00e9ciations des B\u00e9ninois. On n\u2019a pas vu un pr\u00e9sident qui pr\u00e9sente l\u2019\u00e9tat du pays \u00e0 ses mandants mais plut\u00f4t un \u00e9missaire de la \u00ab&nbsp;communaut\u00e9 internationale&nbsp;\u00bb faisant un point \u00e0 ceux qui l\u2019ont envoy\u00e9 en mission. Les diff\u00e9rentes contradictions, les revirements de position sur plusieurs sujets et les nombreuses informations en contradiction avec les r\u00e9alit\u00e9s de terrain ont fini par r\u00e9v\u00e9ler un Pr\u00e9sident en conflit avec ses propres convictions et en d\u00e9phasage avec les r\u00e9alit\u00e9s sociales, \u00e9conomiques et politiques de son pays.<\/p>\n\n\n\n<p>Il faut r\u00e9inventer la fonction pr\u00e9sidentielle et revoir les garde-fous. Ceci nous \u00e9vitera dans le futur l\u2019av\u00e8nement d\u2019aventuriers afin que la dignit\u00e9 de la fonction et la paix r\u00e9publicaine &nbsp;soient pr\u00e9serv\u00e9es.<\/p>\n","protected":false},"excerpt":{"rendered":"<p>De m\u00e9moires de B\u00e9ninois, ce discours sur l\u2019Etat de la nation prononc\u00e9 par Patrice Talon le vendredi dernier \u00e0 l\u2019Assembl\u00e9e Nationale laissera pour toujours de tr\u00e8s mauvais souvenirs. Et pour&hellip;<\/p>\n","protected":false},"author":15,"featured_media":9885,"comment_status":"open","ping_status":"open","sticky":false,"template":"","format":"standard","meta":{"content-type":"","om_disable_all_campaigns":false,"_monsterinsights_skip_tracking":false,"_monsterinsights_sitenote_active":false,"_monsterinsights_sitenote_note":"","_monsterinsights_sitenote_category":0,"_uf_show_specific_survey":0,"_uf_disable_surveys":false,"footnotes":""},"categories":[26],"tags":[],"class_list":["post-9932","post","type-post","status-publish","format-standard","has-post-thumbnail","hentry","category-politique"],"aioseo_notices":[],"yoast_head":"<!-- This site is optimized with the Yoast SEO plugin v27.5 - https:\/\/yoast.com\/product\/yoast-seo-wordpress\/ -->\n<title>Editorial\u00a0: La dignit\u00e9 pr\u00e9sidentielle a b\u00e9gay\u00e9 - Le Patriote<\/title>\n<meta name=\"robots\" content=\"index, follow, max-snippet:-1, max-image-preview:large, max-video-preview:-1\" \/>\n<link rel=\"canonical\" href=\"https:\/\/lepatriotebenin.com\/index.php\/2024\/12\/23\/editorial-la-dignite-presidentielle-a-begaye\/\" \/>\n<meta property=\"og:locale\" content=\"fr_FR\" \/>\n<meta property=\"og:type\" content=\"article\" \/>\n<meta property=\"og:title\" content=\"Editorial\u00a0: La dignit\u00e9 pr\u00e9sidentielle a b\u00e9gay\u00e9 - Le Patriote\" \/>\n<meta property=\"og:description\" content=\"De m\u00e9moires de B\u00e9ninois, ce discours sur l\u2019Etat de la nation prononc\u00e9 par Patrice Talon le vendredi dernier \u00e0 l\u2019Assembl\u00e9e Nationale laissera pour toujours de tr\u00e8s mauvais souvenirs. Et pour&hellip;\" \/>\n<meta property=\"og:url\" content=\"https:\/\/lepatriotebenin.com\/index.php\/2024\/12\/23\/editorial-la-dignite-presidentielle-a-begaye\/\" \/>\n<meta property=\"og:site_name\" content=\"Le Patriote\" \/>\n<meta property=\"article:published_time\" content=\"2024-12-23T01:27:33+00:00\" \/>\n<meta property=\"article:modified_time\" content=\"2024-12-23T01:27:34+00:00\" \/>\n<meta property=\"og:image\" content=\"https:\/\/lepatriotebenin.com\/wp-content\/uploads\/2024\/12\/talon-rt.jpg\" \/>\n\t<meta property=\"og:image:width\" content=\"780\" \/>\n\t<meta property=\"og:image:height\" content=\"560\" \/>\n\t<meta property=\"og:image:type\" content=\"image\/jpeg\" \/>\n<meta name=\"author\" content=\"Marcel ZOUMENOU\" \/>\n<meta name=\"twitter:card\" content=\"summary_large_image\" \/>\n<meta name=\"twitter:label1\" content=\"\u00c9crit par\" \/>\n\t<meta name=\"twitter:data1\" content=\"Marcel ZOUMENOU\" \/>\n\t<meta name=\"twitter:label2\" content=\"Dur\u00e9e de lecture estim\u00e9e\" \/>\n\t<meta name=\"twitter:data2\" content=\"5 minutes\" \/>\n<script type=\"application\/ld+json\" class=\"yoast-schema-graph\">{\"@context\":\"https:\\\/\\\/schema.org\",\"@graph\":[{\"@type\":\"Article\",\"@id\":\"https:\\\/\\\/lepatriotebenin.com\\\/index.php\\\/2024\\\/12\\\/23\\\/editorial-la-dignite-presidentielle-a-begaye\\\/#article\",\"isPartOf\":{\"@id\":\"https:\\\/\\\/lepatriotebenin.com\\\/index.php\\\/2024\\\/12\\\/23\\\/editorial-la-dignite-presidentielle-a-begaye\\\/\"},\"author\":{\"name\":\"Marcel ZOUMENOU\",\"@id\":\"https:\\\/\\\/lepatriotebenin.com\\\/#\\\/schema\\\/person\\\/431e5eef55c02ebf1428603ce8959de6\"},\"headline\":\"Editorial\u00a0: La dignit\u00e9 pr\u00e9sidentielle a b\u00e9gay\u00e9\",\"datePublished\":\"2024-12-23T01:27:33+00:00\",\"dateModified\":\"2024-12-23T01:27:34+00:00\",\"mainEntityOfPage\":{\"@id\":\"https:\\\/\\\/lepatriotebenin.com\\\/index.php\\\/2024\\\/12\\\/23\\\/editorial-la-dignite-presidentielle-a-begaye\\\/\"},\"wordCount\":975,\"commentCount\":0,\"image\":{\"@id\":\"https:\\\/\\\/lepatriotebenin.com\\\/index.php\\\/2024\\\/12\\\/23\\\/editorial-la-dignite-presidentielle-a-begaye\\\/#primaryimage\"},\"thumbnailUrl\":\"https:\\\/\\\/lepatriotebenin.com\\\/wp-content\\\/uploads\\\/2024\\\/12\\\/talon-rt.jpg\",\"articleSection\":[\"Politique\"],\"inLanguage\":\"fr-FR\",\"potentialAction\":[{\"@type\":\"CommentAction\",\"name\":\"Comment\",\"target\":[\"https:\\\/\\\/lepatriotebenin.com\\\/index.php\\\/2024\\\/12\\\/23\\\/editorial-la-dignite-presidentielle-a-begaye\\\/#respond\"]}]},{\"@type\":\"WebPage\",\"@id\":\"https:\\\/\\\/lepatriotebenin.com\\\/index.php\\\/2024\\\/12\\\/23\\\/editorial-la-dignite-presidentielle-a-begaye\\\/\",\"url\":\"https:\\\/\\\/lepatriotebenin.com\\\/index.php\\\/2024\\\/12\\\/23\\\/editorial-la-dignite-presidentielle-a-begaye\\\/\",\"name\":\"Editorial\u00a0: La dignit\u00e9 pr\u00e9sidentielle a b\u00e9gay\u00e9 - Le Patriote\",\"isPartOf\":{\"@id\":\"https:\\\/\\\/lepatriotebenin.com\\\/#website\"},\"primaryImageOfPage\":{\"@id\":\"https:\\\/\\\/lepatriotebenin.com\\\/index.php\\\/2024\\\/12\\\/23\\\/editorial-la-dignite-presidentielle-a-begaye\\\/#primaryimage\"},\"image\":{\"@id\":\"https:\\\/\\\/lepatriotebenin.com\\\/index.php\\\/2024\\\/12\\\/23\\\/editorial-la-dignite-presidentielle-a-begaye\\\/#primaryimage\"},\"thumbnailUrl\":\"https:\\\/\\\/lepatriotebenin.com\\\/wp-content\\\/uploads\\\/2024\\\/12\\\/talon-rt.jpg\",\"datePublished\":\"2024-12-23T01:27:33+00:00\",\"dateModified\":\"2024-12-23T01:27:34+00:00\",\"author\":{\"@id\":\"https:\\\/\\\/lepatriotebenin.com\\\/#\\\/schema\\\/person\\\/431e5eef55c02ebf1428603ce8959de6\"},\"breadcrumb\":{\"@id\":\"https:\\\/\\\/lepatriotebenin.com\\\/index.php\\\/2024\\\/12\\\/23\\\/editorial-la-dignite-presidentielle-a-begaye\\\/#breadcrumb\"},\"inLanguage\":\"fr-FR\",\"potentialAction\":[{\"@type\":\"ReadAction\",\"target\":[\"https:\\\/\\\/lepatriotebenin.com\\\/index.php\\\/2024\\\/12\\\/23\\\/editorial-la-dignite-presidentielle-a-begaye\\\/\"]}]},{\"@type\":\"ImageObject\",\"inLanguage\":\"fr-FR\",\"@id\":\"https:\\\/\\\/lepatriotebenin.com\\\/index.php\\\/2024\\\/12\\\/23\\\/editorial-la-dignite-presidentielle-a-begaye\\\/#primaryimage\",\"url\":\"https:\\\/\\\/lepatriotebenin.com\\\/wp-content\\\/uploads\\\/2024\\\/12\\\/talon-rt.jpg\",\"contentUrl\":\"https:\\\/\\\/lepatriotebenin.com\\\/wp-content\\\/uploads\\\/2024\\\/12\\\/talon-rt.jpg\",\"width\":780,\"height\":560},{\"@type\":\"BreadcrumbList\",\"@id\":\"https:\\\/\\\/lepatriotebenin.com\\\/index.php\\\/2024\\\/12\\\/23\\\/editorial-la-dignite-presidentielle-a-begaye\\\/#breadcrumb\",\"itemListElement\":[{\"@type\":\"ListItem\",\"position\":1,\"name\":\"Accueil\",\"item\":\"https:\\\/\\\/lepatriotebenin.com\\\/\"},{\"@type\":\"ListItem\",\"position\":2,\"name\":\"Editorial\u00a0: La dignit\u00e9 pr\u00e9sidentielle a b\u00e9gay\u00e9\"}]},{\"@type\":\"WebSite\",\"@id\":\"https:\\\/\\\/lepatriotebenin.com\\\/#website\",\"url\":\"https:\\\/\\\/lepatriotebenin.com\\\/\",\"name\":\"Le Patriote\",\"description\":\"Le Patriote B\u00e9nin\",\"potentialAction\":[{\"@type\":\"SearchAction\",\"target\":{\"@type\":\"EntryPoint\",\"urlTemplate\":\"https:\\\/\\\/lepatriotebenin.com\\\/?s={search_term_string}\"},\"query-input\":{\"@type\":\"PropertyValueSpecification\",\"valueRequired\":true,\"valueName\":\"search_term_string\"}}],\"inLanguage\":\"fr-FR\"},{\"@type\":\"Person\",\"@id\":\"https:\\\/\\\/lepatriotebenin.com\\\/#\\\/schema\\\/person\\\/431e5eef55c02ebf1428603ce8959de6\",\"name\":\"Marcel ZOUMENOU\",\"image\":{\"@type\":\"ImageObject\",\"inLanguage\":\"fr-FR\",\"@id\":\"https:\\\/\\\/secure.gravatar.com\\\/avatar\\\/a986fe63c7fe32322b74e5137cdd4e12d90613a42644cebed7e2d46d8fc58cd4?s=96&d=mm&r=g\",\"url\":\"https:\\\/\\\/secure.gravatar.com\\\/avatar\\\/a986fe63c7fe32322b74e5137cdd4e12d90613a42644cebed7e2d46d8fc58cd4?s=96&d=mm&r=g\",\"contentUrl\":\"https:\\\/\\\/secure.gravatar.com\\\/avatar\\\/a986fe63c7fe32322b74e5137cdd4e12d90613a42644cebed7e2d46d8fc58cd4?s=96&d=mm&r=g\",\"caption\":\"Marcel ZOUMENOU\"},\"url\":\"https:\\\/\\\/lepatriotebenin.com\"}]}<\/script>\n<!-- \/ Yoast SEO plugin. -->","yoast_head_json":{"title":"Editorial\u00a0: La dignit\u00e9 pr\u00e9sidentielle a b\u00e9gay\u00e9 - Le Patriote","robots":{"index":"index","follow":"follow","max-snippet":"max-snippet:-1","max-image-preview":"max-image-preview:large","max-video-preview":"max-video-preview:-1"},"canonical":"https:\/\/lepatriotebenin.com\/index.php\/2024\/12\/23\/editorial-la-dignite-presidentielle-a-begaye\/","og_locale":"fr_FR","og_type":"article","og_title":"Editorial\u00a0: La dignit\u00e9 pr\u00e9sidentielle a b\u00e9gay\u00e9 - Le Patriote","og_description":"De m\u00e9moires de B\u00e9ninois, ce discours sur l\u2019Etat de la nation prononc\u00e9 par Patrice Talon le vendredi dernier \u00e0 l\u2019Assembl\u00e9e Nationale laissera pour toujours de tr\u00e8s mauvais souvenirs. Et pour&hellip;","og_url":"https:\/\/lepatriotebenin.com\/index.php\/2024\/12\/23\/editorial-la-dignite-presidentielle-a-begaye\/","og_site_name":"Le Patriote","article_published_time":"2024-12-23T01:27:33+00:00","article_modified_time":"2024-12-23T01:27:34+00:00","og_image":[{"width":780,"height":560,"url":"https:\/\/lepatriotebenin.com\/wp-content\/uploads\/2024\/12\/talon-rt.jpg","type":"image\/jpeg"}],"author":"Marcel ZOUMENOU","twitter_card":"summary_large_image","twitter_misc":{"\u00c9crit par":"Marcel ZOUMENOU","Dur\u00e9e de lecture estim\u00e9e":"5 minutes"},"schema":{"@context":"https:\/\/schema.org","@graph":[{"@type":"Article","@id":"https:\/\/lepatriotebenin.com\/index.php\/2024\/12\/23\/editorial-la-dignite-presidentielle-a-begaye\/#article","isPartOf":{"@id":"https:\/\/lepatriotebenin.com\/index.php\/2024\/12\/23\/editorial-la-dignite-presidentielle-a-begaye\/"},"author":{"name":"Marcel ZOUMENOU","@id":"https:\/\/lepatriotebenin.com\/#\/schema\/person\/431e5eef55c02ebf1428603ce8959de6"},"headline":"Editorial\u00a0: La dignit\u00e9 pr\u00e9sidentielle a b\u00e9gay\u00e9","datePublished":"2024-12-23T01:27:33+00:00","dateModified":"2024-12-23T01:27:34+00:00","mainEntityOfPage":{"@id":"https:\/\/lepatriotebenin.com\/index.php\/2024\/12\/23\/editorial-la-dignite-presidentielle-a-begaye\/"},"wordCount":975,"commentCount":0,"image":{"@id":"https:\/\/lepatriotebenin.com\/index.php\/2024\/12\/23\/editorial-la-dignite-presidentielle-a-begaye\/#primaryimage"},"thumbnailUrl":"https:\/\/lepatriotebenin.com\/wp-content\/uploads\/2024\/12\/talon-rt.jpg","articleSection":["Politique"],"inLanguage":"fr-FR","potentialAction":[{"@type":"CommentAction","name":"Comment","target":["https:\/\/lepatriotebenin.com\/index.php\/2024\/12\/23\/editorial-la-dignite-presidentielle-a-begaye\/#respond"]}]},{"@type":"WebPage","@id":"https:\/\/lepatriotebenin.com\/index.php\/2024\/12\/23\/editorial-la-dignite-presidentielle-a-begaye\/","url":"https:\/\/lepatriotebenin.com\/index.php\/2024\/12\/23\/editorial-la-dignite-presidentielle-a-begaye\/","name":"Editorial\u00a0: La dignit\u00e9 pr\u00e9sidentielle a b\u00e9gay\u00e9 - Le Patriote","isPartOf":{"@id":"https:\/\/lepatriotebenin.com\/#website"},"primaryImageOfPage":{"@id":"https:\/\/lepatriotebenin.com\/index.php\/2024\/12\/23\/editorial-la-dignite-presidentielle-a-begaye\/#primaryimage"},"image":{"@id":"https:\/\/lepatriotebenin.com\/index.php\/2024\/12\/23\/editorial-la-dignite-presidentielle-a-begaye\/#primaryimage"},"thumbnailUrl":"https:\/\/lepatriotebenin.com\/wp-content\/uploads\/2024\/12\/talon-rt.jpg","datePublished":"2024-12-23T01:27:33+00:00","dateModified":"2024-12-23T01:27:34+00:00","author":{"@id":"https:\/\/lepatriotebenin.com\/#\/schema\/person\/431e5eef55c02ebf1428603ce8959de6"},"breadcrumb":{"@id":"https:\/\/lepatriotebenin.com\/index.php\/2024\/12\/23\/editorial-la-dignite-presidentielle-a-begaye\/#breadcrumb"},"inLanguage":"fr-FR","potentialAction":[{"@type":"ReadAction","target":["https:\/\/lepatriotebenin.com\/index.php\/2024\/12\/23\/editorial-la-dignite-presidentielle-a-begaye\/"]}]},{"@type":"ImageObject","inLanguage":"fr-FR","@id":"https:\/\/lepatriotebenin.com\/index.php\/2024\/12\/23\/editorial-la-dignite-presidentielle-a-begaye\/#primaryimage","url":"https:\/\/lepatriotebenin.com\/wp-content\/uploads\/2024\/12\/talon-rt.jpg","contentUrl":"https:\/\/lepatriotebenin.com\/wp-content\/uploads\/2024\/12\/talon-rt.jpg","width":780,"height":560},{"@type":"BreadcrumbList","@id":"https:\/\/lepatriotebenin.com\/index.php\/2024\/12\/23\/editorial-la-dignite-presidentielle-a-begaye\/#breadcrumb","itemListElement":[{"@type":"ListItem","position":1,"name":"Accueil","item":"https:\/\/lepatriotebenin.com\/"},{"@type":"ListItem","position":2,"name":"Editorial\u00a0: La dignit\u00e9 pr\u00e9sidentielle a b\u00e9gay\u00e9"}]},{"@type":"WebSite","@id":"https:\/\/lepatriotebenin.com\/#website","url":"https:\/\/lepatriotebenin.com\/","name":"Le Patriote","description":"Le Patriote B\u00e9nin","potentialAction":[{"@type":"SearchAction","target":{"@type":"EntryPoint","urlTemplate":"https:\/\/lepatriotebenin.com\/?s={search_term_string}"},"query-input":{"@type":"PropertyValueSpecification","valueRequired":true,"valueName":"search_term_string"}}],"inLanguage":"fr-FR"},{"@type":"Person","@id":"https:\/\/lepatriotebenin.com\/#\/schema\/person\/431e5eef55c02ebf1428603ce8959de6","name":"Marcel ZOUMENOU","image":{"@type":"ImageObject","inLanguage":"fr-FR","@id":"https:\/\/secure.gravatar.com\/avatar\/a986fe63c7fe32322b74e5137cdd4e12d90613a42644cebed7e2d46d8fc58cd4?s=96&d=mm&r=g","url":"https:\/\/secure.gravatar.com\/avatar\/a986fe63c7fe32322b74e5137cdd4e12d90613a42644cebed7e2d46d8fc58cd4?s=96&d=mm&r=g","contentUrl":"https:\/\/secure.gravatar.com\/avatar\/a986fe63c7fe32322b74e5137cdd4e12d90613a42644cebed7e2d46d8fc58cd4?s=96&d=mm&r=g","caption":"Marcel ZOUMENOU"},"url":"https:\/\/lepatriotebenin.com"}]}},"_links":{"self":[{"href":"https:\/\/lepatriotebenin.com\/index.php\/wp-json\/wp\/v2\/posts\/9932","targetHints":{"allow":["GET"]}}],"collection":[{"href":"https:\/\/lepatriotebenin.com\/index.php\/wp-json\/wp\/v2\/posts"}],"about":[{"href":"https:\/\/lepatriotebenin.com\/index.php\/wp-json\/wp\/v2\/types\/post"}],"author":[{"embeddable":true,"href":"https:\/\/lepatriotebenin.com\/index.php\/wp-json\/wp\/v2\/users\/15"}],"replies":[{"embeddable":true,"href":"https:\/\/lepatriotebenin.com\/index.php\/wp-json\/wp\/v2\/comments?post=9932"}],"version-history":[{"count":1,"href":"https:\/\/lepatriotebenin.com\/index.php\/wp-json\/wp\/v2\/posts\/9932\/revisions"}],"predecessor-version":[{"id":9933,"href":"https:\/\/lepatriotebenin.com\/index.php\/wp-json\/wp\/v2\/posts\/9932\/revisions\/9933"}],"wp:featuredmedia":[{"embeddable":true,"href":"https:\/\/lepatriotebenin.com\/index.php\/wp-json\/wp\/v2\/media\/9885"}],"wp:attachment":[{"href":"https:\/\/lepatriotebenin.com\/index.php\/wp-json\/wp\/v2\/media?parent=9932"}],"wp:term":[{"taxonomy":"category","embeddable":true,"href":"https:\/\/lepatriotebenin.com\/index.php\/wp-json\/wp\/v2\/categories?post=9932"},{"taxonomy":"post_tag","embeddable":true,"href":"https:\/\/lepatriotebenin.com\/index.php\/wp-json\/wp\/v2\/tags?post=9932"}],"curies":[{"name":"wp","href":"https:\/\/api.w.org\/{rel}","templated":true}]}}