{"id":9929,"date":"2024-12-23T02:24:16","date_gmt":"2024-12-23T01:24:16","guid":{"rendered":"https:\/\/lepatriotebenin.com\/?p=9929"},"modified":"2024-12-23T02:24:17","modified_gmt":"2024-12-23T01:24:17","slug":"burn-out-professionnel-ce-metier-est-le-plus-eprouvant-selon-une-etude","status":"publish","type":"post","link":"https:\/\/lepatriotebenin.com\/index.php\/2024\/12\/23\/burn-out-professionnel-ce-metier-est-le-plus-eprouvant-selon-une-etude\/","title":{"rendered":"Burn-out professionnel : Ce m\u00e9tier est le plus \u00e9prouvant, selon une \u00e9tude\u00a0"},"content":{"rendered":"\n<p>Une \u00e9tude r\u00e9cente d\u00e9voile les professions les plus expos\u00e9es au burn out, mettant en avant des m\u00e9tiers o\u00f9 la fatigue et le stress atteignent des niveaux critiques. Parmi les cons\u00e9quences, le burn out \u2013 syndrome r\u00e9sultant d\u2019un stress chronique au travail selon l&rsquo;OMS \u2013 est devenu un ph\u00e9nom\u00e8ne alarmant qui touche toutes les sph\u00e8res professionnelles.&nbsp;<\/p>\n\n\n\n<p>L&rsquo;\u00e9tude en question a \u00e9t\u00e9 men\u00e9e par le r\u00e9seau social LinkedIn aupr\u00e8s de 16 000 professionnels , dont 40 % des personnes interrog\u00e9es d\u00e9clarent \u00eatre proches du burn out. Cependant, le m\u00e9tier qui figure en t\u00eate de cette liste est celui de chef de projet. Ces professionnels op\u00e8rent dans un environnement particuli\u00e8rement stressant, o\u00f9 ils doivent jongler avec de nombreuses t\u00e2ches et r\u00e9pondre aux attentes parfois contradictoires des clients et des employ\u00e9s.&nbsp;<\/p>\n\n\n\n<p>Ces donn\u00e9es peuvent varier selon les pays et les secteurs, mais les plus touch\u00e9s incluent l\u2019\u00e9ducation, les soins, le travail social, et les contr\u00f4les qualit\u00e9. Par exemple Doctolib estime que plus d&rsquo;un sur deux des m\u00e9decins en France pr\u00e9senteraient des sympt\u00f4mes de burn out. Ce qui fait du de la&nbsp; m\u00e9decine,&nbsp; le m\u00e9tier le plus fatiguant en France.<\/p>\n\n\n\n<p><strong>Ez\u00e9chiel D. Padonou<\/strong><\/p>\n","protected":false},"excerpt":{"rendered":"<p>Une \u00e9tude r\u00e9cente d\u00e9voile les professions les plus expos\u00e9es au burn out, mettant en avant des m\u00e9tiers o\u00f9 la fatigue et le stress atteignent des niveaux critiques. Parmi les cons\u00e9quences,&hellip;<\/p>\n","protected":false},"author":5,"featured_media":9930,"comment_status":"open","ping_status":"open","sticky":false,"template":"","format":"standard","meta":{"content-type":"","om_disable_all_campaigns":false,"_monsterinsights_skip_tracking":false,"_monsterinsights_sitenote_active":false,"_monsterinsights_sitenote_note":"","_monsterinsights_sitenote_category":0,"_uf_show_specific_survey":0,"_uf_disable_surveys":false,"footnotes":""},"categories":[20],"tags":[],"class_list":["post-9929","post","type-post","status-publish","format-standard","has-post-thumbnail","hentry","category-societe"],"aioseo_notices":[],"yoast_head":"<!-- This site is optimized with the Yoast SEO plugin v27.5 - https:\/\/yoast.com\/product\/yoast-seo-wordpress\/ -->\n<title>Burn-out professionnel : Ce m\u00e9tier est le plus \u00e9prouvant, selon une \u00e9tude\u00a0 - Le Patriote<\/title>\n<meta name=\"robots\" content=\"index, follow, max-snippet:-1, max-image-preview:large, max-video-preview:-1\" \/>\n<link rel=\"canonical\" href=\"https:\/\/lepatriotebenin.com\/index.php\/2024\/12\/23\/burn-out-professionnel-ce-metier-est-le-plus-eprouvant-selon-une-etude\/\" \/>\n<meta property=\"og:locale\" content=\"fr_FR\" \/>\n<meta property=\"og:type\" content=\"article\" \/>\n<meta property=\"og:title\" content=\"Burn-out professionnel : Ce m\u00e9tier est le plus \u00e9prouvant, selon une \u00e9tude\u00a0 - Le Patriote\" \/>\n<meta property=\"og:description\" content=\"Une \u00e9tude r\u00e9cente d\u00e9voile les professions les plus expos\u00e9es au burn out, mettant en avant des m\u00e9tiers o\u00f9 la fatigue et le stress atteignent des niveaux critiques. Parmi les cons\u00e9quences,&hellip;\" \/>\n<meta property=\"og:url\" content=\"https:\/\/lepatriotebenin.com\/index.php\/2024\/12\/23\/burn-out-professionnel-ce-metier-est-le-plus-eprouvant-selon-une-etude\/\" \/>\n<meta property=\"og:site_name\" content=\"Le Patriote\" \/>\n<meta property=\"article:published_time\" content=\"2024-12-23T01:24:16+00:00\" \/>\n<meta property=\"article:modified_time\" content=\"2024-12-23T01:24:17+00:00\" \/>\n<meta property=\"og:image\" content=\"https:\/\/lepatriotebenin.com\/wp-content\/uploads\/2024\/12\/burn.webp\" \/>\n\t<meta property=\"og:image:width\" content=\"1024\" \/>\n\t<meta property=\"og:image:height\" content=\"724\" \/>\n\t<meta property=\"og:image:type\" content=\"image\/webp\" \/>\n<meta name=\"author\" content=\"Redaction\" \/>\n<meta name=\"twitter:card\" content=\"summary_large_image\" \/>\n<meta name=\"twitter:label1\" content=\"\u00c9crit par\" \/>\n\t<meta name=\"twitter:data1\" content=\"Redaction\" \/>\n\t<meta name=\"twitter:label2\" content=\"Dur\u00e9e de lecture estim\u00e9e\" \/>\n\t<meta name=\"twitter:data2\" content=\"1 minute\" \/>\n<script type=\"application\/ld+json\" class=\"yoast-schema-graph\">{\"@context\":\"https:\\\/\\\/schema.org\",\"@graph\":[{\"@type\":\"Article\",\"@id\":\"https:\\\/\\\/lepatriotebenin.com\\\/index.php\\\/2024\\\/12\\\/23\\\/burn-out-professionnel-ce-metier-est-le-plus-eprouvant-selon-une-etude\\\/#article\",\"isPartOf\":{\"@id\":\"https:\\\/\\\/lepatriotebenin.com\\\/index.php\\\/2024\\\/12\\\/23\\\/burn-out-professionnel-ce-metier-est-le-plus-eprouvant-selon-une-etude\\\/\"},\"author\":{\"name\":\"Redaction\",\"@id\":\"https:\\\/\\\/lepatriotebenin.com\\\/#\\\/schema\\\/person\\\/2e7709b9c9cc313e452d1136af61690f\"},\"headline\":\"Burn-out professionnel : Ce m\u00e9tier est le plus \u00e9prouvant, selon une \u00e9tude\u00a0\",\"datePublished\":\"2024-12-23T01:24:16+00:00\",\"dateModified\":\"2024-12-23T01:24:17+00:00\",\"mainEntityOfPage\":{\"@id\":\"https:\\\/\\\/lepatriotebenin.com\\\/index.php\\\/2024\\\/12\\\/23\\\/burn-out-professionnel-ce-metier-est-le-plus-eprouvant-selon-une-etude\\\/\"},\"wordCount\":232,\"commentCount\":0,\"image\":{\"@id\":\"https:\\\/\\\/lepatriotebenin.com\\\/index.php\\\/2024\\\/12\\\/23\\\/burn-out-professionnel-ce-metier-est-le-plus-eprouvant-selon-une-etude\\\/#primaryimage\"},\"thumbnailUrl\":\"https:\\\/\\\/lepatriotebenin.com\\\/wp-content\\\/uploads\\\/2024\\\/12\\\/burn.webp\",\"articleSection\":[\"Soci\u00e9t\u00e9\"],\"inLanguage\":\"fr-FR\",\"potentialAction\":[{\"@type\":\"CommentAction\",\"name\":\"Comment\",\"target\":[\"https:\\\/\\\/lepatriotebenin.com\\\/index.php\\\/2024\\\/12\\\/23\\\/burn-out-professionnel-ce-metier-est-le-plus-eprouvant-selon-une-etude\\\/#respond\"]}]},{\"@type\":\"WebPage\",\"@id\":\"https:\\\/\\\/lepatriotebenin.com\\\/index.php\\\/2024\\\/12\\\/23\\\/burn-out-professionnel-ce-metier-est-le-plus-eprouvant-selon-une-etude\\\/\",\"url\":\"https:\\\/\\\/lepatriotebenin.com\\\/index.php\\\/2024\\\/12\\\/23\\\/burn-out-professionnel-ce-metier-est-le-plus-eprouvant-selon-une-etude\\\/\",\"name\":\"Burn-out professionnel : Ce m\u00e9tier est le plus \u00e9prouvant, selon une \u00e9tude\u00a0 - Le Patriote\",\"isPartOf\":{\"@id\":\"https:\\\/\\\/lepatriotebenin.com\\\/#website\"},\"primaryImageOfPage\":{\"@id\":\"https:\\\/\\\/lepatriotebenin.com\\\/index.php\\\/2024\\\/12\\\/23\\\/burn-out-professionnel-ce-metier-est-le-plus-eprouvant-selon-une-etude\\\/#primaryimage\"},\"image\":{\"@id\":\"https:\\\/\\\/lepatriotebenin.com\\\/index.php\\\/2024\\\/12\\\/23\\\/burn-out-professionnel-ce-metier-est-le-plus-eprouvant-selon-une-etude\\\/#primaryimage\"},\"thumbnailUrl\":\"https:\\\/\\\/lepatriotebenin.com\\\/wp-content\\\/uploads\\\/2024\\\/12\\\/burn.webp\",\"datePublished\":\"2024-12-23T01:24:16+00:00\",\"dateModified\":\"2024-12-23T01:24:17+00:00\",\"author\":{\"@id\":\"https:\\\/\\\/lepatriotebenin.com\\\/#\\\/schema\\\/person\\\/2e7709b9c9cc313e452d1136af61690f\"},\"breadcrumb\":{\"@id\":\"https:\\\/\\\/lepatriotebenin.com\\\/index.php\\\/2024\\\/12\\\/23\\\/burn-out-professionnel-ce-metier-est-le-plus-eprouvant-selon-une-etude\\\/#breadcrumb\"},\"inLanguage\":\"fr-FR\",\"potentialAction\":[{\"@type\":\"ReadAction\",\"target\":[\"https:\\\/\\\/lepatriotebenin.com\\\/index.php\\\/2024\\\/12\\\/23\\\/burn-out-professionnel-ce-metier-est-le-plus-eprouvant-selon-une-etude\\\/\"]}]},{\"@type\":\"ImageObject\",\"inLanguage\":\"fr-FR\",\"@id\":\"https:\\\/\\\/lepatriotebenin.com\\\/index.php\\\/2024\\\/12\\\/23\\\/burn-out-professionnel-ce-metier-est-le-plus-eprouvant-selon-une-etude\\\/#primaryimage\",\"url\":\"https:\\\/\\\/lepatriotebenin.com\\\/wp-content\\\/uploads\\\/2024\\\/12\\\/burn.webp\",\"contentUrl\":\"https:\\\/\\\/lepatriotebenin.com\\\/wp-content\\\/uploads\\\/2024\\\/12\\\/burn.webp\",\"width\":1024,\"height\":724},{\"@type\":\"BreadcrumbList\",\"@id\":\"https:\\\/\\\/lepatriotebenin.com\\\/index.php\\\/2024\\\/12\\\/23\\\/burn-out-professionnel-ce-metier-est-le-plus-eprouvant-selon-une-etude\\\/#breadcrumb\",\"itemListElement\":[{\"@type\":\"ListItem\",\"position\":1,\"name\":\"Accueil\",\"item\":\"https:\\\/\\\/lepatriotebenin.com\\\/\"},{\"@type\":\"ListItem\",\"position\":2,\"name\":\"Burn-out professionnel : Ce m\u00e9tier est le plus \u00e9prouvant, selon une \u00e9tude\u00a0\"}]},{\"@type\":\"WebSite\",\"@id\":\"https:\\\/\\\/lepatriotebenin.com\\\/#website\",\"url\":\"https:\\\/\\\/lepatriotebenin.com\\\/\",\"name\":\"Le Patriote\",\"description\":\"Le Patriote B\u00e9nin\",\"potentialAction\":[{\"@type\":\"SearchAction\",\"target\":{\"@type\":\"EntryPoint\",\"urlTemplate\":\"https:\\\/\\\/lepatriotebenin.com\\\/?s={search_term_string}\"},\"query-input\":{\"@type\":\"PropertyValueSpecification\",\"valueRequired\":true,\"valueName\":\"search_term_string\"}}],\"inLanguage\":\"fr-FR\"},{\"@type\":\"Person\",\"@id\":\"https:\\\/\\\/lepatriotebenin.com\\\/#\\\/schema\\\/person\\\/2e7709b9c9cc313e452d1136af61690f\",\"name\":\"Redaction\",\"image\":{\"@type\":\"ImageObject\",\"inLanguage\":\"fr-FR\",\"@id\":\"https:\\\/\\\/secure.gravatar.com\\\/avatar\\\/c4c509357859ea2ca2cbb6d8812898a73e4ef1ef9934c2e591d7e32face734d1?s=96&d=mm&r=g\",\"url\":\"https:\\\/\\\/secure.gravatar.com\\\/avatar\\\/c4c509357859ea2ca2cbb6d8812898a73e4ef1ef9934c2e591d7e32face734d1?s=96&d=mm&r=g\",\"contentUrl\":\"https:\\\/\\\/secure.gravatar.com\\\/avatar\\\/c4c509357859ea2ca2cbb6d8812898a73e4ef1ef9934c2e591d7e32face734d1?s=96&d=mm&r=g\",\"caption\":\"Redaction\"},\"url\":\"https:\\\/\\\/lepatriotebenin.com\"}]}<\/script>\n<!-- \/ Yoast SEO plugin. -->","yoast_head_json":{"title":"Burn-out professionnel : Ce m\u00e9tier est le plus \u00e9prouvant, selon une \u00e9tude\u00a0 - Le Patriote","robots":{"index":"index","follow":"follow","max-snippet":"max-snippet:-1","max-image-preview":"max-image-preview:large","max-video-preview":"max-video-preview:-1"},"canonical":"https:\/\/lepatriotebenin.com\/index.php\/2024\/12\/23\/burn-out-professionnel-ce-metier-est-le-plus-eprouvant-selon-une-etude\/","og_locale":"fr_FR","og_type":"article","og_title":"Burn-out professionnel : Ce m\u00e9tier est le plus \u00e9prouvant, selon une \u00e9tude\u00a0 - Le Patriote","og_description":"Une \u00e9tude r\u00e9cente d\u00e9voile les professions les plus expos\u00e9es au burn out, mettant en avant des m\u00e9tiers o\u00f9 la fatigue et le stress atteignent des niveaux critiques. Parmi les cons\u00e9quences,&hellip;","og_url":"https:\/\/lepatriotebenin.com\/index.php\/2024\/12\/23\/burn-out-professionnel-ce-metier-est-le-plus-eprouvant-selon-une-etude\/","og_site_name":"Le Patriote","article_published_time":"2024-12-23T01:24:16+00:00","article_modified_time":"2024-12-23T01:24:17+00:00","og_image":[{"width":1024,"height":724,"url":"https:\/\/lepatriotebenin.com\/wp-content\/uploads\/2024\/12\/burn.webp","type":"image\/webp"}],"author":"Redaction","twitter_card":"summary_large_image","twitter_misc":{"\u00c9crit par":"Redaction","Dur\u00e9e de lecture estim\u00e9e":"1 minute"},"schema":{"@context":"https:\/\/schema.org","@graph":[{"@type":"Article","@id":"https:\/\/lepatriotebenin.com\/index.php\/2024\/12\/23\/burn-out-professionnel-ce-metier-est-le-plus-eprouvant-selon-une-etude\/#article","isPartOf":{"@id":"https:\/\/lepatriotebenin.com\/index.php\/2024\/12\/23\/burn-out-professionnel-ce-metier-est-le-plus-eprouvant-selon-une-etude\/"},"author":{"name":"Redaction","@id":"https:\/\/lepatriotebenin.com\/#\/schema\/person\/2e7709b9c9cc313e452d1136af61690f"},"headline":"Burn-out professionnel : Ce m\u00e9tier est le plus \u00e9prouvant, selon une \u00e9tude\u00a0","datePublished":"2024-12-23T01:24:16+00:00","dateModified":"2024-12-23T01:24:17+00:00","mainEntityOfPage":{"@id":"https:\/\/lepatriotebenin.com\/index.php\/2024\/12\/23\/burn-out-professionnel-ce-metier-est-le-plus-eprouvant-selon-une-etude\/"},"wordCount":232,"commentCount":0,"image":{"@id":"https:\/\/lepatriotebenin.com\/index.php\/2024\/12\/23\/burn-out-professionnel-ce-metier-est-le-plus-eprouvant-selon-une-etude\/#primaryimage"},"thumbnailUrl":"https:\/\/lepatriotebenin.com\/wp-content\/uploads\/2024\/12\/burn.webp","articleSection":["Soci\u00e9t\u00e9"],"inLanguage":"fr-FR","potentialAction":[{"@type":"CommentAction","name":"Comment","target":["https:\/\/lepatriotebenin.com\/index.php\/2024\/12\/23\/burn-out-professionnel-ce-metier-est-le-plus-eprouvant-selon-une-etude\/#respond"]}]},{"@type":"WebPage","@id":"https:\/\/lepatriotebenin.com\/index.php\/2024\/12\/23\/burn-out-professionnel-ce-metier-est-le-plus-eprouvant-selon-une-etude\/","url":"https:\/\/lepatriotebenin.com\/index.php\/2024\/12\/23\/burn-out-professionnel-ce-metier-est-le-plus-eprouvant-selon-une-etude\/","name":"Burn-out professionnel : Ce m\u00e9tier est le plus \u00e9prouvant, selon une \u00e9tude\u00a0 - Le Patriote","isPartOf":{"@id":"https:\/\/lepatriotebenin.com\/#website"},"primaryImageOfPage":{"@id":"https:\/\/lepatriotebenin.com\/index.php\/2024\/12\/23\/burn-out-professionnel-ce-metier-est-le-plus-eprouvant-selon-une-etude\/#primaryimage"},"image":{"@id":"https:\/\/lepatriotebenin.com\/index.php\/2024\/12\/23\/burn-out-professionnel-ce-metier-est-le-plus-eprouvant-selon-une-etude\/#primaryimage"},"thumbnailUrl":"https:\/\/lepatriotebenin.com\/wp-content\/uploads\/2024\/12\/burn.webp","datePublished":"2024-12-23T01:24:16+00:00","dateModified":"2024-12-23T01:24:17+00:00","author":{"@id":"https:\/\/lepatriotebenin.com\/#\/schema\/person\/2e7709b9c9cc313e452d1136af61690f"},"breadcrumb":{"@id":"https:\/\/lepatriotebenin.com\/index.php\/2024\/12\/23\/burn-out-professionnel-ce-metier-est-le-plus-eprouvant-selon-une-etude\/#breadcrumb"},"inLanguage":"fr-FR","potentialAction":[{"@type":"ReadAction","target":["https:\/\/lepatriotebenin.com\/index.php\/2024\/12\/23\/burn-out-professionnel-ce-metier-est-le-plus-eprouvant-selon-une-etude\/"]}]},{"@type":"ImageObject","inLanguage":"fr-FR","@id":"https:\/\/lepatriotebenin.com\/index.php\/2024\/12\/23\/burn-out-professionnel-ce-metier-est-le-plus-eprouvant-selon-une-etude\/#primaryimage","url":"https:\/\/lepatriotebenin.com\/wp-content\/uploads\/2024\/12\/burn.webp","contentUrl":"https:\/\/lepatriotebenin.com\/wp-content\/uploads\/2024\/12\/burn.webp","width":1024,"height":724},{"@type":"BreadcrumbList","@id":"https:\/\/lepatriotebenin.com\/index.php\/2024\/12\/23\/burn-out-professionnel-ce-metier-est-le-plus-eprouvant-selon-une-etude\/#breadcrumb","itemListElement":[{"@type":"ListItem","position":1,"name":"Accueil","item":"https:\/\/lepatriotebenin.com\/"},{"@type":"ListItem","position":2,"name":"Burn-out professionnel : Ce m\u00e9tier est le plus \u00e9prouvant, selon une \u00e9tude\u00a0"}]},{"@type":"WebSite","@id":"https:\/\/lepatriotebenin.com\/#website","url":"https:\/\/lepatriotebenin.com\/","name":"Le Patriote","description":"Le Patriote B\u00e9nin","potentialAction":[{"@type":"SearchAction","target":{"@type":"EntryPoint","urlTemplate":"https:\/\/lepatriotebenin.com\/?s={search_term_string}"},"query-input":{"@type":"PropertyValueSpecification","valueRequired":true,"valueName":"search_term_string"}}],"inLanguage":"fr-FR"},{"@type":"Person","@id":"https:\/\/lepatriotebenin.com\/#\/schema\/person\/2e7709b9c9cc313e452d1136af61690f","name":"Redaction","image":{"@type":"ImageObject","inLanguage":"fr-FR","@id":"https:\/\/secure.gravatar.com\/avatar\/c4c509357859ea2ca2cbb6d8812898a73e4ef1ef9934c2e591d7e32face734d1?s=96&d=mm&r=g","url":"https:\/\/secure.gravatar.com\/avatar\/c4c509357859ea2ca2cbb6d8812898a73e4ef1ef9934c2e591d7e32face734d1?s=96&d=mm&r=g","contentUrl":"https:\/\/secure.gravatar.com\/avatar\/c4c509357859ea2ca2cbb6d8812898a73e4ef1ef9934c2e591d7e32face734d1?s=96&d=mm&r=g","caption":"Redaction"},"url":"https:\/\/lepatriotebenin.com"}]}},"_links":{"self":[{"href":"https:\/\/lepatriotebenin.com\/index.php\/wp-json\/wp\/v2\/posts\/9929","targetHints":{"allow":["GET"]}}],"collection":[{"href":"https:\/\/lepatriotebenin.com\/index.php\/wp-json\/wp\/v2\/posts"}],"about":[{"href":"https:\/\/lepatriotebenin.com\/index.php\/wp-json\/wp\/v2\/types\/post"}],"author":[{"embeddable":true,"href":"https:\/\/lepatriotebenin.com\/index.php\/wp-json\/wp\/v2\/users\/5"}],"replies":[{"embeddable":true,"href":"https:\/\/lepatriotebenin.com\/index.php\/wp-json\/wp\/v2\/comments?post=9929"}],"version-history":[{"count":1,"href":"https:\/\/lepatriotebenin.com\/index.php\/wp-json\/wp\/v2\/posts\/9929\/revisions"}],"predecessor-version":[{"id":9931,"href":"https:\/\/lepatriotebenin.com\/index.php\/wp-json\/wp\/v2\/posts\/9929\/revisions\/9931"}],"wp:featuredmedia":[{"embeddable":true,"href":"https:\/\/lepatriotebenin.com\/index.php\/wp-json\/wp\/v2\/media\/9930"}],"wp:attachment":[{"href":"https:\/\/lepatriotebenin.com\/index.php\/wp-json\/wp\/v2\/media?parent=9929"}],"wp:term":[{"taxonomy":"category","embeddable":true,"href":"https:\/\/lepatriotebenin.com\/index.php\/wp-json\/wp\/v2\/categories?post=9929"},{"taxonomy":"post_tag","embeddable":true,"href":"https:\/\/lepatriotebenin.com\/index.php\/wp-json\/wp\/v2\/tags?post=9929"}],"curies":[{"name":"wp","href":"https:\/\/api.w.org\/{rel}","templated":true}]}}