{"id":9867,"date":"2024-12-19T01:00:46","date_gmt":"2024-12-19T00:00:46","guid":{"rendered":"https:\/\/lepatriotebenin.com\/?p=9867"},"modified":"2024-12-19T01:00:47","modified_gmt":"2024-12-19T00:00:47","slug":"cooperation-le-benin-recoit-un-pret-de-11863-millions-deuros-de-la-bad","status":"publish","type":"post","link":"https:\/\/lepatriotebenin.com\/index.php\/2024\/12\/19\/cooperation-le-benin-recoit-un-pret-de-11863-millions-deuros-de-la-bad\/","title":{"rendered":"Coop\u00e9ration\u00a0: Le B\u00e9nin re\u00e7oit un pr\u00eat de 118,63 millions d&rsquo;euros de la BAD"},"content":{"rendered":"\n<p><strong><em>Dans l&rsquo;optique d&rsquo;\u00e9largir la fourniture d&rsquo;eau potable en milieu rural, la Banque Africaine de D\u00e9veloppement (BAD) en partenariat avec Africa Growing Together Fund octroie un pr\u00eat de 118,63 millions d&rsquo;euros au B\u00e9nin. C&rsquo;\u00e9tait ce 17 d\u00e9cembre 2024 \u00e0 Abidjan en pr\u00e9sence du Conseil d\u2019Administration du Groupe de la Banque africaine de d\u00e9veloppement.<\/em><\/strong><\/p>\n\n\n\n<p>Le B\u00e9nin, gr\u00e2ce au Conseil d\u2019administration du Groupe de la Banque Africaine de D\u00e9veloppement et Africa Growing Together Fund, b\u00e9n\u00e9ficie d&rsquo;un pr\u00eat de 118,63 millions d&rsquo;euros. L&rsquo;objectif de ce pr\u00eat est la mise en \u0153uvre du programme de s\u00e9curisation de l\u2019eau potable pour la r\u00e9silience en milieu rural. Ce projet permettra de fournir de l\u2019eau potable \u00e0 965000 personnes suppl\u00e9mentaires en milieu rural. Cet effort de la BAD vise \u00e0 accompagner le B\u00e9nin dans la mise en \u0153uvre de son plan d&rsquo;action gouvernemental 2021-2026.<\/p>\n\n\n\n<p>En effet, la mise en \u0153uvre de ce projet favorisera la construction d&rsquo;autres infrastructures. Notamment, le projet pr\u00e9voit la r\u00e9alisation de 130 forages \u00e0 gros d\u00e9bit et de stations de pompage pour un d\u00e9bit cumul\u00e9 de 3100 m\u00e8tres cube par heure; la construction de 1440 bornes fontaines et de 40ch\u00e2teaux d\u2019eau d\u2019un volume cumul\u00e9 de 14650 m\u00e8tres cube, la fourniture et poss\u00e8de 2200 kilom\u00e8tres de r\u00e9seaux(refoulement et distribution)et de 2000 kilom\u00e8tres de canalisations pour le raccordement de 20000 m\u00e9nages. Hormis cela, ce projet apportera des appuis aux r\u00e9formes du secteur de l\u2019eau, \u00e0 la mise en place d\u2019associations des consommateurs d\u2019eau potable. Il contribuera \u00e9galement au renforcement de capacit\u00e9s des intervenants dans ce projet qui devrait b\u00e9n\u00e9ficier aux populations rurales de dix d\u00e9partements du B\u00e9nin sur un total de 11 d\u00e9partements du pays.<\/p>\n\n\n\n<p>\u00c0 en croire Robert Masumbuko, responsable pays de la BAD au B\u00e9nin, cette seconde intervention de la banque t\u00e9moigne \u00e0 nouveau du d\u00e9sir de cette derni\u00e8re \u00e0 accompagner le gouvernement dans son PAG. \u00abCe projet est la seconde intervention de la Banque en milieu rural b\u00e9ninois dans le secteur de l\u2019eau potable. La premi\u00e8re ayant \u00e9t\u00e9 achev\u00e9e en 2012.A travers cette op\u00e9ration, le Groupe de la Banque r\u00e9affirme son engagement \u00e0 accompagner le gouvernement du B\u00e9nin dans la mise en \u0153uvre de son Plan d\u2019action gouvernemental 2021-2026 et notamment pour contribuer \u00e0 l&rsquo;acc\u00e8s universel \u00e0 l&rsquo;eau potable des populations rurales\u00bb, a-t-il d\u00e9clar\u00e9.<\/p>\n\n\n\n<p>Il urge de souligner que la contribution de la Banque africaine de d\u00e9veloppement \u00e0 ce projet est de 75,63 millions d\u2019euros et celle d&rsquo;Africa Growing Together Fund (AGTF), un fonds de cofinancement cr\u00e9\u00e9 par la Banque africaine de d\u00e9veloppement et la Banque populaire de Chine, est de 43 millions d\u2019euros.<\/p>\n\n\n\n<p><strong>Gildas AHOGNI<\/strong><\/p>\n","protected":false},"excerpt":{"rendered":"<p>Dans l&rsquo;optique d&rsquo;\u00e9largir la fourniture d&rsquo;eau potable en milieu rural, la Banque Africaine de D\u00e9veloppement (BAD) en partenariat avec Africa Growing Together Fund octroie un pr\u00eat de 118,63 millions d&rsquo;euros&hellip;<\/p>\n","protected":false},"author":5,"featured_media":9868,"comment_status":"open","ping_status":"open","sticky":false,"template":"","format":"standard","meta":{"content-type":"","om_disable_all_campaigns":false,"_monsterinsights_skip_tracking":false,"_monsterinsights_sitenote_active":false,"_monsterinsights_sitenote_note":"","_monsterinsights_sitenote_category":0,"_uf_show_specific_survey":0,"_uf_disable_surveys":false,"footnotes":""},"categories":[4],"tags":[],"class_list":["post-9867","post","type-post","status-publish","format-standard","has-post-thumbnail","hentry","category-economie"],"aioseo_notices":[],"yoast_head":"<!-- This site is optimized with the Yoast SEO plugin v27.5 - https:\/\/yoast.com\/product\/yoast-seo-wordpress\/ -->\n<title>Coop\u00e9ration\u00a0: Le B\u00e9nin re\u00e7oit un pr\u00eat de 118,63 millions d&#039;euros de la BAD - Le Patriote<\/title>\n<meta name=\"robots\" content=\"index, follow, max-snippet:-1, max-image-preview:large, max-video-preview:-1\" \/>\n<link rel=\"canonical\" href=\"https:\/\/lepatriotebenin.com\/index.php\/2024\/12\/19\/cooperation-le-benin-recoit-un-pret-de-11863-millions-deuros-de-la-bad\/\" \/>\n<meta property=\"og:locale\" content=\"fr_FR\" \/>\n<meta property=\"og:type\" content=\"article\" \/>\n<meta property=\"og:title\" content=\"Coop\u00e9ration\u00a0: Le B\u00e9nin re\u00e7oit un pr\u00eat de 118,63 millions d&#039;euros de la BAD - Le Patriote\" \/>\n<meta property=\"og:description\" content=\"Dans l&rsquo;optique d&rsquo;\u00e9largir la fourniture d&rsquo;eau potable en milieu rural, la Banque Africaine de D\u00e9veloppement (BAD) en partenariat avec Africa Growing Together Fund octroie un pr\u00eat de 118,63 millions d&rsquo;euros&hellip;\" \/>\n<meta property=\"og:url\" content=\"https:\/\/lepatriotebenin.com\/index.php\/2024\/12\/19\/cooperation-le-benin-recoit-un-pret-de-11863-millions-deuros-de-la-bad\/\" \/>\n<meta property=\"og:site_name\" content=\"Le Patriote\" \/>\n<meta property=\"article:published_time\" content=\"2024-12-19T00:00:46+00:00\" \/>\n<meta property=\"article:modified_time\" content=\"2024-12-19T00:00:47+00:00\" \/>\n<meta property=\"og:image\" content=\"https:\/\/lepatriotebenin.com\/wp-content\/uploads\/2024\/12\/1723041781289.jpg\" \/>\n\t<meta property=\"og:image:width\" content=\"1000\" \/>\n\t<meta property=\"og:image:height\" content=\"640\" \/>\n\t<meta property=\"og:image:type\" content=\"image\/jpeg\" \/>\n<meta name=\"author\" content=\"Redaction\" \/>\n<meta name=\"twitter:card\" content=\"summary_large_image\" \/>\n<meta name=\"twitter:label1\" content=\"\u00c9crit par\" \/>\n\t<meta name=\"twitter:data1\" content=\"Redaction\" \/>\n\t<meta name=\"twitter:label2\" content=\"Dur\u00e9e de lecture estim\u00e9e\" \/>\n\t<meta name=\"twitter:data2\" content=\"3 minutes\" \/>\n<script type=\"application\/ld+json\" class=\"yoast-schema-graph\">{\"@context\":\"https:\\\/\\\/schema.org\",\"@graph\":[{\"@type\":\"Article\",\"@id\":\"https:\\\/\\\/lepatriotebenin.com\\\/index.php\\\/2024\\\/12\\\/19\\\/cooperation-le-benin-recoit-un-pret-de-11863-millions-deuros-de-la-bad\\\/#article\",\"isPartOf\":{\"@id\":\"https:\\\/\\\/lepatriotebenin.com\\\/index.php\\\/2024\\\/12\\\/19\\\/cooperation-le-benin-recoit-un-pret-de-11863-millions-deuros-de-la-bad\\\/\"},\"author\":{\"name\":\"Redaction\",\"@id\":\"https:\\\/\\\/lepatriotebenin.com\\\/#\\\/schema\\\/person\\\/2e7709b9c9cc313e452d1136af61690f\"},\"headline\":\"Coop\u00e9ration\u00a0: Le B\u00e9nin re\u00e7oit un pr\u00eat de 118,63 millions d&rsquo;euros de la BAD\",\"datePublished\":\"2024-12-19T00:00:46+00:00\",\"dateModified\":\"2024-12-19T00:00:47+00:00\",\"mainEntityOfPage\":{\"@id\":\"https:\\\/\\\/lepatriotebenin.com\\\/index.php\\\/2024\\\/12\\\/19\\\/cooperation-le-benin-recoit-un-pret-de-11863-millions-deuros-de-la-bad\\\/\"},\"wordCount\":491,\"commentCount\":0,\"image\":{\"@id\":\"https:\\\/\\\/lepatriotebenin.com\\\/index.php\\\/2024\\\/12\\\/19\\\/cooperation-le-benin-recoit-un-pret-de-11863-millions-deuros-de-la-bad\\\/#primaryimage\"},\"thumbnailUrl\":\"https:\\\/\\\/lepatriotebenin.com\\\/wp-content\\\/uploads\\\/2024\\\/12\\\/1723041781289.jpg\",\"articleSection\":[\"Economie\"],\"inLanguage\":\"fr-FR\",\"potentialAction\":[{\"@type\":\"CommentAction\",\"name\":\"Comment\",\"target\":[\"https:\\\/\\\/lepatriotebenin.com\\\/index.php\\\/2024\\\/12\\\/19\\\/cooperation-le-benin-recoit-un-pret-de-11863-millions-deuros-de-la-bad\\\/#respond\"]}]},{\"@type\":\"WebPage\",\"@id\":\"https:\\\/\\\/lepatriotebenin.com\\\/index.php\\\/2024\\\/12\\\/19\\\/cooperation-le-benin-recoit-un-pret-de-11863-millions-deuros-de-la-bad\\\/\",\"url\":\"https:\\\/\\\/lepatriotebenin.com\\\/index.php\\\/2024\\\/12\\\/19\\\/cooperation-le-benin-recoit-un-pret-de-11863-millions-deuros-de-la-bad\\\/\",\"name\":\"Coop\u00e9ration\u00a0: Le B\u00e9nin re\u00e7oit un pr\u00eat de 118,63 millions d'euros de la BAD - Le Patriote\",\"isPartOf\":{\"@id\":\"https:\\\/\\\/lepatriotebenin.com\\\/#website\"},\"primaryImageOfPage\":{\"@id\":\"https:\\\/\\\/lepatriotebenin.com\\\/index.php\\\/2024\\\/12\\\/19\\\/cooperation-le-benin-recoit-un-pret-de-11863-millions-deuros-de-la-bad\\\/#primaryimage\"},\"image\":{\"@id\":\"https:\\\/\\\/lepatriotebenin.com\\\/index.php\\\/2024\\\/12\\\/19\\\/cooperation-le-benin-recoit-un-pret-de-11863-millions-deuros-de-la-bad\\\/#primaryimage\"},\"thumbnailUrl\":\"https:\\\/\\\/lepatriotebenin.com\\\/wp-content\\\/uploads\\\/2024\\\/12\\\/1723041781289.jpg\",\"datePublished\":\"2024-12-19T00:00:46+00:00\",\"dateModified\":\"2024-12-19T00:00:47+00:00\",\"author\":{\"@id\":\"https:\\\/\\\/lepatriotebenin.com\\\/#\\\/schema\\\/person\\\/2e7709b9c9cc313e452d1136af61690f\"},\"breadcrumb\":{\"@id\":\"https:\\\/\\\/lepatriotebenin.com\\\/index.php\\\/2024\\\/12\\\/19\\\/cooperation-le-benin-recoit-un-pret-de-11863-millions-deuros-de-la-bad\\\/#breadcrumb\"},\"inLanguage\":\"fr-FR\",\"potentialAction\":[{\"@type\":\"ReadAction\",\"target\":[\"https:\\\/\\\/lepatriotebenin.com\\\/index.php\\\/2024\\\/12\\\/19\\\/cooperation-le-benin-recoit-un-pret-de-11863-millions-deuros-de-la-bad\\\/\"]}]},{\"@type\":\"ImageObject\",\"inLanguage\":\"fr-FR\",\"@id\":\"https:\\\/\\\/lepatriotebenin.com\\\/index.php\\\/2024\\\/12\\\/19\\\/cooperation-le-benin-recoit-un-pret-de-11863-millions-deuros-de-la-bad\\\/#primaryimage\",\"url\":\"https:\\\/\\\/lepatriotebenin.com\\\/wp-content\\\/uploads\\\/2024\\\/12\\\/1723041781289.jpg\",\"contentUrl\":\"https:\\\/\\\/lepatriotebenin.com\\\/wp-content\\\/uploads\\\/2024\\\/12\\\/1723041781289.jpg\",\"width\":1000,\"height\":640},{\"@type\":\"BreadcrumbList\",\"@id\":\"https:\\\/\\\/lepatriotebenin.com\\\/index.php\\\/2024\\\/12\\\/19\\\/cooperation-le-benin-recoit-un-pret-de-11863-millions-deuros-de-la-bad\\\/#breadcrumb\",\"itemListElement\":[{\"@type\":\"ListItem\",\"position\":1,\"name\":\"Accueil\",\"item\":\"https:\\\/\\\/lepatriotebenin.com\\\/\"},{\"@type\":\"ListItem\",\"position\":2,\"name\":\"Coop\u00e9ration\u00a0: Le B\u00e9nin re\u00e7oit un pr\u00eat de 118,63 millions d&rsquo;euros de la BAD\"}]},{\"@type\":\"WebSite\",\"@id\":\"https:\\\/\\\/lepatriotebenin.com\\\/#website\",\"url\":\"https:\\\/\\\/lepatriotebenin.com\\\/\",\"name\":\"Le Patriote\",\"description\":\"Le Patriote B\u00e9nin\",\"potentialAction\":[{\"@type\":\"SearchAction\",\"target\":{\"@type\":\"EntryPoint\",\"urlTemplate\":\"https:\\\/\\\/lepatriotebenin.com\\\/?s={search_term_string}\"},\"query-input\":{\"@type\":\"PropertyValueSpecification\",\"valueRequired\":true,\"valueName\":\"search_term_string\"}}],\"inLanguage\":\"fr-FR\"},{\"@type\":\"Person\",\"@id\":\"https:\\\/\\\/lepatriotebenin.com\\\/#\\\/schema\\\/person\\\/2e7709b9c9cc313e452d1136af61690f\",\"name\":\"Redaction\",\"image\":{\"@type\":\"ImageObject\",\"inLanguage\":\"fr-FR\",\"@id\":\"https:\\\/\\\/secure.gravatar.com\\\/avatar\\\/c4c509357859ea2ca2cbb6d8812898a73e4ef1ef9934c2e591d7e32face734d1?s=96&d=mm&r=g\",\"url\":\"https:\\\/\\\/secure.gravatar.com\\\/avatar\\\/c4c509357859ea2ca2cbb6d8812898a73e4ef1ef9934c2e591d7e32face734d1?s=96&d=mm&r=g\",\"contentUrl\":\"https:\\\/\\\/secure.gravatar.com\\\/avatar\\\/c4c509357859ea2ca2cbb6d8812898a73e4ef1ef9934c2e591d7e32face734d1?s=96&d=mm&r=g\",\"caption\":\"Redaction\"},\"url\":\"https:\\\/\\\/lepatriotebenin.com\"}]}<\/script>\n<!-- \/ Yoast SEO plugin. -->","yoast_head_json":{"title":"Coop\u00e9ration\u00a0: Le B\u00e9nin re\u00e7oit un pr\u00eat de 118,63 millions d'euros de la BAD - Le Patriote","robots":{"index":"index","follow":"follow","max-snippet":"max-snippet:-1","max-image-preview":"max-image-preview:large","max-video-preview":"max-video-preview:-1"},"canonical":"https:\/\/lepatriotebenin.com\/index.php\/2024\/12\/19\/cooperation-le-benin-recoit-un-pret-de-11863-millions-deuros-de-la-bad\/","og_locale":"fr_FR","og_type":"article","og_title":"Coop\u00e9ration\u00a0: Le B\u00e9nin re\u00e7oit un pr\u00eat de 118,63 millions d'euros de la BAD - Le Patriote","og_description":"Dans l&rsquo;optique d&rsquo;\u00e9largir la fourniture d&rsquo;eau potable en milieu rural, la Banque Africaine de D\u00e9veloppement (BAD) en partenariat avec Africa Growing Together Fund octroie un pr\u00eat de 118,63 millions d&rsquo;euros&hellip;","og_url":"https:\/\/lepatriotebenin.com\/index.php\/2024\/12\/19\/cooperation-le-benin-recoit-un-pret-de-11863-millions-deuros-de-la-bad\/","og_site_name":"Le Patriote","article_published_time":"2024-12-19T00:00:46+00:00","article_modified_time":"2024-12-19T00:00:47+00:00","og_image":[{"width":1000,"height":640,"url":"https:\/\/lepatriotebenin.com\/wp-content\/uploads\/2024\/12\/1723041781289.jpg","type":"image\/jpeg"}],"author":"Redaction","twitter_card":"summary_large_image","twitter_misc":{"\u00c9crit par":"Redaction","Dur\u00e9e de lecture estim\u00e9e":"3 minutes"},"schema":{"@context":"https:\/\/schema.org","@graph":[{"@type":"Article","@id":"https:\/\/lepatriotebenin.com\/index.php\/2024\/12\/19\/cooperation-le-benin-recoit-un-pret-de-11863-millions-deuros-de-la-bad\/#article","isPartOf":{"@id":"https:\/\/lepatriotebenin.com\/index.php\/2024\/12\/19\/cooperation-le-benin-recoit-un-pret-de-11863-millions-deuros-de-la-bad\/"},"author":{"name":"Redaction","@id":"https:\/\/lepatriotebenin.com\/#\/schema\/person\/2e7709b9c9cc313e452d1136af61690f"},"headline":"Coop\u00e9ration\u00a0: Le B\u00e9nin re\u00e7oit un pr\u00eat de 118,63 millions d&rsquo;euros de la BAD","datePublished":"2024-12-19T00:00:46+00:00","dateModified":"2024-12-19T00:00:47+00:00","mainEntityOfPage":{"@id":"https:\/\/lepatriotebenin.com\/index.php\/2024\/12\/19\/cooperation-le-benin-recoit-un-pret-de-11863-millions-deuros-de-la-bad\/"},"wordCount":491,"commentCount":0,"image":{"@id":"https:\/\/lepatriotebenin.com\/index.php\/2024\/12\/19\/cooperation-le-benin-recoit-un-pret-de-11863-millions-deuros-de-la-bad\/#primaryimage"},"thumbnailUrl":"https:\/\/lepatriotebenin.com\/wp-content\/uploads\/2024\/12\/1723041781289.jpg","articleSection":["Economie"],"inLanguage":"fr-FR","potentialAction":[{"@type":"CommentAction","name":"Comment","target":["https:\/\/lepatriotebenin.com\/index.php\/2024\/12\/19\/cooperation-le-benin-recoit-un-pret-de-11863-millions-deuros-de-la-bad\/#respond"]}]},{"@type":"WebPage","@id":"https:\/\/lepatriotebenin.com\/index.php\/2024\/12\/19\/cooperation-le-benin-recoit-un-pret-de-11863-millions-deuros-de-la-bad\/","url":"https:\/\/lepatriotebenin.com\/index.php\/2024\/12\/19\/cooperation-le-benin-recoit-un-pret-de-11863-millions-deuros-de-la-bad\/","name":"Coop\u00e9ration\u00a0: Le B\u00e9nin re\u00e7oit un pr\u00eat de 118,63 millions d'euros de la BAD - Le Patriote","isPartOf":{"@id":"https:\/\/lepatriotebenin.com\/#website"},"primaryImageOfPage":{"@id":"https:\/\/lepatriotebenin.com\/index.php\/2024\/12\/19\/cooperation-le-benin-recoit-un-pret-de-11863-millions-deuros-de-la-bad\/#primaryimage"},"image":{"@id":"https:\/\/lepatriotebenin.com\/index.php\/2024\/12\/19\/cooperation-le-benin-recoit-un-pret-de-11863-millions-deuros-de-la-bad\/#primaryimage"},"thumbnailUrl":"https:\/\/lepatriotebenin.com\/wp-content\/uploads\/2024\/12\/1723041781289.jpg","datePublished":"2024-12-19T00:00:46+00:00","dateModified":"2024-12-19T00:00:47+00:00","author":{"@id":"https:\/\/lepatriotebenin.com\/#\/schema\/person\/2e7709b9c9cc313e452d1136af61690f"},"breadcrumb":{"@id":"https:\/\/lepatriotebenin.com\/index.php\/2024\/12\/19\/cooperation-le-benin-recoit-un-pret-de-11863-millions-deuros-de-la-bad\/#breadcrumb"},"inLanguage":"fr-FR","potentialAction":[{"@type":"ReadAction","target":["https:\/\/lepatriotebenin.com\/index.php\/2024\/12\/19\/cooperation-le-benin-recoit-un-pret-de-11863-millions-deuros-de-la-bad\/"]}]},{"@type":"ImageObject","inLanguage":"fr-FR","@id":"https:\/\/lepatriotebenin.com\/index.php\/2024\/12\/19\/cooperation-le-benin-recoit-un-pret-de-11863-millions-deuros-de-la-bad\/#primaryimage","url":"https:\/\/lepatriotebenin.com\/wp-content\/uploads\/2024\/12\/1723041781289.jpg","contentUrl":"https:\/\/lepatriotebenin.com\/wp-content\/uploads\/2024\/12\/1723041781289.jpg","width":1000,"height":640},{"@type":"BreadcrumbList","@id":"https:\/\/lepatriotebenin.com\/index.php\/2024\/12\/19\/cooperation-le-benin-recoit-un-pret-de-11863-millions-deuros-de-la-bad\/#breadcrumb","itemListElement":[{"@type":"ListItem","position":1,"name":"Accueil","item":"https:\/\/lepatriotebenin.com\/"},{"@type":"ListItem","position":2,"name":"Coop\u00e9ration\u00a0: Le B\u00e9nin re\u00e7oit un pr\u00eat de 118,63 millions d&rsquo;euros de la BAD"}]},{"@type":"WebSite","@id":"https:\/\/lepatriotebenin.com\/#website","url":"https:\/\/lepatriotebenin.com\/","name":"Le Patriote","description":"Le Patriote B\u00e9nin","potentialAction":[{"@type":"SearchAction","target":{"@type":"EntryPoint","urlTemplate":"https:\/\/lepatriotebenin.com\/?s={search_term_string}"},"query-input":{"@type":"PropertyValueSpecification","valueRequired":true,"valueName":"search_term_string"}}],"inLanguage":"fr-FR"},{"@type":"Person","@id":"https:\/\/lepatriotebenin.com\/#\/schema\/person\/2e7709b9c9cc313e452d1136af61690f","name":"Redaction","image":{"@type":"ImageObject","inLanguage":"fr-FR","@id":"https:\/\/secure.gravatar.com\/avatar\/c4c509357859ea2ca2cbb6d8812898a73e4ef1ef9934c2e591d7e32face734d1?s=96&d=mm&r=g","url":"https:\/\/secure.gravatar.com\/avatar\/c4c509357859ea2ca2cbb6d8812898a73e4ef1ef9934c2e591d7e32face734d1?s=96&d=mm&r=g","contentUrl":"https:\/\/secure.gravatar.com\/avatar\/c4c509357859ea2ca2cbb6d8812898a73e4ef1ef9934c2e591d7e32face734d1?s=96&d=mm&r=g","caption":"Redaction"},"url":"https:\/\/lepatriotebenin.com"}]}},"_links":{"self":[{"href":"https:\/\/lepatriotebenin.com\/index.php\/wp-json\/wp\/v2\/posts\/9867","targetHints":{"allow":["GET"]}}],"collection":[{"href":"https:\/\/lepatriotebenin.com\/index.php\/wp-json\/wp\/v2\/posts"}],"about":[{"href":"https:\/\/lepatriotebenin.com\/index.php\/wp-json\/wp\/v2\/types\/post"}],"author":[{"embeddable":true,"href":"https:\/\/lepatriotebenin.com\/index.php\/wp-json\/wp\/v2\/users\/5"}],"replies":[{"embeddable":true,"href":"https:\/\/lepatriotebenin.com\/index.php\/wp-json\/wp\/v2\/comments?post=9867"}],"version-history":[{"count":1,"href":"https:\/\/lepatriotebenin.com\/index.php\/wp-json\/wp\/v2\/posts\/9867\/revisions"}],"predecessor-version":[{"id":9869,"href":"https:\/\/lepatriotebenin.com\/index.php\/wp-json\/wp\/v2\/posts\/9867\/revisions\/9869"}],"wp:featuredmedia":[{"embeddable":true,"href":"https:\/\/lepatriotebenin.com\/index.php\/wp-json\/wp\/v2\/media\/9868"}],"wp:attachment":[{"href":"https:\/\/lepatriotebenin.com\/index.php\/wp-json\/wp\/v2\/media?parent=9867"}],"wp:term":[{"taxonomy":"category","embeddable":true,"href":"https:\/\/lepatriotebenin.com\/index.php\/wp-json\/wp\/v2\/categories?post=9867"},{"taxonomy":"post_tag","embeddable":true,"href":"https:\/\/lepatriotebenin.com\/index.php\/wp-json\/wp\/v2\/tags?post=9867"}],"curies":[{"name":"wp","href":"https:\/\/api.w.org\/{rel}","templated":true}]}}