{"id":9849,"date":"2024-12-18T14:34:17","date_gmt":"2024-12-18T13:34:17","guid":{"rendered":"https:\/\/lepatriotebenin.com\/?p=9849"},"modified":"2024-12-18T14:34:18","modified_gmt":"2024-12-18T13:34:18","slug":"conseil-des-ministres-realisation-des-travaux-de-voirie-et-dassainissement-dans-7-communes","status":"publish","type":"post","link":"https:\/\/lepatriotebenin.com\/index.php\/2024\/12\/18\/conseil-des-ministres-realisation-des-travaux-de-voirie-et-dassainissement-dans-7-communes\/","title":{"rendered":"Conseil des ministres : R\u00e9alisation des travaux de voirie et d\u2019assainissement dans 7 communes \u00a0"},"content":{"rendered":"\n<p><strong>\u00a0( L \u2018int\u00e9gralit\u00e9 du conseil des ministres )<\/strong><\/p>\n\n\n\n<div data-wp-interactive=\"core\/file\" class=\"wp-block-file\"><object data-wp-bind--hidden=\"!state.hasPdfPreview\" hidden class=\"wp-block-file__embed\" data=\"https:\/\/lepatriotebenin.com\/wp-content\/uploads\/2024\/12\/compte-rendu-conseil-ministres-dec-2024-1-1.pdf\" type=\"application\/pdf\" style=\"width:100%;height:600px\" aria-label=\"Contenu embarqu\u00e9 compte-rendu-conseil-ministres-dec-2024-1-1.\"><\/object><a id=\"wp-block-file--media-10116699-3789-4aa3-b905-a7c96ad311bb\" href=\"https:\/\/lepatriotebenin.com\/wp-content\/uploads\/2024\/12\/compte-rendu-conseil-ministres-dec-2024-1-1.pdf\">compte-rendu-conseil-ministres-dec-2024-1-1<\/a><a href=\"https:\/\/lepatriotebenin.com\/wp-content\/uploads\/2024\/12\/compte-rendu-conseil-ministres-dec-2024-1-1.pdf\" class=\"wp-block-file__button wp-element-button\" download aria-describedby=\"wp-block-file--media-10116699-3789-4aa3-b905-a7c96ad311bb\">T\u00e9l\u00e9charger<\/a><\/div>\n","protected":false},"excerpt":{"rendered":"<p>\u00a0( L \u2018int\u00e9gralit\u00e9 du conseil des ministres )<\/p>\n","protected":false},"author":6,"featured_media":8079,"comment_status":"open","ping_status":"open","sticky":false,"template":"","format":"standard","meta":{"content-type":"","om_disable_all_campaigns":false,"_monsterinsights_skip_tracking":false,"_monsterinsights_sitenote_active":false,"_monsterinsights_sitenote_note":"","_monsterinsights_sitenote_category":0,"_uf_show_specific_survey":0,"_uf_disable_surveys":false,"footnotes":""},"categories":[26],"tags":[],"class_list":["post-9849","post","type-post","status-publish","format-standard","has-post-thumbnail","hentry","category-politique"],"aioseo_notices":[],"yoast_head":"<!-- This site is optimized with the Yoast SEO plugin v27.5 - https:\/\/yoast.com\/product\/yoast-seo-wordpress\/ -->\n<title>Conseil des ministres : R\u00e9alisation des travaux de voirie et d\u2019assainissement dans 7 communes \u00a0 - Le Patriote<\/title>\n<meta name=\"robots\" content=\"index, follow, max-snippet:-1, max-image-preview:large, max-video-preview:-1\" \/>\n<link rel=\"canonical\" href=\"https:\/\/lepatriotebenin.com\/index.php\/2024\/12\/18\/conseil-des-ministres-realisation-des-travaux-de-voirie-et-dassainissement-dans-7-communes\/\" \/>\n<meta property=\"og:locale\" content=\"fr_FR\" \/>\n<meta property=\"og:type\" content=\"article\" \/>\n<meta property=\"og:title\" content=\"Conseil des ministres : R\u00e9alisation des travaux de voirie et d\u2019assainissement dans 7 communes \u00a0 - Le Patriote\" \/>\n<meta property=\"og:description\" content=\"\u00a0( L \u2018int\u00e9gralit\u00e9 du conseil des ministres )\" \/>\n<meta property=\"og:url\" content=\"https:\/\/lepatriotebenin.com\/index.php\/2024\/12\/18\/conseil-des-ministres-realisation-des-travaux-de-voirie-et-dassainissement-dans-7-communes\/\" \/>\n<meta property=\"og:site_name\" content=\"Le Patriote\" \/>\n<meta property=\"article:published_time\" content=\"2024-12-18T13:34:17+00:00\" \/>\n<meta property=\"article:modified_time\" content=\"2024-12-18T13:34:18+00:00\" \/>\n<meta property=\"og:image\" content=\"https:\/\/lepatriotebenin.com\/wp-content\/uploads\/2024\/09\/images-1.jpeg\" \/>\n\t<meta property=\"og:image:width\" content=\"365\" \/>\n\t<meta property=\"og:image:height\" content=\"138\" \/>\n\t<meta property=\"og:image:type\" content=\"image\/jpeg\" \/>\n<meta name=\"author\" content=\"Roland AFFANOU\" \/>\n<meta name=\"twitter:card\" content=\"summary_large_image\" \/>\n<meta name=\"twitter:label1\" content=\"\u00c9crit par\" \/>\n\t<meta name=\"twitter:data1\" content=\"Roland AFFANOU\" \/>\n\t<meta name=\"twitter:label2\" content=\"Dur\u00e9e de lecture estim\u00e9e\" \/>\n\t<meta name=\"twitter:data2\" content=\"1 minute\" \/>\n<script type=\"application\/ld+json\" class=\"yoast-schema-graph\">{\"@context\":\"https:\\\/\\\/schema.org\",\"@graph\":[{\"@type\":\"Article\",\"@id\":\"https:\\\/\\\/lepatriotebenin.com\\\/index.php\\\/2024\\\/12\\\/18\\\/conseil-des-ministres-realisation-des-travaux-de-voirie-et-dassainissement-dans-7-communes\\\/#article\",\"isPartOf\":{\"@id\":\"https:\\\/\\\/lepatriotebenin.com\\\/index.php\\\/2024\\\/12\\\/18\\\/conseil-des-ministres-realisation-des-travaux-de-voirie-et-dassainissement-dans-7-communes\\\/\"},\"author\":{\"name\":\"Roland AFFANOU\",\"@id\":\"https:\\\/\\\/lepatriotebenin.com\\\/#\\\/schema\\\/person\\\/4a9b67216c97d04045e01405c534c91f\"},\"headline\":\"Conseil des ministres : R\u00e9alisation des travaux de voirie et d\u2019assainissement dans 7 communes \u00a0\",\"datePublished\":\"2024-12-18T13:34:17+00:00\",\"dateModified\":\"2024-12-18T13:34:18+00:00\",\"mainEntityOfPage\":{\"@id\":\"https:\\\/\\\/lepatriotebenin.com\\\/index.php\\\/2024\\\/12\\\/18\\\/conseil-des-ministres-realisation-des-travaux-de-voirie-et-dassainissement-dans-7-communes\\\/\"},\"wordCount\":27,\"commentCount\":0,\"image\":{\"@id\":\"https:\\\/\\\/lepatriotebenin.com\\\/index.php\\\/2024\\\/12\\\/18\\\/conseil-des-ministres-realisation-des-travaux-de-voirie-et-dassainissement-dans-7-communes\\\/#primaryimage\"},\"thumbnailUrl\":\"https:\\\/\\\/lepatriotebenin.com\\\/wp-content\\\/uploads\\\/2024\\\/09\\\/images-1.jpeg\",\"articleSection\":[\"Politique\"],\"inLanguage\":\"fr-FR\",\"potentialAction\":[{\"@type\":\"CommentAction\",\"name\":\"Comment\",\"target\":[\"https:\\\/\\\/lepatriotebenin.com\\\/index.php\\\/2024\\\/12\\\/18\\\/conseil-des-ministres-realisation-des-travaux-de-voirie-et-dassainissement-dans-7-communes\\\/#respond\"]}]},{\"@type\":\"WebPage\",\"@id\":\"https:\\\/\\\/lepatriotebenin.com\\\/index.php\\\/2024\\\/12\\\/18\\\/conseil-des-ministres-realisation-des-travaux-de-voirie-et-dassainissement-dans-7-communes\\\/\",\"url\":\"https:\\\/\\\/lepatriotebenin.com\\\/index.php\\\/2024\\\/12\\\/18\\\/conseil-des-ministres-realisation-des-travaux-de-voirie-et-dassainissement-dans-7-communes\\\/\",\"name\":\"Conseil des ministres : R\u00e9alisation des travaux de voirie et d\u2019assainissement dans 7 communes \u00a0 - Le Patriote\",\"isPartOf\":{\"@id\":\"https:\\\/\\\/lepatriotebenin.com\\\/#website\"},\"primaryImageOfPage\":{\"@id\":\"https:\\\/\\\/lepatriotebenin.com\\\/index.php\\\/2024\\\/12\\\/18\\\/conseil-des-ministres-realisation-des-travaux-de-voirie-et-dassainissement-dans-7-communes\\\/#primaryimage\"},\"image\":{\"@id\":\"https:\\\/\\\/lepatriotebenin.com\\\/index.php\\\/2024\\\/12\\\/18\\\/conseil-des-ministres-realisation-des-travaux-de-voirie-et-dassainissement-dans-7-communes\\\/#primaryimage\"},\"thumbnailUrl\":\"https:\\\/\\\/lepatriotebenin.com\\\/wp-content\\\/uploads\\\/2024\\\/09\\\/images-1.jpeg\",\"datePublished\":\"2024-12-18T13:34:17+00:00\",\"dateModified\":\"2024-12-18T13:34:18+00:00\",\"author\":{\"@id\":\"https:\\\/\\\/lepatriotebenin.com\\\/#\\\/schema\\\/person\\\/4a9b67216c97d04045e01405c534c91f\"},\"breadcrumb\":{\"@id\":\"https:\\\/\\\/lepatriotebenin.com\\\/index.php\\\/2024\\\/12\\\/18\\\/conseil-des-ministres-realisation-des-travaux-de-voirie-et-dassainissement-dans-7-communes\\\/#breadcrumb\"},\"inLanguage\":\"fr-FR\",\"potentialAction\":[{\"@type\":\"ReadAction\",\"target\":[\"https:\\\/\\\/lepatriotebenin.com\\\/index.php\\\/2024\\\/12\\\/18\\\/conseil-des-ministres-realisation-des-travaux-de-voirie-et-dassainissement-dans-7-communes\\\/\"]}]},{\"@type\":\"ImageObject\",\"inLanguage\":\"fr-FR\",\"@id\":\"https:\\\/\\\/lepatriotebenin.com\\\/index.php\\\/2024\\\/12\\\/18\\\/conseil-des-ministres-realisation-des-travaux-de-voirie-et-dassainissement-dans-7-communes\\\/#primaryimage\",\"url\":\"https:\\\/\\\/lepatriotebenin.com\\\/wp-content\\\/uploads\\\/2024\\\/09\\\/images-1.jpeg\",\"contentUrl\":\"https:\\\/\\\/lepatriotebenin.com\\\/wp-content\\\/uploads\\\/2024\\\/09\\\/images-1.jpeg\",\"width\":365,\"height\":138},{\"@type\":\"BreadcrumbList\",\"@id\":\"https:\\\/\\\/lepatriotebenin.com\\\/index.php\\\/2024\\\/12\\\/18\\\/conseil-des-ministres-realisation-des-travaux-de-voirie-et-dassainissement-dans-7-communes\\\/#breadcrumb\",\"itemListElement\":[{\"@type\":\"ListItem\",\"position\":1,\"name\":\"Accueil\",\"item\":\"https:\\\/\\\/lepatriotebenin.com\\\/\"},{\"@type\":\"ListItem\",\"position\":2,\"name\":\"Conseil des ministres : R\u00e9alisation des travaux de voirie et d\u2019assainissement dans 7 communes \u00a0\"}]},{\"@type\":\"WebSite\",\"@id\":\"https:\\\/\\\/lepatriotebenin.com\\\/#website\",\"url\":\"https:\\\/\\\/lepatriotebenin.com\\\/\",\"name\":\"Le Patriote\",\"description\":\"Le Patriote B\u00e9nin\",\"potentialAction\":[{\"@type\":\"SearchAction\",\"target\":{\"@type\":\"EntryPoint\",\"urlTemplate\":\"https:\\\/\\\/lepatriotebenin.com\\\/?s={search_term_string}\"},\"query-input\":{\"@type\":\"PropertyValueSpecification\",\"valueRequired\":true,\"valueName\":\"search_term_string\"}}],\"inLanguage\":\"fr-FR\"},{\"@type\":\"Person\",\"@id\":\"https:\\\/\\\/lepatriotebenin.com\\\/#\\\/schema\\\/person\\\/4a9b67216c97d04045e01405c534c91f\",\"name\":\"Roland AFFANOU\",\"image\":{\"@type\":\"ImageObject\",\"inLanguage\":\"fr-FR\",\"@id\":\"https:\\\/\\\/secure.gravatar.com\\\/avatar\\\/7209d3f6d2d47ea4d0c67e14d3effb61feb10ae540a4381280c66265de5bd643?s=96&d=mm&r=g\",\"url\":\"https:\\\/\\\/secure.gravatar.com\\\/avatar\\\/7209d3f6d2d47ea4d0c67e14d3effb61feb10ae540a4381280c66265de5bd643?s=96&d=mm&r=g\",\"contentUrl\":\"https:\\\/\\\/secure.gravatar.com\\\/avatar\\\/7209d3f6d2d47ea4d0c67e14d3effb61feb10ae540a4381280c66265de5bd643?s=96&d=mm&r=g\",\"caption\":\"Roland AFFANOU\"},\"url\":\"https:\\\/\\\/lepatriotebenin.com\"}]}<\/script>\n<!-- \/ Yoast SEO plugin. -->","yoast_head_json":{"title":"Conseil des ministres : R\u00e9alisation des travaux de voirie et d\u2019assainissement dans 7 communes \u00a0 - Le Patriote","robots":{"index":"index","follow":"follow","max-snippet":"max-snippet:-1","max-image-preview":"max-image-preview:large","max-video-preview":"max-video-preview:-1"},"canonical":"https:\/\/lepatriotebenin.com\/index.php\/2024\/12\/18\/conseil-des-ministres-realisation-des-travaux-de-voirie-et-dassainissement-dans-7-communes\/","og_locale":"fr_FR","og_type":"article","og_title":"Conseil des ministres : R\u00e9alisation des travaux de voirie et d\u2019assainissement dans 7 communes \u00a0 - Le Patriote","og_description":"\u00a0( L \u2018int\u00e9gralit\u00e9 du conseil des ministres )","og_url":"https:\/\/lepatriotebenin.com\/index.php\/2024\/12\/18\/conseil-des-ministres-realisation-des-travaux-de-voirie-et-dassainissement-dans-7-communes\/","og_site_name":"Le Patriote","article_published_time":"2024-12-18T13:34:17+00:00","article_modified_time":"2024-12-18T13:34:18+00:00","og_image":[{"width":365,"height":138,"url":"https:\/\/lepatriotebenin.com\/wp-content\/uploads\/2024\/09\/images-1.jpeg","type":"image\/jpeg"}],"author":"Roland AFFANOU","twitter_card":"summary_large_image","twitter_misc":{"\u00c9crit par":"Roland AFFANOU","Dur\u00e9e de lecture estim\u00e9e":"1 minute"},"schema":{"@context":"https:\/\/schema.org","@graph":[{"@type":"Article","@id":"https:\/\/lepatriotebenin.com\/index.php\/2024\/12\/18\/conseil-des-ministres-realisation-des-travaux-de-voirie-et-dassainissement-dans-7-communes\/#article","isPartOf":{"@id":"https:\/\/lepatriotebenin.com\/index.php\/2024\/12\/18\/conseil-des-ministres-realisation-des-travaux-de-voirie-et-dassainissement-dans-7-communes\/"},"author":{"name":"Roland AFFANOU","@id":"https:\/\/lepatriotebenin.com\/#\/schema\/person\/4a9b67216c97d04045e01405c534c91f"},"headline":"Conseil des ministres : R\u00e9alisation des travaux de voirie et d\u2019assainissement dans 7 communes \u00a0","datePublished":"2024-12-18T13:34:17+00:00","dateModified":"2024-12-18T13:34:18+00:00","mainEntityOfPage":{"@id":"https:\/\/lepatriotebenin.com\/index.php\/2024\/12\/18\/conseil-des-ministres-realisation-des-travaux-de-voirie-et-dassainissement-dans-7-communes\/"},"wordCount":27,"commentCount":0,"image":{"@id":"https:\/\/lepatriotebenin.com\/index.php\/2024\/12\/18\/conseil-des-ministres-realisation-des-travaux-de-voirie-et-dassainissement-dans-7-communes\/#primaryimage"},"thumbnailUrl":"https:\/\/lepatriotebenin.com\/wp-content\/uploads\/2024\/09\/images-1.jpeg","articleSection":["Politique"],"inLanguage":"fr-FR","potentialAction":[{"@type":"CommentAction","name":"Comment","target":["https:\/\/lepatriotebenin.com\/index.php\/2024\/12\/18\/conseil-des-ministres-realisation-des-travaux-de-voirie-et-dassainissement-dans-7-communes\/#respond"]}]},{"@type":"WebPage","@id":"https:\/\/lepatriotebenin.com\/index.php\/2024\/12\/18\/conseil-des-ministres-realisation-des-travaux-de-voirie-et-dassainissement-dans-7-communes\/","url":"https:\/\/lepatriotebenin.com\/index.php\/2024\/12\/18\/conseil-des-ministres-realisation-des-travaux-de-voirie-et-dassainissement-dans-7-communes\/","name":"Conseil des ministres : R\u00e9alisation des travaux de voirie et d\u2019assainissement dans 7 communes \u00a0 - Le Patriote","isPartOf":{"@id":"https:\/\/lepatriotebenin.com\/#website"},"primaryImageOfPage":{"@id":"https:\/\/lepatriotebenin.com\/index.php\/2024\/12\/18\/conseil-des-ministres-realisation-des-travaux-de-voirie-et-dassainissement-dans-7-communes\/#primaryimage"},"image":{"@id":"https:\/\/lepatriotebenin.com\/index.php\/2024\/12\/18\/conseil-des-ministres-realisation-des-travaux-de-voirie-et-dassainissement-dans-7-communes\/#primaryimage"},"thumbnailUrl":"https:\/\/lepatriotebenin.com\/wp-content\/uploads\/2024\/09\/images-1.jpeg","datePublished":"2024-12-18T13:34:17+00:00","dateModified":"2024-12-18T13:34:18+00:00","author":{"@id":"https:\/\/lepatriotebenin.com\/#\/schema\/person\/4a9b67216c97d04045e01405c534c91f"},"breadcrumb":{"@id":"https:\/\/lepatriotebenin.com\/index.php\/2024\/12\/18\/conseil-des-ministres-realisation-des-travaux-de-voirie-et-dassainissement-dans-7-communes\/#breadcrumb"},"inLanguage":"fr-FR","potentialAction":[{"@type":"ReadAction","target":["https:\/\/lepatriotebenin.com\/index.php\/2024\/12\/18\/conseil-des-ministres-realisation-des-travaux-de-voirie-et-dassainissement-dans-7-communes\/"]}]},{"@type":"ImageObject","inLanguage":"fr-FR","@id":"https:\/\/lepatriotebenin.com\/index.php\/2024\/12\/18\/conseil-des-ministres-realisation-des-travaux-de-voirie-et-dassainissement-dans-7-communes\/#primaryimage","url":"https:\/\/lepatriotebenin.com\/wp-content\/uploads\/2024\/09\/images-1.jpeg","contentUrl":"https:\/\/lepatriotebenin.com\/wp-content\/uploads\/2024\/09\/images-1.jpeg","width":365,"height":138},{"@type":"BreadcrumbList","@id":"https:\/\/lepatriotebenin.com\/index.php\/2024\/12\/18\/conseil-des-ministres-realisation-des-travaux-de-voirie-et-dassainissement-dans-7-communes\/#breadcrumb","itemListElement":[{"@type":"ListItem","position":1,"name":"Accueil","item":"https:\/\/lepatriotebenin.com\/"},{"@type":"ListItem","position":2,"name":"Conseil des ministres : R\u00e9alisation des travaux de voirie et d\u2019assainissement dans 7 communes \u00a0"}]},{"@type":"WebSite","@id":"https:\/\/lepatriotebenin.com\/#website","url":"https:\/\/lepatriotebenin.com\/","name":"Le Patriote","description":"Le Patriote B\u00e9nin","potentialAction":[{"@type":"SearchAction","target":{"@type":"EntryPoint","urlTemplate":"https:\/\/lepatriotebenin.com\/?s={search_term_string}"},"query-input":{"@type":"PropertyValueSpecification","valueRequired":true,"valueName":"search_term_string"}}],"inLanguage":"fr-FR"},{"@type":"Person","@id":"https:\/\/lepatriotebenin.com\/#\/schema\/person\/4a9b67216c97d04045e01405c534c91f","name":"Roland AFFANOU","image":{"@type":"ImageObject","inLanguage":"fr-FR","@id":"https:\/\/secure.gravatar.com\/avatar\/7209d3f6d2d47ea4d0c67e14d3effb61feb10ae540a4381280c66265de5bd643?s=96&d=mm&r=g","url":"https:\/\/secure.gravatar.com\/avatar\/7209d3f6d2d47ea4d0c67e14d3effb61feb10ae540a4381280c66265de5bd643?s=96&d=mm&r=g","contentUrl":"https:\/\/secure.gravatar.com\/avatar\/7209d3f6d2d47ea4d0c67e14d3effb61feb10ae540a4381280c66265de5bd643?s=96&d=mm&r=g","caption":"Roland AFFANOU"},"url":"https:\/\/lepatriotebenin.com"}]}},"_links":{"self":[{"href":"https:\/\/lepatriotebenin.com\/index.php\/wp-json\/wp\/v2\/posts\/9849","targetHints":{"allow":["GET"]}}],"collection":[{"href":"https:\/\/lepatriotebenin.com\/index.php\/wp-json\/wp\/v2\/posts"}],"about":[{"href":"https:\/\/lepatriotebenin.com\/index.php\/wp-json\/wp\/v2\/types\/post"}],"author":[{"embeddable":true,"href":"https:\/\/lepatriotebenin.com\/index.php\/wp-json\/wp\/v2\/users\/6"}],"replies":[{"embeddable":true,"href":"https:\/\/lepatriotebenin.com\/index.php\/wp-json\/wp\/v2\/comments?post=9849"}],"version-history":[{"count":1,"href":"https:\/\/lepatriotebenin.com\/index.php\/wp-json\/wp\/v2\/posts\/9849\/revisions"}],"predecessor-version":[{"id":9851,"href":"https:\/\/lepatriotebenin.com\/index.php\/wp-json\/wp\/v2\/posts\/9849\/revisions\/9851"}],"wp:featuredmedia":[{"embeddable":true,"href":"https:\/\/lepatriotebenin.com\/index.php\/wp-json\/wp\/v2\/media\/8079"}],"wp:attachment":[{"href":"https:\/\/lepatriotebenin.com\/index.php\/wp-json\/wp\/v2\/media?parent=9849"}],"wp:term":[{"taxonomy":"category","embeddable":true,"href":"https:\/\/lepatriotebenin.com\/index.php\/wp-json\/wp\/v2\/categories?post=9849"},{"taxonomy":"post_tag","embeddable":true,"href":"https:\/\/lepatriotebenin.com\/index.php\/wp-json\/wp\/v2\/tags?post=9849"}],"curies":[{"name":"wp","href":"https:\/\/api.w.org\/{rel}","templated":true}]}}