{"id":9847,"date":"2024-12-18T13:15:07","date_gmt":"2024-12-18T12:15:07","guid":{"rendered":"https:\/\/lepatriotebenin.com\/?p=9847"},"modified":"2024-12-18T13:15:10","modified_gmt":"2024-12-18T12:15:10","slug":"conseil-des-ministres-voici-les-nominations-dans-3-ministeres","status":"publish","type":"post","link":"https:\/\/lepatriotebenin.com\/index.php\/2024\/12\/18\/conseil-des-ministres-voici-les-nominations-dans-3-ministeres\/","title":{"rendered":"\u00a0Conseil des ministres \u00a0: Voici les nominations dans\u00a0 3 minist\u00e8res \u00a0"},"content":{"rendered":"\n<p>&nbsp; Les membres du gouvernement&nbsp; se sont r\u00e9unis&nbsp; ce <strong>mercredi 18 d\u00e9cembre&nbsp; 2024<\/strong>&nbsp; sous la pr\u00e9sidence de son&nbsp; excellence&nbsp; le pr\u00e9sident <strong>Patrice Talon<\/strong> . &nbsp;&nbsp;Des nominations ont \u00e9t\u00e9 faites dans 3&nbsp; minist\u00e8res .<\/p>\n\n\n\n<p>..\/ <strong>Au minist\u00e8re de la Justice et de la L\u00e9gislation, apr\u00e8s avis du Conseil sup\u00e9rieur de la Magistrature<\/strong>&nbsp;:<\/p>\n\n\n\n<p>Pr\u00e9sident de la Cour d\u2019appel de Cotonou Monsieur Alexis METAHOU<br>Conseiller \u00e0 la Cour d\u2019appel d\u2019Abomey Monsieur Taurin AFFOGNON<br>Conseiller \u00e0 la Cour d\u2019appel de Parakou Monsieur Lucien DJIMENOU<br>1er Substitut du procureur sp\u00e9cial pr\u00e8s la Cour sp\u00e9ciale des affaires fonci\u00e8res<\/p>\n\n\n\n<p>Monsieur Sovid\u00e9 GAHOU<\/p>\n\n\n\n<p>Pr\u00e9sident du tribunal de premi\u00e8re instance de z\u00e8me classe d\u2019Aplahou\u00e9 Monsieur Guy Noukpo HONGA<br>Procureur de la R\u00e9publique pr\u00e8s le tribunal de premi\u00e8re instance de z\u00e8me<br>classe d\u2019Aplahou\u00e9<\/p>\n\n\n\n<p>Monsieur Hort\u00e9gni S\u00e8m\u00e8vo M\u00e9dard GANDONOU<\/p>\n\n\n\n<p>Procureur de la R\u00e9publique pr\u00e8s le tribunal de premi\u00e8re instance de z\u00e8me<br>classe de Lokossa<\/p>\n\n\n\n<p>Monsieur Ad\u00e9ola Paul Richard da MATHA<\/p>\n\n\n\n<p>Pr\u00e9sident du tribunal de premi\u00e8re instance de z\u00e8me classe d\u2019Allada<\/p>\n\n\n\n<p>Monsieur Valentin Vidjannagni Vid\u00e9hom\u00e8 KPAKO<\/p>\n\n\n\n<p>.<br>classe de Malanville Monsieur Eric FIDEMA TIN<\/p>\n\n\n\n<p><strong>,.\/ Au minist\u00e8re des Affaires \u00e9trang\u00e8res<\/strong><\/p>\n\n\n\n<p>Ambassadeur charg\u00e9 de la Diaspora Afro-descendante dans les Antilles Monsieur Georges Emmanuel GERMANY<\/p>\n\n\n\n<p><strong>,.\/ Au minist\u00e8re de l\u2019Industrie et du Commerce Inspecteur g\u00e9n\u00e9ral adjoint du minist\u00e8re<\/strong><br>Monsieur Roufa\u00ef MOROU<\/p>\n\n\n\n<p>Directeur g\u00e9n\u00e9ral de l\u2019Agence nationale de Normalisation, de la M\u00e9trologie et du Contr\u00f4le qualit\u00e9<\/p>\n\n\n\n<p>Monsieur Mouhamed N azif MOUTAWAKILOU EL-HADJI ALASSANE<\/p>\n\n\n\n<p>Directeur du D\u00e9veloppement industriel Monsieur J\u00e9r\u00e9mie Tow\u00e8nonda DOVOEDO Directeur du Commerce ext\u00e9rieur Monsieur Fouss\u00e9ni GOMINA MAMA Conseiller technique juridique<br>Madame Jodavi Flora AKOUTEY.<\/p>\n","protected":false},"excerpt":{"rendered":"<p>&nbsp; Les membres du gouvernement&nbsp; se sont r\u00e9unis&nbsp; ce mercredi 18 d\u00e9cembre&nbsp; 2024&nbsp; sous la pr\u00e9sidence de son&nbsp; excellence&nbsp; le pr\u00e9sident Patrice Talon . &nbsp;&nbsp;Des nominations ont \u00e9t\u00e9 faites dans&hellip;<\/p>\n","protected":false},"author":6,"featured_media":9234,"comment_status":"open","ping_status":"open","sticky":false,"template":"","format":"standard","meta":{"content-type":"","om_disable_all_campaigns":false,"_monsterinsights_skip_tracking":false,"_monsterinsights_sitenote_active":false,"_monsterinsights_sitenote_note":"","_monsterinsights_sitenote_category":0,"_uf_show_specific_survey":0,"_uf_disable_surveys":false,"footnotes":""},"categories":[26],"tags":[],"class_list":["post-9847","post","type-post","status-publish","format-standard","has-post-thumbnail","hentry","category-politique"],"aioseo_notices":[],"yoast_head":"<!-- This site is optimized with the Yoast SEO plugin v27.5 - https:\/\/yoast.com\/product\/yoast-seo-wordpress\/ -->\n<title>\u00a0Conseil des ministres \u00a0: Voici les nominations dans\u00a0 3 minist\u00e8res \u00a0 - Le Patriote<\/title>\n<meta name=\"robots\" content=\"index, follow, max-snippet:-1, max-image-preview:large, max-video-preview:-1\" \/>\n<link rel=\"canonical\" href=\"https:\/\/lepatriotebenin.com\/index.php\/2024\/12\/18\/conseil-des-ministres-voici-les-nominations-dans-3-ministeres\/\" \/>\n<meta property=\"og:locale\" content=\"fr_FR\" \/>\n<meta property=\"og:type\" content=\"article\" \/>\n<meta property=\"og:title\" content=\"\u00a0Conseil des ministres \u00a0: Voici les nominations dans\u00a0 3 minist\u00e8res \u00a0 - Le Patriote\" \/>\n<meta property=\"og:description\" content=\"&nbsp; Les membres du gouvernement&nbsp; se sont r\u00e9unis&nbsp; ce mercredi 18 d\u00e9cembre&nbsp; 2024&nbsp; sous la pr\u00e9sidence de son&nbsp; excellence&nbsp; le pr\u00e9sident Patrice Talon . &nbsp;&nbsp;Des nominations ont \u00e9t\u00e9 faites dans&hellip;\" \/>\n<meta property=\"og:url\" content=\"https:\/\/lepatriotebenin.com\/index.php\/2024\/12\/18\/conseil-des-ministres-voici-les-nominations-dans-3-ministeres\/\" \/>\n<meta property=\"og:site_name\" content=\"Le Patriote\" \/>\n<meta property=\"article:published_time\" content=\"2024-12-18T12:15:07+00:00\" \/>\n<meta property=\"article:modified_time\" content=\"2024-12-18T12:15:10+00:00\" \/>\n<meta property=\"og:image\" content=\"https:\/\/lepatriotebenin.com\/wp-content\/uploads\/2024\/11\/talon-1.jpg\" \/>\n\t<meta property=\"og:image:width\" content=\"1256\" \/>\n\t<meta property=\"og:image:height\" content=\"628\" \/>\n\t<meta property=\"og:image:type\" content=\"image\/jpeg\" \/>\n<meta name=\"author\" content=\"Roland AFFANOU\" \/>\n<meta name=\"twitter:card\" content=\"summary_large_image\" \/>\n<meta name=\"twitter:label1\" content=\"\u00c9crit par\" \/>\n\t<meta name=\"twitter:data1\" content=\"Roland AFFANOU\" \/>\n\t<meta name=\"twitter:label2\" content=\"Dur\u00e9e de lecture estim\u00e9e\" \/>\n\t<meta name=\"twitter:data2\" content=\"2 minutes\" \/>\n<script type=\"application\/ld+json\" class=\"yoast-schema-graph\">{\"@context\":\"https:\\\/\\\/schema.org\",\"@graph\":[{\"@type\":\"Article\",\"@id\":\"https:\\\/\\\/lepatriotebenin.com\\\/index.php\\\/2024\\\/12\\\/18\\\/conseil-des-ministres-voici-les-nominations-dans-3-ministeres\\\/#article\",\"isPartOf\":{\"@id\":\"https:\\\/\\\/lepatriotebenin.com\\\/index.php\\\/2024\\\/12\\\/18\\\/conseil-des-ministres-voici-les-nominations-dans-3-ministeres\\\/\"},\"author\":{\"name\":\"Roland AFFANOU\",\"@id\":\"https:\\\/\\\/lepatriotebenin.com\\\/#\\\/schema\\\/person\\\/4a9b67216c97d04045e01405c534c91f\"},\"headline\":\"\u00a0Conseil des ministres \u00a0: Voici les nominations dans\u00a0 3 minist\u00e8res \u00a0\",\"datePublished\":\"2024-12-18T12:15:07+00:00\",\"dateModified\":\"2024-12-18T12:15:10+00:00\",\"mainEntityOfPage\":{\"@id\":\"https:\\\/\\\/lepatriotebenin.com\\\/index.php\\\/2024\\\/12\\\/18\\\/conseil-des-ministres-voici-les-nominations-dans-3-ministeres\\\/\"},\"wordCount\":312,\"commentCount\":0,\"image\":{\"@id\":\"https:\\\/\\\/lepatriotebenin.com\\\/index.php\\\/2024\\\/12\\\/18\\\/conseil-des-ministres-voici-les-nominations-dans-3-ministeres\\\/#primaryimage\"},\"thumbnailUrl\":\"https:\\\/\\\/lepatriotebenin.com\\\/wp-content\\\/uploads\\\/2024\\\/11\\\/talon-1.jpg\",\"articleSection\":[\"Politique\"],\"inLanguage\":\"fr-FR\",\"potentialAction\":[{\"@type\":\"CommentAction\",\"name\":\"Comment\",\"target\":[\"https:\\\/\\\/lepatriotebenin.com\\\/index.php\\\/2024\\\/12\\\/18\\\/conseil-des-ministres-voici-les-nominations-dans-3-ministeres\\\/#respond\"]}]},{\"@type\":\"WebPage\",\"@id\":\"https:\\\/\\\/lepatriotebenin.com\\\/index.php\\\/2024\\\/12\\\/18\\\/conseil-des-ministres-voici-les-nominations-dans-3-ministeres\\\/\",\"url\":\"https:\\\/\\\/lepatriotebenin.com\\\/index.php\\\/2024\\\/12\\\/18\\\/conseil-des-ministres-voici-les-nominations-dans-3-ministeres\\\/\",\"name\":\"\u00a0Conseil des ministres \u00a0: Voici les nominations dans\u00a0 3 minist\u00e8res \u00a0 - Le Patriote\",\"isPartOf\":{\"@id\":\"https:\\\/\\\/lepatriotebenin.com\\\/#website\"},\"primaryImageOfPage\":{\"@id\":\"https:\\\/\\\/lepatriotebenin.com\\\/index.php\\\/2024\\\/12\\\/18\\\/conseil-des-ministres-voici-les-nominations-dans-3-ministeres\\\/#primaryimage\"},\"image\":{\"@id\":\"https:\\\/\\\/lepatriotebenin.com\\\/index.php\\\/2024\\\/12\\\/18\\\/conseil-des-ministres-voici-les-nominations-dans-3-ministeres\\\/#primaryimage\"},\"thumbnailUrl\":\"https:\\\/\\\/lepatriotebenin.com\\\/wp-content\\\/uploads\\\/2024\\\/11\\\/talon-1.jpg\",\"datePublished\":\"2024-12-18T12:15:07+00:00\",\"dateModified\":\"2024-12-18T12:15:10+00:00\",\"author\":{\"@id\":\"https:\\\/\\\/lepatriotebenin.com\\\/#\\\/schema\\\/person\\\/4a9b67216c97d04045e01405c534c91f\"},\"breadcrumb\":{\"@id\":\"https:\\\/\\\/lepatriotebenin.com\\\/index.php\\\/2024\\\/12\\\/18\\\/conseil-des-ministres-voici-les-nominations-dans-3-ministeres\\\/#breadcrumb\"},\"inLanguage\":\"fr-FR\",\"potentialAction\":[{\"@type\":\"ReadAction\",\"target\":[\"https:\\\/\\\/lepatriotebenin.com\\\/index.php\\\/2024\\\/12\\\/18\\\/conseil-des-ministres-voici-les-nominations-dans-3-ministeres\\\/\"]}]},{\"@type\":\"ImageObject\",\"inLanguage\":\"fr-FR\",\"@id\":\"https:\\\/\\\/lepatriotebenin.com\\\/index.php\\\/2024\\\/12\\\/18\\\/conseil-des-ministres-voici-les-nominations-dans-3-ministeres\\\/#primaryimage\",\"url\":\"https:\\\/\\\/lepatriotebenin.com\\\/wp-content\\\/uploads\\\/2024\\\/11\\\/talon-1.jpg\",\"contentUrl\":\"https:\\\/\\\/lepatriotebenin.com\\\/wp-content\\\/uploads\\\/2024\\\/11\\\/talon-1.jpg\",\"width\":1256,\"height\":628},{\"@type\":\"BreadcrumbList\",\"@id\":\"https:\\\/\\\/lepatriotebenin.com\\\/index.php\\\/2024\\\/12\\\/18\\\/conseil-des-ministres-voici-les-nominations-dans-3-ministeres\\\/#breadcrumb\",\"itemListElement\":[{\"@type\":\"ListItem\",\"position\":1,\"name\":\"Accueil\",\"item\":\"https:\\\/\\\/lepatriotebenin.com\\\/\"},{\"@type\":\"ListItem\",\"position\":2,\"name\":\"\u00a0Conseil des ministres \u00a0: Voici les nominations dans\u00a0 3 minist\u00e8res \u00a0\"}]},{\"@type\":\"WebSite\",\"@id\":\"https:\\\/\\\/lepatriotebenin.com\\\/#website\",\"url\":\"https:\\\/\\\/lepatriotebenin.com\\\/\",\"name\":\"Le Patriote\",\"description\":\"Le Patriote B\u00e9nin\",\"potentialAction\":[{\"@type\":\"SearchAction\",\"target\":{\"@type\":\"EntryPoint\",\"urlTemplate\":\"https:\\\/\\\/lepatriotebenin.com\\\/?s={search_term_string}\"},\"query-input\":{\"@type\":\"PropertyValueSpecification\",\"valueRequired\":true,\"valueName\":\"search_term_string\"}}],\"inLanguage\":\"fr-FR\"},{\"@type\":\"Person\",\"@id\":\"https:\\\/\\\/lepatriotebenin.com\\\/#\\\/schema\\\/person\\\/4a9b67216c97d04045e01405c534c91f\",\"name\":\"Roland AFFANOU\",\"image\":{\"@type\":\"ImageObject\",\"inLanguage\":\"fr-FR\",\"@id\":\"https:\\\/\\\/secure.gravatar.com\\\/avatar\\\/7209d3f6d2d47ea4d0c67e14d3effb61feb10ae540a4381280c66265de5bd643?s=96&d=mm&r=g\",\"url\":\"https:\\\/\\\/secure.gravatar.com\\\/avatar\\\/7209d3f6d2d47ea4d0c67e14d3effb61feb10ae540a4381280c66265de5bd643?s=96&d=mm&r=g\",\"contentUrl\":\"https:\\\/\\\/secure.gravatar.com\\\/avatar\\\/7209d3f6d2d47ea4d0c67e14d3effb61feb10ae540a4381280c66265de5bd643?s=96&d=mm&r=g\",\"caption\":\"Roland AFFANOU\"},\"url\":\"https:\\\/\\\/lepatriotebenin.com\"}]}<\/script>\n<!-- \/ Yoast SEO plugin. -->","yoast_head_json":{"title":"\u00a0Conseil des ministres \u00a0: Voici les nominations dans\u00a0 3 minist\u00e8res \u00a0 - Le Patriote","robots":{"index":"index","follow":"follow","max-snippet":"max-snippet:-1","max-image-preview":"max-image-preview:large","max-video-preview":"max-video-preview:-1"},"canonical":"https:\/\/lepatriotebenin.com\/index.php\/2024\/12\/18\/conseil-des-ministres-voici-les-nominations-dans-3-ministeres\/","og_locale":"fr_FR","og_type":"article","og_title":"\u00a0Conseil des ministres \u00a0: Voici les nominations dans\u00a0 3 minist\u00e8res \u00a0 - Le Patriote","og_description":"&nbsp; Les membres du gouvernement&nbsp; se sont r\u00e9unis&nbsp; ce mercredi 18 d\u00e9cembre&nbsp; 2024&nbsp; sous la pr\u00e9sidence de son&nbsp; excellence&nbsp; le pr\u00e9sident Patrice Talon . &nbsp;&nbsp;Des nominations ont \u00e9t\u00e9 faites dans&hellip;","og_url":"https:\/\/lepatriotebenin.com\/index.php\/2024\/12\/18\/conseil-des-ministres-voici-les-nominations-dans-3-ministeres\/","og_site_name":"Le Patriote","article_published_time":"2024-12-18T12:15:07+00:00","article_modified_time":"2024-12-18T12:15:10+00:00","og_image":[{"width":1256,"height":628,"url":"https:\/\/lepatriotebenin.com\/wp-content\/uploads\/2024\/11\/talon-1.jpg","type":"image\/jpeg"}],"author":"Roland AFFANOU","twitter_card":"summary_large_image","twitter_misc":{"\u00c9crit par":"Roland AFFANOU","Dur\u00e9e de lecture estim\u00e9e":"2 minutes"},"schema":{"@context":"https:\/\/schema.org","@graph":[{"@type":"Article","@id":"https:\/\/lepatriotebenin.com\/index.php\/2024\/12\/18\/conseil-des-ministres-voici-les-nominations-dans-3-ministeres\/#article","isPartOf":{"@id":"https:\/\/lepatriotebenin.com\/index.php\/2024\/12\/18\/conseil-des-ministres-voici-les-nominations-dans-3-ministeres\/"},"author":{"name":"Roland AFFANOU","@id":"https:\/\/lepatriotebenin.com\/#\/schema\/person\/4a9b67216c97d04045e01405c534c91f"},"headline":"\u00a0Conseil des ministres \u00a0: Voici les nominations dans\u00a0 3 minist\u00e8res \u00a0","datePublished":"2024-12-18T12:15:07+00:00","dateModified":"2024-12-18T12:15:10+00:00","mainEntityOfPage":{"@id":"https:\/\/lepatriotebenin.com\/index.php\/2024\/12\/18\/conseil-des-ministres-voici-les-nominations-dans-3-ministeres\/"},"wordCount":312,"commentCount":0,"image":{"@id":"https:\/\/lepatriotebenin.com\/index.php\/2024\/12\/18\/conseil-des-ministres-voici-les-nominations-dans-3-ministeres\/#primaryimage"},"thumbnailUrl":"https:\/\/lepatriotebenin.com\/wp-content\/uploads\/2024\/11\/talon-1.jpg","articleSection":["Politique"],"inLanguage":"fr-FR","potentialAction":[{"@type":"CommentAction","name":"Comment","target":["https:\/\/lepatriotebenin.com\/index.php\/2024\/12\/18\/conseil-des-ministres-voici-les-nominations-dans-3-ministeres\/#respond"]}]},{"@type":"WebPage","@id":"https:\/\/lepatriotebenin.com\/index.php\/2024\/12\/18\/conseil-des-ministres-voici-les-nominations-dans-3-ministeres\/","url":"https:\/\/lepatriotebenin.com\/index.php\/2024\/12\/18\/conseil-des-ministres-voici-les-nominations-dans-3-ministeres\/","name":"\u00a0Conseil des ministres \u00a0: Voici les nominations dans\u00a0 3 minist\u00e8res \u00a0 - Le Patriote","isPartOf":{"@id":"https:\/\/lepatriotebenin.com\/#website"},"primaryImageOfPage":{"@id":"https:\/\/lepatriotebenin.com\/index.php\/2024\/12\/18\/conseil-des-ministres-voici-les-nominations-dans-3-ministeres\/#primaryimage"},"image":{"@id":"https:\/\/lepatriotebenin.com\/index.php\/2024\/12\/18\/conseil-des-ministres-voici-les-nominations-dans-3-ministeres\/#primaryimage"},"thumbnailUrl":"https:\/\/lepatriotebenin.com\/wp-content\/uploads\/2024\/11\/talon-1.jpg","datePublished":"2024-12-18T12:15:07+00:00","dateModified":"2024-12-18T12:15:10+00:00","author":{"@id":"https:\/\/lepatriotebenin.com\/#\/schema\/person\/4a9b67216c97d04045e01405c534c91f"},"breadcrumb":{"@id":"https:\/\/lepatriotebenin.com\/index.php\/2024\/12\/18\/conseil-des-ministres-voici-les-nominations-dans-3-ministeres\/#breadcrumb"},"inLanguage":"fr-FR","potentialAction":[{"@type":"ReadAction","target":["https:\/\/lepatriotebenin.com\/index.php\/2024\/12\/18\/conseil-des-ministres-voici-les-nominations-dans-3-ministeres\/"]}]},{"@type":"ImageObject","inLanguage":"fr-FR","@id":"https:\/\/lepatriotebenin.com\/index.php\/2024\/12\/18\/conseil-des-ministres-voici-les-nominations-dans-3-ministeres\/#primaryimage","url":"https:\/\/lepatriotebenin.com\/wp-content\/uploads\/2024\/11\/talon-1.jpg","contentUrl":"https:\/\/lepatriotebenin.com\/wp-content\/uploads\/2024\/11\/talon-1.jpg","width":1256,"height":628},{"@type":"BreadcrumbList","@id":"https:\/\/lepatriotebenin.com\/index.php\/2024\/12\/18\/conseil-des-ministres-voici-les-nominations-dans-3-ministeres\/#breadcrumb","itemListElement":[{"@type":"ListItem","position":1,"name":"Accueil","item":"https:\/\/lepatriotebenin.com\/"},{"@type":"ListItem","position":2,"name":"\u00a0Conseil des ministres \u00a0: Voici les nominations dans\u00a0 3 minist\u00e8res \u00a0"}]},{"@type":"WebSite","@id":"https:\/\/lepatriotebenin.com\/#website","url":"https:\/\/lepatriotebenin.com\/","name":"Le Patriote","description":"Le Patriote B\u00e9nin","potentialAction":[{"@type":"SearchAction","target":{"@type":"EntryPoint","urlTemplate":"https:\/\/lepatriotebenin.com\/?s={search_term_string}"},"query-input":{"@type":"PropertyValueSpecification","valueRequired":true,"valueName":"search_term_string"}}],"inLanguage":"fr-FR"},{"@type":"Person","@id":"https:\/\/lepatriotebenin.com\/#\/schema\/person\/4a9b67216c97d04045e01405c534c91f","name":"Roland AFFANOU","image":{"@type":"ImageObject","inLanguage":"fr-FR","@id":"https:\/\/secure.gravatar.com\/avatar\/7209d3f6d2d47ea4d0c67e14d3effb61feb10ae540a4381280c66265de5bd643?s=96&d=mm&r=g","url":"https:\/\/secure.gravatar.com\/avatar\/7209d3f6d2d47ea4d0c67e14d3effb61feb10ae540a4381280c66265de5bd643?s=96&d=mm&r=g","contentUrl":"https:\/\/secure.gravatar.com\/avatar\/7209d3f6d2d47ea4d0c67e14d3effb61feb10ae540a4381280c66265de5bd643?s=96&d=mm&r=g","caption":"Roland AFFANOU"},"url":"https:\/\/lepatriotebenin.com"}]}},"_links":{"self":[{"href":"https:\/\/lepatriotebenin.com\/index.php\/wp-json\/wp\/v2\/posts\/9847","targetHints":{"allow":["GET"]}}],"collection":[{"href":"https:\/\/lepatriotebenin.com\/index.php\/wp-json\/wp\/v2\/posts"}],"about":[{"href":"https:\/\/lepatriotebenin.com\/index.php\/wp-json\/wp\/v2\/types\/post"}],"author":[{"embeddable":true,"href":"https:\/\/lepatriotebenin.com\/index.php\/wp-json\/wp\/v2\/users\/6"}],"replies":[{"embeddable":true,"href":"https:\/\/lepatriotebenin.com\/index.php\/wp-json\/wp\/v2\/comments?post=9847"}],"version-history":[{"count":1,"href":"https:\/\/lepatriotebenin.com\/index.php\/wp-json\/wp\/v2\/posts\/9847\/revisions"}],"predecessor-version":[{"id":9848,"href":"https:\/\/lepatriotebenin.com\/index.php\/wp-json\/wp\/v2\/posts\/9847\/revisions\/9848"}],"wp:featuredmedia":[{"embeddable":true,"href":"https:\/\/lepatriotebenin.com\/index.php\/wp-json\/wp\/v2\/media\/9234"}],"wp:attachment":[{"href":"https:\/\/lepatriotebenin.com\/index.php\/wp-json\/wp\/v2\/media?parent=9847"}],"wp:term":[{"taxonomy":"category","embeddable":true,"href":"https:\/\/lepatriotebenin.com\/index.php\/wp-json\/wp\/v2\/categories?post=9847"},{"taxonomy":"post_tag","embeddable":true,"href":"https:\/\/lepatriotebenin.com\/index.php\/wp-json\/wp\/v2\/tags?post=9847"}],"curies":[{"name":"wp","href":"https:\/\/api.w.org\/{rel}","templated":true}]}}