{"id":9840,"date":"2024-12-17T12:32:34","date_gmt":"2024-12-17T11:32:34","guid":{"rendered":"https:\/\/lepatriotebenin.com\/?p=9840"},"modified":"2024-12-17T12:32:53","modified_gmt":"2024-12-17T11:32:53","slug":"russie-un-haut-responsable-militaire-tue-dans-une-explosion-a-moscou","status":"publish","type":"post","link":"https:\/\/lepatriotebenin.com\/index.php\/2024\/12\/17\/russie-un-haut-responsable-militaire-tue-dans-une-explosion-a-moscou\/","title":{"rendered":"Russie : Un haut responsable militaire tu\u00e9 dans une explosion \u00e0 Moscou"},"content":{"rendered":"\n<p>&nbsp;<strong>Deuil au sein de l\u2019arm\u00e9e russe<\/strong>. &nbsp;Un haut responsable militaire de l\u2019arm\u00e9e russe a \u00e9t\u00e9 tu\u00e9 ce <strong>mardi 17 d\u00e9cembre 2024<\/strong> au <strong>matin<\/strong> par un engin explosif dissimul\u00e9 dans une trottinette gar\u00e9e au pied d\u2019un immeuble.&nbsp; Ce haut responsable militaire s\u2019appelle <strong>Igor Kirillov<\/strong> qui a tr\u00e9pass\u00e9 avec son assistant M.&nbsp;<strong>Kirillov.<\/strong> &nbsp;Selon l\u2019Agence France-Presse, le service de s\u00e9curit\u00e9 ukrainien (SBU) a revendiqu\u00e9 cet assassinat de ce haut responsable de l\u2019arm\u00e9e russe. <em>\u00ab&nbsp;L\u2019attentat \u00e0 la bombe perp\u00e9tr\u00e9 aujourd\u2019hui contre le lieutenant-g\u00e9n\u00e9ral Igor Kirillov, commandant des troupes de d\u00e9fense radiologique, chimique et biologique des forces arm\u00e9es russes, est une op\u00e9ration sp\u00e9ciale du SBU&nbsp;\u00bb<\/em>, a affirm\u00e9 une source proche du SBU.<\/p>\n\n\n\n<p>&nbsp;Le comit\u00e9 d\u2019enqu\u00eate de la F\u00e9d\u00e9ration de Russie, charg\u00e9 des principales investigations dans le pays, dans un communiqu\u00e9 rendu public, a indiqu\u00e9 que <em>\u00ab&nbsp;un engin explosif d\u00e9pos\u00e9 dans une trottinette gar\u00e9e pr\u00e8s de l\u2019entr\u00e9e d\u2019un immeuble r\u00e9sidentiel a \u00e9t\u00e9 activ\u00e9 le 17&nbsp;d\u00e9cembre dans la matin\u00e9e sur l\u2019avenue Riazanski, \u00e0 Moscou&nbsp;\u00bb. Depuis le <\/em>d\u00e9but de l\u2019offensive russe en <strong>Ukraine,<\/strong> en <strong>f\u00e9vrier&nbsp;2022<\/strong>, c\u2019est pour la premi\u00e8re fois que le service de s\u00e9curit\u00e9 ukrainien a r\u00e9ussi \u00e0 frapper au c\u0153ur du service de commandement &nbsp;&nbsp;de l\u2019arm\u00e9e russe notamment l\u2019assassinat d\u2019un plus haut responsable militaire russe en plein c\u0153ur de <strong>Moscou.<\/strong> &nbsp;<\/p>\n\n\n\n<p>R\u00e9agissant au d\u00e9c\u00e8s de Igor Kirillov, la porte-parole de la diplomatie russe, <strong>Maria Zakharova<\/strong>, a regrett\u00e9, sur&nbsp;&nbsp; <strong>Tel\u00e9gram ,<\/strong> la perte d\u2019un homme <em>\u00ab&nbsp;intr\u00e9pide, qui ne s\u2019est jamais cach\u00e9 derri\u00e8re le dos des autres&nbsp;\u00bb<\/em>, en luttant <em>\u00ab&nbsp;pour la patrie et pour la v\u00e9rit\u00e9&nbsp;\u00bb<\/em>. Quant au vice-pr\u00e9sident de la Chambre haute du Parlement russe, <strong>Konstantin Kossatchev,<\/strong> il a promis sur Telegram que <em>\u00ab&nbsp;les assassins seraient punis Sans aucun doute et sans piti\u00e9&nbsp;\u00bb<\/em>. Faut-il pr\u00e9ciser l\u2019\u2019entr\u00e9e de l\u2019immeuble o\u00f9 a eu l\u2019attentat a \u00e9t\u00e9 endommag\u00e9e et les vitres de plusieurs appartements ont \u00e9t\u00e9 bris\u00e9es.<\/p>\n","protected":false},"excerpt":{"rendered":"<p>&nbsp;Deuil au sein de l\u2019arm\u00e9e russe. &nbsp;Un haut responsable militaire de l\u2019arm\u00e9e russe a \u00e9t\u00e9 tu\u00e9 ce mardi 17 d\u00e9cembre 2024 au matin par un engin explosif dissimul\u00e9 dans une&hellip;<\/p>\n","protected":false},"author":6,"featured_media":9841,"comment_status":"open","ping_status":"open","sticky":false,"template":"","format":"standard","meta":{"content-type":"","om_disable_all_campaigns":false,"_monsterinsights_skip_tracking":false,"_monsterinsights_sitenote_active":false,"_monsterinsights_sitenote_note":"","_monsterinsights_sitenote_category":0,"_uf_show_specific_survey":0,"_uf_disable_surveys":false,"footnotes":""},"categories":[9],"tags":[],"class_list":["post-9840","post","type-post","status-publish","format-standard","has-post-thumbnail","hentry","category-uncategorized"],"aioseo_notices":[],"yoast_head":"<!-- This site is optimized with the Yoast SEO plugin v27.5 - https:\/\/yoast.com\/product\/yoast-seo-wordpress\/ -->\n<title>Russie : Un haut responsable militaire tu\u00e9 dans une explosion \u00e0 Moscou - Le Patriote<\/title>\n<meta name=\"robots\" content=\"index, follow, max-snippet:-1, max-image-preview:large, max-video-preview:-1\" \/>\n<link rel=\"canonical\" href=\"https:\/\/lepatriotebenin.com\/index.php\/2024\/12\/17\/russie-un-haut-responsable-militaire-tue-dans-une-explosion-a-moscou\/\" \/>\n<meta property=\"og:locale\" content=\"fr_FR\" \/>\n<meta property=\"og:type\" content=\"article\" \/>\n<meta property=\"og:title\" content=\"Russie : Un haut responsable militaire tu\u00e9 dans une explosion \u00e0 Moscou - Le Patriote\" \/>\n<meta property=\"og:description\" content=\"&nbsp;Deuil au sein de l\u2019arm\u00e9e russe. &nbsp;Un haut responsable militaire de l\u2019arm\u00e9e russe a \u00e9t\u00e9 tu\u00e9 ce mardi 17 d\u00e9cembre 2024 au matin par un engin explosif dissimul\u00e9 dans une&hellip;\" \/>\n<meta property=\"og:url\" content=\"https:\/\/lepatriotebenin.com\/index.php\/2024\/12\/17\/russie-un-haut-responsable-militaire-tue-dans-une-explosion-a-moscou\/\" \/>\n<meta property=\"og:site_name\" content=\"Le Patriote\" \/>\n<meta property=\"article:published_time\" content=\"2024-12-17T11:32:34+00:00\" \/>\n<meta property=\"article:modified_time\" content=\"2024-12-17T11:32:53+00:00\" \/>\n<meta property=\"og:image\" content=\"https:\/\/lepatriotebenin.com\/wp-content\/uploads\/2024\/12\/igor-vrai.jpg\" \/>\n\t<meta property=\"og:image:width\" content=\"664\" \/>\n\t<meta property=\"og:image:height\" content=\"436\" \/>\n\t<meta property=\"og:image:type\" content=\"image\/jpeg\" \/>\n<meta name=\"author\" content=\"Roland AFFANOU\" \/>\n<meta name=\"twitter:card\" content=\"summary_large_image\" \/>\n<meta name=\"twitter:label1\" content=\"\u00c9crit par\" \/>\n\t<meta name=\"twitter:data1\" content=\"Roland AFFANOU\" \/>\n\t<meta name=\"twitter:label2\" content=\"Dur\u00e9e de lecture estim\u00e9e\" \/>\n\t<meta name=\"twitter:data2\" content=\"2 minutes\" \/>\n<script type=\"application\/ld+json\" class=\"yoast-schema-graph\">{\"@context\":\"https:\\\/\\\/schema.org\",\"@graph\":[{\"@type\":\"Article\",\"@id\":\"https:\\\/\\\/lepatriotebenin.com\\\/index.php\\\/2024\\\/12\\\/17\\\/russie-un-haut-responsable-militaire-tue-dans-une-explosion-a-moscou\\\/#article\",\"isPartOf\":{\"@id\":\"https:\\\/\\\/lepatriotebenin.com\\\/index.php\\\/2024\\\/12\\\/17\\\/russie-un-haut-responsable-militaire-tue-dans-une-explosion-a-moscou\\\/\"},\"author\":{\"name\":\"Roland AFFANOU\",\"@id\":\"https:\\\/\\\/lepatriotebenin.com\\\/#\\\/schema\\\/person\\\/4a9b67216c97d04045e01405c534c91f\"},\"headline\":\"Russie : Un haut responsable militaire tu\u00e9 dans une explosion \u00e0 Moscou\",\"datePublished\":\"2024-12-17T11:32:34+00:00\",\"dateModified\":\"2024-12-17T11:32:53+00:00\",\"mainEntityOfPage\":{\"@id\":\"https:\\\/\\\/lepatriotebenin.com\\\/index.php\\\/2024\\\/12\\\/17\\\/russie-un-haut-responsable-militaire-tue-dans-une-explosion-a-moscou\\\/\"},\"wordCount\":390,\"commentCount\":0,\"image\":{\"@id\":\"https:\\\/\\\/lepatriotebenin.com\\\/index.php\\\/2024\\\/12\\\/17\\\/russie-un-haut-responsable-militaire-tue-dans-une-explosion-a-moscou\\\/#primaryimage\"},\"thumbnailUrl\":\"https:\\\/\\\/lepatriotebenin.com\\\/wp-content\\\/uploads\\\/2024\\\/12\\\/igor-vrai.jpg\",\"articleSection\":[\"Uncategorized\"],\"inLanguage\":\"fr-FR\",\"potentialAction\":[{\"@type\":\"CommentAction\",\"name\":\"Comment\",\"target\":[\"https:\\\/\\\/lepatriotebenin.com\\\/index.php\\\/2024\\\/12\\\/17\\\/russie-un-haut-responsable-militaire-tue-dans-une-explosion-a-moscou\\\/#respond\"]}]},{\"@type\":\"WebPage\",\"@id\":\"https:\\\/\\\/lepatriotebenin.com\\\/index.php\\\/2024\\\/12\\\/17\\\/russie-un-haut-responsable-militaire-tue-dans-une-explosion-a-moscou\\\/\",\"url\":\"https:\\\/\\\/lepatriotebenin.com\\\/index.php\\\/2024\\\/12\\\/17\\\/russie-un-haut-responsable-militaire-tue-dans-une-explosion-a-moscou\\\/\",\"name\":\"Russie : Un haut responsable militaire tu\u00e9 dans une explosion \u00e0 Moscou - Le Patriote\",\"isPartOf\":{\"@id\":\"https:\\\/\\\/lepatriotebenin.com\\\/#website\"},\"primaryImageOfPage\":{\"@id\":\"https:\\\/\\\/lepatriotebenin.com\\\/index.php\\\/2024\\\/12\\\/17\\\/russie-un-haut-responsable-militaire-tue-dans-une-explosion-a-moscou\\\/#primaryimage\"},\"image\":{\"@id\":\"https:\\\/\\\/lepatriotebenin.com\\\/index.php\\\/2024\\\/12\\\/17\\\/russie-un-haut-responsable-militaire-tue-dans-une-explosion-a-moscou\\\/#primaryimage\"},\"thumbnailUrl\":\"https:\\\/\\\/lepatriotebenin.com\\\/wp-content\\\/uploads\\\/2024\\\/12\\\/igor-vrai.jpg\",\"datePublished\":\"2024-12-17T11:32:34+00:00\",\"dateModified\":\"2024-12-17T11:32:53+00:00\",\"author\":{\"@id\":\"https:\\\/\\\/lepatriotebenin.com\\\/#\\\/schema\\\/person\\\/4a9b67216c97d04045e01405c534c91f\"},\"breadcrumb\":{\"@id\":\"https:\\\/\\\/lepatriotebenin.com\\\/index.php\\\/2024\\\/12\\\/17\\\/russie-un-haut-responsable-militaire-tue-dans-une-explosion-a-moscou\\\/#breadcrumb\"},\"inLanguage\":\"fr-FR\",\"potentialAction\":[{\"@type\":\"ReadAction\",\"target\":[\"https:\\\/\\\/lepatriotebenin.com\\\/index.php\\\/2024\\\/12\\\/17\\\/russie-un-haut-responsable-militaire-tue-dans-une-explosion-a-moscou\\\/\"]}]},{\"@type\":\"ImageObject\",\"inLanguage\":\"fr-FR\",\"@id\":\"https:\\\/\\\/lepatriotebenin.com\\\/index.php\\\/2024\\\/12\\\/17\\\/russie-un-haut-responsable-militaire-tue-dans-une-explosion-a-moscou\\\/#primaryimage\",\"url\":\"https:\\\/\\\/lepatriotebenin.com\\\/wp-content\\\/uploads\\\/2024\\\/12\\\/igor-vrai.jpg\",\"contentUrl\":\"https:\\\/\\\/lepatriotebenin.com\\\/wp-content\\\/uploads\\\/2024\\\/12\\\/igor-vrai.jpg\",\"width\":664,\"height\":436},{\"@type\":\"BreadcrumbList\",\"@id\":\"https:\\\/\\\/lepatriotebenin.com\\\/index.php\\\/2024\\\/12\\\/17\\\/russie-un-haut-responsable-militaire-tue-dans-une-explosion-a-moscou\\\/#breadcrumb\",\"itemListElement\":[{\"@type\":\"ListItem\",\"position\":1,\"name\":\"Accueil\",\"item\":\"https:\\\/\\\/lepatriotebenin.com\\\/\"},{\"@type\":\"ListItem\",\"position\":2,\"name\":\"Russie : Un haut responsable militaire tu\u00e9 dans une explosion \u00e0 Moscou\"}]},{\"@type\":\"WebSite\",\"@id\":\"https:\\\/\\\/lepatriotebenin.com\\\/#website\",\"url\":\"https:\\\/\\\/lepatriotebenin.com\\\/\",\"name\":\"Le Patriote\",\"description\":\"Le Patriote B\u00e9nin\",\"potentialAction\":[{\"@type\":\"SearchAction\",\"target\":{\"@type\":\"EntryPoint\",\"urlTemplate\":\"https:\\\/\\\/lepatriotebenin.com\\\/?s={search_term_string}\"},\"query-input\":{\"@type\":\"PropertyValueSpecification\",\"valueRequired\":true,\"valueName\":\"search_term_string\"}}],\"inLanguage\":\"fr-FR\"},{\"@type\":\"Person\",\"@id\":\"https:\\\/\\\/lepatriotebenin.com\\\/#\\\/schema\\\/person\\\/4a9b67216c97d04045e01405c534c91f\",\"name\":\"Roland AFFANOU\",\"image\":{\"@type\":\"ImageObject\",\"inLanguage\":\"fr-FR\",\"@id\":\"https:\\\/\\\/secure.gravatar.com\\\/avatar\\\/7209d3f6d2d47ea4d0c67e14d3effb61feb10ae540a4381280c66265de5bd643?s=96&d=mm&r=g\",\"url\":\"https:\\\/\\\/secure.gravatar.com\\\/avatar\\\/7209d3f6d2d47ea4d0c67e14d3effb61feb10ae540a4381280c66265de5bd643?s=96&d=mm&r=g\",\"contentUrl\":\"https:\\\/\\\/secure.gravatar.com\\\/avatar\\\/7209d3f6d2d47ea4d0c67e14d3effb61feb10ae540a4381280c66265de5bd643?s=96&d=mm&r=g\",\"caption\":\"Roland AFFANOU\"},\"url\":\"https:\\\/\\\/lepatriotebenin.com\"}]}<\/script>\n<!-- \/ Yoast SEO plugin. -->","yoast_head_json":{"title":"Russie : Un haut responsable militaire tu\u00e9 dans une explosion \u00e0 Moscou - Le Patriote","robots":{"index":"index","follow":"follow","max-snippet":"max-snippet:-1","max-image-preview":"max-image-preview:large","max-video-preview":"max-video-preview:-1"},"canonical":"https:\/\/lepatriotebenin.com\/index.php\/2024\/12\/17\/russie-un-haut-responsable-militaire-tue-dans-une-explosion-a-moscou\/","og_locale":"fr_FR","og_type":"article","og_title":"Russie : Un haut responsable militaire tu\u00e9 dans une explosion \u00e0 Moscou - Le Patriote","og_description":"&nbsp;Deuil au sein de l\u2019arm\u00e9e russe. &nbsp;Un haut responsable militaire de l\u2019arm\u00e9e russe a \u00e9t\u00e9 tu\u00e9 ce mardi 17 d\u00e9cembre 2024 au matin par un engin explosif dissimul\u00e9 dans une&hellip;","og_url":"https:\/\/lepatriotebenin.com\/index.php\/2024\/12\/17\/russie-un-haut-responsable-militaire-tue-dans-une-explosion-a-moscou\/","og_site_name":"Le Patriote","article_published_time":"2024-12-17T11:32:34+00:00","article_modified_time":"2024-12-17T11:32:53+00:00","og_image":[{"width":664,"height":436,"url":"https:\/\/lepatriotebenin.com\/wp-content\/uploads\/2024\/12\/igor-vrai.jpg","type":"image\/jpeg"}],"author":"Roland AFFANOU","twitter_card":"summary_large_image","twitter_misc":{"\u00c9crit par":"Roland AFFANOU","Dur\u00e9e de lecture estim\u00e9e":"2 minutes"},"schema":{"@context":"https:\/\/schema.org","@graph":[{"@type":"Article","@id":"https:\/\/lepatriotebenin.com\/index.php\/2024\/12\/17\/russie-un-haut-responsable-militaire-tue-dans-une-explosion-a-moscou\/#article","isPartOf":{"@id":"https:\/\/lepatriotebenin.com\/index.php\/2024\/12\/17\/russie-un-haut-responsable-militaire-tue-dans-une-explosion-a-moscou\/"},"author":{"name":"Roland AFFANOU","@id":"https:\/\/lepatriotebenin.com\/#\/schema\/person\/4a9b67216c97d04045e01405c534c91f"},"headline":"Russie : Un haut responsable militaire tu\u00e9 dans une explosion \u00e0 Moscou","datePublished":"2024-12-17T11:32:34+00:00","dateModified":"2024-12-17T11:32:53+00:00","mainEntityOfPage":{"@id":"https:\/\/lepatriotebenin.com\/index.php\/2024\/12\/17\/russie-un-haut-responsable-militaire-tue-dans-une-explosion-a-moscou\/"},"wordCount":390,"commentCount":0,"image":{"@id":"https:\/\/lepatriotebenin.com\/index.php\/2024\/12\/17\/russie-un-haut-responsable-militaire-tue-dans-une-explosion-a-moscou\/#primaryimage"},"thumbnailUrl":"https:\/\/lepatriotebenin.com\/wp-content\/uploads\/2024\/12\/igor-vrai.jpg","articleSection":["Uncategorized"],"inLanguage":"fr-FR","potentialAction":[{"@type":"CommentAction","name":"Comment","target":["https:\/\/lepatriotebenin.com\/index.php\/2024\/12\/17\/russie-un-haut-responsable-militaire-tue-dans-une-explosion-a-moscou\/#respond"]}]},{"@type":"WebPage","@id":"https:\/\/lepatriotebenin.com\/index.php\/2024\/12\/17\/russie-un-haut-responsable-militaire-tue-dans-une-explosion-a-moscou\/","url":"https:\/\/lepatriotebenin.com\/index.php\/2024\/12\/17\/russie-un-haut-responsable-militaire-tue-dans-une-explosion-a-moscou\/","name":"Russie : Un haut responsable militaire tu\u00e9 dans une explosion \u00e0 Moscou - Le Patriote","isPartOf":{"@id":"https:\/\/lepatriotebenin.com\/#website"},"primaryImageOfPage":{"@id":"https:\/\/lepatriotebenin.com\/index.php\/2024\/12\/17\/russie-un-haut-responsable-militaire-tue-dans-une-explosion-a-moscou\/#primaryimage"},"image":{"@id":"https:\/\/lepatriotebenin.com\/index.php\/2024\/12\/17\/russie-un-haut-responsable-militaire-tue-dans-une-explosion-a-moscou\/#primaryimage"},"thumbnailUrl":"https:\/\/lepatriotebenin.com\/wp-content\/uploads\/2024\/12\/igor-vrai.jpg","datePublished":"2024-12-17T11:32:34+00:00","dateModified":"2024-12-17T11:32:53+00:00","author":{"@id":"https:\/\/lepatriotebenin.com\/#\/schema\/person\/4a9b67216c97d04045e01405c534c91f"},"breadcrumb":{"@id":"https:\/\/lepatriotebenin.com\/index.php\/2024\/12\/17\/russie-un-haut-responsable-militaire-tue-dans-une-explosion-a-moscou\/#breadcrumb"},"inLanguage":"fr-FR","potentialAction":[{"@type":"ReadAction","target":["https:\/\/lepatriotebenin.com\/index.php\/2024\/12\/17\/russie-un-haut-responsable-militaire-tue-dans-une-explosion-a-moscou\/"]}]},{"@type":"ImageObject","inLanguage":"fr-FR","@id":"https:\/\/lepatriotebenin.com\/index.php\/2024\/12\/17\/russie-un-haut-responsable-militaire-tue-dans-une-explosion-a-moscou\/#primaryimage","url":"https:\/\/lepatriotebenin.com\/wp-content\/uploads\/2024\/12\/igor-vrai.jpg","contentUrl":"https:\/\/lepatriotebenin.com\/wp-content\/uploads\/2024\/12\/igor-vrai.jpg","width":664,"height":436},{"@type":"BreadcrumbList","@id":"https:\/\/lepatriotebenin.com\/index.php\/2024\/12\/17\/russie-un-haut-responsable-militaire-tue-dans-une-explosion-a-moscou\/#breadcrumb","itemListElement":[{"@type":"ListItem","position":1,"name":"Accueil","item":"https:\/\/lepatriotebenin.com\/"},{"@type":"ListItem","position":2,"name":"Russie : Un haut responsable militaire tu\u00e9 dans une explosion \u00e0 Moscou"}]},{"@type":"WebSite","@id":"https:\/\/lepatriotebenin.com\/#website","url":"https:\/\/lepatriotebenin.com\/","name":"Le Patriote","description":"Le Patriote B\u00e9nin","potentialAction":[{"@type":"SearchAction","target":{"@type":"EntryPoint","urlTemplate":"https:\/\/lepatriotebenin.com\/?s={search_term_string}"},"query-input":{"@type":"PropertyValueSpecification","valueRequired":true,"valueName":"search_term_string"}}],"inLanguage":"fr-FR"},{"@type":"Person","@id":"https:\/\/lepatriotebenin.com\/#\/schema\/person\/4a9b67216c97d04045e01405c534c91f","name":"Roland AFFANOU","image":{"@type":"ImageObject","inLanguage":"fr-FR","@id":"https:\/\/secure.gravatar.com\/avatar\/7209d3f6d2d47ea4d0c67e14d3effb61feb10ae540a4381280c66265de5bd643?s=96&d=mm&r=g","url":"https:\/\/secure.gravatar.com\/avatar\/7209d3f6d2d47ea4d0c67e14d3effb61feb10ae540a4381280c66265de5bd643?s=96&d=mm&r=g","contentUrl":"https:\/\/secure.gravatar.com\/avatar\/7209d3f6d2d47ea4d0c67e14d3effb61feb10ae540a4381280c66265de5bd643?s=96&d=mm&r=g","caption":"Roland AFFANOU"},"url":"https:\/\/lepatriotebenin.com"}]}},"_links":{"self":[{"href":"https:\/\/lepatriotebenin.com\/index.php\/wp-json\/wp\/v2\/posts\/9840","targetHints":{"allow":["GET"]}}],"collection":[{"href":"https:\/\/lepatriotebenin.com\/index.php\/wp-json\/wp\/v2\/posts"}],"about":[{"href":"https:\/\/lepatriotebenin.com\/index.php\/wp-json\/wp\/v2\/types\/post"}],"author":[{"embeddable":true,"href":"https:\/\/lepatriotebenin.com\/index.php\/wp-json\/wp\/v2\/users\/6"}],"replies":[{"embeddable":true,"href":"https:\/\/lepatriotebenin.com\/index.php\/wp-json\/wp\/v2\/comments?post=9840"}],"version-history":[{"count":1,"href":"https:\/\/lepatriotebenin.com\/index.php\/wp-json\/wp\/v2\/posts\/9840\/revisions"}],"predecessor-version":[{"id":9842,"href":"https:\/\/lepatriotebenin.com\/index.php\/wp-json\/wp\/v2\/posts\/9840\/revisions\/9842"}],"wp:featuredmedia":[{"embeddable":true,"href":"https:\/\/lepatriotebenin.com\/index.php\/wp-json\/wp\/v2\/media\/9841"}],"wp:attachment":[{"href":"https:\/\/lepatriotebenin.com\/index.php\/wp-json\/wp\/v2\/media?parent=9840"}],"wp:term":[{"taxonomy":"category","embeddable":true,"href":"https:\/\/lepatriotebenin.com\/index.php\/wp-json\/wp\/v2\/categories?post=9840"},{"taxonomy":"post_tag","embeddable":true,"href":"https:\/\/lepatriotebenin.com\/index.php\/wp-json\/wp\/v2\/tags?post=9840"}],"curies":[{"name":"wp","href":"https:\/\/api.w.org\/{rel}","templated":true}]}}