{"id":9835,"date":"2024-12-17T11:02:33","date_gmt":"2024-12-17T10:02:33","guid":{"rendered":"https:\/\/lepatriotebenin.com\/?p=9835"},"modified":"2024-12-18T22:35:25","modified_gmt":"2024-12-18T21:35:25","slug":"audit-du-fichier-electoral-les-forces-vives-de-la-nation-saccordent","status":"publish","type":"post","link":"https:\/\/lepatriotebenin.com\/index.php\/2024\/12\/17\/audit-du-fichier-electoral-les-forces-vives-de-la-nation-saccordent\/","title":{"rendered":"Audit du fichier \u00e9lectoral :Les forces vives de la nation s\u2019accordent"},"content":{"rendered":"\n<p>Dans un communiqu\u00e9 sign\u00e9 conjointement, le cadre de concertation de l\u2019opposition et les organisations \u00e9tablies au B\u00e9nin ont affirm\u00e9 leur int\u00e9r\u00eat pour l\u2019audit du fichier \u00e9lectoral. La Cgtb, la Csa-B\u00e9nin, l\u2019Unstb, la plateforme \u00e9lectorale des Osc, le Front des organisations nationales contre la corruption, le Cccr et la Coscep, r\u00e9unis au centre Holy Land Parc \u00e0 Abomey-Calavi ce lundi 16 D\u00e9cembre 2024 se sont engag\u00e9s tous \u00e0 travailler pour l\u2019effectivit\u00e9 de l\u2019audir du fichier \u00e9lectoral afin de garantir la transparence et la cr\u00e9dibilit\u00e9 des \u00e9lections g\u00e9n\u00e9rales de 2026. Tout en remerciant le chef de l\u2019Etat pour son engagement personnel \u00e0 faire aboutir le processus d\u2019audit du fichier, les parties r\u00e9unies au centre Holy Land Parc se f\u00e9licitent des contributions pertinentes et constructives apport\u00e9es pour am\u00e9liorer le document devant servir de guide pour un audit consensuel, objectif et transparent du fichier \u00e9lectoral.<\/p>\n\n\n\n<p>Lire le communiqu\u00e9<\/p>\n\n\n\n<div data-wp-interactive=\"core\/file\" class=\"wp-block-file\"><object data-wp-bind--hidden=\"!state.hasPdfPreview\" hidden class=\"wp-block-file__embed\" data=\"https:\/\/lepatriotebenin.com\/wp-content\/uploads\/2024\/12\/communique-conjoint.pdf\" type=\"application\/pdf\" style=\"width:100%;height:600px\" aria-label=\"Contenu embarqu\u00e9 communique-conjoint.\"><\/object><a id=\"wp-block-file--media-95ab3c67-6c0b-4873-8525-fedb399d00d8\" href=\"https:\/\/lepatriotebenin.com\/wp-content\/uploads\/2024\/12\/communique-conjoint.pdf\">communique-conjoint<\/a><a href=\"https:\/\/lepatriotebenin.com\/wp-content\/uploads\/2024\/12\/communique-conjoint.pdf\" class=\"wp-block-file__button wp-element-button\" download aria-describedby=\"wp-block-file--media-95ab3c67-6c0b-4873-8525-fedb399d00d8\">T\u00e9l\u00e9charger<\/a><\/div>\n","protected":false},"excerpt":{"rendered":"<p>Dans un communiqu\u00e9 sign\u00e9 conjointement, le cadre de concertation de l\u2019opposition et les organisations \u00e9tablies au B\u00e9nin ont affirm\u00e9 leur int\u00e9r\u00eat pour l\u2019audit du fichier \u00e9lectoral. La Cgtb, la Csa-B\u00e9nin,&hellip;<\/p>\n","protected":false},"author":12,"featured_media":9837,"comment_status":"open","ping_status":"open","sticky":false,"template":"","format":"standard","meta":{"content-type":"","om_disable_all_campaigns":false,"_monsterinsights_skip_tracking":false,"_monsterinsights_sitenote_active":false,"_monsterinsights_sitenote_note":"","_monsterinsights_sitenote_category":0,"_uf_show_specific_survey":0,"_uf_disable_surveys":false,"footnotes":""},"categories":[26],"tags":[],"class_list":["post-9835","post","type-post","status-publish","format-standard","has-post-thumbnail","hentry","category-politique"],"aioseo_notices":[],"yoast_head":"<!-- This site is optimized with the Yoast SEO plugin v27.5 - https:\/\/yoast.com\/product\/yoast-seo-wordpress\/ -->\n<title>Audit du fichier \u00e9lectoral :Les forces vives de la nation s\u2019accordent - Le Patriote<\/title>\n<meta name=\"robots\" content=\"index, follow, max-snippet:-1, max-image-preview:large, max-video-preview:-1\" \/>\n<link rel=\"canonical\" href=\"https:\/\/lepatriotebenin.com\/index.php\/2024\/12\/17\/audit-du-fichier-electoral-les-forces-vives-de-la-nation-saccordent\/\" \/>\n<meta property=\"og:locale\" content=\"fr_FR\" \/>\n<meta property=\"og:type\" content=\"article\" \/>\n<meta property=\"og:title\" content=\"Audit du fichier \u00e9lectoral :Les forces vives de la nation s\u2019accordent - Le Patriote\" \/>\n<meta property=\"og:description\" content=\"Dans un communiqu\u00e9 sign\u00e9 conjointement, le cadre de concertation de l\u2019opposition et les organisations \u00e9tablies au B\u00e9nin ont affirm\u00e9 leur int\u00e9r\u00eat pour l\u2019audit du fichier \u00e9lectoral. La Cgtb, la Csa-B\u00e9nin,&hellip;\" \/>\n<meta property=\"og:url\" content=\"https:\/\/lepatriotebenin.com\/index.php\/2024\/12\/17\/audit-du-fichier-electoral-les-forces-vives-de-la-nation-saccordent\/\" \/>\n<meta property=\"og:site_name\" content=\"Le Patriote\" \/>\n<meta property=\"article:published_time\" content=\"2024-12-17T10:02:33+00:00\" \/>\n<meta property=\"article:modified_time\" content=\"2024-12-18T21:35:25+00:00\" \/>\n<meta property=\"og:image\" content=\"https:\/\/lepatriotebenin.com\/wp-content\/uploads\/2024\/12\/azatassou.webp\" \/>\n\t<meta property=\"og:image:width\" content=\"1200\" \/>\n\t<meta property=\"og:image:height\" content=\"675\" \/>\n\t<meta property=\"og:image:type\" content=\"image\/webp\" \/>\n<meta name=\"author\" content=\"Comlan Paul ODAH\" \/>\n<meta name=\"twitter:card\" content=\"summary_large_image\" \/>\n<meta name=\"twitter:label1\" content=\"\u00c9crit par\" \/>\n\t<meta name=\"twitter:data1\" content=\"Comlan Paul ODAH\" \/>\n\t<meta name=\"twitter:label2\" content=\"Dur\u00e9e de lecture estim\u00e9e\" \/>\n\t<meta name=\"twitter:data2\" content=\"1 minute\" \/>\n<script type=\"application\/ld+json\" class=\"yoast-schema-graph\">{\"@context\":\"https:\\\/\\\/schema.org\",\"@graph\":[{\"@type\":\"Article\",\"@id\":\"https:\\\/\\\/lepatriotebenin.com\\\/index.php\\\/2024\\\/12\\\/17\\\/audit-du-fichier-electoral-les-forces-vives-de-la-nation-saccordent\\\/#article\",\"isPartOf\":{\"@id\":\"https:\\\/\\\/lepatriotebenin.com\\\/index.php\\\/2024\\\/12\\\/17\\\/audit-du-fichier-electoral-les-forces-vives-de-la-nation-saccordent\\\/\"},\"author\":{\"name\":\"Comlan Paul ODAH\",\"@id\":\"https:\\\/\\\/lepatriotebenin.com\\\/#\\\/schema\\\/person\\\/6486fa44ec286eee49816deb241bcbbf\"},\"headline\":\"Audit du fichier \u00e9lectoral :Les forces vives de la nation s\u2019accordent\",\"datePublished\":\"2024-12-17T10:02:33+00:00\",\"dateModified\":\"2024-12-18T21:35:25+00:00\",\"mainEntityOfPage\":{\"@id\":\"https:\\\/\\\/lepatriotebenin.com\\\/index.php\\\/2024\\\/12\\\/17\\\/audit-du-fichier-electoral-les-forces-vives-de-la-nation-saccordent\\\/\"},\"wordCount\":175,\"commentCount\":0,\"image\":{\"@id\":\"https:\\\/\\\/lepatriotebenin.com\\\/index.php\\\/2024\\\/12\\\/17\\\/audit-du-fichier-electoral-les-forces-vives-de-la-nation-saccordent\\\/#primaryimage\"},\"thumbnailUrl\":\"https:\\\/\\\/lepatriotebenin.com\\\/wp-content\\\/uploads\\\/2024\\\/12\\\/azatassou.webp\",\"articleSection\":[\"Politique\"],\"inLanguage\":\"fr-FR\",\"potentialAction\":[{\"@type\":\"CommentAction\",\"name\":\"Comment\",\"target\":[\"https:\\\/\\\/lepatriotebenin.com\\\/index.php\\\/2024\\\/12\\\/17\\\/audit-du-fichier-electoral-les-forces-vives-de-la-nation-saccordent\\\/#respond\"]}]},{\"@type\":\"WebPage\",\"@id\":\"https:\\\/\\\/lepatriotebenin.com\\\/index.php\\\/2024\\\/12\\\/17\\\/audit-du-fichier-electoral-les-forces-vives-de-la-nation-saccordent\\\/\",\"url\":\"https:\\\/\\\/lepatriotebenin.com\\\/index.php\\\/2024\\\/12\\\/17\\\/audit-du-fichier-electoral-les-forces-vives-de-la-nation-saccordent\\\/\",\"name\":\"Audit du fichier \u00e9lectoral :Les forces vives de la nation s\u2019accordent - Le Patriote\",\"isPartOf\":{\"@id\":\"https:\\\/\\\/lepatriotebenin.com\\\/#website\"},\"primaryImageOfPage\":{\"@id\":\"https:\\\/\\\/lepatriotebenin.com\\\/index.php\\\/2024\\\/12\\\/17\\\/audit-du-fichier-electoral-les-forces-vives-de-la-nation-saccordent\\\/#primaryimage\"},\"image\":{\"@id\":\"https:\\\/\\\/lepatriotebenin.com\\\/index.php\\\/2024\\\/12\\\/17\\\/audit-du-fichier-electoral-les-forces-vives-de-la-nation-saccordent\\\/#primaryimage\"},\"thumbnailUrl\":\"https:\\\/\\\/lepatriotebenin.com\\\/wp-content\\\/uploads\\\/2024\\\/12\\\/azatassou.webp\",\"datePublished\":\"2024-12-17T10:02:33+00:00\",\"dateModified\":\"2024-12-18T21:35:25+00:00\",\"author\":{\"@id\":\"https:\\\/\\\/lepatriotebenin.com\\\/#\\\/schema\\\/person\\\/6486fa44ec286eee49816deb241bcbbf\"},\"breadcrumb\":{\"@id\":\"https:\\\/\\\/lepatriotebenin.com\\\/index.php\\\/2024\\\/12\\\/17\\\/audit-du-fichier-electoral-les-forces-vives-de-la-nation-saccordent\\\/#breadcrumb\"},\"inLanguage\":\"fr-FR\",\"potentialAction\":[{\"@type\":\"ReadAction\",\"target\":[\"https:\\\/\\\/lepatriotebenin.com\\\/index.php\\\/2024\\\/12\\\/17\\\/audit-du-fichier-electoral-les-forces-vives-de-la-nation-saccordent\\\/\"]}]},{\"@type\":\"ImageObject\",\"inLanguage\":\"fr-FR\",\"@id\":\"https:\\\/\\\/lepatriotebenin.com\\\/index.php\\\/2024\\\/12\\\/17\\\/audit-du-fichier-electoral-les-forces-vives-de-la-nation-saccordent\\\/#primaryimage\",\"url\":\"https:\\\/\\\/lepatriotebenin.com\\\/wp-content\\\/uploads\\\/2024\\\/12\\\/azatassou.webp\",\"contentUrl\":\"https:\\\/\\\/lepatriotebenin.com\\\/wp-content\\\/uploads\\\/2024\\\/12\\\/azatassou.webp\",\"width\":1200,\"height\":675},{\"@type\":\"BreadcrumbList\",\"@id\":\"https:\\\/\\\/lepatriotebenin.com\\\/index.php\\\/2024\\\/12\\\/17\\\/audit-du-fichier-electoral-les-forces-vives-de-la-nation-saccordent\\\/#breadcrumb\",\"itemListElement\":[{\"@type\":\"ListItem\",\"position\":1,\"name\":\"Accueil\",\"item\":\"https:\\\/\\\/lepatriotebenin.com\\\/\"},{\"@type\":\"ListItem\",\"position\":2,\"name\":\"Audit du fichier \u00e9lectoral :Les forces vives de la nation s\u2019accordent\"}]},{\"@type\":\"WebSite\",\"@id\":\"https:\\\/\\\/lepatriotebenin.com\\\/#website\",\"url\":\"https:\\\/\\\/lepatriotebenin.com\\\/\",\"name\":\"Le Patriote\",\"description\":\"Le Patriote B\u00e9nin\",\"potentialAction\":[{\"@type\":\"SearchAction\",\"target\":{\"@type\":\"EntryPoint\",\"urlTemplate\":\"https:\\\/\\\/lepatriotebenin.com\\\/?s={search_term_string}\"},\"query-input\":{\"@type\":\"PropertyValueSpecification\",\"valueRequired\":true,\"valueName\":\"search_term_string\"}}],\"inLanguage\":\"fr-FR\"},{\"@type\":\"Person\",\"@id\":\"https:\\\/\\\/lepatriotebenin.com\\\/#\\\/schema\\\/person\\\/6486fa44ec286eee49816deb241bcbbf\",\"name\":\"Comlan Paul ODAH\",\"image\":{\"@type\":\"ImageObject\",\"inLanguage\":\"fr-FR\",\"@id\":\"https:\\\/\\\/secure.gravatar.com\\\/avatar\\\/c45cf8a86d3cde8c562d63858f4ea8947664bd10708ad75990c2938897d9dbe1?s=96&d=mm&r=g\",\"url\":\"https:\\\/\\\/secure.gravatar.com\\\/avatar\\\/c45cf8a86d3cde8c562d63858f4ea8947664bd10708ad75990c2938897d9dbe1?s=96&d=mm&r=g\",\"contentUrl\":\"https:\\\/\\\/secure.gravatar.com\\\/avatar\\\/c45cf8a86d3cde8c562d63858f4ea8947664bd10708ad75990c2938897d9dbe1?s=96&d=mm&r=g\",\"caption\":\"Comlan Paul ODAH\"},\"url\":\"https:\\\/\\\/lepatriotebenin.com\"}]}<\/script>\n<!-- \/ Yoast SEO plugin. -->","yoast_head_json":{"title":"Audit du fichier \u00e9lectoral :Les forces vives de la nation s\u2019accordent - Le Patriote","robots":{"index":"index","follow":"follow","max-snippet":"max-snippet:-1","max-image-preview":"max-image-preview:large","max-video-preview":"max-video-preview:-1"},"canonical":"https:\/\/lepatriotebenin.com\/index.php\/2024\/12\/17\/audit-du-fichier-electoral-les-forces-vives-de-la-nation-saccordent\/","og_locale":"fr_FR","og_type":"article","og_title":"Audit du fichier \u00e9lectoral :Les forces vives de la nation s\u2019accordent - Le Patriote","og_description":"Dans un communiqu\u00e9 sign\u00e9 conjointement, le cadre de concertation de l\u2019opposition et les organisations \u00e9tablies au B\u00e9nin ont affirm\u00e9 leur int\u00e9r\u00eat pour l\u2019audit du fichier \u00e9lectoral. La Cgtb, la Csa-B\u00e9nin,&hellip;","og_url":"https:\/\/lepatriotebenin.com\/index.php\/2024\/12\/17\/audit-du-fichier-electoral-les-forces-vives-de-la-nation-saccordent\/","og_site_name":"Le Patriote","article_published_time":"2024-12-17T10:02:33+00:00","article_modified_time":"2024-12-18T21:35:25+00:00","og_image":[{"width":1200,"height":675,"url":"https:\/\/lepatriotebenin.com\/wp-content\/uploads\/2024\/12\/azatassou.webp","type":"image\/webp"}],"author":"Comlan Paul ODAH","twitter_card":"summary_large_image","twitter_misc":{"\u00c9crit par":"Comlan Paul ODAH","Dur\u00e9e de lecture estim\u00e9e":"1 minute"},"schema":{"@context":"https:\/\/schema.org","@graph":[{"@type":"Article","@id":"https:\/\/lepatriotebenin.com\/index.php\/2024\/12\/17\/audit-du-fichier-electoral-les-forces-vives-de-la-nation-saccordent\/#article","isPartOf":{"@id":"https:\/\/lepatriotebenin.com\/index.php\/2024\/12\/17\/audit-du-fichier-electoral-les-forces-vives-de-la-nation-saccordent\/"},"author":{"name":"Comlan Paul ODAH","@id":"https:\/\/lepatriotebenin.com\/#\/schema\/person\/6486fa44ec286eee49816deb241bcbbf"},"headline":"Audit du fichier \u00e9lectoral :Les forces vives de la nation s\u2019accordent","datePublished":"2024-12-17T10:02:33+00:00","dateModified":"2024-12-18T21:35:25+00:00","mainEntityOfPage":{"@id":"https:\/\/lepatriotebenin.com\/index.php\/2024\/12\/17\/audit-du-fichier-electoral-les-forces-vives-de-la-nation-saccordent\/"},"wordCount":175,"commentCount":0,"image":{"@id":"https:\/\/lepatriotebenin.com\/index.php\/2024\/12\/17\/audit-du-fichier-electoral-les-forces-vives-de-la-nation-saccordent\/#primaryimage"},"thumbnailUrl":"https:\/\/lepatriotebenin.com\/wp-content\/uploads\/2024\/12\/azatassou.webp","articleSection":["Politique"],"inLanguage":"fr-FR","potentialAction":[{"@type":"CommentAction","name":"Comment","target":["https:\/\/lepatriotebenin.com\/index.php\/2024\/12\/17\/audit-du-fichier-electoral-les-forces-vives-de-la-nation-saccordent\/#respond"]}]},{"@type":"WebPage","@id":"https:\/\/lepatriotebenin.com\/index.php\/2024\/12\/17\/audit-du-fichier-electoral-les-forces-vives-de-la-nation-saccordent\/","url":"https:\/\/lepatriotebenin.com\/index.php\/2024\/12\/17\/audit-du-fichier-electoral-les-forces-vives-de-la-nation-saccordent\/","name":"Audit du fichier \u00e9lectoral :Les forces vives de la nation s\u2019accordent - Le Patriote","isPartOf":{"@id":"https:\/\/lepatriotebenin.com\/#website"},"primaryImageOfPage":{"@id":"https:\/\/lepatriotebenin.com\/index.php\/2024\/12\/17\/audit-du-fichier-electoral-les-forces-vives-de-la-nation-saccordent\/#primaryimage"},"image":{"@id":"https:\/\/lepatriotebenin.com\/index.php\/2024\/12\/17\/audit-du-fichier-electoral-les-forces-vives-de-la-nation-saccordent\/#primaryimage"},"thumbnailUrl":"https:\/\/lepatriotebenin.com\/wp-content\/uploads\/2024\/12\/azatassou.webp","datePublished":"2024-12-17T10:02:33+00:00","dateModified":"2024-12-18T21:35:25+00:00","author":{"@id":"https:\/\/lepatriotebenin.com\/#\/schema\/person\/6486fa44ec286eee49816deb241bcbbf"},"breadcrumb":{"@id":"https:\/\/lepatriotebenin.com\/index.php\/2024\/12\/17\/audit-du-fichier-electoral-les-forces-vives-de-la-nation-saccordent\/#breadcrumb"},"inLanguage":"fr-FR","potentialAction":[{"@type":"ReadAction","target":["https:\/\/lepatriotebenin.com\/index.php\/2024\/12\/17\/audit-du-fichier-electoral-les-forces-vives-de-la-nation-saccordent\/"]}]},{"@type":"ImageObject","inLanguage":"fr-FR","@id":"https:\/\/lepatriotebenin.com\/index.php\/2024\/12\/17\/audit-du-fichier-electoral-les-forces-vives-de-la-nation-saccordent\/#primaryimage","url":"https:\/\/lepatriotebenin.com\/wp-content\/uploads\/2024\/12\/azatassou.webp","contentUrl":"https:\/\/lepatriotebenin.com\/wp-content\/uploads\/2024\/12\/azatassou.webp","width":1200,"height":675},{"@type":"BreadcrumbList","@id":"https:\/\/lepatriotebenin.com\/index.php\/2024\/12\/17\/audit-du-fichier-electoral-les-forces-vives-de-la-nation-saccordent\/#breadcrumb","itemListElement":[{"@type":"ListItem","position":1,"name":"Accueil","item":"https:\/\/lepatriotebenin.com\/"},{"@type":"ListItem","position":2,"name":"Audit du fichier \u00e9lectoral :Les forces vives de la nation s\u2019accordent"}]},{"@type":"WebSite","@id":"https:\/\/lepatriotebenin.com\/#website","url":"https:\/\/lepatriotebenin.com\/","name":"Le Patriote","description":"Le Patriote B\u00e9nin","potentialAction":[{"@type":"SearchAction","target":{"@type":"EntryPoint","urlTemplate":"https:\/\/lepatriotebenin.com\/?s={search_term_string}"},"query-input":{"@type":"PropertyValueSpecification","valueRequired":true,"valueName":"search_term_string"}}],"inLanguage":"fr-FR"},{"@type":"Person","@id":"https:\/\/lepatriotebenin.com\/#\/schema\/person\/6486fa44ec286eee49816deb241bcbbf","name":"Comlan Paul ODAH","image":{"@type":"ImageObject","inLanguage":"fr-FR","@id":"https:\/\/secure.gravatar.com\/avatar\/c45cf8a86d3cde8c562d63858f4ea8947664bd10708ad75990c2938897d9dbe1?s=96&d=mm&r=g","url":"https:\/\/secure.gravatar.com\/avatar\/c45cf8a86d3cde8c562d63858f4ea8947664bd10708ad75990c2938897d9dbe1?s=96&d=mm&r=g","contentUrl":"https:\/\/secure.gravatar.com\/avatar\/c45cf8a86d3cde8c562d63858f4ea8947664bd10708ad75990c2938897d9dbe1?s=96&d=mm&r=g","caption":"Comlan Paul ODAH"},"url":"https:\/\/lepatriotebenin.com"}]}},"_links":{"self":[{"href":"https:\/\/lepatriotebenin.com\/index.php\/wp-json\/wp\/v2\/posts\/9835","targetHints":{"allow":["GET"]}}],"collection":[{"href":"https:\/\/lepatriotebenin.com\/index.php\/wp-json\/wp\/v2\/posts"}],"about":[{"href":"https:\/\/lepatriotebenin.com\/index.php\/wp-json\/wp\/v2\/types\/post"}],"author":[{"embeddable":true,"href":"https:\/\/lepatriotebenin.com\/index.php\/wp-json\/wp\/v2\/users\/12"}],"replies":[{"embeddable":true,"href":"https:\/\/lepatriotebenin.com\/index.php\/wp-json\/wp\/v2\/comments?post=9835"}],"version-history":[{"count":1,"href":"https:\/\/lepatriotebenin.com\/index.php\/wp-json\/wp\/v2\/posts\/9835\/revisions"}],"predecessor-version":[{"id":9838,"href":"https:\/\/lepatriotebenin.com\/index.php\/wp-json\/wp\/v2\/posts\/9835\/revisions\/9838"}],"wp:featuredmedia":[{"embeddable":true,"href":"https:\/\/lepatriotebenin.com\/index.php\/wp-json\/wp\/v2\/media\/9837"}],"wp:attachment":[{"href":"https:\/\/lepatriotebenin.com\/index.php\/wp-json\/wp\/v2\/media?parent=9835"}],"wp:term":[{"taxonomy":"category","embeddable":true,"href":"https:\/\/lepatriotebenin.com\/index.php\/wp-json\/wp\/v2\/categories?post=9835"},{"taxonomy":"post_tag","embeddable":true,"href":"https:\/\/lepatriotebenin.com\/index.php\/wp-json\/wp\/v2\/tags?post=9835"}],"curies":[{"name":"wp","href":"https:\/\/api.w.org\/{rel}","templated":true}]}}