{"id":9822,"date":"2024-12-16T20:33:10","date_gmt":"2024-12-16T19:33:10","guid":{"rendered":"https:\/\/lepatriotebenin.com\/?p=9822"},"modified":"2024-12-16T20:33:26","modified_gmt":"2024-12-16T19:33:26","slug":"phase-finale-de-la-can-2025-voici-la-date-du-tirage-au-sort","status":"publish","type":"post","link":"https:\/\/lepatriotebenin.com\/index.php\/2024\/12\/16\/phase-finale-de-la-can-2025-voici-la-date-du-tirage-au-sort\/","title":{"rendered":"Phase finale de la Can 2025 :Voici la date du tirage au sort"},"content":{"rendered":"\n<p>Quelques mois apr\u00e8s les \u00e9liminatoires de la Can 2025, la Conf\u00e9d\u00e9ration africaine de football (Caf) a rendu public, ce <strong>16 d\u00e9cembre 2024<\/strong> \u00e0 <strong>Marrakech au Maroc,<\/strong> la date du tirage au sort de la phase finale de la 35\u00e8me \u00e9dition de la Coupe d\u2019Afrique des Nations (Can Maroc 2025). Ce tirage au sort est pr\u00e9vu pour avoir lieu le &nbsp;&nbsp;<strong>27 janvier 2025<\/strong> \u00e0<strong> Rabat<\/strong>. C \u2018\u00e9tait lors de la r\u00e9union des membres du comit\u00e9 ex\u00e9cutif de l\u2019instance faiti\u00e8re du football africain.<\/p>\n\n\n\n<p>Au cours de cette r\u00e9union, les dates de la Can 2025 ont \u00e9t\u00e9 officialis\u00e9es. Ainsi, la comp\u00e9tition proprement dite au Maroc d\u00e9butera le <strong>dimanche 21 d\u00e9cembre 2025<\/strong> tandis que la finale va se tenir le <strong>dimanche 18 janvier 2026.<\/strong> Faut-il le pr\u00e9ciser le<strong> B\u00e9nin<\/strong> est class\u00e9 dans le <strong>chapeau 3<\/strong> en compagnie du <strong>Gabon, de l\u2019Angola, de la Zambie, de l\u2019Ouganda et de la Guin\u00e9e<\/strong> \u00e9quatoriale. Dans le <strong>chapeau 1,<\/strong> on retrouve le <strong>Maroc, le S\u00e9n\u00e9gal, l\u2019\u00c9gypte, l\u2019Alg\u00e9rie, le Nigeria et la Cote d\u2019Ivoire.<\/strong> Sont log\u00e9s dans le <strong>chapeau 2,<\/strong> le <strong>Cameroun, le Mali, la Tunisie, l\u2019Afrique du Sud, la R\u00e9publique d\u00e9mocratique du Congo<\/strong> (RDC) et le Burkina Faso. &nbsp;L e <strong>chapeau 4<\/strong> de son c\u00f4t\u00e9 est compos\u00e9 du <strong>Mozambique, des Comores, de la Tanzanie, du Soudan, du Zimbabwe et du Botswana<\/strong>. &nbsp;<\/p>\n","protected":false},"excerpt":{"rendered":"<p>Quelques mois apr\u00e8s les \u00e9liminatoires de la Can 2025, la Conf\u00e9d\u00e9ration africaine de football (Caf) a rendu public, ce 16 d\u00e9cembre 2024 \u00e0 Marrakech au Maroc, la date du tirage&hellip;<\/p>\n","protected":false},"author":6,"featured_media":9823,"comment_status":"open","ping_status":"open","sticky":false,"template":"","format":"standard","meta":{"content-type":"","om_disable_all_campaigns":false,"_monsterinsights_skip_tracking":false,"_monsterinsights_sitenote_active":false,"_monsterinsights_sitenote_note":"","_monsterinsights_sitenote_category":0,"_uf_show_specific_survey":0,"_uf_disable_surveys":false,"footnotes":""},"categories":[8],"tags":[],"class_list":["post-9822","post","type-post","status-publish","format-standard","has-post-thumbnail","hentry","category-sport"],"aioseo_notices":[],"yoast_head":"<!-- This site is optimized with the Yoast SEO plugin v27.5 - https:\/\/yoast.com\/product\/yoast-seo-wordpress\/ -->\n<title>Phase finale de la Can 2025 :Voici la date du tirage au sort - Le Patriote<\/title>\n<meta name=\"robots\" content=\"index, follow, max-snippet:-1, max-image-preview:large, max-video-preview:-1\" \/>\n<link rel=\"canonical\" href=\"https:\/\/lepatriotebenin.com\/index.php\/2024\/12\/16\/phase-finale-de-la-can-2025-voici-la-date-du-tirage-au-sort\/\" \/>\n<meta property=\"og:locale\" content=\"fr_FR\" \/>\n<meta property=\"og:type\" content=\"article\" \/>\n<meta property=\"og:title\" content=\"Phase finale de la Can 2025 :Voici la date du tirage au sort - Le Patriote\" \/>\n<meta property=\"og:description\" content=\"Quelques mois apr\u00e8s les \u00e9liminatoires de la Can 2025, la Conf\u00e9d\u00e9ration africaine de football (Caf) a rendu public, ce 16 d\u00e9cembre 2024 \u00e0 Marrakech au Maroc, la date du tirage&hellip;\" \/>\n<meta property=\"og:url\" content=\"https:\/\/lepatriotebenin.com\/index.php\/2024\/12\/16\/phase-finale-de-la-can-2025-voici-la-date-du-tirage-au-sort\/\" \/>\n<meta property=\"og:site_name\" content=\"Le Patriote\" \/>\n<meta property=\"article:published_time\" content=\"2024-12-16T19:33:10+00:00\" \/>\n<meta property=\"article:modified_time\" content=\"2024-12-16T19:33:26+00:00\" \/>\n<meta property=\"og:image\" content=\"https:\/\/lepatriotebenin.com\/wp-content\/uploads\/2024\/12\/can-2025.jpg\" \/>\n\t<meta property=\"og:image:width\" content=\"768\" \/>\n\t<meta property=\"og:image:height\" content=\"451\" \/>\n\t<meta property=\"og:image:type\" content=\"image\/jpeg\" \/>\n<meta name=\"author\" content=\"Roland AFFANOU\" \/>\n<meta name=\"twitter:card\" content=\"summary_large_image\" \/>\n<meta name=\"twitter:label1\" content=\"\u00c9crit par\" \/>\n\t<meta name=\"twitter:data1\" content=\"Roland AFFANOU\" \/>\n\t<meta name=\"twitter:label2\" content=\"Dur\u00e9e de lecture estim\u00e9e\" \/>\n\t<meta name=\"twitter:data2\" content=\"2 minutes\" \/>\n<script type=\"application\/ld+json\" class=\"yoast-schema-graph\">{\"@context\":\"https:\\\/\\\/schema.org\",\"@graph\":[{\"@type\":\"Article\",\"@id\":\"https:\\\/\\\/lepatriotebenin.com\\\/index.php\\\/2024\\\/12\\\/16\\\/phase-finale-de-la-can-2025-voici-la-date-du-tirage-au-sort\\\/#article\",\"isPartOf\":{\"@id\":\"https:\\\/\\\/lepatriotebenin.com\\\/index.php\\\/2024\\\/12\\\/16\\\/phase-finale-de-la-can-2025-voici-la-date-du-tirage-au-sort\\\/\"},\"author\":{\"name\":\"Roland AFFANOU\",\"@id\":\"https:\\\/\\\/lepatriotebenin.com\\\/#\\\/schema\\\/person\\\/4a9b67216c97d04045e01405c534c91f\"},\"headline\":\"Phase finale de la Can 2025 :Voici la date du tirage au sort\",\"datePublished\":\"2024-12-16T19:33:10+00:00\",\"dateModified\":\"2024-12-16T19:33:26+00:00\",\"mainEntityOfPage\":{\"@id\":\"https:\\\/\\\/lepatriotebenin.com\\\/index.php\\\/2024\\\/12\\\/16\\\/phase-finale-de-la-can-2025-voici-la-date-du-tirage-au-sort\\\/\"},\"wordCount\":243,\"commentCount\":0,\"image\":{\"@id\":\"https:\\\/\\\/lepatriotebenin.com\\\/index.php\\\/2024\\\/12\\\/16\\\/phase-finale-de-la-can-2025-voici-la-date-du-tirage-au-sort\\\/#primaryimage\"},\"thumbnailUrl\":\"https:\\\/\\\/lepatriotebenin.com\\\/wp-content\\\/uploads\\\/2024\\\/12\\\/can-2025.jpg\",\"articleSection\":[\"Sport\"],\"inLanguage\":\"fr-FR\",\"potentialAction\":[{\"@type\":\"CommentAction\",\"name\":\"Comment\",\"target\":[\"https:\\\/\\\/lepatriotebenin.com\\\/index.php\\\/2024\\\/12\\\/16\\\/phase-finale-de-la-can-2025-voici-la-date-du-tirage-au-sort\\\/#respond\"]}]},{\"@type\":\"WebPage\",\"@id\":\"https:\\\/\\\/lepatriotebenin.com\\\/index.php\\\/2024\\\/12\\\/16\\\/phase-finale-de-la-can-2025-voici-la-date-du-tirage-au-sort\\\/\",\"url\":\"https:\\\/\\\/lepatriotebenin.com\\\/index.php\\\/2024\\\/12\\\/16\\\/phase-finale-de-la-can-2025-voici-la-date-du-tirage-au-sort\\\/\",\"name\":\"Phase finale de la Can 2025 :Voici la date du tirage au sort - Le Patriote\",\"isPartOf\":{\"@id\":\"https:\\\/\\\/lepatriotebenin.com\\\/#website\"},\"primaryImageOfPage\":{\"@id\":\"https:\\\/\\\/lepatriotebenin.com\\\/index.php\\\/2024\\\/12\\\/16\\\/phase-finale-de-la-can-2025-voici-la-date-du-tirage-au-sort\\\/#primaryimage\"},\"image\":{\"@id\":\"https:\\\/\\\/lepatriotebenin.com\\\/index.php\\\/2024\\\/12\\\/16\\\/phase-finale-de-la-can-2025-voici-la-date-du-tirage-au-sort\\\/#primaryimage\"},\"thumbnailUrl\":\"https:\\\/\\\/lepatriotebenin.com\\\/wp-content\\\/uploads\\\/2024\\\/12\\\/can-2025.jpg\",\"datePublished\":\"2024-12-16T19:33:10+00:00\",\"dateModified\":\"2024-12-16T19:33:26+00:00\",\"author\":{\"@id\":\"https:\\\/\\\/lepatriotebenin.com\\\/#\\\/schema\\\/person\\\/4a9b67216c97d04045e01405c534c91f\"},\"breadcrumb\":{\"@id\":\"https:\\\/\\\/lepatriotebenin.com\\\/index.php\\\/2024\\\/12\\\/16\\\/phase-finale-de-la-can-2025-voici-la-date-du-tirage-au-sort\\\/#breadcrumb\"},\"inLanguage\":\"fr-FR\",\"potentialAction\":[{\"@type\":\"ReadAction\",\"target\":[\"https:\\\/\\\/lepatriotebenin.com\\\/index.php\\\/2024\\\/12\\\/16\\\/phase-finale-de-la-can-2025-voici-la-date-du-tirage-au-sort\\\/\"]}]},{\"@type\":\"ImageObject\",\"inLanguage\":\"fr-FR\",\"@id\":\"https:\\\/\\\/lepatriotebenin.com\\\/index.php\\\/2024\\\/12\\\/16\\\/phase-finale-de-la-can-2025-voici-la-date-du-tirage-au-sort\\\/#primaryimage\",\"url\":\"https:\\\/\\\/lepatriotebenin.com\\\/wp-content\\\/uploads\\\/2024\\\/12\\\/can-2025.jpg\",\"contentUrl\":\"https:\\\/\\\/lepatriotebenin.com\\\/wp-content\\\/uploads\\\/2024\\\/12\\\/can-2025.jpg\",\"width\":768,\"height\":451},{\"@type\":\"BreadcrumbList\",\"@id\":\"https:\\\/\\\/lepatriotebenin.com\\\/index.php\\\/2024\\\/12\\\/16\\\/phase-finale-de-la-can-2025-voici-la-date-du-tirage-au-sort\\\/#breadcrumb\",\"itemListElement\":[{\"@type\":\"ListItem\",\"position\":1,\"name\":\"Accueil\",\"item\":\"https:\\\/\\\/lepatriotebenin.com\\\/\"},{\"@type\":\"ListItem\",\"position\":2,\"name\":\"Phase finale de la Can 2025 :Voici la date du tirage au sort\"}]},{\"@type\":\"WebSite\",\"@id\":\"https:\\\/\\\/lepatriotebenin.com\\\/#website\",\"url\":\"https:\\\/\\\/lepatriotebenin.com\\\/\",\"name\":\"Le Patriote\",\"description\":\"Le Patriote B\u00e9nin\",\"potentialAction\":[{\"@type\":\"SearchAction\",\"target\":{\"@type\":\"EntryPoint\",\"urlTemplate\":\"https:\\\/\\\/lepatriotebenin.com\\\/?s={search_term_string}\"},\"query-input\":{\"@type\":\"PropertyValueSpecification\",\"valueRequired\":true,\"valueName\":\"search_term_string\"}}],\"inLanguage\":\"fr-FR\"},{\"@type\":\"Person\",\"@id\":\"https:\\\/\\\/lepatriotebenin.com\\\/#\\\/schema\\\/person\\\/4a9b67216c97d04045e01405c534c91f\",\"name\":\"Roland AFFANOU\",\"image\":{\"@type\":\"ImageObject\",\"inLanguage\":\"fr-FR\",\"@id\":\"https:\\\/\\\/secure.gravatar.com\\\/avatar\\\/7209d3f6d2d47ea4d0c67e14d3effb61feb10ae540a4381280c66265de5bd643?s=96&d=mm&r=g\",\"url\":\"https:\\\/\\\/secure.gravatar.com\\\/avatar\\\/7209d3f6d2d47ea4d0c67e14d3effb61feb10ae540a4381280c66265de5bd643?s=96&d=mm&r=g\",\"contentUrl\":\"https:\\\/\\\/secure.gravatar.com\\\/avatar\\\/7209d3f6d2d47ea4d0c67e14d3effb61feb10ae540a4381280c66265de5bd643?s=96&d=mm&r=g\",\"caption\":\"Roland AFFANOU\"},\"url\":\"https:\\\/\\\/lepatriotebenin.com\"}]}<\/script>\n<!-- \/ Yoast SEO plugin. -->","yoast_head_json":{"title":"Phase finale de la Can 2025 :Voici la date du tirage au sort - Le Patriote","robots":{"index":"index","follow":"follow","max-snippet":"max-snippet:-1","max-image-preview":"max-image-preview:large","max-video-preview":"max-video-preview:-1"},"canonical":"https:\/\/lepatriotebenin.com\/index.php\/2024\/12\/16\/phase-finale-de-la-can-2025-voici-la-date-du-tirage-au-sort\/","og_locale":"fr_FR","og_type":"article","og_title":"Phase finale de la Can 2025 :Voici la date du tirage au sort - Le Patriote","og_description":"Quelques mois apr\u00e8s les \u00e9liminatoires de la Can 2025, la Conf\u00e9d\u00e9ration africaine de football (Caf) a rendu public, ce 16 d\u00e9cembre 2024 \u00e0 Marrakech au Maroc, la date du tirage&hellip;","og_url":"https:\/\/lepatriotebenin.com\/index.php\/2024\/12\/16\/phase-finale-de-la-can-2025-voici-la-date-du-tirage-au-sort\/","og_site_name":"Le Patriote","article_published_time":"2024-12-16T19:33:10+00:00","article_modified_time":"2024-12-16T19:33:26+00:00","og_image":[{"width":768,"height":451,"url":"https:\/\/lepatriotebenin.com\/wp-content\/uploads\/2024\/12\/can-2025.jpg","type":"image\/jpeg"}],"author":"Roland AFFANOU","twitter_card":"summary_large_image","twitter_misc":{"\u00c9crit par":"Roland AFFANOU","Dur\u00e9e de lecture estim\u00e9e":"2 minutes"},"schema":{"@context":"https:\/\/schema.org","@graph":[{"@type":"Article","@id":"https:\/\/lepatriotebenin.com\/index.php\/2024\/12\/16\/phase-finale-de-la-can-2025-voici-la-date-du-tirage-au-sort\/#article","isPartOf":{"@id":"https:\/\/lepatriotebenin.com\/index.php\/2024\/12\/16\/phase-finale-de-la-can-2025-voici-la-date-du-tirage-au-sort\/"},"author":{"name":"Roland AFFANOU","@id":"https:\/\/lepatriotebenin.com\/#\/schema\/person\/4a9b67216c97d04045e01405c534c91f"},"headline":"Phase finale de la Can 2025 :Voici la date du tirage au sort","datePublished":"2024-12-16T19:33:10+00:00","dateModified":"2024-12-16T19:33:26+00:00","mainEntityOfPage":{"@id":"https:\/\/lepatriotebenin.com\/index.php\/2024\/12\/16\/phase-finale-de-la-can-2025-voici-la-date-du-tirage-au-sort\/"},"wordCount":243,"commentCount":0,"image":{"@id":"https:\/\/lepatriotebenin.com\/index.php\/2024\/12\/16\/phase-finale-de-la-can-2025-voici-la-date-du-tirage-au-sort\/#primaryimage"},"thumbnailUrl":"https:\/\/lepatriotebenin.com\/wp-content\/uploads\/2024\/12\/can-2025.jpg","articleSection":["Sport"],"inLanguage":"fr-FR","potentialAction":[{"@type":"CommentAction","name":"Comment","target":["https:\/\/lepatriotebenin.com\/index.php\/2024\/12\/16\/phase-finale-de-la-can-2025-voici-la-date-du-tirage-au-sort\/#respond"]}]},{"@type":"WebPage","@id":"https:\/\/lepatriotebenin.com\/index.php\/2024\/12\/16\/phase-finale-de-la-can-2025-voici-la-date-du-tirage-au-sort\/","url":"https:\/\/lepatriotebenin.com\/index.php\/2024\/12\/16\/phase-finale-de-la-can-2025-voici-la-date-du-tirage-au-sort\/","name":"Phase finale de la Can 2025 :Voici la date du tirage au sort - Le Patriote","isPartOf":{"@id":"https:\/\/lepatriotebenin.com\/#website"},"primaryImageOfPage":{"@id":"https:\/\/lepatriotebenin.com\/index.php\/2024\/12\/16\/phase-finale-de-la-can-2025-voici-la-date-du-tirage-au-sort\/#primaryimage"},"image":{"@id":"https:\/\/lepatriotebenin.com\/index.php\/2024\/12\/16\/phase-finale-de-la-can-2025-voici-la-date-du-tirage-au-sort\/#primaryimage"},"thumbnailUrl":"https:\/\/lepatriotebenin.com\/wp-content\/uploads\/2024\/12\/can-2025.jpg","datePublished":"2024-12-16T19:33:10+00:00","dateModified":"2024-12-16T19:33:26+00:00","author":{"@id":"https:\/\/lepatriotebenin.com\/#\/schema\/person\/4a9b67216c97d04045e01405c534c91f"},"breadcrumb":{"@id":"https:\/\/lepatriotebenin.com\/index.php\/2024\/12\/16\/phase-finale-de-la-can-2025-voici-la-date-du-tirage-au-sort\/#breadcrumb"},"inLanguage":"fr-FR","potentialAction":[{"@type":"ReadAction","target":["https:\/\/lepatriotebenin.com\/index.php\/2024\/12\/16\/phase-finale-de-la-can-2025-voici-la-date-du-tirage-au-sort\/"]}]},{"@type":"ImageObject","inLanguage":"fr-FR","@id":"https:\/\/lepatriotebenin.com\/index.php\/2024\/12\/16\/phase-finale-de-la-can-2025-voici-la-date-du-tirage-au-sort\/#primaryimage","url":"https:\/\/lepatriotebenin.com\/wp-content\/uploads\/2024\/12\/can-2025.jpg","contentUrl":"https:\/\/lepatriotebenin.com\/wp-content\/uploads\/2024\/12\/can-2025.jpg","width":768,"height":451},{"@type":"BreadcrumbList","@id":"https:\/\/lepatriotebenin.com\/index.php\/2024\/12\/16\/phase-finale-de-la-can-2025-voici-la-date-du-tirage-au-sort\/#breadcrumb","itemListElement":[{"@type":"ListItem","position":1,"name":"Accueil","item":"https:\/\/lepatriotebenin.com\/"},{"@type":"ListItem","position":2,"name":"Phase finale de la Can 2025 :Voici la date du tirage au sort"}]},{"@type":"WebSite","@id":"https:\/\/lepatriotebenin.com\/#website","url":"https:\/\/lepatriotebenin.com\/","name":"Le Patriote","description":"Le Patriote B\u00e9nin","potentialAction":[{"@type":"SearchAction","target":{"@type":"EntryPoint","urlTemplate":"https:\/\/lepatriotebenin.com\/?s={search_term_string}"},"query-input":{"@type":"PropertyValueSpecification","valueRequired":true,"valueName":"search_term_string"}}],"inLanguage":"fr-FR"},{"@type":"Person","@id":"https:\/\/lepatriotebenin.com\/#\/schema\/person\/4a9b67216c97d04045e01405c534c91f","name":"Roland AFFANOU","image":{"@type":"ImageObject","inLanguage":"fr-FR","@id":"https:\/\/secure.gravatar.com\/avatar\/7209d3f6d2d47ea4d0c67e14d3effb61feb10ae540a4381280c66265de5bd643?s=96&d=mm&r=g","url":"https:\/\/secure.gravatar.com\/avatar\/7209d3f6d2d47ea4d0c67e14d3effb61feb10ae540a4381280c66265de5bd643?s=96&d=mm&r=g","contentUrl":"https:\/\/secure.gravatar.com\/avatar\/7209d3f6d2d47ea4d0c67e14d3effb61feb10ae540a4381280c66265de5bd643?s=96&d=mm&r=g","caption":"Roland AFFANOU"},"url":"https:\/\/lepatriotebenin.com"}]}},"_links":{"self":[{"href":"https:\/\/lepatriotebenin.com\/index.php\/wp-json\/wp\/v2\/posts\/9822","targetHints":{"allow":["GET"]}}],"collection":[{"href":"https:\/\/lepatriotebenin.com\/index.php\/wp-json\/wp\/v2\/posts"}],"about":[{"href":"https:\/\/lepatriotebenin.com\/index.php\/wp-json\/wp\/v2\/types\/post"}],"author":[{"embeddable":true,"href":"https:\/\/lepatriotebenin.com\/index.php\/wp-json\/wp\/v2\/users\/6"}],"replies":[{"embeddable":true,"href":"https:\/\/lepatriotebenin.com\/index.php\/wp-json\/wp\/v2\/comments?post=9822"}],"version-history":[{"count":2,"href":"https:\/\/lepatriotebenin.com\/index.php\/wp-json\/wp\/v2\/posts\/9822\/revisions"}],"predecessor-version":[{"id":9825,"href":"https:\/\/lepatriotebenin.com\/index.php\/wp-json\/wp\/v2\/posts\/9822\/revisions\/9825"}],"wp:featuredmedia":[{"embeddable":true,"href":"https:\/\/lepatriotebenin.com\/index.php\/wp-json\/wp\/v2\/media\/9823"}],"wp:attachment":[{"href":"https:\/\/lepatriotebenin.com\/index.php\/wp-json\/wp\/v2\/media?parent=9822"}],"wp:term":[{"taxonomy":"category","embeddable":true,"href":"https:\/\/lepatriotebenin.com\/index.php\/wp-json\/wp\/v2\/categories?post=9822"},{"taxonomy":"post_tag","embeddable":true,"href":"https:\/\/lepatriotebenin.com\/index.php\/wp-json\/wp\/v2\/tags?post=9822"}],"curies":[{"name":"wp","href":"https:\/\/api.w.org\/{rel}","templated":true}]}}