{"id":9629,"date":"2024-12-09T02:30:36","date_gmt":"2024-12-09T01:30:36","guid":{"rendered":"https:\/\/lepatriotebenin.com\/?p=9629"},"modified":"2024-12-09T02:30:37","modified_gmt":"2024-12-09T01:30:37","slug":"installation-a-adjohoun-de-la-coordination-communale-generation-aivo-barkatou-sabi-boun-exhorte-les-jeunes-a-lengagement-et-a-laudace","status":"publish","type":"post","link":"https:\/\/lepatriotebenin.com\/index.php\/2024\/12\/09\/installation-a-adjohoun-de-la-coordination-communale-generation-aivo-barkatou-sabi-boun-exhorte-les-jeunes-a-lengagement-et-a-laudace\/","title":{"rendered":"Installation \u00e0 Adjohoun de la coordination communale \u201cG\u00e9n\u00e9ration A\u00efvo\u201c: Barkatou Sabi Boun exhorte les jeunes \u00e0 l\u2019engagement et \u00e0 l\u2019audace"},"content":{"rendered":"\n<p>L \u2018engouement pour le mouvement \u201c<strong>G\u00e9n\u00e9ration A\u00efvo\u2019<\/strong> ne faiblit pas en d\u00e9pit de l\u2019incarc\u00e9ration de son leader. &nbsp;Ce mouvement ne cesse d\u2019\u00e9tendre ses tentacules.&nbsp; Apr\u00e8s <strong>So-Ava,<\/strong> c\u2019est le tour d\u2019<strong>Adjohoun<\/strong> de voir sa coordination communale install\u00e9e ce <strong>samedi 07 d\u00e9cembre 2024<\/strong> par la D\u00e9l\u00e9gu\u00e9e g\u00e9n\u00e9rale de la coordination nationale de ce mouvement politique, <strong>Barkatou Sabi Boun. C\u2019\u00e9tait <\/strong>en pr\u00e9sence des sages, notables, jeunes et femmes de ladite commune et des personnalit\u00e9s telles que les Coordonnateurs d\u00e9partemental et de la 20\u00e8me circonscription \u00e9lectorale et du pr\u00e9sident de CASPA.<\/p>\n\n\n\n<p>&nbsp;Dans son message \u00e0 l\u2019endroit des jeunes de la commune d\u2019Adjohoun en particulier et du B\u00e9nin en g\u00e9n\u00e9ral, la D\u00e9l\u00e9gu\u00e9e g\u00e9n\u00e9rale de G\u00e9n\u00e9ration A\u00efvo a d\u00e9clar\u00e9 que pour gagner une lutte quelle que soit sa nature, il faut un engagement total de la jeunesse. \u201d<em> Quand je parle d\u2019engagement, de quoi je parle <\/em>?\u201d a-t-elle demand\u00e9<em> avant de poursuivre : \u201c Vous pouvez d\u00e9cider de vous engager dans une association caritative mais engagez-vous. SI Vous voulez, intervenez, engagez -vous aupr\u00e8s de l\u2019association de d\u00e9veloppement de votre commune, de votre arrondissement mais engagez-vous. Vous pouvez vous engagez m\u00eame dans les organisations religieuses, engagez-vous. N\u2019ayez pas peur de vous engager. En tant que jeune, nous avons plein d\u2019id\u00e9es dans la t\u00e8te mais nous avons peur de nous lancer\u201d.<\/em><\/p>\n\n\n\n<p>Barkatou Sabi Bounn\u2019a pas manqu\u00e9 de lancer un appel \u00e0 l\u2019audace \u00e0 l\u2019endroit de la jeunesse. Conseille-t-elle, <em>\u201cpour ceux qui dont le c\u0153ur bat pour la cr\u00e9ation de la richesse engagez-vous, formez-vous, ne laissez pas l\u2019occasion, ne perdez pas l\u2019occasion de vous engager parce qu\u2019il y a du g\u00e9nie dans l\u2019audace. Osez -vous lancer, trompez -vous, commettez des erreurs mais relevez-vous, apprenez de vos erreurs et continuez. Et pour ceux qui ont envie de s\u2019engager en politique, j\u2019aimerais vous dire :&nbsp; N\u2019\u2018ayez pas peur&nbsp;&nbsp; de vous engager pour votre pays cher jeune. Votre pays a besoin de vous\u201d.<\/em> Elle a par ailleurs reconnu que \u201c c\u2019est<em> vrai, la politique peut \u00eatre violente et elle peut-\u00eatre tr\u00e8s tr\u00e8s violente mais la politique, ce n\u2019est pas la guerre des tranch\u00e9es<\/em>\u201d. &nbsp;La politique, selon elle, \u201c<em>c\u2019est juste une guerre d\u2019id\u00e9es<\/em>\u201d . <em>\u201cUn seul crit\u00e8re que je voudrais vous sugg\u00e9rer si vous voulez choisir un groupe avec lequel vous voulez marcher, ne choisissez pas en tenant compte de votre confort du moment.&nbsp; Le seul crit\u00e8re qui doit guider votre choix c\u2019est quel pays, je veux laisser en h\u00e9ritage \u00e0 mes enfants ?\u201d<\/em>&nbsp; a l\u00e2ch\u00e9&nbsp; la D\u00e9l\u00e9gu\u00e9e g\u00e9n\u00e9rale de G\u00e9n\u00e9ration A\u00efvo. &nbsp;<\/p>\n\n\n\n<p>Avant elle, Jacques<strong> Bonou,<\/strong> Pr\u00e9sident du Cercle des Amis et Soutiens du Professeur A\u00efvo (CASPA) a, dans ses propos, invit\u00e9 chaque B\u00e9ninois \u00e0 cultiver l\u2019amour du prochain<em>.\u201d Le Professeur Jo\u00ebl A\u00efvo a dit de partager l\u2019amour autour de soi\u201d<\/em> a-t-il laisser entendre avant d\u2019ajouter que le Professeur de Droit constitutionnel a demand\u00e9 de \u201c<em>continuer \u00e0 prier pour lui \u201c<\/em> et que c\u2019est la pri\u00e8re <em>\u201cqui lui donne la force de continuer le combat\u201d.<\/em><\/p>\n\n\n\n<figure class=\"wp-block-image size-large\"><img fetchpriority=\"high\" decoding=\"async\" width=\"680\" height=\"1024\" src=\"https:\/\/lepatriotebenin.com\/wp-content\/uploads\/2024\/12\/whatsapp-image-2024-12-08-a-15-52-16-64f8b60c-680x1024.jpg\" alt=\"\" class=\"wp-image-9635\" srcset=\"https:\/\/lepatriotebenin.com\/wp-content\/uploads\/2024\/12\/whatsapp-image-2024-12-08-a-15-52-16-64f8b60c-680x1024.jpg 680w, https:\/\/lepatriotebenin.com\/wp-content\/uploads\/2024\/12\/whatsapp-image-2024-12-08-a-15-52-16-64f8b60c-199x300.jpg 199w, https:\/\/lepatriotebenin.com\/wp-content\/uploads\/2024\/12\/whatsapp-image-2024-12-08-a-15-52-16-64f8b60c-585x881.jpg 585w, https:\/\/lepatriotebenin.com\/wp-content\/uploads\/2024\/12\/whatsapp-image-2024-12-08-a-15-52-16-64f8b60c.jpg 712w\" sizes=\"(max-width: 680px) 100vw, 680px\" \/><\/figure>\n\n\n\n<figure class=\"wp-block-image size-large\"><img decoding=\"async\" width=\"680\" height=\"1024\" src=\"https:\/\/lepatriotebenin.com\/wp-content\/uploads\/2024\/12\/whatsapp-image-2024-12-08-a-15-52-17-77071545-680x1024.jpg\" alt=\"\" class=\"wp-image-9632\" srcset=\"https:\/\/lepatriotebenin.com\/wp-content\/uploads\/2024\/12\/whatsapp-image-2024-12-08-a-15-52-17-77071545-680x1024.jpg 680w, https:\/\/lepatriotebenin.com\/wp-content\/uploads\/2024\/12\/whatsapp-image-2024-12-08-a-15-52-17-77071545-199x300.jpg 199w, https:\/\/lepatriotebenin.com\/wp-content\/uploads\/2024\/12\/whatsapp-image-2024-12-08-a-15-52-17-77071545-585x881.jpg 585w, https:\/\/lepatriotebenin.com\/wp-content\/uploads\/2024\/12\/whatsapp-image-2024-12-08-a-15-52-17-77071545.jpg 712w\" sizes=\"(max-width: 680px) 100vw, 680px\" \/><\/figure>\n","protected":false},"excerpt":{"rendered":"<p>L \u2018engouement pour le mouvement \u201cG\u00e9n\u00e9ration A\u00efvo\u2019 ne faiblit pas en d\u00e9pit de l\u2019incarc\u00e9ration de son leader. &nbsp;Ce mouvement ne cesse d\u2019\u00e9tendre ses tentacules.&nbsp; Apr\u00e8s So-Ava, c\u2019est le tour d\u2019Adjohoun&hellip;<\/p>\n","protected":false},"author":6,"featured_media":9630,"comment_status":"open","ping_status":"open","sticky":false,"template":"","format":"standard","meta":{"content-type":"","om_disable_all_campaigns":false,"_monsterinsights_skip_tracking":false,"_monsterinsights_sitenote_active":false,"_monsterinsights_sitenote_note":"","_monsterinsights_sitenote_category":0,"_uf_show_specific_survey":0,"_uf_disable_surveys":false,"footnotes":""},"categories":[26],"tags":[],"class_list":["post-9629","post","type-post","status-publish","format-standard","has-post-thumbnail","hentry","category-politique"],"aioseo_notices":[],"yoast_head":"<!-- This site is optimized with the Yoast SEO plugin v27.5 - https:\/\/yoast.com\/product\/yoast-seo-wordpress\/ -->\n<title>Installation \u00e0 Adjohoun de la coordination communale \u201cG\u00e9n\u00e9ration A\u00efvo\u201c: Barkatou Sabi Boun exhorte les jeunes \u00e0 l\u2019engagement et \u00e0 l\u2019audace - Le Patriote<\/title>\n<meta name=\"robots\" content=\"index, follow, max-snippet:-1, max-image-preview:large, max-video-preview:-1\" \/>\n<link rel=\"canonical\" href=\"https:\/\/lepatriotebenin.com\/index.php\/2024\/12\/09\/installation-a-adjohoun-de-la-coordination-communale-generation-aivo-barkatou-sabi-boun-exhorte-les-jeunes-a-lengagement-et-a-laudace\/\" \/>\n<meta property=\"og:locale\" content=\"fr_FR\" \/>\n<meta property=\"og:type\" content=\"article\" \/>\n<meta property=\"og:title\" content=\"Installation \u00e0 Adjohoun de la coordination communale \u201cG\u00e9n\u00e9ration A\u00efvo\u201c: Barkatou Sabi Boun exhorte les jeunes \u00e0 l\u2019engagement et \u00e0 l\u2019audace - Le Patriote\" \/>\n<meta property=\"og:description\" content=\"L \u2018engouement pour le mouvement \u201cG\u00e9n\u00e9ration A\u00efvo\u2019 ne faiblit pas en d\u00e9pit de l\u2019incarc\u00e9ration de son leader. &nbsp;Ce mouvement ne cesse d\u2019\u00e9tendre ses tentacules.&nbsp; Apr\u00e8s So-Ava, c\u2019est le tour d\u2019Adjohoun&hellip;\" \/>\n<meta property=\"og:url\" content=\"https:\/\/lepatriotebenin.com\/index.php\/2024\/12\/09\/installation-a-adjohoun-de-la-coordination-communale-generation-aivo-barkatou-sabi-boun-exhorte-les-jeunes-a-lengagement-et-a-laudace\/\" \/>\n<meta property=\"og:site_name\" content=\"Le Patriote\" \/>\n<meta property=\"article:published_time\" content=\"2024-12-09T01:30:36+00:00\" \/>\n<meta property=\"article:modified_time\" content=\"2024-12-09T01:30:37+00:00\" \/>\n<meta property=\"og:image\" content=\"https:\/\/lepatriotebenin.com\/wp-content\/uploads\/2024\/12\/whatsapp-image-2024-12-08-a-15-52-16-c3cb895e.jpg\" \/>\n\t<meta property=\"og:image:width\" content=\"1072\" \/>\n\t<meta property=\"og:image:height\" content=\"712\" \/>\n\t<meta property=\"og:image:type\" content=\"image\/jpeg\" \/>\n<meta name=\"author\" content=\"Roland AFFANOU\" \/>\n<meta name=\"twitter:card\" content=\"summary_large_image\" \/>\n<meta name=\"twitter:label1\" content=\"\u00c9crit par\" \/>\n\t<meta name=\"twitter:data1\" content=\"Roland AFFANOU\" \/>\n\t<meta name=\"twitter:label2\" content=\"Dur\u00e9e de lecture estim\u00e9e\" \/>\n\t<meta name=\"twitter:data2\" content=\"3 minutes\" \/>\n<script type=\"application\/ld+json\" class=\"yoast-schema-graph\">{\"@context\":\"https:\\\/\\\/schema.org\",\"@graph\":[{\"@type\":\"Article\",\"@id\":\"https:\\\/\\\/lepatriotebenin.com\\\/index.php\\\/2024\\\/12\\\/09\\\/installation-a-adjohoun-de-la-coordination-communale-generation-aivo-barkatou-sabi-boun-exhorte-les-jeunes-a-lengagement-et-a-laudace\\\/#article\",\"isPartOf\":{\"@id\":\"https:\\\/\\\/lepatriotebenin.com\\\/index.php\\\/2024\\\/12\\\/09\\\/installation-a-adjohoun-de-la-coordination-communale-generation-aivo-barkatou-sabi-boun-exhorte-les-jeunes-a-lengagement-et-a-laudace\\\/\"},\"author\":{\"name\":\"Roland AFFANOU\",\"@id\":\"https:\\\/\\\/lepatriotebenin.com\\\/#\\\/schema\\\/person\\\/4a9b67216c97d04045e01405c534c91f\"},\"headline\":\"Installation \u00e0 Adjohoun de la coordination communale \u201cG\u00e9n\u00e9ration A\u00efvo\u201c: Barkatou Sabi Boun exhorte les jeunes \u00e0 l\u2019engagement et \u00e0 l\u2019audace\",\"datePublished\":\"2024-12-09T01:30:36+00:00\",\"dateModified\":\"2024-12-09T01:30:37+00:00\",\"mainEntityOfPage\":{\"@id\":\"https:\\\/\\\/lepatriotebenin.com\\\/index.php\\\/2024\\\/12\\\/09\\\/installation-a-adjohoun-de-la-coordination-communale-generation-aivo-barkatou-sabi-boun-exhorte-les-jeunes-a-lengagement-et-a-laudace\\\/\"},\"wordCount\":590,\"commentCount\":0,\"image\":{\"@id\":\"https:\\\/\\\/lepatriotebenin.com\\\/index.php\\\/2024\\\/12\\\/09\\\/installation-a-adjohoun-de-la-coordination-communale-generation-aivo-barkatou-sabi-boun-exhorte-les-jeunes-a-lengagement-et-a-laudace\\\/#primaryimage\"},\"thumbnailUrl\":\"https:\\\/\\\/lepatriotebenin.com\\\/wp-content\\\/uploads\\\/2024\\\/12\\\/whatsapp-image-2024-12-08-a-15-52-16-c3cb895e.jpg\",\"articleSection\":[\"Politique\"],\"inLanguage\":\"fr-FR\",\"potentialAction\":[{\"@type\":\"CommentAction\",\"name\":\"Comment\",\"target\":[\"https:\\\/\\\/lepatriotebenin.com\\\/index.php\\\/2024\\\/12\\\/09\\\/installation-a-adjohoun-de-la-coordination-communale-generation-aivo-barkatou-sabi-boun-exhorte-les-jeunes-a-lengagement-et-a-laudace\\\/#respond\"]}]},{\"@type\":\"WebPage\",\"@id\":\"https:\\\/\\\/lepatriotebenin.com\\\/index.php\\\/2024\\\/12\\\/09\\\/installation-a-adjohoun-de-la-coordination-communale-generation-aivo-barkatou-sabi-boun-exhorte-les-jeunes-a-lengagement-et-a-laudace\\\/\",\"url\":\"https:\\\/\\\/lepatriotebenin.com\\\/index.php\\\/2024\\\/12\\\/09\\\/installation-a-adjohoun-de-la-coordination-communale-generation-aivo-barkatou-sabi-boun-exhorte-les-jeunes-a-lengagement-et-a-laudace\\\/\",\"name\":\"Installation \u00e0 Adjohoun de la coordination communale \u201cG\u00e9n\u00e9ration A\u00efvo\u201c: Barkatou Sabi Boun exhorte les jeunes \u00e0 l\u2019engagement et \u00e0 l\u2019audace - Le Patriote\",\"isPartOf\":{\"@id\":\"https:\\\/\\\/lepatriotebenin.com\\\/#website\"},\"primaryImageOfPage\":{\"@id\":\"https:\\\/\\\/lepatriotebenin.com\\\/index.php\\\/2024\\\/12\\\/09\\\/installation-a-adjohoun-de-la-coordination-communale-generation-aivo-barkatou-sabi-boun-exhorte-les-jeunes-a-lengagement-et-a-laudace\\\/#primaryimage\"},\"image\":{\"@id\":\"https:\\\/\\\/lepatriotebenin.com\\\/index.php\\\/2024\\\/12\\\/09\\\/installation-a-adjohoun-de-la-coordination-communale-generation-aivo-barkatou-sabi-boun-exhorte-les-jeunes-a-lengagement-et-a-laudace\\\/#primaryimage\"},\"thumbnailUrl\":\"https:\\\/\\\/lepatriotebenin.com\\\/wp-content\\\/uploads\\\/2024\\\/12\\\/whatsapp-image-2024-12-08-a-15-52-16-c3cb895e.jpg\",\"datePublished\":\"2024-12-09T01:30:36+00:00\",\"dateModified\":\"2024-12-09T01:30:37+00:00\",\"author\":{\"@id\":\"https:\\\/\\\/lepatriotebenin.com\\\/#\\\/schema\\\/person\\\/4a9b67216c97d04045e01405c534c91f\"},\"breadcrumb\":{\"@id\":\"https:\\\/\\\/lepatriotebenin.com\\\/index.php\\\/2024\\\/12\\\/09\\\/installation-a-adjohoun-de-la-coordination-communale-generation-aivo-barkatou-sabi-boun-exhorte-les-jeunes-a-lengagement-et-a-laudace\\\/#breadcrumb\"},\"inLanguage\":\"fr-FR\",\"potentialAction\":[{\"@type\":\"ReadAction\",\"target\":[\"https:\\\/\\\/lepatriotebenin.com\\\/index.php\\\/2024\\\/12\\\/09\\\/installation-a-adjohoun-de-la-coordination-communale-generation-aivo-barkatou-sabi-boun-exhorte-les-jeunes-a-lengagement-et-a-laudace\\\/\"]}]},{\"@type\":\"ImageObject\",\"inLanguage\":\"fr-FR\",\"@id\":\"https:\\\/\\\/lepatriotebenin.com\\\/index.php\\\/2024\\\/12\\\/09\\\/installation-a-adjohoun-de-la-coordination-communale-generation-aivo-barkatou-sabi-boun-exhorte-les-jeunes-a-lengagement-et-a-laudace\\\/#primaryimage\",\"url\":\"https:\\\/\\\/lepatriotebenin.com\\\/wp-content\\\/uploads\\\/2024\\\/12\\\/whatsapp-image-2024-12-08-a-15-52-16-c3cb895e.jpg\",\"contentUrl\":\"https:\\\/\\\/lepatriotebenin.com\\\/wp-content\\\/uploads\\\/2024\\\/12\\\/whatsapp-image-2024-12-08-a-15-52-16-c3cb895e.jpg\",\"width\":1072,\"height\":712},{\"@type\":\"BreadcrumbList\",\"@id\":\"https:\\\/\\\/lepatriotebenin.com\\\/index.php\\\/2024\\\/12\\\/09\\\/installation-a-adjohoun-de-la-coordination-communale-generation-aivo-barkatou-sabi-boun-exhorte-les-jeunes-a-lengagement-et-a-laudace\\\/#breadcrumb\",\"itemListElement\":[{\"@type\":\"ListItem\",\"position\":1,\"name\":\"Accueil\",\"item\":\"https:\\\/\\\/lepatriotebenin.com\\\/\"},{\"@type\":\"ListItem\",\"position\":2,\"name\":\"Installation \u00e0 Adjohoun de la coordination communale \u201cG\u00e9n\u00e9ration A\u00efvo\u201c: Barkatou Sabi Boun exhorte les jeunes \u00e0 l\u2019engagement et \u00e0 l\u2019audace\"}]},{\"@type\":\"WebSite\",\"@id\":\"https:\\\/\\\/lepatriotebenin.com\\\/#website\",\"url\":\"https:\\\/\\\/lepatriotebenin.com\\\/\",\"name\":\"Le Patriote\",\"description\":\"Le Patriote B\u00e9nin\",\"potentialAction\":[{\"@type\":\"SearchAction\",\"target\":{\"@type\":\"EntryPoint\",\"urlTemplate\":\"https:\\\/\\\/lepatriotebenin.com\\\/?s={search_term_string}\"},\"query-input\":{\"@type\":\"PropertyValueSpecification\",\"valueRequired\":true,\"valueName\":\"search_term_string\"}}],\"inLanguage\":\"fr-FR\"},{\"@type\":\"Person\",\"@id\":\"https:\\\/\\\/lepatriotebenin.com\\\/#\\\/schema\\\/person\\\/4a9b67216c97d04045e01405c534c91f\",\"name\":\"Roland AFFANOU\",\"image\":{\"@type\":\"ImageObject\",\"inLanguage\":\"fr-FR\",\"@id\":\"https:\\\/\\\/secure.gravatar.com\\\/avatar\\\/7209d3f6d2d47ea4d0c67e14d3effb61feb10ae540a4381280c66265de5bd643?s=96&d=mm&r=g\",\"url\":\"https:\\\/\\\/secure.gravatar.com\\\/avatar\\\/7209d3f6d2d47ea4d0c67e14d3effb61feb10ae540a4381280c66265de5bd643?s=96&d=mm&r=g\",\"contentUrl\":\"https:\\\/\\\/secure.gravatar.com\\\/avatar\\\/7209d3f6d2d47ea4d0c67e14d3effb61feb10ae540a4381280c66265de5bd643?s=96&d=mm&r=g\",\"caption\":\"Roland AFFANOU\"},\"url\":\"https:\\\/\\\/lepatriotebenin.com\"}]}<\/script>\n<!-- \/ Yoast SEO plugin. -->","yoast_head_json":{"title":"Installation \u00e0 Adjohoun de la coordination communale \u201cG\u00e9n\u00e9ration A\u00efvo\u201c: Barkatou Sabi Boun exhorte les jeunes \u00e0 l\u2019engagement et \u00e0 l\u2019audace - Le Patriote","robots":{"index":"index","follow":"follow","max-snippet":"max-snippet:-1","max-image-preview":"max-image-preview:large","max-video-preview":"max-video-preview:-1"},"canonical":"https:\/\/lepatriotebenin.com\/index.php\/2024\/12\/09\/installation-a-adjohoun-de-la-coordination-communale-generation-aivo-barkatou-sabi-boun-exhorte-les-jeunes-a-lengagement-et-a-laudace\/","og_locale":"fr_FR","og_type":"article","og_title":"Installation \u00e0 Adjohoun de la coordination communale \u201cG\u00e9n\u00e9ration A\u00efvo\u201c: Barkatou Sabi Boun exhorte les jeunes \u00e0 l\u2019engagement et \u00e0 l\u2019audace - Le Patriote","og_description":"L \u2018engouement pour le mouvement \u201cG\u00e9n\u00e9ration A\u00efvo\u2019 ne faiblit pas en d\u00e9pit de l\u2019incarc\u00e9ration de son leader. &nbsp;Ce mouvement ne cesse d\u2019\u00e9tendre ses tentacules.&nbsp; Apr\u00e8s So-Ava, c\u2019est le tour d\u2019Adjohoun&hellip;","og_url":"https:\/\/lepatriotebenin.com\/index.php\/2024\/12\/09\/installation-a-adjohoun-de-la-coordination-communale-generation-aivo-barkatou-sabi-boun-exhorte-les-jeunes-a-lengagement-et-a-laudace\/","og_site_name":"Le Patriote","article_published_time":"2024-12-09T01:30:36+00:00","article_modified_time":"2024-12-09T01:30:37+00:00","og_image":[{"width":1072,"height":712,"url":"https:\/\/lepatriotebenin.com\/wp-content\/uploads\/2024\/12\/whatsapp-image-2024-12-08-a-15-52-16-c3cb895e.jpg","type":"image\/jpeg"}],"author":"Roland AFFANOU","twitter_card":"summary_large_image","twitter_misc":{"\u00c9crit par":"Roland AFFANOU","Dur\u00e9e de lecture estim\u00e9e":"3 minutes"},"schema":{"@context":"https:\/\/schema.org","@graph":[{"@type":"Article","@id":"https:\/\/lepatriotebenin.com\/index.php\/2024\/12\/09\/installation-a-adjohoun-de-la-coordination-communale-generation-aivo-barkatou-sabi-boun-exhorte-les-jeunes-a-lengagement-et-a-laudace\/#article","isPartOf":{"@id":"https:\/\/lepatriotebenin.com\/index.php\/2024\/12\/09\/installation-a-adjohoun-de-la-coordination-communale-generation-aivo-barkatou-sabi-boun-exhorte-les-jeunes-a-lengagement-et-a-laudace\/"},"author":{"name":"Roland AFFANOU","@id":"https:\/\/lepatriotebenin.com\/#\/schema\/person\/4a9b67216c97d04045e01405c534c91f"},"headline":"Installation \u00e0 Adjohoun de la coordination communale \u201cG\u00e9n\u00e9ration A\u00efvo\u201c: Barkatou Sabi Boun exhorte les jeunes \u00e0 l\u2019engagement et \u00e0 l\u2019audace","datePublished":"2024-12-09T01:30:36+00:00","dateModified":"2024-12-09T01:30:37+00:00","mainEntityOfPage":{"@id":"https:\/\/lepatriotebenin.com\/index.php\/2024\/12\/09\/installation-a-adjohoun-de-la-coordination-communale-generation-aivo-barkatou-sabi-boun-exhorte-les-jeunes-a-lengagement-et-a-laudace\/"},"wordCount":590,"commentCount":0,"image":{"@id":"https:\/\/lepatriotebenin.com\/index.php\/2024\/12\/09\/installation-a-adjohoun-de-la-coordination-communale-generation-aivo-barkatou-sabi-boun-exhorte-les-jeunes-a-lengagement-et-a-laudace\/#primaryimage"},"thumbnailUrl":"https:\/\/lepatriotebenin.com\/wp-content\/uploads\/2024\/12\/whatsapp-image-2024-12-08-a-15-52-16-c3cb895e.jpg","articleSection":["Politique"],"inLanguage":"fr-FR","potentialAction":[{"@type":"CommentAction","name":"Comment","target":["https:\/\/lepatriotebenin.com\/index.php\/2024\/12\/09\/installation-a-adjohoun-de-la-coordination-communale-generation-aivo-barkatou-sabi-boun-exhorte-les-jeunes-a-lengagement-et-a-laudace\/#respond"]}]},{"@type":"WebPage","@id":"https:\/\/lepatriotebenin.com\/index.php\/2024\/12\/09\/installation-a-adjohoun-de-la-coordination-communale-generation-aivo-barkatou-sabi-boun-exhorte-les-jeunes-a-lengagement-et-a-laudace\/","url":"https:\/\/lepatriotebenin.com\/index.php\/2024\/12\/09\/installation-a-adjohoun-de-la-coordination-communale-generation-aivo-barkatou-sabi-boun-exhorte-les-jeunes-a-lengagement-et-a-laudace\/","name":"Installation \u00e0 Adjohoun de la coordination communale \u201cG\u00e9n\u00e9ration A\u00efvo\u201c: Barkatou Sabi Boun exhorte les jeunes \u00e0 l\u2019engagement et \u00e0 l\u2019audace - Le Patriote","isPartOf":{"@id":"https:\/\/lepatriotebenin.com\/#website"},"primaryImageOfPage":{"@id":"https:\/\/lepatriotebenin.com\/index.php\/2024\/12\/09\/installation-a-adjohoun-de-la-coordination-communale-generation-aivo-barkatou-sabi-boun-exhorte-les-jeunes-a-lengagement-et-a-laudace\/#primaryimage"},"image":{"@id":"https:\/\/lepatriotebenin.com\/index.php\/2024\/12\/09\/installation-a-adjohoun-de-la-coordination-communale-generation-aivo-barkatou-sabi-boun-exhorte-les-jeunes-a-lengagement-et-a-laudace\/#primaryimage"},"thumbnailUrl":"https:\/\/lepatriotebenin.com\/wp-content\/uploads\/2024\/12\/whatsapp-image-2024-12-08-a-15-52-16-c3cb895e.jpg","datePublished":"2024-12-09T01:30:36+00:00","dateModified":"2024-12-09T01:30:37+00:00","author":{"@id":"https:\/\/lepatriotebenin.com\/#\/schema\/person\/4a9b67216c97d04045e01405c534c91f"},"breadcrumb":{"@id":"https:\/\/lepatriotebenin.com\/index.php\/2024\/12\/09\/installation-a-adjohoun-de-la-coordination-communale-generation-aivo-barkatou-sabi-boun-exhorte-les-jeunes-a-lengagement-et-a-laudace\/#breadcrumb"},"inLanguage":"fr-FR","potentialAction":[{"@type":"ReadAction","target":["https:\/\/lepatriotebenin.com\/index.php\/2024\/12\/09\/installation-a-adjohoun-de-la-coordination-communale-generation-aivo-barkatou-sabi-boun-exhorte-les-jeunes-a-lengagement-et-a-laudace\/"]}]},{"@type":"ImageObject","inLanguage":"fr-FR","@id":"https:\/\/lepatriotebenin.com\/index.php\/2024\/12\/09\/installation-a-adjohoun-de-la-coordination-communale-generation-aivo-barkatou-sabi-boun-exhorte-les-jeunes-a-lengagement-et-a-laudace\/#primaryimage","url":"https:\/\/lepatriotebenin.com\/wp-content\/uploads\/2024\/12\/whatsapp-image-2024-12-08-a-15-52-16-c3cb895e.jpg","contentUrl":"https:\/\/lepatriotebenin.com\/wp-content\/uploads\/2024\/12\/whatsapp-image-2024-12-08-a-15-52-16-c3cb895e.jpg","width":1072,"height":712},{"@type":"BreadcrumbList","@id":"https:\/\/lepatriotebenin.com\/index.php\/2024\/12\/09\/installation-a-adjohoun-de-la-coordination-communale-generation-aivo-barkatou-sabi-boun-exhorte-les-jeunes-a-lengagement-et-a-laudace\/#breadcrumb","itemListElement":[{"@type":"ListItem","position":1,"name":"Accueil","item":"https:\/\/lepatriotebenin.com\/"},{"@type":"ListItem","position":2,"name":"Installation \u00e0 Adjohoun de la coordination communale \u201cG\u00e9n\u00e9ration A\u00efvo\u201c: Barkatou Sabi Boun exhorte les jeunes \u00e0 l\u2019engagement et \u00e0 l\u2019audace"}]},{"@type":"WebSite","@id":"https:\/\/lepatriotebenin.com\/#website","url":"https:\/\/lepatriotebenin.com\/","name":"Le Patriote","description":"Le Patriote B\u00e9nin","potentialAction":[{"@type":"SearchAction","target":{"@type":"EntryPoint","urlTemplate":"https:\/\/lepatriotebenin.com\/?s={search_term_string}"},"query-input":{"@type":"PropertyValueSpecification","valueRequired":true,"valueName":"search_term_string"}}],"inLanguage":"fr-FR"},{"@type":"Person","@id":"https:\/\/lepatriotebenin.com\/#\/schema\/person\/4a9b67216c97d04045e01405c534c91f","name":"Roland AFFANOU","image":{"@type":"ImageObject","inLanguage":"fr-FR","@id":"https:\/\/secure.gravatar.com\/avatar\/7209d3f6d2d47ea4d0c67e14d3effb61feb10ae540a4381280c66265de5bd643?s=96&d=mm&r=g","url":"https:\/\/secure.gravatar.com\/avatar\/7209d3f6d2d47ea4d0c67e14d3effb61feb10ae540a4381280c66265de5bd643?s=96&d=mm&r=g","contentUrl":"https:\/\/secure.gravatar.com\/avatar\/7209d3f6d2d47ea4d0c67e14d3effb61feb10ae540a4381280c66265de5bd643?s=96&d=mm&r=g","caption":"Roland AFFANOU"},"url":"https:\/\/lepatriotebenin.com"}]}},"_links":{"self":[{"href":"https:\/\/lepatriotebenin.com\/index.php\/wp-json\/wp\/v2\/posts\/9629","targetHints":{"allow":["GET"]}}],"collection":[{"href":"https:\/\/lepatriotebenin.com\/index.php\/wp-json\/wp\/v2\/posts"}],"about":[{"href":"https:\/\/lepatriotebenin.com\/index.php\/wp-json\/wp\/v2\/types\/post"}],"author":[{"embeddable":true,"href":"https:\/\/lepatriotebenin.com\/index.php\/wp-json\/wp\/v2\/users\/6"}],"replies":[{"embeddable":true,"href":"https:\/\/lepatriotebenin.com\/index.php\/wp-json\/wp\/v2\/comments?post=9629"}],"version-history":[{"count":1,"href":"https:\/\/lepatriotebenin.com\/index.php\/wp-json\/wp\/v2\/posts\/9629\/revisions"}],"predecessor-version":[{"id":9636,"href":"https:\/\/lepatriotebenin.com\/index.php\/wp-json\/wp\/v2\/posts\/9629\/revisions\/9636"}],"wp:featuredmedia":[{"embeddable":true,"href":"https:\/\/lepatriotebenin.com\/index.php\/wp-json\/wp\/v2\/media\/9630"}],"wp:attachment":[{"href":"https:\/\/lepatriotebenin.com\/index.php\/wp-json\/wp\/v2\/media?parent=9629"}],"wp:term":[{"taxonomy":"category","embeddable":true,"href":"https:\/\/lepatriotebenin.com\/index.php\/wp-json\/wp\/v2\/categories?post=9629"},{"taxonomy":"post_tag","embeddable":true,"href":"https:\/\/lepatriotebenin.com\/index.php\/wp-json\/wp\/v2\/tags?post=9629"}],"curies":[{"name":"wp","href":"https:\/\/api.w.org\/{rel}","templated":true}]}}