{"id":9620,"date":"2024-12-08T10:21:33","date_gmt":"2024-12-08T09:21:33","guid":{"rendered":"https:\/\/lepatriotebenin.com\/?p=9620"},"modified":"2024-12-08T10:28:26","modified_gmt":"2024-12-08T09:28:26","slug":"syrie-effondrement-du-regime-de-bachar-el-assad","status":"publish","type":"post","link":"https:\/\/lepatriotebenin.com\/index.php\/2024\/12\/08\/syrie-effondrement-du-regime-de-bachar-el-assad\/","title":{"rendered":"Syrie : Effondrement du r\u00e9gime de Bachar el-Assad"},"content":{"rendered":"\n<p>Le r\u00e9gime du pr\u00e9sident <strong>Bachar el-Assad,<\/strong> apr\u00e8s <strong>25 ans<\/strong> de r\u00e8gne sans partage sur la Syrie et <strong>50 ans<\/strong> de r\u00e8gne de la famille el-Assad, s\u2019est effondr\u00e9 au <strong>petit matin de ce dimanche 08 d\u00e9cembre 2024<\/strong>. Bachar el-Assad a pris la fuite face aux puissances de feu des rebelles emmen\u00e9s par le groupe islamiste radical <strong>Hayat Tahnir al-Sham<\/strong> qui ont fait leur entr\u00e9e cette nuit dans la capitale <strong>Damas.<\/strong> Ces rebelles annoncent \u2019 \u201c <em>une nouvelle \u00e8re\u201d<\/em> dans le pays et la \u201c<em>fuite du \u201ctyran\u201d<\/em> Bachar el-Assad. . A la t\u00e9l\u00e9vision publique, les rebelles ont annonc\u00e9 la chute du&nbsp;<em>\u00ab\u00a0tyran\u00a0\u00bb<\/em>&nbsp;Bachar al-Assad et la&nbsp;<em>\u00ab\u00a0lib\u00e9ration\u00a0\u00bb<\/em>&nbsp;de Damas. Quant aux institutions qui sont en place en Syrie notamment le Premier ministre, il se dit pr\u00eat pour toute <em>\u201cpassation\u201d<\/em> de pouvoir et \u00e0 coop\u00e9rer avec le \u201c<em>leadership\u201d<\/em> que choisira le peuple. La Russie, soutien fervent du r\u00e9gime de\u2019 Bachar El -Assad, n\u2019a pu rien faire pour emp\u00eacher la chute de son prot\u00e9g\u00e9. &nbsp;<\/p>\n\n\n\n<p>Faut-il signaler que l\u2019offensive des rebelles a d\u00e9marr\u00e9 le <strong>27 novembre 2024<\/strong> par la prise de plusieurs villes sans combat de la part des Forces arm\u00e9es syriennes, ceci 13 ans apr\u00e8s la guerre civile qui a fait un demi millions de morts. \u00c9galement certains militaires syriens, avec leur \u00e9quipement et familles, ont trouv\u00e9 refuge en<strong> Irak<\/strong>.&nbsp;<\/p>\n","protected":false},"excerpt":{"rendered":"<p>Le r\u00e9gime du pr\u00e9sident Bachar el-Assad, apr\u00e8s 25 ans de r\u00e8gne sans partage sur la Syrie et 50 ans de r\u00e8gne de la famille el-Assad, s\u2019est effondr\u00e9 au petit matin&hellip;<\/p>\n","protected":false},"author":6,"featured_media":9627,"comment_status":"open","ping_status":"open","sticky":false,"template":"","format":"standard","meta":{"content-type":"","om_disable_all_campaigns":false,"_monsterinsights_skip_tracking":false,"_monsterinsights_sitenote_active":false,"_monsterinsights_sitenote_note":"","_monsterinsights_sitenote_category":0,"_uf_show_specific_survey":0,"_uf_disable_surveys":false,"footnotes":""},"categories":[9],"tags":[],"class_list":["post-9620","post","type-post","status-publish","format-standard","has-post-thumbnail","hentry","category-uncategorized"],"aioseo_notices":[],"yoast_head":"<!-- This site is optimized with the Yoast SEO plugin v27.5 - https:\/\/yoast.com\/product\/yoast-seo-wordpress\/ -->\n<title>Syrie : Effondrement du r\u00e9gime de Bachar el-Assad - Le Patriote<\/title>\n<meta name=\"robots\" content=\"index, follow, max-snippet:-1, max-image-preview:large, max-video-preview:-1\" \/>\n<link rel=\"canonical\" href=\"https:\/\/lepatriotebenin.com\/index.php\/2024\/12\/08\/syrie-effondrement-du-regime-de-bachar-el-assad\/\" \/>\n<meta property=\"og:locale\" content=\"fr_FR\" \/>\n<meta property=\"og:type\" content=\"article\" \/>\n<meta property=\"og:title\" content=\"Syrie : Effondrement du r\u00e9gime de Bachar el-Assad - Le Patriote\" \/>\n<meta property=\"og:description\" content=\"Le r\u00e9gime du pr\u00e9sident Bachar el-Assad, apr\u00e8s 25 ans de r\u00e8gne sans partage sur la Syrie et 50 ans de r\u00e8gne de la famille el-Assad, s\u2019est effondr\u00e9 au petit matin&hellip;\" \/>\n<meta property=\"og:url\" content=\"https:\/\/lepatriotebenin.com\/index.php\/2024\/12\/08\/syrie-effondrement-du-regime-de-bachar-el-assad\/\" \/>\n<meta property=\"og:site_name\" content=\"Le Patriote\" \/>\n<meta property=\"article:published_time\" content=\"2024-12-08T09:21:33+00:00\" \/>\n<meta property=\"article:modified_time\" content=\"2024-12-08T09:28:26+00:00\" \/>\n<meta property=\"og:image\" content=\"https:\/\/lepatriotebenin.com\/wp-content\/uploads\/2024\/12\/syrie-3.webp\" \/>\n\t<meta property=\"og:image:width\" content=\"1280\" \/>\n\t<meta property=\"og:image:height\" content=\"746\" \/>\n\t<meta property=\"og:image:type\" content=\"image\/webp\" \/>\n<meta name=\"author\" content=\"Roland AFFANOU\" \/>\n<meta name=\"twitter:card\" content=\"summary_large_image\" \/>\n<meta name=\"twitter:label1\" content=\"\u00c9crit par\" \/>\n\t<meta name=\"twitter:data1\" content=\"Roland AFFANOU\" \/>\n\t<meta name=\"twitter:label2\" content=\"Dur\u00e9e de lecture estim\u00e9e\" \/>\n\t<meta name=\"twitter:data2\" content=\"2 minutes\" \/>\n<script type=\"application\/ld+json\" class=\"yoast-schema-graph\">{\"@context\":\"https:\\\/\\\/schema.org\",\"@graph\":[{\"@type\":\"Article\",\"@id\":\"https:\\\/\\\/lepatriotebenin.com\\\/index.php\\\/2024\\\/12\\\/08\\\/syrie-effondrement-du-regime-de-bachar-el-assad\\\/#article\",\"isPartOf\":{\"@id\":\"https:\\\/\\\/lepatriotebenin.com\\\/index.php\\\/2024\\\/12\\\/08\\\/syrie-effondrement-du-regime-de-bachar-el-assad\\\/\"},\"author\":{\"name\":\"Roland AFFANOU\",\"@id\":\"https:\\\/\\\/lepatriotebenin.com\\\/#\\\/schema\\\/person\\\/4a9b67216c97d04045e01405c534c91f\"},\"headline\":\"Syrie : Effondrement du r\u00e9gime de Bachar el-Assad\",\"datePublished\":\"2024-12-08T09:21:33+00:00\",\"dateModified\":\"2024-12-08T09:28:26+00:00\",\"mainEntityOfPage\":{\"@id\":\"https:\\\/\\\/lepatriotebenin.com\\\/index.php\\\/2024\\\/12\\\/08\\\/syrie-effondrement-du-regime-de-bachar-el-assad\\\/\"},\"wordCount\":241,\"commentCount\":0,\"image\":{\"@id\":\"https:\\\/\\\/lepatriotebenin.com\\\/index.php\\\/2024\\\/12\\\/08\\\/syrie-effondrement-du-regime-de-bachar-el-assad\\\/#primaryimage\"},\"thumbnailUrl\":\"https:\\\/\\\/lepatriotebenin.com\\\/wp-content\\\/uploads\\\/2024\\\/12\\\/syrie-3.webp\",\"articleSection\":[\"Uncategorized\"],\"inLanguage\":\"fr-FR\",\"potentialAction\":[{\"@type\":\"CommentAction\",\"name\":\"Comment\",\"target\":[\"https:\\\/\\\/lepatriotebenin.com\\\/index.php\\\/2024\\\/12\\\/08\\\/syrie-effondrement-du-regime-de-bachar-el-assad\\\/#respond\"]}]},{\"@type\":\"WebPage\",\"@id\":\"https:\\\/\\\/lepatriotebenin.com\\\/index.php\\\/2024\\\/12\\\/08\\\/syrie-effondrement-du-regime-de-bachar-el-assad\\\/\",\"url\":\"https:\\\/\\\/lepatriotebenin.com\\\/index.php\\\/2024\\\/12\\\/08\\\/syrie-effondrement-du-regime-de-bachar-el-assad\\\/\",\"name\":\"Syrie : Effondrement du r\u00e9gime de Bachar el-Assad - Le Patriote\",\"isPartOf\":{\"@id\":\"https:\\\/\\\/lepatriotebenin.com\\\/#website\"},\"primaryImageOfPage\":{\"@id\":\"https:\\\/\\\/lepatriotebenin.com\\\/index.php\\\/2024\\\/12\\\/08\\\/syrie-effondrement-du-regime-de-bachar-el-assad\\\/#primaryimage\"},\"image\":{\"@id\":\"https:\\\/\\\/lepatriotebenin.com\\\/index.php\\\/2024\\\/12\\\/08\\\/syrie-effondrement-du-regime-de-bachar-el-assad\\\/#primaryimage\"},\"thumbnailUrl\":\"https:\\\/\\\/lepatriotebenin.com\\\/wp-content\\\/uploads\\\/2024\\\/12\\\/syrie-3.webp\",\"datePublished\":\"2024-12-08T09:21:33+00:00\",\"dateModified\":\"2024-12-08T09:28:26+00:00\",\"author\":{\"@id\":\"https:\\\/\\\/lepatriotebenin.com\\\/#\\\/schema\\\/person\\\/4a9b67216c97d04045e01405c534c91f\"},\"breadcrumb\":{\"@id\":\"https:\\\/\\\/lepatriotebenin.com\\\/index.php\\\/2024\\\/12\\\/08\\\/syrie-effondrement-du-regime-de-bachar-el-assad\\\/#breadcrumb\"},\"inLanguage\":\"fr-FR\",\"potentialAction\":[{\"@type\":\"ReadAction\",\"target\":[\"https:\\\/\\\/lepatriotebenin.com\\\/index.php\\\/2024\\\/12\\\/08\\\/syrie-effondrement-du-regime-de-bachar-el-assad\\\/\"]}]},{\"@type\":\"ImageObject\",\"inLanguage\":\"fr-FR\",\"@id\":\"https:\\\/\\\/lepatriotebenin.com\\\/index.php\\\/2024\\\/12\\\/08\\\/syrie-effondrement-du-regime-de-bachar-el-assad\\\/#primaryimage\",\"url\":\"https:\\\/\\\/lepatriotebenin.com\\\/wp-content\\\/uploads\\\/2024\\\/12\\\/syrie-3.webp\",\"contentUrl\":\"https:\\\/\\\/lepatriotebenin.com\\\/wp-content\\\/uploads\\\/2024\\\/12\\\/syrie-3.webp\",\"width\":1280,\"height\":746},{\"@type\":\"BreadcrumbList\",\"@id\":\"https:\\\/\\\/lepatriotebenin.com\\\/index.php\\\/2024\\\/12\\\/08\\\/syrie-effondrement-du-regime-de-bachar-el-assad\\\/#breadcrumb\",\"itemListElement\":[{\"@type\":\"ListItem\",\"position\":1,\"name\":\"Accueil\",\"item\":\"https:\\\/\\\/lepatriotebenin.com\\\/\"},{\"@type\":\"ListItem\",\"position\":2,\"name\":\"Syrie : Effondrement du r\u00e9gime de Bachar el-Assad\"}]},{\"@type\":\"WebSite\",\"@id\":\"https:\\\/\\\/lepatriotebenin.com\\\/#website\",\"url\":\"https:\\\/\\\/lepatriotebenin.com\\\/\",\"name\":\"Le Patriote\",\"description\":\"Le Patriote B\u00e9nin\",\"potentialAction\":[{\"@type\":\"SearchAction\",\"target\":{\"@type\":\"EntryPoint\",\"urlTemplate\":\"https:\\\/\\\/lepatriotebenin.com\\\/?s={search_term_string}\"},\"query-input\":{\"@type\":\"PropertyValueSpecification\",\"valueRequired\":true,\"valueName\":\"search_term_string\"}}],\"inLanguage\":\"fr-FR\"},{\"@type\":\"Person\",\"@id\":\"https:\\\/\\\/lepatriotebenin.com\\\/#\\\/schema\\\/person\\\/4a9b67216c97d04045e01405c534c91f\",\"name\":\"Roland AFFANOU\",\"image\":{\"@type\":\"ImageObject\",\"inLanguage\":\"fr-FR\",\"@id\":\"https:\\\/\\\/secure.gravatar.com\\\/avatar\\\/7209d3f6d2d47ea4d0c67e14d3effb61feb10ae540a4381280c66265de5bd643?s=96&d=mm&r=g\",\"url\":\"https:\\\/\\\/secure.gravatar.com\\\/avatar\\\/7209d3f6d2d47ea4d0c67e14d3effb61feb10ae540a4381280c66265de5bd643?s=96&d=mm&r=g\",\"contentUrl\":\"https:\\\/\\\/secure.gravatar.com\\\/avatar\\\/7209d3f6d2d47ea4d0c67e14d3effb61feb10ae540a4381280c66265de5bd643?s=96&d=mm&r=g\",\"caption\":\"Roland AFFANOU\"},\"url\":\"https:\\\/\\\/lepatriotebenin.com\"}]}<\/script>\n<!-- \/ Yoast SEO plugin. -->","yoast_head_json":{"title":"Syrie : Effondrement du r\u00e9gime de Bachar el-Assad - Le Patriote","robots":{"index":"index","follow":"follow","max-snippet":"max-snippet:-1","max-image-preview":"max-image-preview:large","max-video-preview":"max-video-preview:-1"},"canonical":"https:\/\/lepatriotebenin.com\/index.php\/2024\/12\/08\/syrie-effondrement-du-regime-de-bachar-el-assad\/","og_locale":"fr_FR","og_type":"article","og_title":"Syrie : Effondrement du r\u00e9gime de Bachar el-Assad - Le Patriote","og_description":"Le r\u00e9gime du pr\u00e9sident Bachar el-Assad, apr\u00e8s 25 ans de r\u00e8gne sans partage sur la Syrie et 50 ans de r\u00e8gne de la famille el-Assad, s\u2019est effondr\u00e9 au petit matin&hellip;","og_url":"https:\/\/lepatriotebenin.com\/index.php\/2024\/12\/08\/syrie-effondrement-du-regime-de-bachar-el-assad\/","og_site_name":"Le Patriote","article_published_time":"2024-12-08T09:21:33+00:00","article_modified_time":"2024-12-08T09:28:26+00:00","og_image":[{"width":1280,"height":746,"url":"https:\/\/lepatriotebenin.com\/wp-content\/uploads\/2024\/12\/syrie-3.webp","type":"image\/webp"}],"author":"Roland AFFANOU","twitter_card":"summary_large_image","twitter_misc":{"\u00c9crit par":"Roland AFFANOU","Dur\u00e9e de lecture estim\u00e9e":"2 minutes"},"schema":{"@context":"https:\/\/schema.org","@graph":[{"@type":"Article","@id":"https:\/\/lepatriotebenin.com\/index.php\/2024\/12\/08\/syrie-effondrement-du-regime-de-bachar-el-assad\/#article","isPartOf":{"@id":"https:\/\/lepatriotebenin.com\/index.php\/2024\/12\/08\/syrie-effondrement-du-regime-de-bachar-el-assad\/"},"author":{"name":"Roland AFFANOU","@id":"https:\/\/lepatriotebenin.com\/#\/schema\/person\/4a9b67216c97d04045e01405c534c91f"},"headline":"Syrie : Effondrement du r\u00e9gime de Bachar el-Assad","datePublished":"2024-12-08T09:21:33+00:00","dateModified":"2024-12-08T09:28:26+00:00","mainEntityOfPage":{"@id":"https:\/\/lepatriotebenin.com\/index.php\/2024\/12\/08\/syrie-effondrement-du-regime-de-bachar-el-assad\/"},"wordCount":241,"commentCount":0,"image":{"@id":"https:\/\/lepatriotebenin.com\/index.php\/2024\/12\/08\/syrie-effondrement-du-regime-de-bachar-el-assad\/#primaryimage"},"thumbnailUrl":"https:\/\/lepatriotebenin.com\/wp-content\/uploads\/2024\/12\/syrie-3.webp","articleSection":["Uncategorized"],"inLanguage":"fr-FR","potentialAction":[{"@type":"CommentAction","name":"Comment","target":["https:\/\/lepatriotebenin.com\/index.php\/2024\/12\/08\/syrie-effondrement-du-regime-de-bachar-el-assad\/#respond"]}]},{"@type":"WebPage","@id":"https:\/\/lepatriotebenin.com\/index.php\/2024\/12\/08\/syrie-effondrement-du-regime-de-bachar-el-assad\/","url":"https:\/\/lepatriotebenin.com\/index.php\/2024\/12\/08\/syrie-effondrement-du-regime-de-bachar-el-assad\/","name":"Syrie : Effondrement du r\u00e9gime de Bachar el-Assad - Le Patriote","isPartOf":{"@id":"https:\/\/lepatriotebenin.com\/#website"},"primaryImageOfPage":{"@id":"https:\/\/lepatriotebenin.com\/index.php\/2024\/12\/08\/syrie-effondrement-du-regime-de-bachar-el-assad\/#primaryimage"},"image":{"@id":"https:\/\/lepatriotebenin.com\/index.php\/2024\/12\/08\/syrie-effondrement-du-regime-de-bachar-el-assad\/#primaryimage"},"thumbnailUrl":"https:\/\/lepatriotebenin.com\/wp-content\/uploads\/2024\/12\/syrie-3.webp","datePublished":"2024-12-08T09:21:33+00:00","dateModified":"2024-12-08T09:28:26+00:00","author":{"@id":"https:\/\/lepatriotebenin.com\/#\/schema\/person\/4a9b67216c97d04045e01405c534c91f"},"breadcrumb":{"@id":"https:\/\/lepatriotebenin.com\/index.php\/2024\/12\/08\/syrie-effondrement-du-regime-de-bachar-el-assad\/#breadcrumb"},"inLanguage":"fr-FR","potentialAction":[{"@type":"ReadAction","target":["https:\/\/lepatriotebenin.com\/index.php\/2024\/12\/08\/syrie-effondrement-du-regime-de-bachar-el-assad\/"]}]},{"@type":"ImageObject","inLanguage":"fr-FR","@id":"https:\/\/lepatriotebenin.com\/index.php\/2024\/12\/08\/syrie-effondrement-du-regime-de-bachar-el-assad\/#primaryimage","url":"https:\/\/lepatriotebenin.com\/wp-content\/uploads\/2024\/12\/syrie-3.webp","contentUrl":"https:\/\/lepatriotebenin.com\/wp-content\/uploads\/2024\/12\/syrie-3.webp","width":1280,"height":746},{"@type":"BreadcrumbList","@id":"https:\/\/lepatriotebenin.com\/index.php\/2024\/12\/08\/syrie-effondrement-du-regime-de-bachar-el-assad\/#breadcrumb","itemListElement":[{"@type":"ListItem","position":1,"name":"Accueil","item":"https:\/\/lepatriotebenin.com\/"},{"@type":"ListItem","position":2,"name":"Syrie : Effondrement du r\u00e9gime de Bachar el-Assad"}]},{"@type":"WebSite","@id":"https:\/\/lepatriotebenin.com\/#website","url":"https:\/\/lepatriotebenin.com\/","name":"Le Patriote","description":"Le Patriote B\u00e9nin","potentialAction":[{"@type":"SearchAction","target":{"@type":"EntryPoint","urlTemplate":"https:\/\/lepatriotebenin.com\/?s={search_term_string}"},"query-input":{"@type":"PropertyValueSpecification","valueRequired":true,"valueName":"search_term_string"}}],"inLanguage":"fr-FR"},{"@type":"Person","@id":"https:\/\/lepatriotebenin.com\/#\/schema\/person\/4a9b67216c97d04045e01405c534c91f","name":"Roland AFFANOU","image":{"@type":"ImageObject","inLanguage":"fr-FR","@id":"https:\/\/secure.gravatar.com\/avatar\/7209d3f6d2d47ea4d0c67e14d3effb61feb10ae540a4381280c66265de5bd643?s=96&d=mm&r=g","url":"https:\/\/secure.gravatar.com\/avatar\/7209d3f6d2d47ea4d0c67e14d3effb61feb10ae540a4381280c66265de5bd643?s=96&d=mm&r=g","contentUrl":"https:\/\/secure.gravatar.com\/avatar\/7209d3f6d2d47ea4d0c67e14d3effb61feb10ae540a4381280c66265de5bd643?s=96&d=mm&r=g","caption":"Roland AFFANOU"},"url":"https:\/\/lepatriotebenin.com"}]}},"_links":{"self":[{"href":"https:\/\/lepatriotebenin.com\/index.php\/wp-json\/wp\/v2\/posts\/9620","targetHints":{"allow":["GET"]}}],"collection":[{"href":"https:\/\/lepatriotebenin.com\/index.php\/wp-json\/wp\/v2\/posts"}],"about":[{"href":"https:\/\/lepatriotebenin.com\/index.php\/wp-json\/wp\/v2\/types\/post"}],"author":[{"embeddable":true,"href":"https:\/\/lepatriotebenin.com\/index.php\/wp-json\/wp\/v2\/users\/6"}],"replies":[{"embeddable":true,"href":"https:\/\/lepatriotebenin.com\/index.php\/wp-json\/wp\/v2\/comments?post=9620"}],"version-history":[{"count":2,"href":"https:\/\/lepatriotebenin.com\/index.php\/wp-json\/wp\/v2\/posts\/9620\/revisions"}],"predecessor-version":[{"id":9628,"href":"https:\/\/lepatriotebenin.com\/index.php\/wp-json\/wp\/v2\/posts\/9620\/revisions\/9628"}],"wp:featuredmedia":[{"embeddable":true,"href":"https:\/\/lepatriotebenin.com\/index.php\/wp-json\/wp\/v2\/media\/9627"}],"wp:attachment":[{"href":"https:\/\/lepatriotebenin.com\/index.php\/wp-json\/wp\/v2\/media?parent=9620"}],"wp:term":[{"taxonomy":"category","embeddable":true,"href":"https:\/\/lepatriotebenin.com\/index.php\/wp-json\/wp\/v2\/categories?post=9620"},{"taxonomy":"post_tag","embeddable":true,"href":"https:\/\/lepatriotebenin.com\/index.php\/wp-json\/wp\/v2\/tags?post=9620"}],"curies":[{"name":"wp","href":"https:\/\/api.w.org\/{rel}","templated":true}]}}