{"id":9485,"date":"2024-12-02T01:04:36","date_gmt":"2024-12-02T00:04:36","guid":{"rendered":"https:\/\/lepatriotebenin.com\/?p=9485"},"modified":"2024-12-02T01:04:37","modified_gmt":"2024-12-02T00:04:37","slug":"politique-luapdb-appelle-a-un-retour-a-la-constitution-de-1990","status":"publish","type":"post","link":"https:\/\/lepatriotebenin.com\/index.php\/2024\/12\/02\/politique-luapdb-appelle-a-un-retour-a-la-constitution-de-1990\/","title":{"rendered":"Politique\u00a0 : L&rsquo;UAPDB appelle \u00e0 un retour \u00e0 la constitution de 1990"},"content":{"rendered":"\n<p>&nbsp;Ce dimanche 1er d\u00e9cembre 2024, l&rsquo;\u00e9mission Grand Angle de Virgile Ahouans\u00e8 a re\u00e7u Bruno Ad\u00e9 Symahou, coordonnateur de l&rsquo;Unit\u00e9 d&rsquo;Action Patriotique de la Diaspora B\u00e9ninoise (UAPDB). En studio, il a abord\u00e9 les moyens que pr\u00e9conise son creuset pour un retour \u00e0 la paix en R\u00e9publique du B\u00e9nin .<\/p>\n\n\n\n<p>\u00ab\u00a0Nous ne croyons pas aux \u00e9lections prochaines. L&rsquo;agenda de 2026 est un canular et il ne faut pas y croire. La philosophie politique de Talon est adoss\u00e9 \u00e0 la monarchie. Il s&rsquo;est dot\u00e9 \u00e0 lui seul un code \u00e9lectoral et son r\u00e9gime se m\u00e9prend du peuple\u00a0\u00bb.&nbsp; Ce sont l\u00e0 les propos de Bruno Ad\u00e9 Symahou, coordonnateur de l&rsquo;Unit\u00e9 d&rsquo;Action Patriotique de la Diaspora B\u00e9ninoise (UAPDB) sur l&rsquo;\u00e9mission Grand Angle de ce dimanche. \u00c0 l&rsquo;en croire, la R\u00e9publique du B\u00e9nin est en panne au regard de la disparition des institutions \u00e9tatiques et il faudra un retour \u00e0 la constitution de 1990. \u00ab\u00a0Aujourd&rsquo;hui, nous sommes dans la monarchie au B\u00e9nin. Notre R\u00e9publique n&rsquo;existe m\u00eame plus. Patrice Talon s&rsquo;est transform\u00e9 en monarque \u00e0 travers une ditacture de d\u00e9veloppement qui ne peut m\u00eame pas marcher avec un peuple aussi \u00e9lev\u00e9 sur le plan politique. Et m\u00eame les institutions \u00e9tatiques n&rsquo;existent plus. Belle preuve,&nbsp; la Cour Constitutionnelle s&rsquo;est d\u00e9clar\u00e9e incomp\u00e9tente sur plusieurs sujets\u00a0\u00bb, a expliqu\u00e9 le coordonnateur de l&rsquo;UAPDB. Pour lui, ce contexte actuel dans lequel se trouve aujourd&rsquo;hui le peuple b\u00e9ninois n&rsquo;est pas du tout favorable pour une \u00e9lection en 2026.<\/p>\n\n\n\n<p>C&rsquo;est dans ce sens que l&rsquo;UAPDB s&rsquo;inscrit dans une ligne m\u00e9thodologique pour montrer la voie \u00e0 suivre au peuple b\u00e9ninois. \u00ab\u00a0Pour un retour \u00e0 la normale, nous pouvons aller \u00e0 une conf\u00e9rence nationale. Il nous faut le dialogue inclusif et social. Quand on ne veut pas, on dit non. Et le peuple a ce pouvoir. C&rsquo;est le message que nous avons \u00e0 adresser au peuple b\u00e9ninois. Il faut qu&rsquo;il prenne ses responsabilit\u00e9s. Le peuple doit manifester son pouvoir un peu comme dans le pass\u00e9 o\u00f9 il a su imposer certaines choses afin que la nation aille bien ; figurez-vous, on appelle pas \u00e0 une insurrection et nous n&rsquo;avions aucune envie de d\u00e9stabilisation et aucune envie de coup d&rsquo;\u00e9tat\u00a0\u00bb, a laiss\u00e9 entendre Bruno Ad\u00e9 Symahou.<\/p>\n\n\n\n<p>Pour lui, le peuple d\u00e9tient le pouvoir de s&rsquo;imposer mais pas \u00e0 travers le cadre de concertation de l&rsquo;opposition. \u00ab\u00a0Nous sommes oppos\u00e9s au cadre de concertation de l&rsquo;oppostion. Je suis convaincu que le peuple b\u00e9ninois va reprendre le pouvoir qui lui appartient. Patrice Talon ne pense pas \u00e0 un apr\u00e8s Patrice Talon. Il donne l&rsquo;apparence qu&rsquo;il est l\u00e9galiste alors qu&rsquo;il est un monarque. Il s&rsquo;est mis dans une posture o\u00f9 il ne peut que faire du mal pour avancer. Et cet homme, il faut le sauver de lui-m\u00eame. On invite tous les acteurs de notre pays \u00e0 se mobiliser comme cel\u00e0 se doit\u00a0\u00bb, a-t-il conclu.<\/p>\n\n\n\n<p>Gildas AHOGNI<\/p>\n","protected":false},"excerpt":{"rendered":"<p>&nbsp;Ce dimanche 1er d\u00e9cembre 2024, l&rsquo;\u00e9mission Grand Angle de Virgile Ahouans\u00e8 a re\u00e7u Bruno Ad\u00e9 Symahou, coordonnateur de l&rsquo;Unit\u00e9 d&rsquo;Action Patriotique de la Diaspora B\u00e9ninoise (UAPDB). En studio, il a&hellip;<\/p>\n","protected":false},"author":5,"featured_media":9393,"comment_status":"open","ping_status":"open","sticky":false,"template":"","format":"standard","meta":{"content-type":"","om_disable_all_campaigns":false,"_monsterinsights_skip_tracking":false,"_monsterinsights_sitenote_active":false,"_monsterinsights_sitenote_note":"","_monsterinsights_sitenote_category":0,"_uf_show_specific_survey":0,"_uf_disable_surveys":false,"footnotes":""},"categories":[26],"tags":[],"class_list":["post-9485","post","type-post","status-publish","format-standard","has-post-thumbnail","hentry","category-politique"],"aioseo_notices":[],"yoast_head":"<!-- This site is optimized with the Yoast SEO plugin v27.5 - https:\/\/yoast.com\/product\/yoast-seo-wordpress\/ -->\n<title>Politique\u00a0 : L&#039;UAPDB appelle \u00e0 un retour \u00e0 la constitution de 1990 - Le Patriote<\/title>\n<meta name=\"robots\" content=\"index, follow, max-snippet:-1, max-image-preview:large, max-video-preview:-1\" \/>\n<link rel=\"canonical\" href=\"https:\/\/lepatriotebenin.com\/index.php\/2024\/12\/02\/politique-luapdb-appelle-a-un-retour-a-la-constitution-de-1990\/\" \/>\n<meta property=\"og:locale\" content=\"fr_FR\" \/>\n<meta property=\"og:type\" content=\"article\" \/>\n<meta property=\"og:title\" content=\"Politique\u00a0 : L&#039;UAPDB appelle \u00e0 un retour \u00e0 la constitution de 1990 - Le Patriote\" \/>\n<meta property=\"og:description\" content=\"&nbsp;Ce dimanche 1er d\u00e9cembre 2024, l&rsquo;\u00e9mission Grand Angle de Virgile Ahouans\u00e8 a re\u00e7u Bruno Ad\u00e9 Symahou, coordonnateur de l&rsquo;Unit\u00e9 d&rsquo;Action Patriotique de la Diaspora B\u00e9ninoise (UAPDB). En studio, il a&hellip;\" \/>\n<meta property=\"og:url\" content=\"https:\/\/lepatriotebenin.com\/index.php\/2024\/12\/02\/politique-luapdb-appelle-a-un-retour-a-la-constitution-de-1990\/\" \/>\n<meta property=\"og:site_name\" content=\"Le Patriote\" \/>\n<meta property=\"article:published_time\" content=\"2024-12-02T00:04:36+00:00\" \/>\n<meta property=\"article:modified_time\" content=\"2024-12-02T00:04:37+00:00\" \/>\n<meta property=\"og:image\" content=\"https:\/\/lepatriotebenin.com\/wp-content\/uploads\/2024\/11\/symahou-1.jpg\" \/>\n\t<meta property=\"og:image:width\" content=\"225\" \/>\n\t<meta property=\"og:image:height\" content=\"225\" \/>\n\t<meta property=\"og:image:type\" content=\"image\/jpeg\" \/>\n<meta name=\"author\" content=\"Redaction\" \/>\n<meta name=\"twitter:card\" content=\"summary_large_image\" \/>\n<meta name=\"twitter:label1\" content=\"\u00c9crit par\" \/>\n\t<meta name=\"twitter:data1\" content=\"Redaction\" \/>\n\t<meta name=\"twitter:label2\" content=\"Dur\u00e9e de lecture estim\u00e9e\" \/>\n\t<meta name=\"twitter:data2\" content=\"3 minutes\" \/>\n<script type=\"application\/ld+json\" class=\"yoast-schema-graph\">{\"@context\":\"https:\\\/\\\/schema.org\",\"@graph\":[{\"@type\":\"Article\",\"@id\":\"https:\\\/\\\/lepatriotebenin.com\\\/index.php\\\/2024\\\/12\\\/02\\\/politique-luapdb-appelle-a-un-retour-a-la-constitution-de-1990\\\/#article\",\"isPartOf\":{\"@id\":\"https:\\\/\\\/lepatriotebenin.com\\\/index.php\\\/2024\\\/12\\\/02\\\/politique-luapdb-appelle-a-un-retour-a-la-constitution-de-1990\\\/\"},\"author\":{\"name\":\"Redaction\",\"@id\":\"https:\\\/\\\/lepatriotebenin.com\\\/#\\\/schema\\\/person\\\/2e7709b9c9cc313e452d1136af61690f\"},\"headline\":\"Politique\u00a0 : L&rsquo;UAPDB appelle \u00e0 un retour \u00e0 la constitution de 1990\",\"datePublished\":\"2024-12-02T00:04:36+00:00\",\"dateModified\":\"2024-12-02T00:04:37+00:00\",\"mainEntityOfPage\":{\"@id\":\"https:\\\/\\\/lepatriotebenin.com\\\/index.php\\\/2024\\\/12\\\/02\\\/politique-luapdb-appelle-a-un-retour-a-la-constitution-de-1990\\\/\"},\"wordCount\":522,\"commentCount\":0,\"image\":{\"@id\":\"https:\\\/\\\/lepatriotebenin.com\\\/index.php\\\/2024\\\/12\\\/02\\\/politique-luapdb-appelle-a-un-retour-a-la-constitution-de-1990\\\/#primaryimage\"},\"thumbnailUrl\":\"https:\\\/\\\/lepatriotebenin.com\\\/wp-content\\\/uploads\\\/2024\\\/11\\\/symahou-1.jpg\",\"articleSection\":[\"Politique\"],\"inLanguage\":\"fr-FR\",\"potentialAction\":[{\"@type\":\"CommentAction\",\"name\":\"Comment\",\"target\":[\"https:\\\/\\\/lepatriotebenin.com\\\/index.php\\\/2024\\\/12\\\/02\\\/politique-luapdb-appelle-a-un-retour-a-la-constitution-de-1990\\\/#respond\"]}]},{\"@type\":\"WebPage\",\"@id\":\"https:\\\/\\\/lepatriotebenin.com\\\/index.php\\\/2024\\\/12\\\/02\\\/politique-luapdb-appelle-a-un-retour-a-la-constitution-de-1990\\\/\",\"url\":\"https:\\\/\\\/lepatriotebenin.com\\\/index.php\\\/2024\\\/12\\\/02\\\/politique-luapdb-appelle-a-un-retour-a-la-constitution-de-1990\\\/\",\"name\":\"Politique\u00a0 : L'UAPDB appelle \u00e0 un retour \u00e0 la constitution de 1990 - Le Patriote\",\"isPartOf\":{\"@id\":\"https:\\\/\\\/lepatriotebenin.com\\\/#website\"},\"primaryImageOfPage\":{\"@id\":\"https:\\\/\\\/lepatriotebenin.com\\\/index.php\\\/2024\\\/12\\\/02\\\/politique-luapdb-appelle-a-un-retour-a-la-constitution-de-1990\\\/#primaryimage\"},\"image\":{\"@id\":\"https:\\\/\\\/lepatriotebenin.com\\\/index.php\\\/2024\\\/12\\\/02\\\/politique-luapdb-appelle-a-un-retour-a-la-constitution-de-1990\\\/#primaryimage\"},\"thumbnailUrl\":\"https:\\\/\\\/lepatriotebenin.com\\\/wp-content\\\/uploads\\\/2024\\\/11\\\/symahou-1.jpg\",\"datePublished\":\"2024-12-02T00:04:36+00:00\",\"dateModified\":\"2024-12-02T00:04:37+00:00\",\"author\":{\"@id\":\"https:\\\/\\\/lepatriotebenin.com\\\/#\\\/schema\\\/person\\\/2e7709b9c9cc313e452d1136af61690f\"},\"breadcrumb\":{\"@id\":\"https:\\\/\\\/lepatriotebenin.com\\\/index.php\\\/2024\\\/12\\\/02\\\/politique-luapdb-appelle-a-un-retour-a-la-constitution-de-1990\\\/#breadcrumb\"},\"inLanguage\":\"fr-FR\",\"potentialAction\":[{\"@type\":\"ReadAction\",\"target\":[\"https:\\\/\\\/lepatriotebenin.com\\\/index.php\\\/2024\\\/12\\\/02\\\/politique-luapdb-appelle-a-un-retour-a-la-constitution-de-1990\\\/\"]}]},{\"@type\":\"ImageObject\",\"inLanguage\":\"fr-FR\",\"@id\":\"https:\\\/\\\/lepatriotebenin.com\\\/index.php\\\/2024\\\/12\\\/02\\\/politique-luapdb-appelle-a-un-retour-a-la-constitution-de-1990\\\/#primaryimage\",\"url\":\"https:\\\/\\\/lepatriotebenin.com\\\/wp-content\\\/uploads\\\/2024\\\/11\\\/symahou-1.jpg\",\"contentUrl\":\"https:\\\/\\\/lepatriotebenin.com\\\/wp-content\\\/uploads\\\/2024\\\/11\\\/symahou-1.jpg\",\"width\":225,\"height\":225},{\"@type\":\"BreadcrumbList\",\"@id\":\"https:\\\/\\\/lepatriotebenin.com\\\/index.php\\\/2024\\\/12\\\/02\\\/politique-luapdb-appelle-a-un-retour-a-la-constitution-de-1990\\\/#breadcrumb\",\"itemListElement\":[{\"@type\":\"ListItem\",\"position\":1,\"name\":\"Accueil\",\"item\":\"https:\\\/\\\/lepatriotebenin.com\\\/\"},{\"@type\":\"ListItem\",\"position\":2,\"name\":\"Politique\u00a0 : L&rsquo;UAPDB appelle \u00e0 un retour \u00e0 la constitution de 1990\"}]},{\"@type\":\"WebSite\",\"@id\":\"https:\\\/\\\/lepatriotebenin.com\\\/#website\",\"url\":\"https:\\\/\\\/lepatriotebenin.com\\\/\",\"name\":\"Le Patriote\",\"description\":\"Le Patriote B\u00e9nin\",\"potentialAction\":[{\"@type\":\"SearchAction\",\"target\":{\"@type\":\"EntryPoint\",\"urlTemplate\":\"https:\\\/\\\/lepatriotebenin.com\\\/?s={search_term_string}\"},\"query-input\":{\"@type\":\"PropertyValueSpecification\",\"valueRequired\":true,\"valueName\":\"search_term_string\"}}],\"inLanguage\":\"fr-FR\"},{\"@type\":\"Person\",\"@id\":\"https:\\\/\\\/lepatriotebenin.com\\\/#\\\/schema\\\/person\\\/2e7709b9c9cc313e452d1136af61690f\",\"name\":\"Redaction\",\"image\":{\"@type\":\"ImageObject\",\"inLanguage\":\"fr-FR\",\"@id\":\"https:\\\/\\\/secure.gravatar.com\\\/avatar\\\/c4c509357859ea2ca2cbb6d8812898a73e4ef1ef9934c2e591d7e32face734d1?s=96&d=mm&r=g\",\"url\":\"https:\\\/\\\/secure.gravatar.com\\\/avatar\\\/c4c509357859ea2ca2cbb6d8812898a73e4ef1ef9934c2e591d7e32face734d1?s=96&d=mm&r=g\",\"contentUrl\":\"https:\\\/\\\/secure.gravatar.com\\\/avatar\\\/c4c509357859ea2ca2cbb6d8812898a73e4ef1ef9934c2e591d7e32face734d1?s=96&d=mm&r=g\",\"caption\":\"Redaction\"},\"url\":\"https:\\\/\\\/lepatriotebenin.com\"}]}<\/script>\n<!-- \/ Yoast SEO plugin. -->","yoast_head_json":{"title":"Politique\u00a0 : L'UAPDB appelle \u00e0 un retour \u00e0 la constitution de 1990 - Le Patriote","robots":{"index":"index","follow":"follow","max-snippet":"max-snippet:-1","max-image-preview":"max-image-preview:large","max-video-preview":"max-video-preview:-1"},"canonical":"https:\/\/lepatriotebenin.com\/index.php\/2024\/12\/02\/politique-luapdb-appelle-a-un-retour-a-la-constitution-de-1990\/","og_locale":"fr_FR","og_type":"article","og_title":"Politique\u00a0 : L'UAPDB appelle \u00e0 un retour \u00e0 la constitution de 1990 - Le Patriote","og_description":"&nbsp;Ce dimanche 1er d\u00e9cembre 2024, l&rsquo;\u00e9mission Grand Angle de Virgile Ahouans\u00e8 a re\u00e7u Bruno Ad\u00e9 Symahou, coordonnateur de l&rsquo;Unit\u00e9 d&rsquo;Action Patriotique de la Diaspora B\u00e9ninoise (UAPDB). En studio, il a&hellip;","og_url":"https:\/\/lepatriotebenin.com\/index.php\/2024\/12\/02\/politique-luapdb-appelle-a-un-retour-a-la-constitution-de-1990\/","og_site_name":"Le Patriote","article_published_time":"2024-12-02T00:04:36+00:00","article_modified_time":"2024-12-02T00:04:37+00:00","og_image":[{"width":225,"height":225,"url":"https:\/\/lepatriotebenin.com\/wp-content\/uploads\/2024\/11\/symahou-1.jpg","type":"image\/jpeg"}],"author":"Redaction","twitter_card":"summary_large_image","twitter_misc":{"\u00c9crit par":"Redaction","Dur\u00e9e de lecture estim\u00e9e":"3 minutes"},"schema":{"@context":"https:\/\/schema.org","@graph":[{"@type":"Article","@id":"https:\/\/lepatriotebenin.com\/index.php\/2024\/12\/02\/politique-luapdb-appelle-a-un-retour-a-la-constitution-de-1990\/#article","isPartOf":{"@id":"https:\/\/lepatriotebenin.com\/index.php\/2024\/12\/02\/politique-luapdb-appelle-a-un-retour-a-la-constitution-de-1990\/"},"author":{"name":"Redaction","@id":"https:\/\/lepatriotebenin.com\/#\/schema\/person\/2e7709b9c9cc313e452d1136af61690f"},"headline":"Politique\u00a0 : L&rsquo;UAPDB appelle \u00e0 un retour \u00e0 la constitution de 1990","datePublished":"2024-12-02T00:04:36+00:00","dateModified":"2024-12-02T00:04:37+00:00","mainEntityOfPage":{"@id":"https:\/\/lepatriotebenin.com\/index.php\/2024\/12\/02\/politique-luapdb-appelle-a-un-retour-a-la-constitution-de-1990\/"},"wordCount":522,"commentCount":0,"image":{"@id":"https:\/\/lepatriotebenin.com\/index.php\/2024\/12\/02\/politique-luapdb-appelle-a-un-retour-a-la-constitution-de-1990\/#primaryimage"},"thumbnailUrl":"https:\/\/lepatriotebenin.com\/wp-content\/uploads\/2024\/11\/symahou-1.jpg","articleSection":["Politique"],"inLanguage":"fr-FR","potentialAction":[{"@type":"CommentAction","name":"Comment","target":["https:\/\/lepatriotebenin.com\/index.php\/2024\/12\/02\/politique-luapdb-appelle-a-un-retour-a-la-constitution-de-1990\/#respond"]}]},{"@type":"WebPage","@id":"https:\/\/lepatriotebenin.com\/index.php\/2024\/12\/02\/politique-luapdb-appelle-a-un-retour-a-la-constitution-de-1990\/","url":"https:\/\/lepatriotebenin.com\/index.php\/2024\/12\/02\/politique-luapdb-appelle-a-un-retour-a-la-constitution-de-1990\/","name":"Politique\u00a0 : L'UAPDB appelle \u00e0 un retour \u00e0 la constitution de 1990 - Le Patriote","isPartOf":{"@id":"https:\/\/lepatriotebenin.com\/#website"},"primaryImageOfPage":{"@id":"https:\/\/lepatriotebenin.com\/index.php\/2024\/12\/02\/politique-luapdb-appelle-a-un-retour-a-la-constitution-de-1990\/#primaryimage"},"image":{"@id":"https:\/\/lepatriotebenin.com\/index.php\/2024\/12\/02\/politique-luapdb-appelle-a-un-retour-a-la-constitution-de-1990\/#primaryimage"},"thumbnailUrl":"https:\/\/lepatriotebenin.com\/wp-content\/uploads\/2024\/11\/symahou-1.jpg","datePublished":"2024-12-02T00:04:36+00:00","dateModified":"2024-12-02T00:04:37+00:00","author":{"@id":"https:\/\/lepatriotebenin.com\/#\/schema\/person\/2e7709b9c9cc313e452d1136af61690f"},"breadcrumb":{"@id":"https:\/\/lepatriotebenin.com\/index.php\/2024\/12\/02\/politique-luapdb-appelle-a-un-retour-a-la-constitution-de-1990\/#breadcrumb"},"inLanguage":"fr-FR","potentialAction":[{"@type":"ReadAction","target":["https:\/\/lepatriotebenin.com\/index.php\/2024\/12\/02\/politique-luapdb-appelle-a-un-retour-a-la-constitution-de-1990\/"]}]},{"@type":"ImageObject","inLanguage":"fr-FR","@id":"https:\/\/lepatriotebenin.com\/index.php\/2024\/12\/02\/politique-luapdb-appelle-a-un-retour-a-la-constitution-de-1990\/#primaryimage","url":"https:\/\/lepatriotebenin.com\/wp-content\/uploads\/2024\/11\/symahou-1.jpg","contentUrl":"https:\/\/lepatriotebenin.com\/wp-content\/uploads\/2024\/11\/symahou-1.jpg","width":225,"height":225},{"@type":"BreadcrumbList","@id":"https:\/\/lepatriotebenin.com\/index.php\/2024\/12\/02\/politique-luapdb-appelle-a-un-retour-a-la-constitution-de-1990\/#breadcrumb","itemListElement":[{"@type":"ListItem","position":1,"name":"Accueil","item":"https:\/\/lepatriotebenin.com\/"},{"@type":"ListItem","position":2,"name":"Politique\u00a0 : L&rsquo;UAPDB appelle \u00e0 un retour \u00e0 la constitution de 1990"}]},{"@type":"WebSite","@id":"https:\/\/lepatriotebenin.com\/#website","url":"https:\/\/lepatriotebenin.com\/","name":"Le Patriote","description":"Le Patriote B\u00e9nin","potentialAction":[{"@type":"SearchAction","target":{"@type":"EntryPoint","urlTemplate":"https:\/\/lepatriotebenin.com\/?s={search_term_string}"},"query-input":{"@type":"PropertyValueSpecification","valueRequired":true,"valueName":"search_term_string"}}],"inLanguage":"fr-FR"},{"@type":"Person","@id":"https:\/\/lepatriotebenin.com\/#\/schema\/person\/2e7709b9c9cc313e452d1136af61690f","name":"Redaction","image":{"@type":"ImageObject","inLanguage":"fr-FR","@id":"https:\/\/secure.gravatar.com\/avatar\/c4c509357859ea2ca2cbb6d8812898a73e4ef1ef9934c2e591d7e32face734d1?s=96&d=mm&r=g","url":"https:\/\/secure.gravatar.com\/avatar\/c4c509357859ea2ca2cbb6d8812898a73e4ef1ef9934c2e591d7e32face734d1?s=96&d=mm&r=g","contentUrl":"https:\/\/secure.gravatar.com\/avatar\/c4c509357859ea2ca2cbb6d8812898a73e4ef1ef9934c2e591d7e32face734d1?s=96&d=mm&r=g","caption":"Redaction"},"url":"https:\/\/lepatriotebenin.com"}]}},"_links":{"self":[{"href":"https:\/\/lepatriotebenin.com\/index.php\/wp-json\/wp\/v2\/posts\/9485","targetHints":{"allow":["GET"]}}],"collection":[{"href":"https:\/\/lepatriotebenin.com\/index.php\/wp-json\/wp\/v2\/posts"}],"about":[{"href":"https:\/\/lepatriotebenin.com\/index.php\/wp-json\/wp\/v2\/types\/post"}],"author":[{"embeddable":true,"href":"https:\/\/lepatriotebenin.com\/index.php\/wp-json\/wp\/v2\/users\/5"}],"replies":[{"embeddable":true,"href":"https:\/\/lepatriotebenin.com\/index.php\/wp-json\/wp\/v2\/comments?post=9485"}],"version-history":[{"count":1,"href":"https:\/\/lepatriotebenin.com\/index.php\/wp-json\/wp\/v2\/posts\/9485\/revisions"}],"predecessor-version":[{"id":9486,"href":"https:\/\/lepatriotebenin.com\/index.php\/wp-json\/wp\/v2\/posts\/9485\/revisions\/9486"}],"wp:featuredmedia":[{"embeddable":true,"href":"https:\/\/lepatriotebenin.com\/index.php\/wp-json\/wp\/v2\/media\/9393"}],"wp:attachment":[{"href":"https:\/\/lepatriotebenin.com\/index.php\/wp-json\/wp\/v2\/media?parent=9485"}],"wp:term":[{"taxonomy":"category","embeddable":true,"href":"https:\/\/lepatriotebenin.com\/index.php\/wp-json\/wp\/v2\/categories?post=9485"},{"taxonomy":"post_tag","embeddable":true,"href":"https:\/\/lepatriotebenin.com\/index.php\/wp-json\/wp\/v2\/tags?post=9485"}],"curies":[{"name":"wp","href":"https:\/\/api.w.org\/{rel}","templated":true}]}}