{"id":9482,"date":"2024-12-02T01:02:41","date_gmt":"2024-12-02T00:02:41","guid":{"rendered":"https:\/\/lepatriotebenin.com\/?p=9482"},"modified":"2024-12-02T01:02:42","modified_gmt":"2024-12-02T00:02:42","slug":"marches-publics-au-benin-250-marches-passes-en-gre-a-gre-en-2023","status":"publish","type":"post","link":"https:\/\/lepatriotebenin.com\/index.php\/2024\/12\/02\/marches-publics-au-benin-250-marches-passes-en-gre-a-gre-en-2023\/","title":{"rendered":"March\u00e9s publics au B\u00e9nin:\u00a0 250 march\u00e9s pass\u00e9s en gr\u00e9 \u00e0 gr\u00e9 en 2023"},"content":{"rendered":"\n<p>&nbsp;Le. B\u00e9nin en mode gr\u00e9 \u00e0 gr\u00e9. L\u2019exercice budg\u00e9taire 2023 a enregistr\u00e9&nbsp; au total 250 march\u00e9s publics pass\u00e9s en gr\u00e9 \u00e0 gr\u00e9 d\u2019un montant de plus de 44 milliards de francs CFA. Une proc\u00e9dure qui constipe les opinions mais qui malheureusement est \u00e9rig\u00e9e en norme par le r\u00e9gime de la rupture, dans sa gestion des affaires publiques b\u00e9ninoises.<\/p>\n\n\n\n<p>Avec cette valeur financi\u00e8re, le \u00ab gr\u00e9 \u00e0 gr\u00e9 \u00bb, encore appel\u00e9 entente directe est l\u2019exception dans le syst\u00e8me de passation des march\u00e9s publics.<\/p>\n\n\n\n<p>Aussi l\u00e9gale que cette pratique puisse paraitre, elle reste cependant controvers\u00e9e au B\u00e9nin au regard de la proximit\u00e9 des hommes d\u2019affaires du pouvoir d\u00e9cisionnel. En effet, les march\u00e9s \u00ab gr\u00e9 \u00e0 gr\u00e9 \u00bb font r\u00e9f\u00e9rence \u00e0 des contacts dans lesquels les translations sont conclues sans passer par un processus comp\u00e9titif des appels d\u2019offres.<\/p>\n\n\n\n<p>Selon les statistiques sur les march\u00e9s pass\u00e9s au cours de l\u2019exercice budg\u00e9taire 2023 re\u00e7ues et authentifi\u00e9es par la Direction nationale de contr\u00f4le des march\u00e9s publics (DNCMP) par mode, 44,23milliards de FCFA de march\u00e9s publics ont emprunt\u00e9 ce couloir pour tomber dans les mains de tiers en 2023. Au cours de la p\u00e9riode, 7 modes d\u2019octroi des march\u00e9s publics ont \u00e9t\u00e9 not\u00e9s. Il s\u2019agit entre autres de l\u2019appel d\u2019offre ouvert, de l\u2019appel d\u2019offres restreint, de l\u2019appel d\u2019offre \u00e0 manifestation d\u2019int\u00e9r\u00eat et bien \u00e9videmment de l\u2019entente directe.<\/p>\n\n\n\n<p>Pour ces modes, le gouvernement a pass\u00e9 un total de plus de 457 milliards de FCFA de march\u00e9s publics en 2023. Le mode entente ou \u00ab gr\u00e9 -\u00e0- gr\u00e9 \u00bb a concern\u00e9 44,23 milliards de FCFA et vient juste derri\u00e8re l\u2019appel d\u2019offres ouvert qui a absorb\u00e9 294,82 milliards de FCFA. Et pourtant, selon la l\u00e9gislation en vigueur au B\u00e9nin, cette proc\u00e9dure est autoris\u00e9e dans des situations particuli\u00e8res, notamment lorsque la nature du march\u00e9 n\u00e9cessite une exclusivit\u00e9, ou encore lorsque le recours \u00e0 un appel d\u2019offres est jug\u00e9 impraticable ou trop long. Ainsi, l\u2019exercice budg\u00e9taire 2023 a vu la signature de 250 march\u00e9s sur cette base, selon les donn\u00e9es du Gouvernement. Ces march\u00e9s concernent divers secteurs, allant des infrastructures aux services en passant par l\u2019approvisionnement en biens et services.<\/p>\n\n\n\n<p>Des crit\u00e8res d\u2019attribution souvent d\u00e9battus<\/p>\n\n\n\n<p>Bien que le recours au gr\u00e9- \u00e0- gr\u00e9 soit l\u00e9gal dans certains contextes, il est souvent critiqu\u00e9 pour son manque de transparence. En effet, l\u2019absence d\u2019un processus de comp\u00e9tition ouvre la porte \u00e0 des suspicions de favoritisme et d\u2019opacit\u00e9 dans la gestion des fonds public. Les critiques se concentrent principalement sur la concentration des contrats entre un nombre restreint d\u2019acteurs \u00e9conomiques, parfois proches des d\u00e9cideurs politiques, ce qui pourrait nuire \u00e0 la concurrence saine et l\u2019optimisation des d\u00e9penses publiques. Des ONG et les experts en gouvernance ont exprim\u00e9 leurs pr\u00e9occupations quant \u00e0 la possibilit\u00e9 d\u2019abus de cette pratique. Du c\u00f4t\u00e9 du gouvernement, les autorit\u00e9s d\u00e9fendent cette approche en justifiant par des imp\u00e9ratifs d\u2019urgence ou de sp\u00e9cificit\u00e9 des projets.<\/p>\n\n\n\n<p>Risques de corruption \u00e9tude non-transparence<\/p>\n\n\n\n<p>L\u2019un des grands d\u00e9fis soulev\u00e9s par les march\u00e9s gr\u00e9- \u00e0 gr\u00e9 est le risque de corruption. En l\u2019absence d\u2019une concurrence ouverte et transparente, certains acteurs peuvent se voir attribuer des contrats de mani\u00e8re discr\u00e9tionnaire, cr\u00e9ant ainsi un environnement propice \u00e0 des pratiques peu \u00e9thiques. La communaut\u00e9 internationale, notamment la Banque Mondiale et le FMI, a souvent insist\u00e9 sur l\u2019importance de renforcer la transparence dans la gestion des march\u00e9s publics. La corruption li\u00e9e \u00e0 la passation des march\u00e9s publics peut non seulement engendrer des co\u00fbts suppl\u00e9mentaires pour l\u2019Etat, mais aussi compromettre la qualit\u00e9 des projets r\u00e9alis\u00e9s. Des voix s\u2019\u00e9l\u00e8vent en faveur d\u2019une r\u00e9forme en profondeur du syst\u00e8me de gestion des march\u00e9s publics au B\u00e9nin. Le d\u00e9bat sur la gestion des march\u00e9s publics est loin d\u2019\u00eatre clos et des r\u00e9formes&nbsp; sont attendues pour am\u00e9liorer la transparence et la comp\u00e9titivit\u00e9&nbsp; des proc\u00e9dures sous le gouvernement dit de la rupture.<\/p>\n\n\n\n<p>&nbsp;&nbsp;&nbsp;&nbsp;&nbsp;&nbsp;&nbsp;&nbsp;&nbsp;&nbsp;&nbsp;&nbsp;&nbsp;&nbsp;&nbsp;&nbsp;&nbsp;&nbsp;&nbsp;&nbsp;&nbsp;&nbsp;&nbsp;&nbsp;&nbsp;&nbsp;&nbsp;&nbsp;&nbsp;&nbsp;&nbsp;&nbsp;&nbsp;&nbsp;&nbsp;&nbsp;&nbsp;&nbsp;&nbsp;&nbsp;&nbsp;&nbsp;&nbsp;&nbsp;&nbsp;&nbsp;&nbsp;&nbsp;&nbsp;&nbsp;&nbsp;&nbsp;&nbsp;&nbsp;&nbsp; Jocelyn Kochikpa OKAMBAWA<\/p>\n","protected":false},"excerpt":{"rendered":"<p>&nbsp;Le. B\u00e9nin en mode gr\u00e9 \u00e0 gr\u00e9. L\u2019exercice budg\u00e9taire 2023 a enregistr\u00e9&nbsp; au total 250 march\u00e9s publics pass\u00e9s en gr\u00e9 \u00e0 gr\u00e9 d\u2019un montant de plus de 44 milliards de&hellip;<\/p>\n","protected":false},"author":5,"featured_media":9483,"comment_status":"open","ping_status":"open","sticky":false,"template":"","format":"standard","meta":{"content-type":"","om_disable_all_campaigns":false,"_monsterinsights_skip_tracking":false,"_monsterinsights_sitenote_active":false,"_monsterinsights_sitenote_note":"","_monsterinsights_sitenote_category":0,"_uf_show_specific_survey":0,"_uf_disable_surveys":false,"footnotes":""},"categories":[4],"tags":[],"class_list":["post-9482","post","type-post","status-publish","format-standard","has-post-thumbnail","hentry","category-economie"],"aioseo_notices":[],"yoast_head":"<!-- This site is optimized with the Yoast SEO plugin v27.5 - https:\/\/yoast.com\/product\/yoast-seo-wordpress\/ -->\n<title>March\u00e9s publics au B\u00e9nin:\u00a0 250 march\u00e9s pass\u00e9s en gr\u00e9 \u00e0 gr\u00e9 en 2023 - Le Patriote<\/title>\n<meta name=\"robots\" content=\"index, follow, max-snippet:-1, max-image-preview:large, max-video-preview:-1\" \/>\n<link rel=\"canonical\" href=\"https:\/\/lepatriotebenin.com\/index.php\/2024\/12\/02\/marches-publics-au-benin-250-marches-passes-en-gre-a-gre-en-2023\/\" \/>\n<meta property=\"og:locale\" content=\"fr_FR\" \/>\n<meta property=\"og:type\" content=\"article\" \/>\n<meta property=\"og:title\" content=\"March\u00e9s publics au B\u00e9nin:\u00a0 250 march\u00e9s pass\u00e9s en gr\u00e9 \u00e0 gr\u00e9 en 2023 - Le Patriote\" \/>\n<meta property=\"og:description\" content=\"&nbsp;Le. B\u00e9nin en mode gr\u00e9 \u00e0 gr\u00e9. L\u2019exercice budg\u00e9taire 2023 a enregistr\u00e9&nbsp; au total 250 march\u00e9s publics pass\u00e9s en gr\u00e9 \u00e0 gr\u00e9 d\u2019un montant de plus de 44 milliards de&hellip;\" \/>\n<meta property=\"og:url\" content=\"https:\/\/lepatriotebenin.com\/index.php\/2024\/12\/02\/marches-publics-au-benin-250-marches-passes-en-gre-a-gre-en-2023\/\" \/>\n<meta property=\"og:site_name\" content=\"Le Patriote\" \/>\n<meta property=\"article:published_time\" content=\"2024-12-02T00:02:41+00:00\" \/>\n<meta property=\"article:modified_time\" content=\"2024-12-02T00:02:42+00:00\" \/>\n<meta property=\"og:image\" content=\"https:\/\/lepatriotebenin.com\/wp-content\/uploads\/2024\/12\/marche-850x560-1-grand.png\" \/>\n\t<meta property=\"og:image:width\" content=\"850\" \/>\n\t<meta property=\"og:image:height\" content=\"560\" \/>\n\t<meta property=\"og:image:type\" content=\"image\/png\" \/>\n<meta name=\"author\" content=\"Redaction\" \/>\n<meta name=\"twitter:card\" content=\"summary_large_image\" \/>\n<meta name=\"twitter:label1\" content=\"\u00c9crit par\" \/>\n\t<meta name=\"twitter:data1\" content=\"Redaction\" \/>\n\t<meta name=\"twitter:label2\" content=\"Dur\u00e9e de lecture estim\u00e9e\" \/>\n\t<meta name=\"twitter:data2\" content=\"4 minutes\" \/>\n<script type=\"application\/ld+json\" class=\"yoast-schema-graph\">{\"@context\":\"https:\\\/\\\/schema.org\",\"@graph\":[{\"@type\":\"Article\",\"@id\":\"https:\\\/\\\/lepatriotebenin.com\\\/index.php\\\/2024\\\/12\\\/02\\\/marches-publics-au-benin-250-marches-passes-en-gre-a-gre-en-2023\\\/#article\",\"isPartOf\":{\"@id\":\"https:\\\/\\\/lepatriotebenin.com\\\/index.php\\\/2024\\\/12\\\/02\\\/marches-publics-au-benin-250-marches-passes-en-gre-a-gre-en-2023\\\/\"},\"author\":{\"name\":\"Redaction\",\"@id\":\"https:\\\/\\\/lepatriotebenin.com\\\/#\\\/schema\\\/person\\\/2e7709b9c9cc313e452d1136af61690f\"},\"headline\":\"March\u00e9s publics au B\u00e9nin:\u00a0 250 march\u00e9s pass\u00e9s en gr\u00e9 \u00e0 gr\u00e9 en 2023\",\"datePublished\":\"2024-12-02T00:02:41+00:00\",\"dateModified\":\"2024-12-02T00:02:42+00:00\",\"mainEntityOfPage\":{\"@id\":\"https:\\\/\\\/lepatriotebenin.com\\\/index.php\\\/2024\\\/12\\\/02\\\/marches-publics-au-benin-250-marches-passes-en-gre-a-gre-en-2023\\\/\"},\"wordCount\":787,\"commentCount\":0,\"image\":{\"@id\":\"https:\\\/\\\/lepatriotebenin.com\\\/index.php\\\/2024\\\/12\\\/02\\\/marches-publics-au-benin-250-marches-passes-en-gre-a-gre-en-2023\\\/#primaryimage\"},\"thumbnailUrl\":\"https:\\\/\\\/lepatriotebenin.com\\\/wp-content\\\/uploads\\\/2024\\\/12\\\/marche-850x560-1-grand.png\",\"articleSection\":[\"Economie\"],\"inLanguage\":\"fr-FR\",\"potentialAction\":[{\"@type\":\"CommentAction\",\"name\":\"Comment\",\"target\":[\"https:\\\/\\\/lepatriotebenin.com\\\/index.php\\\/2024\\\/12\\\/02\\\/marches-publics-au-benin-250-marches-passes-en-gre-a-gre-en-2023\\\/#respond\"]}]},{\"@type\":\"WebPage\",\"@id\":\"https:\\\/\\\/lepatriotebenin.com\\\/index.php\\\/2024\\\/12\\\/02\\\/marches-publics-au-benin-250-marches-passes-en-gre-a-gre-en-2023\\\/\",\"url\":\"https:\\\/\\\/lepatriotebenin.com\\\/index.php\\\/2024\\\/12\\\/02\\\/marches-publics-au-benin-250-marches-passes-en-gre-a-gre-en-2023\\\/\",\"name\":\"March\u00e9s publics au B\u00e9nin:\u00a0 250 march\u00e9s pass\u00e9s en gr\u00e9 \u00e0 gr\u00e9 en 2023 - Le Patriote\",\"isPartOf\":{\"@id\":\"https:\\\/\\\/lepatriotebenin.com\\\/#website\"},\"primaryImageOfPage\":{\"@id\":\"https:\\\/\\\/lepatriotebenin.com\\\/index.php\\\/2024\\\/12\\\/02\\\/marches-publics-au-benin-250-marches-passes-en-gre-a-gre-en-2023\\\/#primaryimage\"},\"image\":{\"@id\":\"https:\\\/\\\/lepatriotebenin.com\\\/index.php\\\/2024\\\/12\\\/02\\\/marches-publics-au-benin-250-marches-passes-en-gre-a-gre-en-2023\\\/#primaryimage\"},\"thumbnailUrl\":\"https:\\\/\\\/lepatriotebenin.com\\\/wp-content\\\/uploads\\\/2024\\\/12\\\/marche-850x560-1-grand.png\",\"datePublished\":\"2024-12-02T00:02:41+00:00\",\"dateModified\":\"2024-12-02T00:02:42+00:00\",\"author\":{\"@id\":\"https:\\\/\\\/lepatriotebenin.com\\\/#\\\/schema\\\/person\\\/2e7709b9c9cc313e452d1136af61690f\"},\"breadcrumb\":{\"@id\":\"https:\\\/\\\/lepatriotebenin.com\\\/index.php\\\/2024\\\/12\\\/02\\\/marches-publics-au-benin-250-marches-passes-en-gre-a-gre-en-2023\\\/#breadcrumb\"},\"inLanguage\":\"fr-FR\",\"potentialAction\":[{\"@type\":\"ReadAction\",\"target\":[\"https:\\\/\\\/lepatriotebenin.com\\\/index.php\\\/2024\\\/12\\\/02\\\/marches-publics-au-benin-250-marches-passes-en-gre-a-gre-en-2023\\\/\"]}]},{\"@type\":\"ImageObject\",\"inLanguage\":\"fr-FR\",\"@id\":\"https:\\\/\\\/lepatriotebenin.com\\\/index.php\\\/2024\\\/12\\\/02\\\/marches-publics-au-benin-250-marches-passes-en-gre-a-gre-en-2023\\\/#primaryimage\",\"url\":\"https:\\\/\\\/lepatriotebenin.com\\\/wp-content\\\/uploads\\\/2024\\\/12\\\/marche-850x560-1-grand.png\",\"contentUrl\":\"https:\\\/\\\/lepatriotebenin.com\\\/wp-content\\\/uploads\\\/2024\\\/12\\\/marche-850x560-1-grand.png\",\"width\":850,\"height\":560},{\"@type\":\"BreadcrumbList\",\"@id\":\"https:\\\/\\\/lepatriotebenin.com\\\/index.php\\\/2024\\\/12\\\/02\\\/marches-publics-au-benin-250-marches-passes-en-gre-a-gre-en-2023\\\/#breadcrumb\",\"itemListElement\":[{\"@type\":\"ListItem\",\"position\":1,\"name\":\"Accueil\",\"item\":\"https:\\\/\\\/lepatriotebenin.com\\\/\"},{\"@type\":\"ListItem\",\"position\":2,\"name\":\"March\u00e9s publics au B\u00e9nin:\u00a0 250 march\u00e9s pass\u00e9s en gr\u00e9 \u00e0 gr\u00e9 en 2023\"}]},{\"@type\":\"WebSite\",\"@id\":\"https:\\\/\\\/lepatriotebenin.com\\\/#website\",\"url\":\"https:\\\/\\\/lepatriotebenin.com\\\/\",\"name\":\"Le Patriote\",\"description\":\"Le Patriote B\u00e9nin\",\"potentialAction\":[{\"@type\":\"SearchAction\",\"target\":{\"@type\":\"EntryPoint\",\"urlTemplate\":\"https:\\\/\\\/lepatriotebenin.com\\\/?s={search_term_string}\"},\"query-input\":{\"@type\":\"PropertyValueSpecification\",\"valueRequired\":true,\"valueName\":\"search_term_string\"}}],\"inLanguage\":\"fr-FR\"},{\"@type\":\"Person\",\"@id\":\"https:\\\/\\\/lepatriotebenin.com\\\/#\\\/schema\\\/person\\\/2e7709b9c9cc313e452d1136af61690f\",\"name\":\"Redaction\",\"image\":{\"@type\":\"ImageObject\",\"inLanguage\":\"fr-FR\",\"@id\":\"https:\\\/\\\/secure.gravatar.com\\\/avatar\\\/c4c509357859ea2ca2cbb6d8812898a73e4ef1ef9934c2e591d7e32face734d1?s=96&d=mm&r=g\",\"url\":\"https:\\\/\\\/secure.gravatar.com\\\/avatar\\\/c4c509357859ea2ca2cbb6d8812898a73e4ef1ef9934c2e591d7e32face734d1?s=96&d=mm&r=g\",\"contentUrl\":\"https:\\\/\\\/secure.gravatar.com\\\/avatar\\\/c4c509357859ea2ca2cbb6d8812898a73e4ef1ef9934c2e591d7e32face734d1?s=96&d=mm&r=g\",\"caption\":\"Redaction\"},\"url\":\"https:\\\/\\\/lepatriotebenin.com\"}]}<\/script>\n<!-- \/ Yoast SEO plugin. -->","yoast_head_json":{"title":"March\u00e9s publics au B\u00e9nin:\u00a0 250 march\u00e9s pass\u00e9s en gr\u00e9 \u00e0 gr\u00e9 en 2023 - Le Patriote","robots":{"index":"index","follow":"follow","max-snippet":"max-snippet:-1","max-image-preview":"max-image-preview:large","max-video-preview":"max-video-preview:-1"},"canonical":"https:\/\/lepatriotebenin.com\/index.php\/2024\/12\/02\/marches-publics-au-benin-250-marches-passes-en-gre-a-gre-en-2023\/","og_locale":"fr_FR","og_type":"article","og_title":"March\u00e9s publics au B\u00e9nin:\u00a0 250 march\u00e9s pass\u00e9s en gr\u00e9 \u00e0 gr\u00e9 en 2023 - Le Patriote","og_description":"&nbsp;Le. B\u00e9nin en mode gr\u00e9 \u00e0 gr\u00e9. L\u2019exercice budg\u00e9taire 2023 a enregistr\u00e9&nbsp; au total 250 march\u00e9s publics pass\u00e9s en gr\u00e9 \u00e0 gr\u00e9 d\u2019un montant de plus de 44 milliards de&hellip;","og_url":"https:\/\/lepatriotebenin.com\/index.php\/2024\/12\/02\/marches-publics-au-benin-250-marches-passes-en-gre-a-gre-en-2023\/","og_site_name":"Le Patriote","article_published_time":"2024-12-02T00:02:41+00:00","article_modified_time":"2024-12-02T00:02:42+00:00","og_image":[{"width":850,"height":560,"url":"https:\/\/lepatriotebenin.com\/wp-content\/uploads\/2024\/12\/marche-850x560-1-grand.png","type":"image\/png"}],"author":"Redaction","twitter_card":"summary_large_image","twitter_misc":{"\u00c9crit par":"Redaction","Dur\u00e9e de lecture estim\u00e9e":"4 minutes"},"schema":{"@context":"https:\/\/schema.org","@graph":[{"@type":"Article","@id":"https:\/\/lepatriotebenin.com\/index.php\/2024\/12\/02\/marches-publics-au-benin-250-marches-passes-en-gre-a-gre-en-2023\/#article","isPartOf":{"@id":"https:\/\/lepatriotebenin.com\/index.php\/2024\/12\/02\/marches-publics-au-benin-250-marches-passes-en-gre-a-gre-en-2023\/"},"author":{"name":"Redaction","@id":"https:\/\/lepatriotebenin.com\/#\/schema\/person\/2e7709b9c9cc313e452d1136af61690f"},"headline":"March\u00e9s publics au B\u00e9nin:\u00a0 250 march\u00e9s pass\u00e9s en gr\u00e9 \u00e0 gr\u00e9 en 2023","datePublished":"2024-12-02T00:02:41+00:00","dateModified":"2024-12-02T00:02:42+00:00","mainEntityOfPage":{"@id":"https:\/\/lepatriotebenin.com\/index.php\/2024\/12\/02\/marches-publics-au-benin-250-marches-passes-en-gre-a-gre-en-2023\/"},"wordCount":787,"commentCount":0,"image":{"@id":"https:\/\/lepatriotebenin.com\/index.php\/2024\/12\/02\/marches-publics-au-benin-250-marches-passes-en-gre-a-gre-en-2023\/#primaryimage"},"thumbnailUrl":"https:\/\/lepatriotebenin.com\/wp-content\/uploads\/2024\/12\/marche-850x560-1-grand.png","articleSection":["Economie"],"inLanguage":"fr-FR","potentialAction":[{"@type":"CommentAction","name":"Comment","target":["https:\/\/lepatriotebenin.com\/index.php\/2024\/12\/02\/marches-publics-au-benin-250-marches-passes-en-gre-a-gre-en-2023\/#respond"]}]},{"@type":"WebPage","@id":"https:\/\/lepatriotebenin.com\/index.php\/2024\/12\/02\/marches-publics-au-benin-250-marches-passes-en-gre-a-gre-en-2023\/","url":"https:\/\/lepatriotebenin.com\/index.php\/2024\/12\/02\/marches-publics-au-benin-250-marches-passes-en-gre-a-gre-en-2023\/","name":"March\u00e9s publics au B\u00e9nin:\u00a0 250 march\u00e9s pass\u00e9s en gr\u00e9 \u00e0 gr\u00e9 en 2023 - Le Patriote","isPartOf":{"@id":"https:\/\/lepatriotebenin.com\/#website"},"primaryImageOfPage":{"@id":"https:\/\/lepatriotebenin.com\/index.php\/2024\/12\/02\/marches-publics-au-benin-250-marches-passes-en-gre-a-gre-en-2023\/#primaryimage"},"image":{"@id":"https:\/\/lepatriotebenin.com\/index.php\/2024\/12\/02\/marches-publics-au-benin-250-marches-passes-en-gre-a-gre-en-2023\/#primaryimage"},"thumbnailUrl":"https:\/\/lepatriotebenin.com\/wp-content\/uploads\/2024\/12\/marche-850x560-1-grand.png","datePublished":"2024-12-02T00:02:41+00:00","dateModified":"2024-12-02T00:02:42+00:00","author":{"@id":"https:\/\/lepatriotebenin.com\/#\/schema\/person\/2e7709b9c9cc313e452d1136af61690f"},"breadcrumb":{"@id":"https:\/\/lepatriotebenin.com\/index.php\/2024\/12\/02\/marches-publics-au-benin-250-marches-passes-en-gre-a-gre-en-2023\/#breadcrumb"},"inLanguage":"fr-FR","potentialAction":[{"@type":"ReadAction","target":["https:\/\/lepatriotebenin.com\/index.php\/2024\/12\/02\/marches-publics-au-benin-250-marches-passes-en-gre-a-gre-en-2023\/"]}]},{"@type":"ImageObject","inLanguage":"fr-FR","@id":"https:\/\/lepatriotebenin.com\/index.php\/2024\/12\/02\/marches-publics-au-benin-250-marches-passes-en-gre-a-gre-en-2023\/#primaryimage","url":"https:\/\/lepatriotebenin.com\/wp-content\/uploads\/2024\/12\/marche-850x560-1-grand.png","contentUrl":"https:\/\/lepatriotebenin.com\/wp-content\/uploads\/2024\/12\/marche-850x560-1-grand.png","width":850,"height":560},{"@type":"BreadcrumbList","@id":"https:\/\/lepatriotebenin.com\/index.php\/2024\/12\/02\/marches-publics-au-benin-250-marches-passes-en-gre-a-gre-en-2023\/#breadcrumb","itemListElement":[{"@type":"ListItem","position":1,"name":"Accueil","item":"https:\/\/lepatriotebenin.com\/"},{"@type":"ListItem","position":2,"name":"March\u00e9s publics au B\u00e9nin:\u00a0 250 march\u00e9s pass\u00e9s en gr\u00e9 \u00e0 gr\u00e9 en 2023"}]},{"@type":"WebSite","@id":"https:\/\/lepatriotebenin.com\/#website","url":"https:\/\/lepatriotebenin.com\/","name":"Le Patriote","description":"Le Patriote B\u00e9nin","potentialAction":[{"@type":"SearchAction","target":{"@type":"EntryPoint","urlTemplate":"https:\/\/lepatriotebenin.com\/?s={search_term_string}"},"query-input":{"@type":"PropertyValueSpecification","valueRequired":true,"valueName":"search_term_string"}}],"inLanguage":"fr-FR"},{"@type":"Person","@id":"https:\/\/lepatriotebenin.com\/#\/schema\/person\/2e7709b9c9cc313e452d1136af61690f","name":"Redaction","image":{"@type":"ImageObject","inLanguage":"fr-FR","@id":"https:\/\/secure.gravatar.com\/avatar\/c4c509357859ea2ca2cbb6d8812898a73e4ef1ef9934c2e591d7e32face734d1?s=96&d=mm&r=g","url":"https:\/\/secure.gravatar.com\/avatar\/c4c509357859ea2ca2cbb6d8812898a73e4ef1ef9934c2e591d7e32face734d1?s=96&d=mm&r=g","contentUrl":"https:\/\/secure.gravatar.com\/avatar\/c4c509357859ea2ca2cbb6d8812898a73e4ef1ef9934c2e591d7e32face734d1?s=96&d=mm&r=g","caption":"Redaction"},"url":"https:\/\/lepatriotebenin.com"}]}},"_links":{"self":[{"href":"https:\/\/lepatriotebenin.com\/index.php\/wp-json\/wp\/v2\/posts\/9482","targetHints":{"allow":["GET"]}}],"collection":[{"href":"https:\/\/lepatriotebenin.com\/index.php\/wp-json\/wp\/v2\/posts"}],"about":[{"href":"https:\/\/lepatriotebenin.com\/index.php\/wp-json\/wp\/v2\/types\/post"}],"author":[{"embeddable":true,"href":"https:\/\/lepatriotebenin.com\/index.php\/wp-json\/wp\/v2\/users\/5"}],"replies":[{"embeddable":true,"href":"https:\/\/lepatriotebenin.com\/index.php\/wp-json\/wp\/v2\/comments?post=9482"}],"version-history":[{"count":1,"href":"https:\/\/lepatriotebenin.com\/index.php\/wp-json\/wp\/v2\/posts\/9482\/revisions"}],"predecessor-version":[{"id":9484,"href":"https:\/\/lepatriotebenin.com\/index.php\/wp-json\/wp\/v2\/posts\/9482\/revisions\/9484"}],"wp:featuredmedia":[{"embeddable":true,"href":"https:\/\/lepatriotebenin.com\/index.php\/wp-json\/wp\/v2\/media\/9483"}],"wp:attachment":[{"href":"https:\/\/lepatriotebenin.com\/index.php\/wp-json\/wp\/v2\/media?parent=9482"}],"wp:term":[{"taxonomy":"category","embeddable":true,"href":"https:\/\/lepatriotebenin.com\/index.php\/wp-json\/wp\/v2\/categories?post=9482"},{"taxonomy":"post_tag","embeddable":true,"href":"https:\/\/lepatriotebenin.com\/index.php\/wp-json\/wp\/v2\/tags?post=9482"}],"curies":[{"name":"wp","href":"https:\/\/api.w.org\/{rel}","templated":true}]}}