{"id":9461,"date":"2024-11-30T14:28:59","date_gmt":"2024-11-30T13:28:59","guid":{"rendered":"https:\/\/lepatriotebenin.com\/?p=9461"},"modified":"2024-11-30T23:45:21","modified_gmt":"2024-11-30T22:45:21","slug":"hopital-de-zone-de-dassa-glazoue-une-nouvelle-maternite-grace-a-lafd","status":"publish","type":"post","link":"https:\/\/lepatriotebenin.com\/index.php\/2024\/11\/30\/hopital-de-zone-de-dassa-glazoue-une-nouvelle-maternite-grace-a-lafd\/","title":{"rendered":"H\u00f4pital de zone de Dassa-Glazou\u00e9\u00a0: Une nouvelle maternit\u00e9 gr\u00e2ce \u00e0 l\u2019AFD"},"content":{"rendered":"\n<p><strong><em>Ce jeudi 28 novembre 2024, le ministre de la sant\u00e9 Benjamin Hounkpatin, en pr\u00e9sence de la directrice de l&rsquo;Agence Fran\u00e7aise de D\u00e9veloppement (AFD) Laure Weisgerber et du directeur d&rsquo;Enabel au B\u00e9nin Olivier Krins, a inaugur\u00e9 la nouvelle maternit\u00e9 de l&rsquo;h\u00f4pital de Dassa-Glazou\u00e9. Ceci, dans le cadre de la premi\u00e8re phase du projet EQUITE (Ensemble pour une QUalit\u00e9 des soins Inclusive et Transparente, orient\u00e9e vers l\u2019Egalit\u00e9 genre).<\/em><\/strong><\/p>\n\n\n\n<p>La nouvelle maternit\u00e9 de l&rsquo;h\u00f4pital de zone de Dassa-Glazou\u00e9 est d\u00e9sormais op\u00e9rationnelle pour le bonheur des femmes enceintes et des nouveau-n\u00e9s. L&rsquo;inauguration de cette maternit\u00e9 a \u00e9t\u00e9 faite par le ministre de la sant\u00e9 Benjamin Hounkpatin en compagnie de Laure Weisgerber et Olivier Krins respectivement directrice de l&rsquo;Agence Fran\u00e7aise de D\u00e9veloppement (AFD) et directeur d&rsquo;Enabel au B\u00e9nin. Ceci, dans le but d&rsquo;am\u00e9liorer l\u2019acc\u00e8s \u00e0 des soins de qualit\u00e9, \u00e0 r\u00e9duire les in\u00e9galit\u00e9s de genre et \u00e0 renforcer la sant\u00e9 sexuelle et reproductive, les violences bas\u00e9es sur le genre et les maladies non transmissibles. Moderne, la construction et l&rsquo;\u00e9quipement de cette maternit\u00e9 sont financ\u00e9s par l\u2019Agence Fran\u00e7aise de D\u00e9veloppement, avec l\u2019appui technique d\u2019Enabel dans le cadre de la premi\u00e8re phase du projet EQUITE (Ensemble pour une Qualit\u00e9 des soins Inclusive et Transparente, orient\u00e9e vers l\u2019Egalit\u00e9 genre).<\/p>\n\n\n\n<p>L&rsquo;\u00e9quipement de cette maternit\u00e9 devra permettre une meilleure prise en charge. Entre autres \u00e9quipements, elle comprend une salle de consultation, une salle d&rsquo;accouchement, une salle d&rsquo;\u00e9chographie, une salle de r\u00e9animation et des salles d&rsquo;hospitalisation et de garde.<\/p>\n\n\n\n<p>Pour le ministre de la sant\u00e9 Benjamin Hounkpatin, ce projet est l&rsquo;id\u00e9al pour l&rsquo;atteinte des objectifs en mati\u00e8re de sant\u00e9 au B\u00e9nin. \u00abCe partenariat avec l&rsquo;AFD et Enabel est essentiel pour atteindre nos objectifs en mati\u00e8re de sant\u00e9 pour tous \u00bb fait-il savoir. Pour sa part, la directrice de l&rsquo;AFD r\u00e9affirme l&rsquo;engagement de la France envers le B\u00e9nin. \u00abCet investissement t\u00e9moigne de l&rsquo;engagement de la France, \u00e0 travers l\u2019Agence Fran\u00e7aise de D\u00e9veloppement, \u00e0 soutenir le d\u00e9veloppement du syst\u00e8me de sant\u00e9 b\u00e9ninois, am\u00e9liorer la qualit\u00e9 de vie des populations, avec une attention port\u00e9e \u00e0 la sant\u00e9 des m\u00e8res et des enfants\u00bb affirme Laure Weisgerber. En ce qui le concerne, le directeur d&rsquo;Enabel au B\u00e9nin se r\u00e9jouit de sa partition. \u00abEnabel est fi\u00e8re de contribuer \u00e0 ce projet majeur qui contribue \u00e0 la r\u00e9duction de la morbi-mortalit\u00e9 maternelle et infantile dans la r\u00e9gion des collines et renforcer \u00e0 la prise en charge des complications obst\u00e9tricales et n\u00e9onatales, contribuant ainsi \u00e0 la r\u00e9duction de la mortalit\u00e9 maternelle et n\u00e9onatale dans le d\u00e9partement \u00bb fait savoir Olivier Krins. Il faut rappeler que ce projet est le fruit d&rsquo;un partenariat solide entre le Gouvernement du B\u00e9nin, l&rsquo;AFD et Enabel qui s&rsquo;inscrit dans la strat\u00e9gie nationale de d\u00e9veloppement du secteur de la sant\u00e9 et contribue \u00e0 atteindre les Objectifs de d\u00e9veloppement durable.Il urge de souligner que ce projet a mobilis\u00e9 un financement de 8,5 milliards de FCFA. Et d\u00e9j\u00e0 la phase 2 du projet EQUITE est lanc\u00e9 pour un financement accru de 9,8milliardsdeFCFA.<\/p>\n\n\n\n<p><strong>Gildas AHOGNI<\/strong><\/p>\n","protected":false},"excerpt":{"rendered":"<p>Ce jeudi 28 novembre 2024, le ministre de la sant\u00e9 Benjamin Hounkpatin, en pr\u00e9sence de la directrice de l&rsquo;Agence Fran\u00e7aise de D\u00e9veloppement (AFD) Laure Weisgerber et du directeur d&rsquo;Enabel au&hellip;<\/p>\n","protected":false},"author":5,"featured_media":9467,"comment_status":"open","ping_status":"open","sticky":false,"template":"","format":"standard","meta":{"content-type":"","om_disable_all_campaigns":false,"_monsterinsights_skip_tracking":false,"_monsterinsights_sitenote_active":false,"_monsterinsights_sitenote_note":"","_monsterinsights_sitenote_category":0,"_uf_show_specific_survey":0,"_uf_disable_surveys":false,"footnotes":""},"categories":[20],"tags":[],"class_list":["post-9461","post","type-post","status-publish","format-standard","has-post-thumbnail","hentry","category-societe"],"aioseo_notices":[],"yoast_head":"<!-- This site is optimized with the Yoast SEO plugin v27.5 - https:\/\/yoast.com\/product\/yoast-seo-wordpress\/ -->\n<title>H\u00f4pital de zone de Dassa-Glazou\u00e9\u00a0: Une nouvelle maternit\u00e9 gr\u00e2ce \u00e0 l\u2019AFD - Le Patriote<\/title>\n<meta name=\"robots\" content=\"index, follow, max-snippet:-1, max-image-preview:large, max-video-preview:-1\" \/>\n<link rel=\"canonical\" href=\"https:\/\/lepatriotebenin.com\/index.php\/2024\/11\/30\/hopital-de-zone-de-dassa-glazoue-une-nouvelle-maternite-grace-a-lafd\/\" \/>\n<meta property=\"og:locale\" content=\"fr_FR\" \/>\n<meta property=\"og:type\" content=\"article\" \/>\n<meta property=\"og:title\" content=\"H\u00f4pital de zone de Dassa-Glazou\u00e9\u00a0: Une nouvelle maternit\u00e9 gr\u00e2ce \u00e0 l\u2019AFD - Le Patriote\" \/>\n<meta property=\"og:description\" content=\"Ce jeudi 28 novembre 2024, le ministre de la sant\u00e9 Benjamin Hounkpatin, en pr\u00e9sence de la directrice de l&rsquo;Agence Fran\u00e7aise de D\u00e9veloppement (AFD) Laure Weisgerber et du directeur d&rsquo;Enabel au&hellip;\" \/>\n<meta property=\"og:url\" content=\"https:\/\/lepatriotebenin.com\/index.php\/2024\/11\/30\/hopital-de-zone-de-dassa-glazoue-une-nouvelle-maternite-grace-a-lafd\/\" \/>\n<meta property=\"og:site_name\" content=\"Le Patriote\" \/>\n<meta property=\"article:published_time\" content=\"2024-11-30T13:28:59+00:00\" \/>\n<meta property=\"article:modified_time\" content=\"2024-11-30T22:45:21+00:00\" \/>\n<meta property=\"og:image\" content=\"https:\/\/lepatriotebenin.com\/wp-content\/uploads\/2024\/11\/france.jpeg\" \/>\n\t<meta property=\"og:image:width\" content=\"1365\" \/>\n\t<meta property=\"og:image:height\" content=\"636\" \/>\n\t<meta property=\"og:image:type\" content=\"image\/jpeg\" \/>\n<meta name=\"author\" content=\"Redaction\" \/>\n<meta name=\"twitter:card\" content=\"summary_large_image\" \/>\n<meta name=\"twitter:label1\" content=\"\u00c9crit par\" \/>\n\t<meta name=\"twitter:data1\" content=\"Redaction\" \/>\n\t<meta name=\"twitter:label2\" content=\"Dur\u00e9e de lecture estim\u00e9e\" \/>\n\t<meta name=\"twitter:data2\" content=\"3 minutes\" \/>\n<script type=\"application\/ld+json\" class=\"yoast-schema-graph\">{\"@context\":\"https:\\\/\\\/schema.org\",\"@graph\":[{\"@type\":\"Article\",\"@id\":\"https:\\\/\\\/lepatriotebenin.com\\\/index.php\\\/2024\\\/11\\\/30\\\/hopital-de-zone-de-dassa-glazoue-une-nouvelle-maternite-grace-a-lafd\\\/#article\",\"isPartOf\":{\"@id\":\"https:\\\/\\\/lepatriotebenin.com\\\/index.php\\\/2024\\\/11\\\/30\\\/hopital-de-zone-de-dassa-glazoue-une-nouvelle-maternite-grace-a-lafd\\\/\"},\"author\":{\"name\":\"Redaction\",\"@id\":\"https:\\\/\\\/lepatriotebenin.com\\\/#\\\/schema\\\/person\\\/2e7709b9c9cc313e452d1136af61690f\"},\"headline\":\"H\u00f4pital de zone de Dassa-Glazou\u00e9\u00a0: Une nouvelle maternit\u00e9 gr\u00e2ce \u00e0 l\u2019AFD\",\"datePublished\":\"2024-11-30T13:28:59+00:00\",\"dateModified\":\"2024-11-30T22:45:21+00:00\",\"mainEntityOfPage\":{\"@id\":\"https:\\\/\\\/lepatriotebenin.com\\\/index.php\\\/2024\\\/11\\\/30\\\/hopital-de-zone-de-dassa-glazoue-une-nouvelle-maternite-grace-a-lafd\\\/\"},\"wordCount\":570,\"commentCount\":0,\"image\":{\"@id\":\"https:\\\/\\\/lepatriotebenin.com\\\/index.php\\\/2024\\\/11\\\/30\\\/hopital-de-zone-de-dassa-glazoue-une-nouvelle-maternite-grace-a-lafd\\\/#primaryimage\"},\"thumbnailUrl\":\"https:\\\/\\\/lepatriotebenin.com\\\/wp-content\\\/uploads\\\/2024\\\/11\\\/france.jpeg\",\"articleSection\":[\"Soci\u00e9t\u00e9\"],\"inLanguage\":\"fr-FR\",\"potentialAction\":[{\"@type\":\"CommentAction\",\"name\":\"Comment\",\"target\":[\"https:\\\/\\\/lepatriotebenin.com\\\/index.php\\\/2024\\\/11\\\/30\\\/hopital-de-zone-de-dassa-glazoue-une-nouvelle-maternite-grace-a-lafd\\\/#respond\"]}]},{\"@type\":\"WebPage\",\"@id\":\"https:\\\/\\\/lepatriotebenin.com\\\/index.php\\\/2024\\\/11\\\/30\\\/hopital-de-zone-de-dassa-glazoue-une-nouvelle-maternite-grace-a-lafd\\\/\",\"url\":\"https:\\\/\\\/lepatriotebenin.com\\\/index.php\\\/2024\\\/11\\\/30\\\/hopital-de-zone-de-dassa-glazoue-une-nouvelle-maternite-grace-a-lafd\\\/\",\"name\":\"H\u00f4pital de zone de Dassa-Glazou\u00e9\u00a0: Une nouvelle maternit\u00e9 gr\u00e2ce \u00e0 l\u2019AFD - Le Patriote\",\"isPartOf\":{\"@id\":\"https:\\\/\\\/lepatriotebenin.com\\\/#website\"},\"primaryImageOfPage\":{\"@id\":\"https:\\\/\\\/lepatriotebenin.com\\\/index.php\\\/2024\\\/11\\\/30\\\/hopital-de-zone-de-dassa-glazoue-une-nouvelle-maternite-grace-a-lafd\\\/#primaryimage\"},\"image\":{\"@id\":\"https:\\\/\\\/lepatriotebenin.com\\\/index.php\\\/2024\\\/11\\\/30\\\/hopital-de-zone-de-dassa-glazoue-une-nouvelle-maternite-grace-a-lafd\\\/#primaryimage\"},\"thumbnailUrl\":\"https:\\\/\\\/lepatriotebenin.com\\\/wp-content\\\/uploads\\\/2024\\\/11\\\/france.jpeg\",\"datePublished\":\"2024-11-30T13:28:59+00:00\",\"dateModified\":\"2024-11-30T22:45:21+00:00\",\"author\":{\"@id\":\"https:\\\/\\\/lepatriotebenin.com\\\/#\\\/schema\\\/person\\\/2e7709b9c9cc313e452d1136af61690f\"},\"breadcrumb\":{\"@id\":\"https:\\\/\\\/lepatriotebenin.com\\\/index.php\\\/2024\\\/11\\\/30\\\/hopital-de-zone-de-dassa-glazoue-une-nouvelle-maternite-grace-a-lafd\\\/#breadcrumb\"},\"inLanguage\":\"fr-FR\",\"potentialAction\":[{\"@type\":\"ReadAction\",\"target\":[\"https:\\\/\\\/lepatriotebenin.com\\\/index.php\\\/2024\\\/11\\\/30\\\/hopital-de-zone-de-dassa-glazoue-une-nouvelle-maternite-grace-a-lafd\\\/\"]}]},{\"@type\":\"ImageObject\",\"inLanguage\":\"fr-FR\",\"@id\":\"https:\\\/\\\/lepatriotebenin.com\\\/index.php\\\/2024\\\/11\\\/30\\\/hopital-de-zone-de-dassa-glazoue-une-nouvelle-maternite-grace-a-lafd\\\/#primaryimage\",\"url\":\"https:\\\/\\\/lepatriotebenin.com\\\/wp-content\\\/uploads\\\/2024\\\/11\\\/france.jpeg\",\"contentUrl\":\"https:\\\/\\\/lepatriotebenin.com\\\/wp-content\\\/uploads\\\/2024\\\/11\\\/france.jpeg\",\"width\":1365,\"height\":636},{\"@type\":\"BreadcrumbList\",\"@id\":\"https:\\\/\\\/lepatriotebenin.com\\\/index.php\\\/2024\\\/11\\\/30\\\/hopital-de-zone-de-dassa-glazoue-une-nouvelle-maternite-grace-a-lafd\\\/#breadcrumb\",\"itemListElement\":[{\"@type\":\"ListItem\",\"position\":1,\"name\":\"Accueil\",\"item\":\"https:\\\/\\\/lepatriotebenin.com\\\/\"},{\"@type\":\"ListItem\",\"position\":2,\"name\":\"H\u00f4pital de zone de Dassa-Glazou\u00e9\u00a0: Une nouvelle maternit\u00e9 gr\u00e2ce \u00e0 l\u2019AFD\"}]},{\"@type\":\"WebSite\",\"@id\":\"https:\\\/\\\/lepatriotebenin.com\\\/#website\",\"url\":\"https:\\\/\\\/lepatriotebenin.com\\\/\",\"name\":\"Le Patriote\",\"description\":\"Le Patriote B\u00e9nin\",\"potentialAction\":[{\"@type\":\"SearchAction\",\"target\":{\"@type\":\"EntryPoint\",\"urlTemplate\":\"https:\\\/\\\/lepatriotebenin.com\\\/?s={search_term_string}\"},\"query-input\":{\"@type\":\"PropertyValueSpecification\",\"valueRequired\":true,\"valueName\":\"search_term_string\"}}],\"inLanguage\":\"fr-FR\"},{\"@type\":\"Person\",\"@id\":\"https:\\\/\\\/lepatriotebenin.com\\\/#\\\/schema\\\/person\\\/2e7709b9c9cc313e452d1136af61690f\",\"name\":\"Redaction\",\"image\":{\"@type\":\"ImageObject\",\"inLanguage\":\"fr-FR\",\"@id\":\"https:\\\/\\\/secure.gravatar.com\\\/avatar\\\/c4c509357859ea2ca2cbb6d8812898a73e4ef1ef9934c2e591d7e32face734d1?s=96&d=mm&r=g\",\"url\":\"https:\\\/\\\/secure.gravatar.com\\\/avatar\\\/c4c509357859ea2ca2cbb6d8812898a73e4ef1ef9934c2e591d7e32face734d1?s=96&d=mm&r=g\",\"contentUrl\":\"https:\\\/\\\/secure.gravatar.com\\\/avatar\\\/c4c509357859ea2ca2cbb6d8812898a73e4ef1ef9934c2e591d7e32face734d1?s=96&d=mm&r=g\",\"caption\":\"Redaction\"},\"url\":\"https:\\\/\\\/lepatriotebenin.com\"}]}<\/script>\n<!-- \/ Yoast SEO plugin. -->","yoast_head_json":{"title":"H\u00f4pital de zone de Dassa-Glazou\u00e9\u00a0: Une nouvelle maternit\u00e9 gr\u00e2ce \u00e0 l\u2019AFD - Le Patriote","robots":{"index":"index","follow":"follow","max-snippet":"max-snippet:-1","max-image-preview":"max-image-preview:large","max-video-preview":"max-video-preview:-1"},"canonical":"https:\/\/lepatriotebenin.com\/index.php\/2024\/11\/30\/hopital-de-zone-de-dassa-glazoue-une-nouvelle-maternite-grace-a-lafd\/","og_locale":"fr_FR","og_type":"article","og_title":"H\u00f4pital de zone de Dassa-Glazou\u00e9\u00a0: Une nouvelle maternit\u00e9 gr\u00e2ce \u00e0 l\u2019AFD - Le Patriote","og_description":"Ce jeudi 28 novembre 2024, le ministre de la sant\u00e9 Benjamin Hounkpatin, en pr\u00e9sence de la directrice de l&rsquo;Agence Fran\u00e7aise de D\u00e9veloppement (AFD) Laure Weisgerber et du directeur d&rsquo;Enabel au&hellip;","og_url":"https:\/\/lepatriotebenin.com\/index.php\/2024\/11\/30\/hopital-de-zone-de-dassa-glazoue-une-nouvelle-maternite-grace-a-lafd\/","og_site_name":"Le Patriote","article_published_time":"2024-11-30T13:28:59+00:00","article_modified_time":"2024-11-30T22:45:21+00:00","og_image":[{"width":1365,"height":636,"url":"https:\/\/lepatriotebenin.com\/wp-content\/uploads\/2024\/11\/france.jpeg","type":"image\/jpeg"}],"author":"Redaction","twitter_card":"summary_large_image","twitter_misc":{"\u00c9crit par":"Redaction","Dur\u00e9e de lecture estim\u00e9e":"3 minutes"},"schema":{"@context":"https:\/\/schema.org","@graph":[{"@type":"Article","@id":"https:\/\/lepatriotebenin.com\/index.php\/2024\/11\/30\/hopital-de-zone-de-dassa-glazoue-une-nouvelle-maternite-grace-a-lafd\/#article","isPartOf":{"@id":"https:\/\/lepatriotebenin.com\/index.php\/2024\/11\/30\/hopital-de-zone-de-dassa-glazoue-une-nouvelle-maternite-grace-a-lafd\/"},"author":{"name":"Redaction","@id":"https:\/\/lepatriotebenin.com\/#\/schema\/person\/2e7709b9c9cc313e452d1136af61690f"},"headline":"H\u00f4pital de zone de Dassa-Glazou\u00e9\u00a0: Une nouvelle maternit\u00e9 gr\u00e2ce \u00e0 l\u2019AFD","datePublished":"2024-11-30T13:28:59+00:00","dateModified":"2024-11-30T22:45:21+00:00","mainEntityOfPage":{"@id":"https:\/\/lepatriotebenin.com\/index.php\/2024\/11\/30\/hopital-de-zone-de-dassa-glazoue-une-nouvelle-maternite-grace-a-lafd\/"},"wordCount":570,"commentCount":0,"image":{"@id":"https:\/\/lepatriotebenin.com\/index.php\/2024\/11\/30\/hopital-de-zone-de-dassa-glazoue-une-nouvelle-maternite-grace-a-lafd\/#primaryimage"},"thumbnailUrl":"https:\/\/lepatriotebenin.com\/wp-content\/uploads\/2024\/11\/france.jpeg","articleSection":["Soci\u00e9t\u00e9"],"inLanguage":"fr-FR","potentialAction":[{"@type":"CommentAction","name":"Comment","target":["https:\/\/lepatriotebenin.com\/index.php\/2024\/11\/30\/hopital-de-zone-de-dassa-glazoue-une-nouvelle-maternite-grace-a-lafd\/#respond"]}]},{"@type":"WebPage","@id":"https:\/\/lepatriotebenin.com\/index.php\/2024\/11\/30\/hopital-de-zone-de-dassa-glazoue-une-nouvelle-maternite-grace-a-lafd\/","url":"https:\/\/lepatriotebenin.com\/index.php\/2024\/11\/30\/hopital-de-zone-de-dassa-glazoue-une-nouvelle-maternite-grace-a-lafd\/","name":"H\u00f4pital de zone de Dassa-Glazou\u00e9\u00a0: Une nouvelle maternit\u00e9 gr\u00e2ce \u00e0 l\u2019AFD - Le Patriote","isPartOf":{"@id":"https:\/\/lepatriotebenin.com\/#website"},"primaryImageOfPage":{"@id":"https:\/\/lepatriotebenin.com\/index.php\/2024\/11\/30\/hopital-de-zone-de-dassa-glazoue-une-nouvelle-maternite-grace-a-lafd\/#primaryimage"},"image":{"@id":"https:\/\/lepatriotebenin.com\/index.php\/2024\/11\/30\/hopital-de-zone-de-dassa-glazoue-une-nouvelle-maternite-grace-a-lafd\/#primaryimage"},"thumbnailUrl":"https:\/\/lepatriotebenin.com\/wp-content\/uploads\/2024\/11\/france.jpeg","datePublished":"2024-11-30T13:28:59+00:00","dateModified":"2024-11-30T22:45:21+00:00","author":{"@id":"https:\/\/lepatriotebenin.com\/#\/schema\/person\/2e7709b9c9cc313e452d1136af61690f"},"breadcrumb":{"@id":"https:\/\/lepatriotebenin.com\/index.php\/2024\/11\/30\/hopital-de-zone-de-dassa-glazoue-une-nouvelle-maternite-grace-a-lafd\/#breadcrumb"},"inLanguage":"fr-FR","potentialAction":[{"@type":"ReadAction","target":["https:\/\/lepatriotebenin.com\/index.php\/2024\/11\/30\/hopital-de-zone-de-dassa-glazoue-une-nouvelle-maternite-grace-a-lafd\/"]}]},{"@type":"ImageObject","inLanguage":"fr-FR","@id":"https:\/\/lepatriotebenin.com\/index.php\/2024\/11\/30\/hopital-de-zone-de-dassa-glazoue-une-nouvelle-maternite-grace-a-lafd\/#primaryimage","url":"https:\/\/lepatriotebenin.com\/wp-content\/uploads\/2024\/11\/france.jpeg","contentUrl":"https:\/\/lepatriotebenin.com\/wp-content\/uploads\/2024\/11\/france.jpeg","width":1365,"height":636},{"@type":"BreadcrumbList","@id":"https:\/\/lepatriotebenin.com\/index.php\/2024\/11\/30\/hopital-de-zone-de-dassa-glazoue-une-nouvelle-maternite-grace-a-lafd\/#breadcrumb","itemListElement":[{"@type":"ListItem","position":1,"name":"Accueil","item":"https:\/\/lepatriotebenin.com\/"},{"@type":"ListItem","position":2,"name":"H\u00f4pital de zone de Dassa-Glazou\u00e9\u00a0: Une nouvelle maternit\u00e9 gr\u00e2ce \u00e0 l\u2019AFD"}]},{"@type":"WebSite","@id":"https:\/\/lepatriotebenin.com\/#website","url":"https:\/\/lepatriotebenin.com\/","name":"Le Patriote","description":"Le Patriote B\u00e9nin","potentialAction":[{"@type":"SearchAction","target":{"@type":"EntryPoint","urlTemplate":"https:\/\/lepatriotebenin.com\/?s={search_term_string}"},"query-input":{"@type":"PropertyValueSpecification","valueRequired":true,"valueName":"search_term_string"}}],"inLanguage":"fr-FR"},{"@type":"Person","@id":"https:\/\/lepatriotebenin.com\/#\/schema\/person\/2e7709b9c9cc313e452d1136af61690f","name":"Redaction","image":{"@type":"ImageObject","inLanguage":"fr-FR","@id":"https:\/\/secure.gravatar.com\/avatar\/c4c509357859ea2ca2cbb6d8812898a73e4ef1ef9934c2e591d7e32face734d1?s=96&d=mm&r=g","url":"https:\/\/secure.gravatar.com\/avatar\/c4c509357859ea2ca2cbb6d8812898a73e4ef1ef9934c2e591d7e32face734d1?s=96&d=mm&r=g","contentUrl":"https:\/\/secure.gravatar.com\/avatar\/c4c509357859ea2ca2cbb6d8812898a73e4ef1ef9934c2e591d7e32face734d1?s=96&d=mm&r=g","caption":"Redaction"},"url":"https:\/\/lepatriotebenin.com"}]}},"_links":{"self":[{"href":"https:\/\/lepatriotebenin.com\/index.php\/wp-json\/wp\/v2\/posts\/9461","targetHints":{"allow":["GET"]}}],"collection":[{"href":"https:\/\/lepatriotebenin.com\/index.php\/wp-json\/wp\/v2\/posts"}],"about":[{"href":"https:\/\/lepatriotebenin.com\/index.php\/wp-json\/wp\/v2\/types\/post"}],"author":[{"embeddable":true,"href":"https:\/\/lepatriotebenin.com\/index.php\/wp-json\/wp\/v2\/users\/5"}],"replies":[{"embeddable":true,"href":"https:\/\/lepatriotebenin.com\/index.php\/wp-json\/wp\/v2\/comments?post=9461"}],"version-history":[{"count":1,"href":"https:\/\/lepatriotebenin.com\/index.php\/wp-json\/wp\/v2\/posts\/9461\/revisions"}],"predecessor-version":[{"id":9462,"href":"https:\/\/lepatriotebenin.com\/index.php\/wp-json\/wp\/v2\/posts\/9461\/revisions\/9462"}],"wp:featuredmedia":[{"embeddable":true,"href":"https:\/\/lepatriotebenin.com\/index.php\/wp-json\/wp\/v2\/media\/9467"}],"wp:attachment":[{"href":"https:\/\/lepatriotebenin.com\/index.php\/wp-json\/wp\/v2\/media?parent=9461"}],"wp:term":[{"taxonomy":"category","embeddable":true,"href":"https:\/\/lepatriotebenin.com\/index.php\/wp-json\/wp\/v2\/categories?post=9461"},{"taxonomy":"post_tag","embeddable":true,"href":"https:\/\/lepatriotebenin.com\/index.php\/wp-json\/wp\/v2\/tags?post=9461"}],"curies":[{"name":"wp","href":"https:\/\/api.w.org\/{rel}","templated":true}]}}