{"id":9315,"date":"2024-11-23T23:19:30","date_gmt":"2024-11-23T22:19:30","guid":{"rendered":"https:\/\/lepatriotebenin.com\/?p=9315"},"modified":"2024-11-23T23:19:33","modified_gmt":"2024-11-23T22:19:33","slug":"benin-voici-les-produits-autorises-a-nouveau-de-sortie-du-territoire-national","status":"publish","type":"post","link":"https:\/\/lepatriotebenin.com\/index.php\/2024\/11\/23\/benin-voici-les-produits-autorises-a-nouveau-de-sortie-du-territoire-national\/","title":{"rendered":"\u00a0B\u00e9nin :\u00a0Voici les produits autoris\u00e9s \u00e0 nouveau de sortie du territoire national"},"content":{"rendered":"\n<p>Dans une note de service en date du <strong>21 novembre 2024<\/strong>, la Direction g\u00e9n\u00e9rale des Douanes a rendu public la liste des produits qui sont \u00e0 nouveau autoris\u00e9s de sortie du territoire national. Il s\u2019agit <strong>des produits import\u00e9s \u00e0 destination du Niger, tous les autres produits ne faisant pas partie de la liste des produits vivriers b\u00e9ninois interdits, la libre circulation des personnes dans les deux sens, l\u2019entr\u00e9e des produits en provenance du Niger.<\/strong>\u00a0 Mais\u00a0\u00a0 sont interdits de sortie du territoire national, tous les produits vivriers cultiv\u00e9s au B\u00e9nin tels que le <strong>ma\u00efs, le mil et le sorgho.<\/strong> Lire donc l\u2019int\u00e9gralit\u00e9 de cette note de service. \u00a0\u00a0<\/p>\n\n\n\n<figure class=\"wp-block-image size-full\"><img fetchpriority=\"high\" decoding=\"async\" width=\"685\" height=\"960\" src=\"https:\/\/lepatriotebenin.com\/wp-content\/uploads\/2024\/11\/douanes.jpg\" alt=\"\" class=\"wp-image-9316\" srcset=\"https:\/\/lepatriotebenin.com\/wp-content\/uploads\/2024\/11\/douanes.jpg 685w, https:\/\/lepatriotebenin.com\/wp-content\/uploads\/2024\/11\/douanes-214x300.jpg 214w, https:\/\/lepatriotebenin.com\/wp-content\/uploads\/2024\/11\/douanes-585x820.jpg 585w\" sizes=\"(max-width: 685px) 100vw, 685px\" \/><\/figure>\n\n\n\n<figure class=\"wp-block-image size-full is-resized\"><img decoding=\"async\" width=\"800\" height=\"960\" src=\"https:\/\/lepatriotebenin.com\/wp-content\/uploads\/2024\/11\/douanes-1.jpg\" alt=\"\" class=\"wp-image-9317\" style=\"aspect-ratio:0.8333333333333334;width:687px;height:auto\" srcset=\"https:\/\/lepatriotebenin.com\/wp-content\/uploads\/2024\/11\/douanes-1.jpg 800w, https:\/\/lepatriotebenin.com\/wp-content\/uploads\/2024\/11\/douanes-1-250x300.jpg 250w, https:\/\/lepatriotebenin.com\/wp-content\/uploads\/2024\/11\/douanes-1-768x922.jpg 768w, https:\/\/lepatriotebenin.com\/wp-content\/uploads\/2024\/11\/douanes-1-585x702.jpg 585w\" sizes=\"(max-width: 800px) 100vw, 800px\" \/><\/figure>\n","protected":false},"excerpt":{"rendered":"<p>Dans une note de service en date du 21 novembre 2024, la Direction g\u00e9n\u00e9rale des Douanes a rendu public la liste des produits qui sont \u00e0 nouveau autoris\u00e9s de sortie&hellip;<\/p>\n","protected":false},"author":6,"featured_media":9318,"comment_status":"open","ping_status":"open","sticky":false,"template":"","format":"standard","meta":{"content-type":"","om_disable_all_campaigns":false,"_monsterinsights_skip_tracking":false,"_monsterinsights_sitenote_active":false,"_monsterinsights_sitenote_note":"","_monsterinsights_sitenote_category":0,"_uf_show_specific_survey":0,"_uf_disable_surveys":false,"footnotes":""},"categories":[4],"tags":[],"class_list":["post-9315","post","type-post","status-publish","format-standard","has-post-thumbnail","hentry","category-economie"],"aioseo_notices":[],"yoast_head":"<!-- This site is optimized with the Yoast SEO plugin v27.5 - https:\/\/yoast.com\/product\/yoast-seo-wordpress\/ -->\n<title>\u00a0B\u00e9nin :\u00a0Voici les produits autoris\u00e9s \u00e0 nouveau de sortie du territoire national - Le Patriote<\/title>\n<meta name=\"robots\" content=\"index, follow, max-snippet:-1, max-image-preview:large, max-video-preview:-1\" \/>\n<link rel=\"canonical\" href=\"https:\/\/lepatriotebenin.com\/index.php\/2024\/11\/23\/benin-voici-les-produits-autorises-a-nouveau-de-sortie-du-territoire-national\/\" \/>\n<meta property=\"og:locale\" content=\"fr_FR\" \/>\n<meta property=\"og:type\" content=\"article\" \/>\n<meta property=\"og:title\" content=\"\u00a0B\u00e9nin :\u00a0Voici les produits autoris\u00e9s \u00e0 nouveau de sortie du territoire national - Le Patriote\" \/>\n<meta property=\"og:description\" content=\"Dans une note de service en date du 21 novembre 2024, la Direction g\u00e9n\u00e9rale des Douanes a rendu public la liste des produits qui sont \u00e0 nouveau autoris\u00e9s de sortie&hellip;\" \/>\n<meta property=\"og:url\" content=\"https:\/\/lepatriotebenin.com\/index.php\/2024\/11\/23\/benin-voici-les-produits-autorises-a-nouveau-de-sortie-du-territoire-national\/\" \/>\n<meta property=\"og:site_name\" content=\"Le Patriote\" \/>\n<meta property=\"article:published_time\" content=\"2024-11-23T22:19:30+00:00\" \/>\n<meta property=\"article:modified_time\" content=\"2024-11-23T22:19:33+00:00\" \/>\n<meta property=\"og:image\" content=\"https:\/\/lepatriotebenin.com\/wp-content\/uploads\/2024\/11\/358734028-590622133188763-8846840153813591152-n.jpg\" \/>\n\t<meta property=\"og:image:width\" content=\"641\" \/>\n\t<meta property=\"og:image:height\" content=\"413\" \/>\n\t<meta property=\"og:image:type\" content=\"image\/jpeg\" \/>\n<meta name=\"author\" content=\"Roland AFFANOU\" \/>\n<meta name=\"twitter:card\" content=\"summary_large_image\" \/>\n<meta name=\"twitter:label1\" content=\"\u00c9crit par\" \/>\n\t<meta name=\"twitter:data1\" content=\"Roland AFFANOU\" \/>\n\t<meta name=\"twitter:label2\" content=\"Dur\u00e9e de lecture estim\u00e9e\" \/>\n\t<meta name=\"twitter:data2\" content=\"1 minute\" \/>\n<script type=\"application\/ld+json\" class=\"yoast-schema-graph\">{\"@context\":\"https:\\\/\\\/schema.org\",\"@graph\":[{\"@type\":\"Article\",\"@id\":\"https:\\\/\\\/lepatriotebenin.com\\\/index.php\\\/2024\\\/11\\\/23\\\/benin-voici-les-produits-autorises-a-nouveau-de-sortie-du-territoire-national\\\/#article\",\"isPartOf\":{\"@id\":\"https:\\\/\\\/lepatriotebenin.com\\\/index.php\\\/2024\\\/11\\\/23\\\/benin-voici-les-produits-autorises-a-nouveau-de-sortie-du-territoire-national\\\/\"},\"author\":{\"name\":\"Roland AFFANOU\",\"@id\":\"https:\\\/\\\/lepatriotebenin.com\\\/#\\\/schema\\\/person\\\/4a9b67216c97d04045e01405c534c91f\"},\"headline\":\"\u00a0B\u00e9nin :\u00a0Voici les produits autoris\u00e9s \u00e0 nouveau de sortie du territoire national\",\"datePublished\":\"2024-11-23T22:19:30+00:00\",\"dateModified\":\"2024-11-23T22:19:33+00:00\",\"mainEntityOfPage\":{\"@id\":\"https:\\\/\\\/lepatriotebenin.com\\\/index.php\\\/2024\\\/11\\\/23\\\/benin-voici-les-produits-autorises-a-nouveau-de-sortie-du-territoire-national\\\/\"},\"wordCount\":128,\"commentCount\":0,\"image\":{\"@id\":\"https:\\\/\\\/lepatriotebenin.com\\\/index.php\\\/2024\\\/11\\\/23\\\/benin-voici-les-produits-autorises-a-nouveau-de-sortie-du-territoire-national\\\/#primaryimage\"},\"thumbnailUrl\":\"https:\\\/\\\/lepatriotebenin.com\\\/wp-content\\\/uploads\\\/2024\\\/11\\\/358734028-590622133188763-8846840153813591152-n.jpg\",\"articleSection\":[\"Economie\"],\"inLanguage\":\"fr-FR\",\"potentialAction\":[{\"@type\":\"CommentAction\",\"name\":\"Comment\",\"target\":[\"https:\\\/\\\/lepatriotebenin.com\\\/index.php\\\/2024\\\/11\\\/23\\\/benin-voici-les-produits-autorises-a-nouveau-de-sortie-du-territoire-national\\\/#respond\"]}]},{\"@type\":\"WebPage\",\"@id\":\"https:\\\/\\\/lepatriotebenin.com\\\/index.php\\\/2024\\\/11\\\/23\\\/benin-voici-les-produits-autorises-a-nouveau-de-sortie-du-territoire-national\\\/\",\"url\":\"https:\\\/\\\/lepatriotebenin.com\\\/index.php\\\/2024\\\/11\\\/23\\\/benin-voici-les-produits-autorises-a-nouveau-de-sortie-du-territoire-national\\\/\",\"name\":\"\u00a0B\u00e9nin :\u00a0Voici les produits autoris\u00e9s \u00e0 nouveau de sortie du territoire national - Le Patriote\",\"isPartOf\":{\"@id\":\"https:\\\/\\\/lepatriotebenin.com\\\/#website\"},\"primaryImageOfPage\":{\"@id\":\"https:\\\/\\\/lepatriotebenin.com\\\/index.php\\\/2024\\\/11\\\/23\\\/benin-voici-les-produits-autorises-a-nouveau-de-sortie-du-territoire-national\\\/#primaryimage\"},\"image\":{\"@id\":\"https:\\\/\\\/lepatriotebenin.com\\\/index.php\\\/2024\\\/11\\\/23\\\/benin-voici-les-produits-autorises-a-nouveau-de-sortie-du-territoire-national\\\/#primaryimage\"},\"thumbnailUrl\":\"https:\\\/\\\/lepatriotebenin.com\\\/wp-content\\\/uploads\\\/2024\\\/11\\\/358734028-590622133188763-8846840153813591152-n.jpg\",\"datePublished\":\"2024-11-23T22:19:30+00:00\",\"dateModified\":\"2024-11-23T22:19:33+00:00\",\"author\":{\"@id\":\"https:\\\/\\\/lepatriotebenin.com\\\/#\\\/schema\\\/person\\\/4a9b67216c97d04045e01405c534c91f\"},\"breadcrumb\":{\"@id\":\"https:\\\/\\\/lepatriotebenin.com\\\/index.php\\\/2024\\\/11\\\/23\\\/benin-voici-les-produits-autorises-a-nouveau-de-sortie-du-territoire-national\\\/#breadcrumb\"},\"inLanguage\":\"fr-FR\",\"potentialAction\":[{\"@type\":\"ReadAction\",\"target\":[\"https:\\\/\\\/lepatriotebenin.com\\\/index.php\\\/2024\\\/11\\\/23\\\/benin-voici-les-produits-autorises-a-nouveau-de-sortie-du-territoire-national\\\/\"]}]},{\"@type\":\"ImageObject\",\"inLanguage\":\"fr-FR\",\"@id\":\"https:\\\/\\\/lepatriotebenin.com\\\/index.php\\\/2024\\\/11\\\/23\\\/benin-voici-les-produits-autorises-a-nouveau-de-sortie-du-territoire-national\\\/#primaryimage\",\"url\":\"https:\\\/\\\/lepatriotebenin.com\\\/wp-content\\\/uploads\\\/2024\\\/11\\\/358734028-590622133188763-8846840153813591152-n.jpg\",\"contentUrl\":\"https:\\\/\\\/lepatriotebenin.com\\\/wp-content\\\/uploads\\\/2024\\\/11\\\/358734028-590622133188763-8846840153813591152-n.jpg\",\"width\":641,\"height\":413},{\"@type\":\"BreadcrumbList\",\"@id\":\"https:\\\/\\\/lepatriotebenin.com\\\/index.php\\\/2024\\\/11\\\/23\\\/benin-voici-les-produits-autorises-a-nouveau-de-sortie-du-territoire-national\\\/#breadcrumb\",\"itemListElement\":[{\"@type\":\"ListItem\",\"position\":1,\"name\":\"Accueil\",\"item\":\"https:\\\/\\\/lepatriotebenin.com\\\/\"},{\"@type\":\"ListItem\",\"position\":2,\"name\":\"\u00a0B\u00e9nin :\u00a0Voici les produits autoris\u00e9s \u00e0 nouveau de sortie du territoire national\"}]},{\"@type\":\"WebSite\",\"@id\":\"https:\\\/\\\/lepatriotebenin.com\\\/#website\",\"url\":\"https:\\\/\\\/lepatriotebenin.com\\\/\",\"name\":\"Le Patriote\",\"description\":\"Le Patriote B\u00e9nin\",\"potentialAction\":[{\"@type\":\"SearchAction\",\"target\":{\"@type\":\"EntryPoint\",\"urlTemplate\":\"https:\\\/\\\/lepatriotebenin.com\\\/?s={search_term_string}\"},\"query-input\":{\"@type\":\"PropertyValueSpecification\",\"valueRequired\":true,\"valueName\":\"search_term_string\"}}],\"inLanguage\":\"fr-FR\"},{\"@type\":\"Person\",\"@id\":\"https:\\\/\\\/lepatriotebenin.com\\\/#\\\/schema\\\/person\\\/4a9b67216c97d04045e01405c534c91f\",\"name\":\"Roland AFFANOU\",\"image\":{\"@type\":\"ImageObject\",\"inLanguage\":\"fr-FR\",\"@id\":\"https:\\\/\\\/secure.gravatar.com\\\/avatar\\\/7209d3f6d2d47ea4d0c67e14d3effb61feb10ae540a4381280c66265de5bd643?s=96&d=mm&r=g\",\"url\":\"https:\\\/\\\/secure.gravatar.com\\\/avatar\\\/7209d3f6d2d47ea4d0c67e14d3effb61feb10ae540a4381280c66265de5bd643?s=96&d=mm&r=g\",\"contentUrl\":\"https:\\\/\\\/secure.gravatar.com\\\/avatar\\\/7209d3f6d2d47ea4d0c67e14d3effb61feb10ae540a4381280c66265de5bd643?s=96&d=mm&r=g\",\"caption\":\"Roland AFFANOU\"},\"url\":\"https:\\\/\\\/lepatriotebenin.com\"}]}<\/script>\n<!-- \/ Yoast SEO plugin. -->","yoast_head_json":{"title":"\u00a0B\u00e9nin :\u00a0Voici les produits autoris\u00e9s \u00e0 nouveau de sortie du territoire national - Le Patriote","robots":{"index":"index","follow":"follow","max-snippet":"max-snippet:-1","max-image-preview":"max-image-preview:large","max-video-preview":"max-video-preview:-1"},"canonical":"https:\/\/lepatriotebenin.com\/index.php\/2024\/11\/23\/benin-voici-les-produits-autorises-a-nouveau-de-sortie-du-territoire-national\/","og_locale":"fr_FR","og_type":"article","og_title":"\u00a0B\u00e9nin :\u00a0Voici les produits autoris\u00e9s \u00e0 nouveau de sortie du territoire national - Le Patriote","og_description":"Dans une note de service en date du 21 novembre 2024, la Direction g\u00e9n\u00e9rale des Douanes a rendu public la liste des produits qui sont \u00e0 nouveau autoris\u00e9s de sortie&hellip;","og_url":"https:\/\/lepatriotebenin.com\/index.php\/2024\/11\/23\/benin-voici-les-produits-autorises-a-nouveau-de-sortie-du-territoire-national\/","og_site_name":"Le Patriote","article_published_time":"2024-11-23T22:19:30+00:00","article_modified_time":"2024-11-23T22:19:33+00:00","og_image":[{"width":641,"height":413,"url":"https:\/\/lepatriotebenin.com\/wp-content\/uploads\/2024\/11\/358734028-590622133188763-8846840153813591152-n.jpg","type":"image\/jpeg"}],"author":"Roland AFFANOU","twitter_card":"summary_large_image","twitter_misc":{"\u00c9crit par":"Roland AFFANOU","Dur\u00e9e de lecture estim\u00e9e":"1 minute"},"schema":{"@context":"https:\/\/schema.org","@graph":[{"@type":"Article","@id":"https:\/\/lepatriotebenin.com\/index.php\/2024\/11\/23\/benin-voici-les-produits-autorises-a-nouveau-de-sortie-du-territoire-national\/#article","isPartOf":{"@id":"https:\/\/lepatriotebenin.com\/index.php\/2024\/11\/23\/benin-voici-les-produits-autorises-a-nouveau-de-sortie-du-territoire-national\/"},"author":{"name":"Roland AFFANOU","@id":"https:\/\/lepatriotebenin.com\/#\/schema\/person\/4a9b67216c97d04045e01405c534c91f"},"headline":"\u00a0B\u00e9nin :\u00a0Voici les produits autoris\u00e9s \u00e0 nouveau de sortie du territoire national","datePublished":"2024-11-23T22:19:30+00:00","dateModified":"2024-11-23T22:19:33+00:00","mainEntityOfPage":{"@id":"https:\/\/lepatriotebenin.com\/index.php\/2024\/11\/23\/benin-voici-les-produits-autorises-a-nouveau-de-sortie-du-territoire-national\/"},"wordCount":128,"commentCount":0,"image":{"@id":"https:\/\/lepatriotebenin.com\/index.php\/2024\/11\/23\/benin-voici-les-produits-autorises-a-nouveau-de-sortie-du-territoire-national\/#primaryimage"},"thumbnailUrl":"https:\/\/lepatriotebenin.com\/wp-content\/uploads\/2024\/11\/358734028-590622133188763-8846840153813591152-n.jpg","articleSection":["Economie"],"inLanguage":"fr-FR","potentialAction":[{"@type":"CommentAction","name":"Comment","target":["https:\/\/lepatriotebenin.com\/index.php\/2024\/11\/23\/benin-voici-les-produits-autorises-a-nouveau-de-sortie-du-territoire-national\/#respond"]}]},{"@type":"WebPage","@id":"https:\/\/lepatriotebenin.com\/index.php\/2024\/11\/23\/benin-voici-les-produits-autorises-a-nouveau-de-sortie-du-territoire-national\/","url":"https:\/\/lepatriotebenin.com\/index.php\/2024\/11\/23\/benin-voici-les-produits-autorises-a-nouveau-de-sortie-du-territoire-national\/","name":"\u00a0B\u00e9nin :\u00a0Voici les produits autoris\u00e9s \u00e0 nouveau de sortie du territoire national - Le Patriote","isPartOf":{"@id":"https:\/\/lepatriotebenin.com\/#website"},"primaryImageOfPage":{"@id":"https:\/\/lepatriotebenin.com\/index.php\/2024\/11\/23\/benin-voici-les-produits-autorises-a-nouveau-de-sortie-du-territoire-national\/#primaryimage"},"image":{"@id":"https:\/\/lepatriotebenin.com\/index.php\/2024\/11\/23\/benin-voici-les-produits-autorises-a-nouveau-de-sortie-du-territoire-national\/#primaryimage"},"thumbnailUrl":"https:\/\/lepatriotebenin.com\/wp-content\/uploads\/2024\/11\/358734028-590622133188763-8846840153813591152-n.jpg","datePublished":"2024-11-23T22:19:30+00:00","dateModified":"2024-11-23T22:19:33+00:00","author":{"@id":"https:\/\/lepatriotebenin.com\/#\/schema\/person\/4a9b67216c97d04045e01405c534c91f"},"breadcrumb":{"@id":"https:\/\/lepatriotebenin.com\/index.php\/2024\/11\/23\/benin-voici-les-produits-autorises-a-nouveau-de-sortie-du-territoire-national\/#breadcrumb"},"inLanguage":"fr-FR","potentialAction":[{"@type":"ReadAction","target":["https:\/\/lepatriotebenin.com\/index.php\/2024\/11\/23\/benin-voici-les-produits-autorises-a-nouveau-de-sortie-du-territoire-national\/"]}]},{"@type":"ImageObject","inLanguage":"fr-FR","@id":"https:\/\/lepatriotebenin.com\/index.php\/2024\/11\/23\/benin-voici-les-produits-autorises-a-nouveau-de-sortie-du-territoire-national\/#primaryimage","url":"https:\/\/lepatriotebenin.com\/wp-content\/uploads\/2024\/11\/358734028-590622133188763-8846840153813591152-n.jpg","contentUrl":"https:\/\/lepatriotebenin.com\/wp-content\/uploads\/2024\/11\/358734028-590622133188763-8846840153813591152-n.jpg","width":641,"height":413},{"@type":"BreadcrumbList","@id":"https:\/\/lepatriotebenin.com\/index.php\/2024\/11\/23\/benin-voici-les-produits-autorises-a-nouveau-de-sortie-du-territoire-national\/#breadcrumb","itemListElement":[{"@type":"ListItem","position":1,"name":"Accueil","item":"https:\/\/lepatriotebenin.com\/"},{"@type":"ListItem","position":2,"name":"\u00a0B\u00e9nin :\u00a0Voici les produits autoris\u00e9s \u00e0 nouveau de sortie du territoire national"}]},{"@type":"WebSite","@id":"https:\/\/lepatriotebenin.com\/#website","url":"https:\/\/lepatriotebenin.com\/","name":"Le Patriote","description":"Le Patriote B\u00e9nin","potentialAction":[{"@type":"SearchAction","target":{"@type":"EntryPoint","urlTemplate":"https:\/\/lepatriotebenin.com\/?s={search_term_string}"},"query-input":{"@type":"PropertyValueSpecification","valueRequired":true,"valueName":"search_term_string"}}],"inLanguage":"fr-FR"},{"@type":"Person","@id":"https:\/\/lepatriotebenin.com\/#\/schema\/person\/4a9b67216c97d04045e01405c534c91f","name":"Roland AFFANOU","image":{"@type":"ImageObject","inLanguage":"fr-FR","@id":"https:\/\/secure.gravatar.com\/avatar\/7209d3f6d2d47ea4d0c67e14d3effb61feb10ae540a4381280c66265de5bd643?s=96&d=mm&r=g","url":"https:\/\/secure.gravatar.com\/avatar\/7209d3f6d2d47ea4d0c67e14d3effb61feb10ae540a4381280c66265de5bd643?s=96&d=mm&r=g","contentUrl":"https:\/\/secure.gravatar.com\/avatar\/7209d3f6d2d47ea4d0c67e14d3effb61feb10ae540a4381280c66265de5bd643?s=96&d=mm&r=g","caption":"Roland AFFANOU"},"url":"https:\/\/lepatriotebenin.com"}]}},"_links":{"self":[{"href":"https:\/\/lepatriotebenin.com\/index.php\/wp-json\/wp\/v2\/posts\/9315","targetHints":{"allow":["GET"]}}],"collection":[{"href":"https:\/\/lepatriotebenin.com\/index.php\/wp-json\/wp\/v2\/posts"}],"about":[{"href":"https:\/\/lepatriotebenin.com\/index.php\/wp-json\/wp\/v2\/types\/post"}],"author":[{"embeddable":true,"href":"https:\/\/lepatriotebenin.com\/index.php\/wp-json\/wp\/v2\/users\/6"}],"replies":[{"embeddable":true,"href":"https:\/\/lepatriotebenin.com\/index.php\/wp-json\/wp\/v2\/comments?post=9315"}],"version-history":[{"count":1,"href":"https:\/\/lepatriotebenin.com\/index.php\/wp-json\/wp\/v2\/posts\/9315\/revisions"}],"predecessor-version":[{"id":9319,"href":"https:\/\/lepatriotebenin.com\/index.php\/wp-json\/wp\/v2\/posts\/9315\/revisions\/9319"}],"wp:featuredmedia":[{"embeddable":true,"href":"https:\/\/lepatriotebenin.com\/index.php\/wp-json\/wp\/v2\/media\/9318"}],"wp:attachment":[{"href":"https:\/\/lepatriotebenin.com\/index.php\/wp-json\/wp\/v2\/media?parent=9315"}],"wp:term":[{"taxonomy":"category","embeddable":true,"href":"https:\/\/lepatriotebenin.com\/index.php\/wp-json\/wp\/v2\/categories?post=9315"},{"taxonomy":"post_tag","embeddable":true,"href":"https:\/\/lepatriotebenin.com\/index.php\/wp-json\/wp\/v2\/tags?post=9315"}],"curies":[{"name":"wp","href":"https:\/\/api.w.org\/{rel}","templated":true}]}}