{"id":9305,"date":"2024-11-23T22:05:50","date_gmt":"2024-11-23T21:05:50","guid":{"rendered":"https:\/\/lepatriotebenin.com\/?p=9305"},"modified":"2024-11-25T19:13:23","modified_gmt":"2024-11-25T18:13:23","slug":"opportunites-dinvestissement-moise-kerekou-recu-par-le-president-namibien","status":"publish","type":"post","link":"https:\/\/lepatriotebenin.com\/index.php\/2024\/11\/23\/opportunites-dinvestissement-moise-kerekou-recu-par-le-president-namibien\/","title":{"rendered":"Investissement en Afrique : Mo\u00efse K\u00e9r\u00e9kou re\u00e7u par le Pr\u00e9sident namibien"},"content":{"rendered":"\n<p>\u00a0Dans le cadre de ses activit\u00e9s professionnelles, <strong>Moise K\u00e9r\u00e9kou<\/strong>\u00a0\u00a0a \u00e9t\u00e9 re\u00e7u en fin de semaine par le Pr\u00e9sident de la R\u00e9publique de Namibie, Son Excellence<strong> Nangolo Mbumba, <\/strong>ainsi que le Ministre des Mines. \u00a0Moise K\u00e9r\u00e9kou\u00a0 \u00a0a discut\u00e9 avec ces deux personnalit\u00e9s des opportunit\u00e9s d&rsquo;investissement, dans le secteur minier namibien, plus pr\u00e9cis\u00e9ment dans l&rsquo;industrie de l<strong>&lsquo;or, du cuivre et du lithium. <\/strong>\u00a0Faut-il le rappeler, Mo\u00efse K\u00e9r\u00e9kou est le Repr\u00e9sentant- Afrique de <strong>Gulf Mining Holding,<\/strong> un groupe arabe sp\u00e9cialis\u00e9 dans l&rsquo;industrie mini\u00e8re et les m\u00e9taux pr\u00e9cieux \u00e0 travers le monde. La Namibie est  un pays connu en A<strong>frique<\/strong> et dans le monde pour ses importantes ressources et r\u00e9serves mini\u00e8res.<\/p>\n\n\n\n<figure class=\"wp-block-image size-large\"><img fetchpriority=\"high\" decoding=\"async\" width=\"768\" height=\"1024\" src=\"https:\/\/lepatriotebenin.com\/wp-content\/uploads\/2024\/11\/mk-a-768x1024.jpg\" alt=\"\" class=\"wp-image-9307\" srcset=\"https:\/\/lepatriotebenin.com\/wp-content\/uploads\/2024\/11\/mk-a-768x1024.jpg 768w, https:\/\/lepatriotebenin.com\/wp-content\/uploads\/2024\/11\/mk-a-225x300.jpg 225w, https:\/\/lepatriotebenin.com\/wp-content\/uploads\/2024\/11\/mk-a-585x780.jpg 585w, https:\/\/lepatriotebenin.com\/wp-content\/uploads\/2024\/11\/mk-a.jpg 810w\" sizes=\"(max-width: 768px) 100vw, 768px\" \/><\/figure>\n\n\n\n<figure class=\"wp-block-image size-full\"><img decoding=\"async\" width=\"268\" height=\"187\" src=\"https:\/\/lepatriotebenin.com\/wp-content\/uploads\/2024\/11\/mke.jpg\" alt=\"\" class=\"wp-image-9308\"\/><\/figure>\n\n\n\n<figure class=\"wp-block-image size-large\"><img decoding=\"async\" width=\"768\" height=\"1024\" src=\"https:\/\/lepatriotebenin.com\/wp-content\/uploads\/2024\/11\/mkg-768x1024.jpg\" alt=\"\" class=\"wp-image-9309\" srcset=\"https:\/\/lepatriotebenin.com\/wp-content\/uploads\/2024\/11\/mkg-768x1024.jpg 768w, https:\/\/lepatriotebenin.com\/wp-content\/uploads\/2024\/11\/mkg-225x300.jpg 225w, https:\/\/lepatriotebenin.com\/wp-content\/uploads\/2024\/11\/mkg-1152x1536.jpg 1152w, https:\/\/lepatriotebenin.com\/wp-content\/uploads\/2024\/11\/mkg-1170x1560.jpg 1170w, https:\/\/lepatriotebenin.com\/wp-content\/uploads\/2024\/11\/mkg-585x780.jpg 585w, https:\/\/lepatriotebenin.com\/wp-content\/uploads\/2024\/11\/mkg.jpg 1536w\" sizes=\"(max-width: 768px) 100vw, 768px\" \/><\/figure>\n","protected":false},"excerpt":{"rendered":"<p>\u00a0Dans le cadre de ses activit\u00e9s professionnelles, Moise K\u00e9r\u00e9kou\u00a0\u00a0a \u00e9t\u00e9 re\u00e7u en fin de semaine par le Pr\u00e9sident de la R\u00e9publique de Namibie, Son Excellence Nangolo Mbumba, ainsi que le&hellip;<\/p>\n","protected":false},"author":6,"featured_media":9306,"comment_status":"open","ping_status":"open","sticky":false,"template":"","format":"standard","meta":{"content-type":"","om_disable_all_campaigns":false,"_monsterinsights_skip_tracking":false,"_monsterinsights_sitenote_active":false,"_monsterinsights_sitenote_note":"","_monsterinsights_sitenote_category":0,"_uf_show_specific_survey":0,"_uf_disable_surveys":false,"footnotes":""},"categories":[26],"tags":[],"class_list":["post-9305","post","type-post","status-publish","format-standard","has-post-thumbnail","hentry","category-politique"],"aioseo_notices":[],"yoast_head":"<!-- This site is optimized with the Yoast SEO plugin v27.5 - https:\/\/yoast.com\/product\/yoast-seo-wordpress\/ -->\n<title>Investissement en Afrique : Mo\u00efse K\u00e9r\u00e9kou re\u00e7u par le Pr\u00e9sident namibien - Le Patriote<\/title>\n<meta name=\"robots\" content=\"index, follow, max-snippet:-1, max-image-preview:large, max-video-preview:-1\" \/>\n<link rel=\"canonical\" href=\"https:\/\/lepatriotebenin.com\/index.php\/2024\/11\/23\/opportunites-dinvestissement-moise-kerekou-recu-par-le-president-namibien\/\" \/>\n<meta property=\"og:locale\" content=\"fr_FR\" \/>\n<meta property=\"og:type\" content=\"article\" \/>\n<meta property=\"og:title\" content=\"Investissement en Afrique : Mo\u00efse K\u00e9r\u00e9kou re\u00e7u par le Pr\u00e9sident namibien - Le Patriote\" \/>\n<meta property=\"og:description\" content=\"\u00a0Dans le cadre de ses activit\u00e9s professionnelles, Moise K\u00e9r\u00e9kou\u00a0\u00a0a \u00e9t\u00e9 re\u00e7u en fin de semaine par le Pr\u00e9sident de la R\u00e9publique de Namibie, Son Excellence Nangolo Mbumba, ainsi que le&hellip;\" \/>\n<meta property=\"og:url\" content=\"https:\/\/lepatriotebenin.com\/index.php\/2024\/11\/23\/opportunites-dinvestissement-moise-kerekou-recu-par-le-president-namibien\/\" \/>\n<meta property=\"og:site_name\" content=\"Le Patriote\" \/>\n<meta property=\"article:published_time\" content=\"2024-11-23T21:05:50+00:00\" \/>\n<meta property=\"article:modified_time\" content=\"2024-11-25T18:13:23+00:00\" \/>\n<meta property=\"og:image\" content=\"https:\/\/lepatriotebenin.com\/wp-content\/uploads\/2024\/11\/mk-bn.jpg\" \/>\n\t<meta property=\"og:image:width\" content=\"963\" \/>\n\t<meta property=\"og:image:height\" content=\"1998\" \/>\n\t<meta property=\"og:image:type\" content=\"image\/jpeg\" \/>\n<meta name=\"author\" content=\"Roland AFFANOU\" \/>\n<meta name=\"twitter:card\" content=\"summary_large_image\" \/>\n<meta name=\"twitter:label1\" content=\"\u00c9crit par\" \/>\n\t<meta name=\"twitter:data1\" content=\"Roland AFFANOU\" \/>\n\t<meta name=\"twitter:label2\" content=\"Dur\u00e9e de lecture estim\u00e9e\" \/>\n\t<meta name=\"twitter:data2\" content=\"2 minutes\" \/>\n<script type=\"application\/ld+json\" class=\"yoast-schema-graph\">{\"@context\":\"https:\\\/\\\/schema.org\",\"@graph\":[{\"@type\":\"Article\",\"@id\":\"https:\\\/\\\/lepatriotebenin.com\\\/index.php\\\/2024\\\/11\\\/23\\\/opportunites-dinvestissement-moise-kerekou-recu-par-le-president-namibien\\\/#article\",\"isPartOf\":{\"@id\":\"https:\\\/\\\/lepatriotebenin.com\\\/index.php\\\/2024\\\/11\\\/23\\\/opportunites-dinvestissement-moise-kerekou-recu-par-le-president-namibien\\\/\"},\"author\":{\"name\":\"Roland AFFANOU\",\"@id\":\"https:\\\/\\\/lepatriotebenin.com\\\/#\\\/schema\\\/person\\\/4a9b67216c97d04045e01405c534c91f\"},\"headline\":\"Investissement en Afrique : Mo\u00efse K\u00e9r\u00e9kou re\u00e7u par le Pr\u00e9sident namibien\",\"datePublished\":\"2024-11-23T21:05:50+00:00\",\"dateModified\":\"2024-11-25T18:13:23+00:00\",\"mainEntityOfPage\":{\"@id\":\"https:\\\/\\\/lepatriotebenin.com\\\/index.php\\\/2024\\\/11\\\/23\\\/opportunites-dinvestissement-moise-kerekou-recu-par-le-president-namibien\\\/\"},\"wordCount\":148,\"commentCount\":0,\"image\":{\"@id\":\"https:\\\/\\\/lepatriotebenin.com\\\/index.php\\\/2024\\\/11\\\/23\\\/opportunites-dinvestissement-moise-kerekou-recu-par-le-president-namibien\\\/#primaryimage\"},\"thumbnailUrl\":\"https:\\\/\\\/lepatriotebenin.com\\\/wp-content\\\/uploads\\\/2024\\\/11\\\/mk-bn.jpg\",\"articleSection\":[\"Politique\"],\"inLanguage\":\"fr-FR\",\"potentialAction\":[{\"@type\":\"CommentAction\",\"name\":\"Comment\",\"target\":[\"https:\\\/\\\/lepatriotebenin.com\\\/index.php\\\/2024\\\/11\\\/23\\\/opportunites-dinvestissement-moise-kerekou-recu-par-le-president-namibien\\\/#respond\"]}]},{\"@type\":\"WebPage\",\"@id\":\"https:\\\/\\\/lepatriotebenin.com\\\/index.php\\\/2024\\\/11\\\/23\\\/opportunites-dinvestissement-moise-kerekou-recu-par-le-president-namibien\\\/\",\"url\":\"https:\\\/\\\/lepatriotebenin.com\\\/index.php\\\/2024\\\/11\\\/23\\\/opportunites-dinvestissement-moise-kerekou-recu-par-le-president-namibien\\\/\",\"name\":\"Investissement en Afrique : Mo\u00efse K\u00e9r\u00e9kou re\u00e7u par le Pr\u00e9sident namibien - Le Patriote\",\"isPartOf\":{\"@id\":\"https:\\\/\\\/lepatriotebenin.com\\\/#website\"},\"primaryImageOfPage\":{\"@id\":\"https:\\\/\\\/lepatriotebenin.com\\\/index.php\\\/2024\\\/11\\\/23\\\/opportunites-dinvestissement-moise-kerekou-recu-par-le-president-namibien\\\/#primaryimage\"},\"image\":{\"@id\":\"https:\\\/\\\/lepatriotebenin.com\\\/index.php\\\/2024\\\/11\\\/23\\\/opportunites-dinvestissement-moise-kerekou-recu-par-le-president-namibien\\\/#primaryimage\"},\"thumbnailUrl\":\"https:\\\/\\\/lepatriotebenin.com\\\/wp-content\\\/uploads\\\/2024\\\/11\\\/mk-bn.jpg\",\"datePublished\":\"2024-11-23T21:05:50+00:00\",\"dateModified\":\"2024-11-25T18:13:23+00:00\",\"author\":{\"@id\":\"https:\\\/\\\/lepatriotebenin.com\\\/#\\\/schema\\\/person\\\/4a9b67216c97d04045e01405c534c91f\"},\"breadcrumb\":{\"@id\":\"https:\\\/\\\/lepatriotebenin.com\\\/index.php\\\/2024\\\/11\\\/23\\\/opportunites-dinvestissement-moise-kerekou-recu-par-le-president-namibien\\\/#breadcrumb\"},\"inLanguage\":\"fr-FR\",\"potentialAction\":[{\"@type\":\"ReadAction\",\"target\":[\"https:\\\/\\\/lepatriotebenin.com\\\/index.php\\\/2024\\\/11\\\/23\\\/opportunites-dinvestissement-moise-kerekou-recu-par-le-president-namibien\\\/\"]}]},{\"@type\":\"ImageObject\",\"inLanguage\":\"fr-FR\",\"@id\":\"https:\\\/\\\/lepatriotebenin.com\\\/index.php\\\/2024\\\/11\\\/23\\\/opportunites-dinvestissement-moise-kerekou-recu-par-le-president-namibien\\\/#primaryimage\",\"url\":\"https:\\\/\\\/lepatriotebenin.com\\\/wp-content\\\/uploads\\\/2024\\\/11\\\/mk-bn.jpg\",\"contentUrl\":\"https:\\\/\\\/lepatriotebenin.com\\\/wp-content\\\/uploads\\\/2024\\\/11\\\/mk-bn.jpg\",\"width\":963,\"height\":1998},{\"@type\":\"BreadcrumbList\",\"@id\":\"https:\\\/\\\/lepatriotebenin.com\\\/index.php\\\/2024\\\/11\\\/23\\\/opportunites-dinvestissement-moise-kerekou-recu-par-le-president-namibien\\\/#breadcrumb\",\"itemListElement\":[{\"@type\":\"ListItem\",\"position\":1,\"name\":\"Accueil\",\"item\":\"https:\\\/\\\/lepatriotebenin.com\\\/\"},{\"@type\":\"ListItem\",\"position\":2,\"name\":\"Investissement en Afrique : Mo\u00efse K\u00e9r\u00e9kou re\u00e7u par le Pr\u00e9sident namibien\"}]},{\"@type\":\"WebSite\",\"@id\":\"https:\\\/\\\/lepatriotebenin.com\\\/#website\",\"url\":\"https:\\\/\\\/lepatriotebenin.com\\\/\",\"name\":\"Le Patriote\",\"description\":\"Le Patriote B\u00e9nin\",\"potentialAction\":[{\"@type\":\"SearchAction\",\"target\":{\"@type\":\"EntryPoint\",\"urlTemplate\":\"https:\\\/\\\/lepatriotebenin.com\\\/?s={search_term_string}\"},\"query-input\":{\"@type\":\"PropertyValueSpecification\",\"valueRequired\":true,\"valueName\":\"search_term_string\"}}],\"inLanguage\":\"fr-FR\"},{\"@type\":\"Person\",\"@id\":\"https:\\\/\\\/lepatriotebenin.com\\\/#\\\/schema\\\/person\\\/4a9b67216c97d04045e01405c534c91f\",\"name\":\"Roland AFFANOU\",\"image\":{\"@type\":\"ImageObject\",\"inLanguage\":\"fr-FR\",\"@id\":\"https:\\\/\\\/secure.gravatar.com\\\/avatar\\\/7209d3f6d2d47ea4d0c67e14d3effb61feb10ae540a4381280c66265de5bd643?s=96&d=mm&r=g\",\"url\":\"https:\\\/\\\/secure.gravatar.com\\\/avatar\\\/7209d3f6d2d47ea4d0c67e14d3effb61feb10ae540a4381280c66265de5bd643?s=96&d=mm&r=g\",\"contentUrl\":\"https:\\\/\\\/secure.gravatar.com\\\/avatar\\\/7209d3f6d2d47ea4d0c67e14d3effb61feb10ae540a4381280c66265de5bd643?s=96&d=mm&r=g\",\"caption\":\"Roland AFFANOU\"},\"url\":\"https:\\\/\\\/lepatriotebenin.com\"}]}<\/script>\n<!-- \/ Yoast SEO plugin. -->","yoast_head_json":{"title":"Investissement en Afrique : Mo\u00efse K\u00e9r\u00e9kou re\u00e7u par le Pr\u00e9sident namibien - Le Patriote","robots":{"index":"index","follow":"follow","max-snippet":"max-snippet:-1","max-image-preview":"max-image-preview:large","max-video-preview":"max-video-preview:-1"},"canonical":"https:\/\/lepatriotebenin.com\/index.php\/2024\/11\/23\/opportunites-dinvestissement-moise-kerekou-recu-par-le-president-namibien\/","og_locale":"fr_FR","og_type":"article","og_title":"Investissement en Afrique : Mo\u00efse K\u00e9r\u00e9kou re\u00e7u par le Pr\u00e9sident namibien - Le Patriote","og_description":"\u00a0Dans le cadre de ses activit\u00e9s professionnelles, Moise K\u00e9r\u00e9kou\u00a0\u00a0a \u00e9t\u00e9 re\u00e7u en fin de semaine par le Pr\u00e9sident de la R\u00e9publique de Namibie, Son Excellence Nangolo Mbumba, ainsi que le&hellip;","og_url":"https:\/\/lepatriotebenin.com\/index.php\/2024\/11\/23\/opportunites-dinvestissement-moise-kerekou-recu-par-le-president-namibien\/","og_site_name":"Le Patriote","article_published_time":"2024-11-23T21:05:50+00:00","article_modified_time":"2024-11-25T18:13:23+00:00","og_image":[{"width":963,"height":1998,"url":"https:\/\/lepatriotebenin.com\/wp-content\/uploads\/2024\/11\/mk-bn.jpg","type":"image\/jpeg"}],"author":"Roland AFFANOU","twitter_card":"summary_large_image","twitter_misc":{"\u00c9crit par":"Roland AFFANOU","Dur\u00e9e de lecture estim\u00e9e":"2 minutes"},"schema":{"@context":"https:\/\/schema.org","@graph":[{"@type":"Article","@id":"https:\/\/lepatriotebenin.com\/index.php\/2024\/11\/23\/opportunites-dinvestissement-moise-kerekou-recu-par-le-president-namibien\/#article","isPartOf":{"@id":"https:\/\/lepatriotebenin.com\/index.php\/2024\/11\/23\/opportunites-dinvestissement-moise-kerekou-recu-par-le-president-namibien\/"},"author":{"name":"Roland AFFANOU","@id":"https:\/\/lepatriotebenin.com\/#\/schema\/person\/4a9b67216c97d04045e01405c534c91f"},"headline":"Investissement en Afrique : Mo\u00efse K\u00e9r\u00e9kou re\u00e7u par le Pr\u00e9sident namibien","datePublished":"2024-11-23T21:05:50+00:00","dateModified":"2024-11-25T18:13:23+00:00","mainEntityOfPage":{"@id":"https:\/\/lepatriotebenin.com\/index.php\/2024\/11\/23\/opportunites-dinvestissement-moise-kerekou-recu-par-le-president-namibien\/"},"wordCount":148,"commentCount":0,"image":{"@id":"https:\/\/lepatriotebenin.com\/index.php\/2024\/11\/23\/opportunites-dinvestissement-moise-kerekou-recu-par-le-president-namibien\/#primaryimage"},"thumbnailUrl":"https:\/\/lepatriotebenin.com\/wp-content\/uploads\/2024\/11\/mk-bn.jpg","articleSection":["Politique"],"inLanguage":"fr-FR","potentialAction":[{"@type":"CommentAction","name":"Comment","target":["https:\/\/lepatriotebenin.com\/index.php\/2024\/11\/23\/opportunites-dinvestissement-moise-kerekou-recu-par-le-president-namibien\/#respond"]}]},{"@type":"WebPage","@id":"https:\/\/lepatriotebenin.com\/index.php\/2024\/11\/23\/opportunites-dinvestissement-moise-kerekou-recu-par-le-president-namibien\/","url":"https:\/\/lepatriotebenin.com\/index.php\/2024\/11\/23\/opportunites-dinvestissement-moise-kerekou-recu-par-le-president-namibien\/","name":"Investissement en Afrique : Mo\u00efse K\u00e9r\u00e9kou re\u00e7u par le Pr\u00e9sident namibien - Le Patriote","isPartOf":{"@id":"https:\/\/lepatriotebenin.com\/#website"},"primaryImageOfPage":{"@id":"https:\/\/lepatriotebenin.com\/index.php\/2024\/11\/23\/opportunites-dinvestissement-moise-kerekou-recu-par-le-president-namibien\/#primaryimage"},"image":{"@id":"https:\/\/lepatriotebenin.com\/index.php\/2024\/11\/23\/opportunites-dinvestissement-moise-kerekou-recu-par-le-president-namibien\/#primaryimage"},"thumbnailUrl":"https:\/\/lepatriotebenin.com\/wp-content\/uploads\/2024\/11\/mk-bn.jpg","datePublished":"2024-11-23T21:05:50+00:00","dateModified":"2024-11-25T18:13:23+00:00","author":{"@id":"https:\/\/lepatriotebenin.com\/#\/schema\/person\/4a9b67216c97d04045e01405c534c91f"},"breadcrumb":{"@id":"https:\/\/lepatriotebenin.com\/index.php\/2024\/11\/23\/opportunites-dinvestissement-moise-kerekou-recu-par-le-president-namibien\/#breadcrumb"},"inLanguage":"fr-FR","potentialAction":[{"@type":"ReadAction","target":["https:\/\/lepatriotebenin.com\/index.php\/2024\/11\/23\/opportunites-dinvestissement-moise-kerekou-recu-par-le-president-namibien\/"]}]},{"@type":"ImageObject","inLanguage":"fr-FR","@id":"https:\/\/lepatriotebenin.com\/index.php\/2024\/11\/23\/opportunites-dinvestissement-moise-kerekou-recu-par-le-president-namibien\/#primaryimage","url":"https:\/\/lepatriotebenin.com\/wp-content\/uploads\/2024\/11\/mk-bn.jpg","contentUrl":"https:\/\/lepatriotebenin.com\/wp-content\/uploads\/2024\/11\/mk-bn.jpg","width":963,"height":1998},{"@type":"BreadcrumbList","@id":"https:\/\/lepatriotebenin.com\/index.php\/2024\/11\/23\/opportunites-dinvestissement-moise-kerekou-recu-par-le-president-namibien\/#breadcrumb","itemListElement":[{"@type":"ListItem","position":1,"name":"Accueil","item":"https:\/\/lepatriotebenin.com\/"},{"@type":"ListItem","position":2,"name":"Investissement en Afrique : Mo\u00efse K\u00e9r\u00e9kou re\u00e7u par le Pr\u00e9sident namibien"}]},{"@type":"WebSite","@id":"https:\/\/lepatriotebenin.com\/#website","url":"https:\/\/lepatriotebenin.com\/","name":"Le Patriote","description":"Le Patriote B\u00e9nin","potentialAction":[{"@type":"SearchAction","target":{"@type":"EntryPoint","urlTemplate":"https:\/\/lepatriotebenin.com\/?s={search_term_string}"},"query-input":{"@type":"PropertyValueSpecification","valueRequired":true,"valueName":"search_term_string"}}],"inLanguage":"fr-FR"},{"@type":"Person","@id":"https:\/\/lepatriotebenin.com\/#\/schema\/person\/4a9b67216c97d04045e01405c534c91f","name":"Roland AFFANOU","image":{"@type":"ImageObject","inLanguage":"fr-FR","@id":"https:\/\/secure.gravatar.com\/avatar\/7209d3f6d2d47ea4d0c67e14d3effb61feb10ae540a4381280c66265de5bd643?s=96&d=mm&r=g","url":"https:\/\/secure.gravatar.com\/avatar\/7209d3f6d2d47ea4d0c67e14d3effb61feb10ae540a4381280c66265de5bd643?s=96&d=mm&r=g","contentUrl":"https:\/\/secure.gravatar.com\/avatar\/7209d3f6d2d47ea4d0c67e14d3effb61feb10ae540a4381280c66265de5bd643?s=96&d=mm&r=g","caption":"Roland AFFANOU"},"url":"https:\/\/lepatriotebenin.com"}]}},"_links":{"self":[{"href":"https:\/\/lepatriotebenin.com\/index.php\/wp-json\/wp\/v2\/posts\/9305","targetHints":{"allow":["GET"]}}],"collection":[{"href":"https:\/\/lepatriotebenin.com\/index.php\/wp-json\/wp\/v2\/posts"}],"about":[{"href":"https:\/\/lepatriotebenin.com\/index.php\/wp-json\/wp\/v2\/types\/post"}],"author":[{"embeddable":true,"href":"https:\/\/lepatriotebenin.com\/index.php\/wp-json\/wp\/v2\/users\/6"}],"replies":[{"embeddable":true,"href":"https:\/\/lepatriotebenin.com\/index.php\/wp-json\/wp\/v2\/comments?post=9305"}],"version-history":[{"count":5,"href":"https:\/\/lepatriotebenin.com\/index.php\/wp-json\/wp\/v2\/posts\/9305\/revisions"}],"predecessor-version":[{"id":9381,"href":"https:\/\/lepatriotebenin.com\/index.php\/wp-json\/wp\/v2\/posts\/9305\/revisions\/9381"}],"wp:featuredmedia":[{"embeddable":true,"href":"https:\/\/lepatriotebenin.com\/index.php\/wp-json\/wp\/v2\/media\/9306"}],"wp:attachment":[{"href":"https:\/\/lepatriotebenin.com\/index.php\/wp-json\/wp\/v2\/media?parent=9305"}],"wp:term":[{"taxonomy":"category","embeddable":true,"href":"https:\/\/lepatriotebenin.com\/index.php\/wp-json\/wp\/v2\/categories?post=9305"},{"taxonomy":"post_tag","embeddable":true,"href":"https:\/\/lepatriotebenin.com\/index.php\/wp-json\/wp\/v2\/tags?post=9305"}],"curies":[{"name":"wp","href":"https:\/\/api.w.org\/{rel}","templated":true}]}}