{"id":9301,"date":"2024-11-23T21:40:42","date_gmt":"2024-11-23T20:40:42","guid":{"rendered":"https:\/\/lepatriotebenin.com\/?p=9301"},"modified":"2024-11-24T09:27:01","modified_gmt":"2024-11-24T08:27:01","slug":"designation-des-nouveaux-chefs-de-village-et-quartier-au-benin-voici-le-nombre-par-parti-politique-dans-chaque-commune","status":"publish","type":"post","link":"https:\/\/lepatriotebenin.com\/index.php\/2024\/11\/23\/designation-des-nouveaux-chefs-de-village-et-quartier-au-benin-voici-le-nombre-par-parti-politique-dans-chaque-commune\/","title":{"rendered":"D\u00e9signation des nouveaux chefs de village et quartier : Voici la r\u00e9partition par parti politique dans chaque commune"},"content":{"rendered":"\n<p>&nbsp;A travers la d\u00e9cision <strong>2024 N\u00b0018\/CENA\/PT\/RAP\/DGE\/SP en<\/strong> date <strong>du 05 novembre 2024<\/strong>, la Commission \u00e9lectorale nationale autonome (Cena) &nbsp;a rendu public la&nbsp; liste des&nbsp; localit\u00e9s ou les partis&nbsp; politiques &nbsp;qui sont qualifi\u00e9s \u00e0 d\u00e9signer&nbsp; les chefs de&nbsp; village ou&nbsp; de quartier de ville sur la base des r\u00e9sultats&nbsp; des \u00e9lections &nbsp;communales&nbsp; de &nbsp;2020. &nbsp;Pour les partis politiques, il s\u2019agit de <strong>Union Progressiste Le Renouveau ( UP-R),&nbsp; Bloc R\u00e9publicain &nbsp;( BR) et &nbsp;&nbsp;Force Cauris Pour&nbsp; un B\u00e9nin \u00c9mergeant ( FCBE) . &nbsp;<\/strong>Ce <strong>jeudi 21 novembre 2024,<\/strong> la Cena a proc\u00e9d\u00e9, \u00e0 la remise de la liste des localit\u00e9s o\u00f9 les partis politiques UPR, BR et FCBE sont qualifi\u00e9s \u00e0 designer les chefs de village ou de quartier de ville. &nbsp;Ci-dessous cette&nbsp; liste des localit\u00e9s<\/p>\n\n\n\n<div data-wp-interactive=\"core\/file\" class=\"wp-block-file\"><object data-wp-bind--hidden=\"!state.hasPdfPreview\" hidden class=\"wp-block-file__embed\" data=\"https:\/\/lepatriotebenin.com\/wp-content\/uploads\/2024\/11\/decision-n018-cena-portant-liste-des-localites-2024.pdf\" type=\"application\/pdf\" style=\"width:100%;height:600px\" aria-label=\"Contenu embarqu\u00e9 decision-n018-cena-portant-liste-des-localites-2024.\"><\/object><a id=\"wp-block-file--media-c2061519-3667-4c0d-aed5-6c438a8a2c80\" href=\"https:\/\/lepatriotebenin.com\/wp-content\/uploads\/2024\/11\/decision-n018-cena-portant-liste-des-localites-2024.pdf\">decision-n018-cena-portant-liste-des-localites-2024<\/a><a href=\"https:\/\/lepatriotebenin.com\/wp-content\/uploads\/2024\/11\/decision-n018-cena-portant-liste-des-localites-2024.pdf\" class=\"wp-block-file__button wp-element-button\" download aria-describedby=\"wp-block-file--media-c2061519-3667-4c0d-aed5-6c438a8a2c80\">T\u00e9l\u00e9charger<\/a><\/div>\n","protected":false},"excerpt":{"rendered":"<p>&nbsp;A travers la d\u00e9cision 2024 N\u00b0018\/CENA\/PT\/RAP\/DGE\/SP en date du 05 novembre 2024, la Commission \u00e9lectorale nationale autonome (Cena) &nbsp;a rendu public la&nbsp; liste des&nbsp; localit\u00e9s ou les partis&nbsp; politiques &nbsp;qui&hellip;<\/p>\n","protected":false},"author":6,"featured_media":9303,"comment_status":"open","ping_status":"open","sticky":false,"template":"","format":"standard","meta":{"content-type":"","om_disable_all_campaigns":false,"_monsterinsights_skip_tracking":false,"_monsterinsights_sitenote_active":false,"_monsterinsights_sitenote_note":"","_monsterinsights_sitenote_category":0,"_uf_show_specific_survey":0,"_uf_disable_surveys":false,"footnotes":""},"categories":[26],"tags":[],"class_list":["post-9301","post","type-post","status-publish","format-standard","has-post-thumbnail","hentry","category-politique"],"aioseo_notices":[],"yoast_head":"<!-- This site is optimized with the Yoast SEO plugin v27.5 - https:\/\/yoast.com\/product\/yoast-seo-wordpress\/ -->\n<title>D\u00e9signation des nouveaux chefs de village et quartier : Voici la r\u00e9partition par parti politique dans chaque commune - Le Patriote<\/title>\n<meta name=\"robots\" content=\"index, follow, max-snippet:-1, max-image-preview:large, max-video-preview:-1\" \/>\n<link rel=\"canonical\" href=\"https:\/\/lepatriotebenin.com\/index.php\/2024\/11\/23\/designation-des-nouveaux-chefs-de-village-et-quartier-au-benin-voici-le-nombre-par-parti-politique-dans-chaque-commune\/\" \/>\n<meta property=\"og:locale\" content=\"fr_FR\" \/>\n<meta property=\"og:type\" content=\"article\" \/>\n<meta property=\"og:title\" content=\"D\u00e9signation des nouveaux chefs de village et quartier : Voici la r\u00e9partition par parti politique dans chaque commune - Le Patriote\" \/>\n<meta property=\"og:description\" content=\"&nbsp;A travers la d\u00e9cision 2024 N\u00b0018\/CENA\/PT\/RAP\/DGE\/SP en date du 05 novembre 2024, la Commission \u00e9lectorale nationale autonome (Cena) &nbsp;a rendu public la&nbsp; liste des&nbsp; localit\u00e9s ou les partis&nbsp; politiques &nbsp;qui&hellip;\" \/>\n<meta property=\"og:url\" content=\"https:\/\/lepatriotebenin.com\/index.php\/2024\/11\/23\/designation-des-nouveaux-chefs-de-village-et-quartier-au-benin-voici-le-nombre-par-parti-politique-dans-chaque-commune\/\" \/>\n<meta property=\"og:site_name\" content=\"Le Patriote\" \/>\n<meta property=\"article:published_time\" content=\"2024-11-23T20:40:42+00:00\" \/>\n<meta property=\"article:modified_time\" content=\"2024-11-24T08:27:01+00:00\" \/>\n<meta property=\"og:image\" content=\"https:\/\/lepatriotebenin.com\/wp-content\/uploads\/2024\/11\/56503378-1004.webp\" \/>\n\t<meta property=\"og:image:width\" content=\"1200\" \/>\n\t<meta property=\"og:image:height\" content=\"525\" \/>\n\t<meta property=\"og:image:type\" content=\"image\/webp\" \/>\n<meta name=\"author\" content=\"Roland AFFANOU\" \/>\n<meta name=\"twitter:card\" content=\"summary_large_image\" \/>\n<meta name=\"twitter:label1\" content=\"\u00c9crit par\" \/>\n\t<meta name=\"twitter:data1\" content=\"Roland AFFANOU\" \/>\n\t<meta name=\"twitter:label2\" content=\"Dur\u00e9e de lecture estim\u00e9e\" \/>\n\t<meta name=\"twitter:data2\" content=\"1 minute\" \/>\n<script type=\"application\/ld+json\" class=\"yoast-schema-graph\">{\"@context\":\"https:\\\/\\\/schema.org\",\"@graph\":[{\"@type\":\"Article\",\"@id\":\"https:\\\/\\\/lepatriotebenin.com\\\/index.php\\\/2024\\\/11\\\/23\\\/designation-des-nouveaux-chefs-de-village-et-quartier-au-benin-voici-le-nombre-par-parti-politique-dans-chaque-commune\\\/#article\",\"isPartOf\":{\"@id\":\"https:\\\/\\\/lepatriotebenin.com\\\/index.php\\\/2024\\\/11\\\/23\\\/designation-des-nouveaux-chefs-de-village-et-quartier-au-benin-voici-le-nombre-par-parti-politique-dans-chaque-commune\\\/\"},\"author\":{\"name\":\"Roland AFFANOU\",\"@id\":\"https:\\\/\\\/lepatriotebenin.com\\\/#\\\/schema\\\/person\\\/4a9b67216c97d04045e01405c534c91f\"},\"headline\":\"D\u00e9signation des nouveaux chefs de village et quartier : Voici la r\u00e9partition par parti politique dans chaque commune\",\"datePublished\":\"2024-11-23T20:40:42+00:00\",\"dateModified\":\"2024-11-24T08:27:01+00:00\",\"mainEntityOfPage\":{\"@id\":\"https:\\\/\\\/lepatriotebenin.com\\\/index.php\\\/2024\\\/11\\\/23\\\/designation-des-nouveaux-chefs-de-village-et-quartier-au-benin-voici-le-nombre-par-parti-politique-dans-chaque-commune\\\/\"},\"wordCount\":173,\"commentCount\":0,\"image\":{\"@id\":\"https:\\\/\\\/lepatriotebenin.com\\\/index.php\\\/2024\\\/11\\\/23\\\/designation-des-nouveaux-chefs-de-village-et-quartier-au-benin-voici-le-nombre-par-parti-politique-dans-chaque-commune\\\/#primaryimage\"},\"thumbnailUrl\":\"https:\\\/\\\/lepatriotebenin.com\\\/wp-content\\\/uploads\\\/2024\\\/11\\\/56503378-1004.webp\",\"articleSection\":[\"Politique\"],\"inLanguage\":\"fr-FR\",\"potentialAction\":[{\"@type\":\"CommentAction\",\"name\":\"Comment\",\"target\":[\"https:\\\/\\\/lepatriotebenin.com\\\/index.php\\\/2024\\\/11\\\/23\\\/designation-des-nouveaux-chefs-de-village-et-quartier-au-benin-voici-le-nombre-par-parti-politique-dans-chaque-commune\\\/#respond\"]}]},{\"@type\":\"WebPage\",\"@id\":\"https:\\\/\\\/lepatriotebenin.com\\\/index.php\\\/2024\\\/11\\\/23\\\/designation-des-nouveaux-chefs-de-village-et-quartier-au-benin-voici-le-nombre-par-parti-politique-dans-chaque-commune\\\/\",\"url\":\"https:\\\/\\\/lepatriotebenin.com\\\/index.php\\\/2024\\\/11\\\/23\\\/designation-des-nouveaux-chefs-de-village-et-quartier-au-benin-voici-le-nombre-par-parti-politique-dans-chaque-commune\\\/\",\"name\":\"D\u00e9signation des nouveaux chefs de village et quartier : Voici la r\u00e9partition par parti politique dans chaque commune - Le Patriote\",\"isPartOf\":{\"@id\":\"https:\\\/\\\/lepatriotebenin.com\\\/#website\"},\"primaryImageOfPage\":{\"@id\":\"https:\\\/\\\/lepatriotebenin.com\\\/index.php\\\/2024\\\/11\\\/23\\\/designation-des-nouveaux-chefs-de-village-et-quartier-au-benin-voici-le-nombre-par-parti-politique-dans-chaque-commune\\\/#primaryimage\"},\"image\":{\"@id\":\"https:\\\/\\\/lepatriotebenin.com\\\/index.php\\\/2024\\\/11\\\/23\\\/designation-des-nouveaux-chefs-de-village-et-quartier-au-benin-voici-le-nombre-par-parti-politique-dans-chaque-commune\\\/#primaryimage\"},\"thumbnailUrl\":\"https:\\\/\\\/lepatriotebenin.com\\\/wp-content\\\/uploads\\\/2024\\\/11\\\/56503378-1004.webp\",\"datePublished\":\"2024-11-23T20:40:42+00:00\",\"dateModified\":\"2024-11-24T08:27:01+00:00\",\"author\":{\"@id\":\"https:\\\/\\\/lepatriotebenin.com\\\/#\\\/schema\\\/person\\\/4a9b67216c97d04045e01405c534c91f\"},\"breadcrumb\":{\"@id\":\"https:\\\/\\\/lepatriotebenin.com\\\/index.php\\\/2024\\\/11\\\/23\\\/designation-des-nouveaux-chefs-de-village-et-quartier-au-benin-voici-le-nombre-par-parti-politique-dans-chaque-commune\\\/#breadcrumb\"},\"inLanguage\":\"fr-FR\",\"potentialAction\":[{\"@type\":\"ReadAction\",\"target\":[\"https:\\\/\\\/lepatriotebenin.com\\\/index.php\\\/2024\\\/11\\\/23\\\/designation-des-nouveaux-chefs-de-village-et-quartier-au-benin-voici-le-nombre-par-parti-politique-dans-chaque-commune\\\/\"]}]},{\"@type\":\"ImageObject\",\"inLanguage\":\"fr-FR\",\"@id\":\"https:\\\/\\\/lepatriotebenin.com\\\/index.php\\\/2024\\\/11\\\/23\\\/designation-des-nouveaux-chefs-de-village-et-quartier-au-benin-voici-le-nombre-par-parti-politique-dans-chaque-commune\\\/#primaryimage\",\"url\":\"https:\\\/\\\/lepatriotebenin.com\\\/wp-content\\\/uploads\\\/2024\\\/11\\\/56503378-1004.webp\",\"contentUrl\":\"https:\\\/\\\/lepatriotebenin.com\\\/wp-content\\\/uploads\\\/2024\\\/11\\\/56503378-1004.webp\",\"width\":1200,\"height\":525},{\"@type\":\"BreadcrumbList\",\"@id\":\"https:\\\/\\\/lepatriotebenin.com\\\/index.php\\\/2024\\\/11\\\/23\\\/designation-des-nouveaux-chefs-de-village-et-quartier-au-benin-voici-le-nombre-par-parti-politique-dans-chaque-commune\\\/#breadcrumb\",\"itemListElement\":[{\"@type\":\"ListItem\",\"position\":1,\"name\":\"Accueil\",\"item\":\"https:\\\/\\\/lepatriotebenin.com\\\/\"},{\"@type\":\"ListItem\",\"position\":2,\"name\":\"D\u00e9signation des nouveaux chefs de village et quartier : Voici la r\u00e9partition par parti politique dans chaque commune\"}]},{\"@type\":\"WebSite\",\"@id\":\"https:\\\/\\\/lepatriotebenin.com\\\/#website\",\"url\":\"https:\\\/\\\/lepatriotebenin.com\\\/\",\"name\":\"Le Patriote\",\"description\":\"Le Patriote B\u00e9nin\",\"potentialAction\":[{\"@type\":\"SearchAction\",\"target\":{\"@type\":\"EntryPoint\",\"urlTemplate\":\"https:\\\/\\\/lepatriotebenin.com\\\/?s={search_term_string}\"},\"query-input\":{\"@type\":\"PropertyValueSpecification\",\"valueRequired\":true,\"valueName\":\"search_term_string\"}}],\"inLanguage\":\"fr-FR\"},{\"@type\":\"Person\",\"@id\":\"https:\\\/\\\/lepatriotebenin.com\\\/#\\\/schema\\\/person\\\/4a9b67216c97d04045e01405c534c91f\",\"name\":\"Roland AFFANOU\",\"image\":{\"@type\":\"ImageObject\",\"inLanguage\":\"fr-FR\",\"@id\":\"https:\\\/\\\/secure.gravatar.com\\\/avatar\\\/7209d3f6d2d47ea4d0c67e14d3effb61feb10ae540a4381280c66265de5bd643?s=96&d=mm&r=g\",\"url\":\"https:\\\/\\\/secure.gravatar.com\\\/avatar\\\/7209d3f6d2d47ea4d0c67e14d3effb61feb10ae540a4381280c66265de5bd643?s=96&d=mm&r=g\",\"contentUrl\":\"https:\\\/\\\/secure.gravatar.com\\\/avatar\\\/7209d3f6d2d47ea4d0c67e14d3effb61feb10ae540a4381280c66265de5bd643?s=96&d=mm&r=g\",\"caption\":\"Roland AFFANOU\"},\"url\":\"https:\\\/\\\/lepatriotebenin.com\"}]}<\/script>\n<!-- \/ Yoast SEO plugin. -->","yoast_head_json":{"title":"D\u00e9signation des nouveaux chefs de village et quartier : Voici la r\u00e9partition par parti politique dans chaque commune - Le Patriote","robots":{"index":"index","follow":"follow","max-snippet":"max-snippet:-1","max-image-preview":"max-image-preview:large","max-video-preview":"max-video-preview:-1"},"canonical":"https:\/\/lepatriotebenin.com\/index.php\/2024\/11\/23\/designation-des-nouveaux-chefs-de-village-et-quartier-au-benin-voici-le-nombre-par-parti-politique-dans-chaque-commune\/","og_locale":"fr_FR","og_type":"article","og_title":"D\u00e9signation des nouveaux chefs de village et quartier : Voici la r\u00e9partition par parti politique dans chaque commune - Le Patriote","og_description":"&nbsp;A travers la d\u00e9cision 2024 N\u00b0018\/CENA\/PT\/RAP\/DGE\/SP en date du 05 novembre 2024, la Commission \u00e9lectorale nationale autonome (Cena) &nbsp;a rendu public la&nbsp; liste des&nbsp; localit\u00e9s ou les partis&nbsp; politiques &nbsp;qui&hellip;","og_url":"https:\/\/lepatriotebenin.com\/index.php\/2024\/11\/23\/designation-des-nouveaux-chefs-de-village-et-quartier-au-benin-voici-le-nombre-par-parti-politique-dans-chaque-commune\/","og_site_name":"Le Patriote","article_published_time":"2024-11-23T20:40:42+00:00","article_modified_time":"2024-11-24T08:27:01+00:00","og_image":[{"width":1200,"height":525,"url":"https:\/\/lepatriotebenin.com\/wp-content\/uploads\/2024\/11\/56503378-1004.webp","type":"image\/webp"}],"author":"Roland AFFANOU","twitter_card":"summary_large_image","twitter_misc":{"\u00c9crit par":"Roland AFFANOU","Dur\u00e9e de lecture estim\u00e9e":"1 minute"},"schema":{"@context":"https:\/\/schema.org","@graph":[{"@type":"Article","@id":"https:\/\/lepatriotebenin.com\/index.php\/2024\/11\/23\/designation-des-nouveaux-chefs-de-village-et-quartier-au-benin-voici-le-nombre-par-parti-politique-dans-chaque-commune\/#article","isPartOf":{"@id":"https:\/\/lepatriotebenin.com\/index.php\/2024\/11\/23\/designation-des-nouveaux-chefs-de-village-et-quartier-au-benin-voici-le-nombre-par-parti-politique-dans-chaque-commune\/"},"author":{"name":"Roland AFFANOU","@id":"https:\/\/lepatriotebenin.com\/#\/schema\/person\/4a9b67216c97d04045e01405c534c91f"},"headline":"D\u00e9signation des nouveaux chefs de village et quartier : Voici la r\u00e9partition par parti politique dans chaque commune","datePublished":"2024-11-23T20:40:42+00:00","dateModified":"2024-11-24T08:27:01+00:00","mainEntityOfPage":{"@id":"https:\/\/lepatriotebenin.com\/index.php\/2024\/11\/23\/designation-des-nouveaux-chefs-de-village-et-quartier-au-benin-voici-le-nombre-par-parti-politique-dans-chaque-commune\/"},"wordCount":173,"commentCount":0,"image":{"@id":"https:\/\/lepatriotebenin.com\/index.php\/2024\/11\/23\/designation-des-nouveaux-chefs-de-village-et-quartier-au-benin-voici-le-nombre-par-parti-politique-dans-chaque-commune\/#primaryimage"},"thumbnailUrl":"https:\/\/lepatriotebenin.com\/wp-content\/uploads\/2024\/11\/56503378-1004.webp","articleSection":["Politique"],"inLanguage":"fr-FR","potentialAction":[{"@type":"CommentAction","name":"Comment","target":["https:\/\/lepatriotebenin.com\/index.php\/2024\/11\/23\/designation-des-nouveaux-chefs-de-village-et-quartier-au-benin-voici-le-nombre-par-parti-politique-dans-chaque-commune\/#respond"]}]},{"@type":"WebPage","@id":"https:\/\/lepatriotebenin.com\/index.php\/2024\/11\/23\/designation-des-nouveaux-chefs-de-village-et-quartier-au-benin-voici-le-nombre-par-parti-politique-dans-chaque-commune\/","url":"https:\/\/lepatriotebenin.com\/index.php\/2024\/11\/23\/designation-des-nouveaux-chefs-de-village-et-quartier-au-benin-voici-le-nombre-par-parti-politique-dans-chaque-commune\/","name":"D\u00e9signation des nouveaux chefs de village et quartier : Voici la r\u00e9partition par parti politique dans chaque commune - Le Patriote","isPartOf":{"@id":"https:\/\/lepatriotebenin.com\/#website"},"primaryImageOfPage":{"@id":"https:\/\/lepatriotebenin.com\/index.php\/2024\/11\/23\/designation-des-nouveaux-chefs-de-village-et-quartier-au-benin-voici-le-nombre-par-parti-politique-dans-chaque-commune\/#primaryimage"},"image":{"@id":"https:\/\/lepatriotebenin.com\/index.php\/2024\/11\/23\/designation-des-nouveaux-chefs-de-village-et-quartier-au-benin-voici-le-nombre-par-parti-politique-dans-chaque-commune\/#primaryimage"},"thumbnailUrl":"https:\/\/lepatriotebenin.com\/wp-content\/uploads\/2024\/11\/56503378-1004.webp","datePublished":"2024-11-23T20:40:42+00:00","dateModified":"2024-11-24T08:27:01+00:00","author":{"@id":"https:\/\/lepatriotebenin.com\/#\/schema\/person\/4a9b67216c97d04045e01405c534c91f"},"breadcrumb":{"@id":"https:\/\/lepatriotebenin.com\/index.php\/2024\/11\/23\/designation-des-nouveaux-chefs-de-village-et-quartier-au-benin-voici-le-nombre-par-parti-politique-dans-chaque-commune\/#breadcrumb"},"inLanguage":"fr-FR","potentialAction":[{"@type":"ReadAction","target":["https:\/\/lepatriotebenin.com\/index.php\/2024\/11\/23\/designation-des-nouveaux-chefs-de-village-et-quartier-au-benin-voici-le-nombre-par-parti-politique-dans-chaque-commune\/"]}]},{"@type":"ImageObject","inLanguage":"fr-FR","@id":"https:\/\/lepatriotebenin.com\/index.php\/2024\/11\/23\/designation-des-nouveaux-chefs-de-village-et-quartier-au-benin-voici-le-nombre-par-parti-politique-dans-chaque-commune\/#primaryimage","url":"https:\/\/lepatriotebenin.com\/wp-content\/uploads\/2024\/11\/56503378-1004.webp","contentUrl":"https:\/\/lepatriotebenin.com\/wp-content\/uploads\/2024\/11\/56503378-1004.webp","width":1200,"height":525},{"@type":"BreadcrumbList","@id":"https:\/\/lepatriotebenin.com\/index.php\/2024\/11\/23\/designation-des-nouveaux-chefs-de-village-et-quartier-au-benin-voici-le-nombre-par-parti-politique-dans-chaque-commune\/#breadcrumb","itemListElement":[{"@type":"ListItem","position":1,"name":"Accueil","item":"https:\/\/lepatriotebenin.com\/"},{"@type":"ListItem","position":2,"name":"D\u00e9signation des nouveaux chefs de village et quartier : Voici la r\u00e9partition par parti politique dans chaque commune"}]},{"@type":"WebSite","@id":"https:\/\/lepatriotebenin.com\/#website","url":"https:\/\/lepatriotebenin.com\/","name":"Le Patriote","description":"Le Patriote B\u00e9nin","potentialAction":[{"@type":"SearchAction","target":{"@type":"EntryPoint","urlTemplate":"https:\/\/lepatriotebenin.com\/?s={search_term_string}"},"query-input":{"@type":"PropertyValueSpecification","valueRequired":true,"valueName":"search_term_string"}}],"inLanguage":"fr-FR"},{"@type":"Person","@id":"https:\/\/lepatriotebenin.com\/#\/schema\/person\/4a9b67216c97d04045e01405c534c91f","name":"Roland AFFANOU","image":{"@type":"ImageObject","inLanguage":"fr-FR","@id":"https:\/\/secure.gravatar.com\/avatar\/7209d3f6d2d47ea4d0c67e14d3effb61feb10ae540a4381280c66265de5bd643?s=96&d=mm&r=g","url":"https:\/\/secure.gravatar.com\/avatar\/7209d3f6d2d47ea4d0c67e14d3effb61feb10ae540a4381280c66265de5bd643?s=96&d=mm&r=g","contentUrl":"https:\/\/secure.gravatar.com\/avatar\/7209d3f6d2d47ea4d0c67e14d3effb61feb10ae540a4381280c66265de5bd643?s=96&d=mm&r=g","caption":"Roland AFFANOU"},"url":"https:\/\/lepatriotebenin.com"}]}},"_links":{"self":[{"href":"https:\/\/lepatriotebenin.com\/index.php\/wp-json\/wp\/v2\/posts\/9301","targetHints":{"allow":["GET"]}}],"collection":[{"href":"https:\/\/lepatriotebenin.com\/index.php\/wp-json\/wp\/v2\/posts"}],"about":[{"href":"https:\/\/lepatriotebenin.com\/index.php\/wp-json\/wp\/v2\/types\/post"}],"author":[{"embeddable":true,"href":"https:\/\/lepatriotebenin.com\/index.php\/wp-json\/wp\/v2\/users\/6"}],"replies":[{"embeddable":true,"href":"https:\/\/lepatriotebenin.com\/index.php\/wp-json\/wp\/v2\/comments?post=9301"}],"version-history":[{"count":2,"href":"https:\/\/lepatriotebenin.com\/index.php\/wp-json\/wp\/v2\/posts\/9301\/revisions"}],"predecessor-version":[{"id":9331,"href":"https:\/\/lepatriotebenin.com\/index.php\/wp-json\/wp\/v2\/posts\/9301\/revisions\/9331"}],"wp:featuredmedia":[{"embeddable":true,"href":"https:\/\/lepatriotebenin.com\/index.php\/wp-json\/wp\/v2\/media\/9303"}],"wp:attachment":[{"href":"https:\/\/lepatriotebenin.com\/index.php\/wp-json\/wp\/v2\/media?parent=9301"}],"wp:term":[{"taxonomy":"category","embeddable":true,"href":"https:\/\/lepatriotebenin.com\/index.php\/wp-json\/wp\/v2\/categories?post=9301"},{"taxonomy":"post_tag","embeddable":true,"href":"https:\/\/lepatriotebenin.com\/index.php\/wp-json\/wp\/v2\/tags?post=9301"}],"curies":[{"name":"wp","href":"https:\/\/api.w.org\/{rel}","templated":true}]}}