{"id":9297,"date":"2024-11-23T20:58:06","date_gmt":"2024-11-23T19:58:06","guid":{"rendered":"https:\/\/lepatriotebenin.com\/?p=9297"},"modified":"2024-11-23T20:58:08","modified_gmt":"2024-11-23T19:58:08","slug":"responsabilite-des-acteurs-nationaux-dans-la-lutte-contre-le-terrorisme-lappel-de-liajp-aux-beninois","status":"publish","type":"post","link":"https:\/\/lepatriotebenin.com\/index.php\/2024\/11\/23\/responsabilite-des-acteurs-nationaux-dans-la-lutte-contre-le-terrorisme-lappel-de-liajp-aux-beninois\/","title":{"rendered":"Responsabilit\u00e9 des acteurs nationaux dans la lutte contre le terrorisme :\u00a0L\u2019appel de l\u2019IAJP aux B\u00e9ninois"},"content":{"rendered":"\n<p>\u00a0Du 22 au 23 novembre 2024, le Chant d\u2019Oiseau de Cotonou a abrit\u00e9 la 22\u00e8me \u00e9dition du symposium annuel de l\u2019Institut des Artisans de Justice et Paix de Cotonou (IAJP\/CO) dont les \u00e9changes ont tourn\u00e9 autour du th\u00e8me : <strong>\u201c Bonne Gouvernance et lutte contre la corruption :\u00a0 Responsabilit\u00e9 des acteurs nationaux\u201d.<\/strong>\u00a0 Au terme donc de cette 22\u00e8me \u00e9dition du symposium annuel 2024, l\u2019IAJP \u00e0 travers son Directeur g\u00e9n\u00e9ral P\u00e8re <strong>Arnaud \u00c9ric Agu\u00e9nounon<\/strong> a lanc\u00e9 un appel au peuple b\u00e9ninois sur la responsabilit\u00e9 des acteurs nationaux dans la bonne gouvernance et la lutte contre le terrorisme. \u00a0Ci-dessous l\u2019appel de l\u2019IAJP.<\/p>\n\n\n\n<div data-wp-interactive=\"core\/file\" class=\"wp-block-file\"><object data-wp-bind--hidden=\"!state.hasPdfPreview\" hidden class=\"wp-block-file__embed\" data=\"https:\/\/lepatriotebenin.com\/wp-content\/uploads\/2024\/11\/2024-11-appel-de-liajp-au-symposium-2024.pdf\" type=\"application\/pdf\" style=\"width:100%;height:600px\" aria-label=\"Contenu embarqu\u00e9 2024-11-appel-de-liajp-au-symposium-2024.\"><\/object><a id=\"wp-block-file--media-39311bfb-bb78-4a27-b2de-91c2ef31880d\" href=\"https:\/\/lepatriotebenin.com\/wp-content\/uploads\/2024\/11\/2024-11-appel-de-liajp-au-symposium-2024.pdf\">2024-11-appel-de-liajp-au-symposium-2024<\/a><a href=\"https:\/\/lepatriotebenin.com\/wp-content\/uploads\/2024\/11\/2024-11-appel-de-liajp-au-symposium-2024.pdf\" class=\"wp-block-file__button wp-element-button\" download aria-describedby=\"wp-block-file--media-39311bfb-bb78-4a27-b2de-91c2ef31880d\">T\u00e9l\u00e9charger<\/a><\/div>\n","protected":false},"excerpt":{"rendered":"<p>\u00a0Du 22 au 23 novembre 2024, le Chant d\u2019Oiseau de Cotonou a abrit\u00e9 la 22\u00e8me \u00e9dition du symposium annuel de l\u2019Institut des Artisans de Justice et Paix de Cotonou (IAJP\/CO)&hellip;<\/p>\n","protected":false},"author":6,"featured_media":9299,"comment_status":"open","ping_status":"open","sticky":false,"template":"","format":"standard","meta":{"content-type":"","om_disable_all_campaigns":false,"_monsterinsights_skip_tracking":false,"_monsterinsights_sitenote_active":false,"_monsterinsights_sitenote_note":"","_monsterinsights_sitenote_category":0,"_uf_show_specific_survey":0,"_uf_disable_surveys":false,"footnotes":""},"categories":[20],"tags":[],"class_list":["post-9297","post","type-post","status-publish","format-standard","has-post-thumbnail","hentry","category-societe"],"aioseo_notices":[],"yoast_head":"<!-- This site is optimized with the Yoast SEO plugin v27.5 - https:\/\/yoast.com\/product\/yoast-seo-wordpress\/ -->\n<title>Responsabilit\u00e9 des acteurs nationaux dans la lutte contre le terrorisme :\u00a0L\u2019appel de l\u2019IAJP aux B\u00e9ninois - Le Patriote<\/title>\n<meta name=\"robots\" content=\"index, follow, max-snippet:-1, max-image-preview:large, max-video-preview:-1\" \/>\n<link rel=\"canonical\" href=\"https:\/\/lepatriotebenin.com\/index.php\/2024\/11\/23\/responsabilite-des-acteurs-nationaux-dans-la-lutte-contre-le-terrorisme-lappel-de-liajp-aux-beninois\/\" \/>\n<meta property=\"og:locale\" content=\"fr_FR\" \/>\n<meta property=\"og:type\" content=\"article\" \/>\n<meta property=\"og:title\" content=\"Responsabilit\u00e9 des acteurs nationaux dans la lutte contre le terrorisme :\u00a0L\u2019appel de l\u2019IAJP aux B\u00e9ninois - Le Patriote\" \/>\n<meta property=\"og:description\" content=\"\u00a0Du 22 au 23 novembre 2024, le Chant d\u2019Oiseau de Cotonou a abrit\u00e9 la 22\u00e8me \u00e9dition du symposium annuel de l\u2019Institut des Artisans de Justice et Paix de Cotonou (IAJP\/CO)&hellip;\" \/>\n<meta property=\"og:url\" content=\"https:\/\/lepatriotebenin.com\/index.php\/2024\/11\/23\/responsabilite-des-acteurs-nationaux-dans-la-lutte-contre-le-terrorisme-lappel-de-liajp-aux-beninois\/\" \/>\n<meta property=\"og:site_name\" content=\"Le Patriote\" \/>\n<meta property=\"article:published_time\" content=\"2024-11-23T19:58:06+00:00\" \/>\n<meta property=\"article:modified_time\" content=\"2024-11-23T19:58:08+00:00\" \/>\n<meta property=\"og:image\" content=\"https:\/\/lepatriotebenin.com\/wp-content\/uploads\/2024\/11\/pere.jpg\" \/>\n\t<meta property=\"og:image:width\" content=\"1000\" \/>\n\t<meta property=\"og:image:height\" content=\"450\" \/>\n\t<meta property=\"og:image:type\" content=\"image\/jpeg\" \/>\n<meta name=\"author\" content=\"Roland AFFANOU\" \/>\n<meta name=\"twitter:card\" content=\"summary_large_image\" \/>\n<meta name=\"twitter:label1\" content=\"\u00c9crit par\" \/>\n\t<meta name=\"twitter:data1\" content=\"Roland AFFANOU\" \/>\n\t<meta name=\"twitter:label2\" content=\"Dur\u00e9e de lecture estim\u00e9e\" \/>\n\t<meta name=\"twitter:data2\" content=\"1 minute\" \/>\n<script type=\"application\/ld+json\" class=\"yoast-schema-graph\">{\"@context\":\"https:\\\/\\\/schema.org\",\"@graph\":[{\"@type\":\"Article\",\"@id\":\"https:\\\/\\\/lepatriotebenin.com\\\/index.php\\\/2024\\\/11\\\/23\\\/responsabilite-des-acteurs-nationaux-dans-la-lutte-contre-le-terrorisme-lappel-de-liajp-aux-beninois\\\/#article\",\"isPartOf\":{\"@id\":\"https:\\\/\\\/lepatriotebenin.com\\\/index.php\\\/2024\\\/11\\\/23\\\/responsabilite-des-acteurs-nationaux-dans-la-lutte-contre-le-terrorisme-lappel-de-liajp-aux-beninois\\\/\"},\"author\":{\"name\":\"Roland AFFANOU\",\"@id\":\"https:\\\/\\\/lepatriotebenin.com\\\/#\\\/schema\\\/person\\\/4a9b67216c97d04045e01405c534c91f\"},\"headline\":\"Responsabilit\u00e9 des acteurs nationaux dans la lutte contre le terrorisme :\u00a0L\u2019appel de l\u2019IAJP aux B\u00e9ninois\",\"datePublished\":\"2024-11-23T19:58:06+00:00\",\"dateModified\":\"2024-11-23T19:58:08+00:00\",\"mainEntityOfPage\":{\"@id\":\"https:\\\/\\\/lepatriotebenin.com\\\/index.php\\\/2024\\\/11\\\/23\\\/responsabilite-des-acteurs-nationaux-dans-la-lutte-contre-le-terrorisme-lappel-de-liajp-aux-beninois\\\/\"},\"wordCount\":127,\"commentCount\":0,\"image\":{\"@id\":\"https:\\\/\\\/lepatriotebenin.com\\\/index.php\\\/2024\\\/11\\\/23\\\/responsabilite-des-acteurs-nationaux-dans-la-lutte-contre-le-terrorisme-lappel-de-liajp-aux-beninois\\\/#primaryimage\"},\"thumbnailUrl\":\"https:\\\/\\\/lepatriotebenin.com\\\/wp-content\\\/uploads\\\/2024\\\/11\\\/pere.jpg\",\"articleSection\":[\"Soci\u00e9t\u00e9\"],\"inLanguage\":\"fr-FR\",\"potentialAction\":[{\"@type\":\"CommentAction\",\"name\":\"Comment\",\"target\":[\"https:\\\/\\\/lepatriotebenin.com\\\/index.php\\\/2024\\\/11\\\/23\\\/responsabilite-des-acteurs-nationaux-dans-la-lutte-contre-le-terrorisme-lappel-de-liajp-aux-beninois\\\/#respond\"]}]},{\"@type\":\"WebPage\",\"@id\":\"https:\\\/\\\/lepatriotebenin.com\\\/index.php\\\/2024\\\/11\\\/23\\\/responsabilite-des-acteurs-nationaux-dans-la-lutte-contre-le-terrorisme-lappel-de-liajp-aux-beninois\\\/\",\"url\":\"https:\\\/\\\/lepatriotebenin.com\\\/index.php\\\/2024\\\/11\\\/23\\\/responsabilite-des-acteurs-nationaux-dans-la-lutte-contre-le-terrorisme-lappel-de-liajp-aux-beninois\\\/\",\"name\":\"Responsabilit\u00e9 des acteurs nationaux dans la lutte contre le terrorisme :\u00a0L\u2019appel de l\u2019IAJP aux B\u00e9ninois - Le Patriote\",\"isPartOf\":{\"@id\":\"https:\\\/\\\/lepatriotebenin.com\\\/#website\"},\"primaryImageOfPage\":{\"@id\":\"https:\\\/\\\/lepatriotebenin.com\\\/index.php\\\/2024\\\/11\\\/23\\\/responsabilite-des-acteurs-nationaux-dans-la-lutte-contre-le-terrorisme-lappel-de-liajp-aux-beninois\\\/#primaryimage\"},\"image\":{\"@id\":\"https:\\\/\\\/lepatriotebenin.com\\\/index.php\\\/2024\\\/11\\\/23\\\/responsabilite-des-acteurs-nationaux-dans-la-lutte-contre-le-terrorisme-lappel-de-liajp-aux-beninois\\\/#primaryimage\"},\"thumbnailUrl\":\"https:\\\/\\\/lepatriotebenin.com\\\/wp-content\\\/uploads\\\/2024\\\/11\\\/pere.jpg\",\"datePublished\":\"2024-11-23T19:58:06+00:00\",\"dateModified\":\"2024-11-23T19:58:08+00:00\",\"author\":{\"@id\":\"https:\\\/\\\/lepatriotebenin.com\\\/#\\\/schema\\\/person\\\/4a9b67216c97d04045e01405c534c91f\"},\"breadcrumb\":{\"@id\":\"https:\\\/\\\/lepatriotebenin.com\\\/index.php\\\/2024\\\/11\\\/23\\\/responsabilite-des-acteurs-nationaux-dans-la-lutte-contre-le-terrorisme-lappel-de-liajp-aux-beninois\\\/#breadcrumb\"},\"inLanguage\":\"fr-FR\",\"potentialAction\":[{\"@type\":\"ReadAction\",\"target\":[\"https:\\\/\\\/lepatriotebenin.com\\\/index.php\\\/2024\\\/11\\\/23\\\/responsabilite-des-acteurs-nationaux-dans-la-lutte-contre-le-terrorisme-lappel-de-liajp-aux-beninois\\\/\"]}]},{\"@type\":\"ImageObject\",\"inLanguage\":\"fr-FR\",\"@id\":\"https:\\\/\\\/lepatriotebenin.com\\\/index.php\\\/2024\\\/11\\\/23\\\/responsabilite-des-acteurs-nationaux-dans-la-lutte-contre-le-terrorisme-lappel-de-liajp-aux-beninois\\\/#primaryimage\",\"url\":\"https:\\\/\\\/lepatriotebenin.com\\\/wp-content\\\/uploads\\\/2024\\\/11\\\/pere.jpg\",\"contentUrl\":\"https:\\\/\\\/lepatriotebenin.com\\\/wp-content\\\/uploads\\\/2024\\\/11\\\/pere.jpg\",\"width\":1000,\"height\":450},{\"@type\":\"BreadcrumbList\",\"@id\":\"https:\\\/\\\/lepatriotebenin.com\\\/index.php\\\/2024\\\/11\\\/23\\\/responsabilite-des-acteurs-nationaux-dans-la-lutte-contre-le-terrorisme-lappel-de-liajp-aux-beninois\\\/#breadcrumb\",\"itemListElement\":[{\"@type\":\"ListItem\",\"position\":1,\"name\":\"Accueil\",\"item\":\"https:\\\/\\\/lepatriotebenin.com\\\/\"},{\"@type\":\"ListItem\",\"position\":2,\"name\":\"Responsabilit\u00e9 des acteurs nationaux dans la lutte contre le terrorisme :\u00a0L\u2019appel de l\u2019IAJP aux B\u00e9ninois\"}]},{\"@type\":\"WebSite\",\"@id\":\"https:\\\/\\\/lepatriotebenin.com\\\/#website\",\"url\":\"https:\\\/\\\/lepatriotebenin.com\\\/\",\"name\":\"Le Patriote\",\"description\":\"Le Patriote B\u00e9nin\",\"potentialAction\":[{\"@type\":\"SearchAction\",\"target\":{\"@type\":\"EntryPoint\",\"urlTemplate\":\"https:\\\/\\\/lepatriotebenin.com\\\/?s={search_term_string}\"},\"query-input\":{\"@type\":\"PropertyValueSpecification\",\"valueRequired\":true,\"valueName\":\"search_term_string\"}}],\"inLanguage\":\"fr-FR\"},{\"@type\":\"Person\",\"@id\":\"https:\\\/\\\/lepatriotebenin.com\\\/#\\\/schema\\\/person\\\/4a9b67216c97d04045e01405c534c91f\",\"name\":\"Roland AFFANOU\",\"image\":{\"@type\":\"ImageObject\",\"inLanguage\":\"fr-FR\",\"@id\":\"https:\\\/\\\/secure.gravatar.com\\\/avatar\\\/7209d3f6d2d47ea4d0c67e14d3effb61feb10ae540a4381280c66265de5bd643?s=96&d=mm&r=g\",\"url\":\"https:\\\/\\\/secure.gravatar.com\\\/avatar\\\/7209d3f6d2d47ea4d0c67e14d3effb61feb10ae540a4381280c66265de5bd643?s=96&d=mm&r=g\",\"contentUrl\":\"https:\\\/\\\/secure.gravatar.com\\\/avatar\\\/7209d3f6d2d47ea4d0c67e14d3effb61feb10ae540a4381280c66265de5bd643?s=96&d=mm&r=g\",\"caption\":\"Roland AFFANOU\"},\"url\":\"https:\\\/\\\/lepatriotebenin.com\"}]}<\/script>\n<!-- \/ Yoast SEO plugin. -->","yoast_head_json":{"title":"Responsabilit\u00e9 des acteurs nationaux dans la lutte contre le terrorisme :\u00a0L\u2019appel de l\u2019IAJP aux B\u00e9ninois - Le Patriote","robots":{"index":"index","follow":"follow","max-snippet":"max-snippet:-1","max-image-preview":"max-image-preview:large","max-video-preview":"max-video-preview:-1"},"canonical":"https:\/\/lepatriotebenin.com\/index.php\/2024\/11\/23\/responsabilite-des-acteurs-nationaux-dans-la-lutte-contre-le-terrorisme-lappel-de-liajp-aux-beninois\/","og_locale":"fr_FR","og_type":"article","og_title":"Responsabilit\u00e9 des acteurs nationaux dans la lutte contre le terrorisme :\u00a0L\u2019appel de l\u2019IAJP aux B\u00e9ninois - Le Patriote","og_description":"\u00a0Du 22 au 23 novembre 2024, le Chant d\u2019Oiseau de Cotonou a abrit\u00e9 la 22\u00e8me \u00e9dition du symposium annuel de l\u2019Institut des Artisans de Justice et Paix de Cotonou (IAJP\/CO)&hellip;","og_url":"https:\/\/lepatriotebenin.com\/index.php\/2024\/11\/23\/responsabilite-des-acteurs-nationaux-dans-la-lutte-contre-le-terrorisme-lappel-de-liajp-aux-beninois\/","og_site_name":"Le Patriote","article_published_time":"2024-11-23T19:58:06+00:00","article_modified_time":"2024-11-23T19:58:08+00:00","og_image":[{"width":1000,"height":450,"url":"https:\/\/lepatriotebenin.com\/wp-content\/uploads\/2024\/11\/pere.jpg","type":"image\/jpeg"}],"author":"Roland AFFANOU","twitter_card":"summary_large_image","twitter_misc":{"\u00c9crit par":"Roland AFFANOU","Dur\u00e9e de lecture estim\u00e9e":"1 minute"},"schema":{"@context":"https:\/\/schema.org","@graph":[{"@type":"Article","@id":"https:\/\/lepatriotebenin.com\/index.php\/2024\/11\/23\/responsabilite-des-acteurs-nationaux-dans-la-lutte-contre-le-terrorisme-lappel-de-liajp-aux-beninois\/#article","isPartOf":{"@id":"https:\/\/lepatriotebenin.com\/index.php\/2024\/11\/23\/responsabilite-des-acteurs-nationaux-dans-la-lutte-contre-le-terrorisme-lappel-de-liajp-aux-beninois\/"},"author":{"name":"Roland AFFANOU","@id":"https:\/\/lepatriotebenin.com\/#\/schema\/person\/4a9b67216c97d04045e01405c534c91f"},"headline":"Responsabilit\u00e9 des acteurs nationaux dans la lutte contre le terrorisme :\u00a0L\u2019appel de l\u2019IAJP aux B\u00e9ninois","datePublished":"2024-11-23T19:58:06+00:00","dateModified":"2024-11-23T19:58:08+00:00","mainEntityOfPage":{"@id":"https:\/\/lepatriotebenin.com\/index.php\/2024\/11\/23\/responsabilite-des-acteurs-nationaux-dans-la-lutte-contre-le-terrorisme-lappel-de-liajp-aux-beninois\/"},"wordCount":127,"commentCount":0,"image":{"@id":"https:\/\/lepatriotebenin.com\/index.php\/2024\/11\/23\/responsabilite-des-acteurs-nationaux-dans-la-lutte-contre-le-terrorisme-lappel-de-liajp-aux-beninois\/#primaryimage"},"thumbnailUrl":"https:\/\/lepatriotebenin.com\/wp-content\/uploads\/2024\/11\/pere.jpg","articleSection":["Soci\u00e9t\u00e9"],"inLanguage":"fr-FR","potentialAction":[{"@type":"CommentAction","name":"Comment","target":["https:\/\/lepatriotebenin.com\/index.php\/2024\/11\/23\/responsabilite-des-acteurs-nationaux-dans-la-lutte-contre-le-terrorisme-lappel-de-liajp-aux-beninois\/#respond"]}]},{"@type":"WebPage","@id":"https:\/\/lepatriotebenin.com\/index.php\/2024\/11\/23\/responsabilite-des-acteurs-nationaux-dans-la-lutte-contre-le-terrorisme-lappel-de-liajp-aux-beninois\/","url":"https:\/\/lepatriotebenin.com\/index.php\/2024\/11\/23\/responsabilite-des-acteurs-nationaux-dans-la-lutte-contre-le-terrorisme-lappel-de-liajp-aux-beninois\/","name":"Responsabilit\u00e9 des acteurs nationaux dans la lutte contre le terrorisme :\u00a0L\u2019appel de l\u2019IAJP aux B\u00e9ninois - Le Patriote","isPartOf":{"@id":"https:\/\/lepatriotebenin.com\/#website"},"primaryImageOfPage":{"@id":"https:\/\/lepatriotebenin.com\/index.php\/2024\/11\/23\/responsabilite-des-acteurs-nationaux-dans-la-lutte-contre-le-terrorisme-lappel-de-liajp-aux-beninois\/#primaryimage"},"image":{"@id":"https:\/\/lepatriotebenin.com\/index.php\/2024\/11\/23\/responsabilite-des-acteurs-nationaux-dans-la-lutte-contre-le-terrorisme-lappel-de-liajp-aux-beninois\/#primaryimage"},"thumbnailUrl":"https:\/\/lepatriotebenin.com\/wp-content\/uploads\/2024\/11\/pere.jpg","datePublished":"2024-11-23T19:58:06+00:00","dateModified":"2024-11-23T19:58:08+00:00","author":{"@id":"https:\/\/lepatriotebenin.com\/#\/schema\/person\/4a9b67216c97d04045e01405c534c91f"},"breadcrumb":{"@id":"https:\/\/lepatriotebenin.com\/index.php\/2024\/11\/23\/responsabilite-des-acteurs-nationaux-dans-la-lutte-contre-le-terrorisme-lappel-de-liajp-aux-beninois\/#breadcrumb"},"inLanguage":"fr-FR","potentialAction":[{"@type":"ReadAction","target":["https:\/\/lepatriotebenin.com\/index.php\/2024\/11\/23\/responsabilite-des-acteurs-nationaux-dans-la-lutte-contre-le-terrorisme-lappel-de-liajp-aux-beninois\/"]}]},{"@type":"ImageObject","inLanguage":"fr-FR","@id":"https:\/\/lepatriotebenin.com\/index.php\/2024\/11\/23\/responsabilite-des-acteurs-nationaux-dans-la-lutte-contre-le-terrorisme-lappel-de-liajp-aux-beninois\/#primaryimage","url":"https:\/\/lepatriotebenin.com\/wp-content\/uploads\/2024\/11\/pere.jpg","contentUrl":"https:\/\/lepatriotebenin.com\/wp-content\/uploads\/2024\/11\/pere.jpg","width":1000,"height":450},{"@type":"BreadcrumbList","@id":"https:\/\/lepatriotebenin.com\/index.php\/2024\/11\/23\/responsabilite-des-acteurs-nationaux-dans-la-lutte-contre-le-terrorisme-lappel-de-liajp-aux-beninois\/#breadcrumb","itemListElement":[{"@type":"ListItem","position":1,"name":"Accueil","item":"https:\/\/lepatriotebenin.com\/"},{"@type":"ListItem","position":2,"name":"Responsabilit\u00e9 des acteurs nationaux dans la lutte contre le terrorisme :\u00a0L\u2019appel de l\u2019IAJP aux B\u00e9ninois"}]},{"@type":"WebSite","@id":"https:\/\/lepatriotebenin.com\/#website","url":"https:\/\/lepatriotebenin.com\/","name":"Le Patriote","description":"Le Patriote B\u00e9nin","potentialAction":[{"@type":"SearchAction","target":{"@type":"EntryPoint","urlTemplate":"https:\/\/lepatriotebenin.com\/?s={search_term_string}"},"query-input":{"@type":"PropertyValueSpecification","valueRequired":true,"valueName":"search_term_string"}}],"inLanguage":"fr-FR"},{"@type":"Person","@id":"https:\/\/lepatriotebenin.com\/#\/schema\/person\/4a9b67216c97d04045e01405c534c91f","name":"Roland AFFANOU","image":{"@type":"ImageObject","inLanguage":"fr-FR","@id":"https:\/\/secure.gravatar.com\/avatar\/7209d3f6d2d47ea4d0c67e14d3effb61feb10ae540a4381280c66265de5bd643?s=96&d=mm&r=g","url":"https:\/\/secure.gravatar.com\/avatar\/7209d3f6d2d47ea4d0c67e14d3effb61feb10ae540a4381280c66265de5bd643?s=96&d=mm&r=g","contentUrl":"https:\/\/secure.gravatar.com\/avatar\/7209d3f6d2d47ea4d0c67e14d3effb61feb10ae540a4381280c66265de5bd643?s=96&d=mm&r=g","caption":"Roland AFFANOU"},"url":"https:\/\/lepatriotebenin.com"}]}},"_links":{"self":[{"href":"https:\/\/lepatriotebenin.com\/index.php\/wp-json\/wp\/v2\/posts\/9297","targetHints":{"allow":["GET"]}}],"collection":[{"href":"https:\/\/lepatriotebenin.com\/index.php\/wp-json\/wp\/v2\/posts"}],"about":[{"href":"https:\/\/lepatriotebenin.com\/index.php\/wp-json\/wp\/v2\/types\/post"}],"author":[{"embeddable":true,"href":"https:\/\/lepatriotebenin.com\/index.php\/wp-json\/wp\/v2\/users\/6"}],"replies":[{"embeddable":true,"href":"https:\/\/lepatriotebenin.com\/index.php\/wp-json\/wp\/v2\/comments?post=9297"}],"version-history":[{"count":1,"href":"https:\/\/lepatriotebenin.com\/index.php\/wp-json\/wp\/v2\/posts\/9297\/revisions"}],"predecessor-version":[{"id":9300,"href":"https:\/\/lepatriotebenin.com\/index.php\/wp-json\/wp\/v2\/posts\/9297\/revisions\/9300"}],"wp:featuredmedia":[{"embeddable":true,"href":"https:\/\/lepatriotebenin.com\/index.php\/wp-json\/wp\/v2\/media\/9299"}],"wp:attachment":[{"href":"https:\/\/lepatriotebenin.com\/index.php\/wp-json\/wp\/v2\/media?parent=9297"}],"wp:term":[{"taxonomy":"category","embeddable":true,"href":"https:\/\/lepatriotebenin.com\/index.php\/wp-json\/wp\/v2\/categories?post=9297"},{"taxonomy":"post_tag","embeddable":true,"href":"https:\/\/lepatriotebenin.com\/index.php\/wp-json\/wp\/v2\/tags?post=9297"}],"curies":[{"name":"wp","href":"https:\/\/api.w.org\/{rel}","templated":true}]}}