{"id":9263,"date":"2024-11-21T18:57:15","date_gmt":"2024-11-21T17:57:15","guid":{"rendered":"https:\/\/lepatriotebenin.com\/?p=9263"},"modified":"2024-11-21T19:13:04","modified_gmt":"2024-11-21T18:13:04","slug":"arrestation-de-lex-dgpn-le-cabinet-du-gal-houndegnon-invite-le-peuple-a-esperance-dun-benin-libre-et-prospere-pour-tous","status":"publish","type":"post","link":"https:\/\/lepatriotebenin.com\/index.php\/2024\/11\/21\/arrestation-de-lex-dgpn-le-cabinet-du-gal-houndegnon-invite-le-peuple-a-esperance-dun-benin-libre-et-prospere-pour-tous\/","title":{"rendered":"Arrestation de l\u2019ex-DGPN :Le cabinet du Gal Hound\u00e9gnon invite le peuple \u00e0 \u201cl\u2019esp\u00e9rance d\u2019un B\u00e9nin libre et prosp\u00e8re pour tous\u201d"},"content":{"rendered":"\n<p>&nbsp;Interpell\u00e9 au petit matin du <strong>jeudi 14 novembre dernier<\/strong> \u00e0 son domicile \u00e0 Abomey-Calavi non loin de l\u2019h\u00f4pital de zone et d\u00e9pos\u00e9 en prison <strong>\u00ab&nbsp;pour incitation \u00e0&nbsp;la&nbsp;r\u00e9bellion et harc\u00e8lement par voie \u00e9lectronique&nbsp;\u00bb<\/strong>, dans un communiqu\u00e9 en date du <strong>mardi 19 novembre 2024,<\/strong> le cabinet du <strong>G\u00e9n\u00e9ral Sessi Louis Philippe Hound\u00e9gnon<\/strong> a remerci\u00e9 le peuple b\u00e9ninois de \u201c<em>vague massive de solidarit\u00e9 et de soutien\u201d <\/em>de leur part.&nbsp; \u201c<em>Votre mobilisation, votre solidarit\u00e9 et votre soutien t\u00e9moignent que l&rsquo;espoir subsiste et il faut juste l\u2019entretenir dans la foi et l\u2019esp\u00e9rance d\u2019un b\u00e9nin libre et prosp\u00e8re pour tous, un id\u00e9al qui restera celui du peuple tout entier \u201c<\/em> &nbsp;a pr\u00e9cis\u00e9 ce communiqu\u00e9 de presse. &nbsp;Lire l\u2019int\u00e9gralit\u00e9 du communiqu\u00e9 de presse<\/p>\n\n\n\n<div data-wp-interactive=\"core\/file\" class=\"wp-block-file\"><object data-wp-bind--hidden=\"!state.hasPdfPreview\" hidden class=\"wp-block-file__embed\" data=\"https:\/\/lepatriotebenin.com\/wp-content\/uploads\/2024\/11\/communiquee-de-presse-cp007dcab20241119-2.pdf\" type=\"application\/pdf\" style=\"width:100%;height:600px\" aria-label=\"Contenu embarqu\u00e9 communiquee-de-presse-cp007dcab20241119-2.\"><\/object><a id=\"wp-block-file--media-e74df303-7c84-4e97-938b-3b9e08b8da35\" href=\"https:\/\/lepatriotebenin.com\/wp-content\/uploads\/2024\/11\/communiquee-de-presse-cp007dcab20241119-2.pdf\">communiquee-de-presse-cp007dcab20241119-2<\/a><a href=\"https:\/\/lepatriotebenin.com\/wp-content\/uploads\/2024\/11\/communiquee-de-presse-cp007dcab20241119-2.pdf\" class=\"wp-block-file__button wp-element-button\" download aria-describedby=\"wp-block-file--media-e74df303-7c84-4e97-938b-3b9e08b8da35\">T\u00e9l\u00e9charger<\/a><\/div>\n","protected":false},"excerpt":{"rendered":"<p>&nbsp;Interpell\u00e9 au petit matin du jeudi 14 novembre dernier \u00e0 son domicile \u00e0 Abomey-Calavi non loin de l\u2019h\u00f4pital de zone et d\u00e9pos\u00e9 en prison \u00ab&nbsp;pour incitation \u00e0&nbsp;la&nbsp;r\u00e9bellion et harc\u00e8lement par&hellip;<\/p>\n","protected":false},"author":6,"featured_media":9265,"comment_status":"open","ping_status":"open","sticky":false,"template":"","format":"standard","meta":{"content-type":"","om_disable_all_campaigns":false,"_monsterinsights_skip_tracking":false,"_monsterinsights_sitenote_active":false,"_monsterinsights_sitenote_note":"","_monsterinsights_sitenote_category":0,"_uf_show_specific_survey":0,"_uf_disable_surveys":false,"footnotes":""},"categories":[20],"tags":[],"class_list":["post-9263","post","type-post","status-publish","format-standard","has-post-thumbnail","hentry","category-societe"],"aioseo_notices":[],"yoast_head":"<!-- This site is optimized with the Yoast SEO plugin v27.5 - https:\/\/yoast.com\/product\/yoast-seo-wordpress\/ -->\n<title>Arrestation de l\u2019ex-DGPN :Le cabinet du Gal Hound\u00e9gnon invite le peuple \u00e0 \u201cl\u2019esp\u00e9rance d\u2019un B\u00e9nin libre et prosp\u00e8re pour tous\u201d - Le Patriote<\/title>\n<meta name=\"robots\" content=\"index, follow, max-snippet:-1, max-image-preview:large, max-video-preview:-1\" \/>\n<link rel=\"canonical\" href=\"https:\/\/lepatriotebenin.com\/index.php\/2024\/11\/21\/arrestation-de-lex-dgpn-le-cabinet-du-gal-houndegnon-invite-le-peuple-a-esperance-dun-benin-libre-et-prospere-pour-tous\/\" \/>\n<meta property=\"og:locale\" content=\"fr_FR\" \/>\n<meta property=\"og:type\" content=\"article\" \/>\n<meta property=\"og:title\" content=\"Arrestation de l\u2019ex-DGPN :Le cabinet du Gal Hound\u00e9gnon invite le peuple \u00e0 \u201cl\u2019esp\u00e9rance d\u2019un B\u00e9nin libre et prosp\u00e8re pour tous\u201d - Le Patriote\" \/>\n<meta property=\"og:description\" content=\"&nbsp;Interpell\u00e9 au petit matin du jeudi 14 novembre dernier \u00e0 son domicile \u00e0 Abomey-Calavi non loin de l\u2019h\u00f4pital de zone et d\u00e9pos\u00e9 en prison \u00ab&nbsp;pour incitation \u00e0&nbsp;la&nbsp;r\u00e9bellion et harc\u00e8lement par&hellip;\" \/>\n<meta property=\"og:url\" content=\"https:\/\/lepatriotebenin.com\/index.php\/2024\/11\/21\/arrestation-de-lex-dgpn-le-cabinet-du-gal-houndegnon-invite-le-peuple-a-esperance-dun-benin-libre-et-prospere-pour-tous\/\" \/>\n<meta property=\"og:site_name\" content=\"Le Patriote\" \/>\n<meta property=\"article:published_time\" content=\"2024-11-21T17:57:15+00:00\" \/>\n<meta property=\"article:modified_time\" content=\"2024-11-21T18:13:04+00:00\" \/>\n<meta property=\"og:image\" content=\"https:\/\/lepatriotebenin.com\/wp-content\/uploads\/2024\/11\/louis.jpg\" \/>\n\t<meta property=\"og:image:width\" content=\"1215\" \/>\n\t<meta property=\"og:image:height\" content=\"809\" \/>\n\t<meta property=\"og:image:type\" content=\"image\/jpeg\" \/>\n<meta name=\"author\" content=\"Roland AFFANOU\" \/>\n<meta name=\"twitter:card\" content=\"summary_large_image\" \/>\n<meta name=\"twitter:label1\" content=\"\u00c9crit par\" \/>\n\t<meta name=\"twitter:data1\" content=\"Roland AFFANOU\" \/>\n\t<meta name=\"twitter:label2\" content=\"Dur\u00e9e de lecture estim\u00e9e\" \/>\n\t<meta name=\"twitter:data2\" content=\"1 minute\" \/>\n<script type=\"application\/ld+json\" class=\"yoast-schema-graph\">{\"@context\":\"https:\\\/\\\/schema.org\",\"@graph\":[{\"@type\":\"Article\",\"@id\":\"https:\\\/\\\/lepatriotebenin.com\\\/index.php\\\/2024\\\/11\\\/21\\\/arrestation-de-lex-dgpn-le-cabinet-du-gal-houndegnon-invite-le-peuple-a-esperance-dun-benin-libre-et-prospere-pour-tous\\\/#article\",\"isPartOf\":{\"@id\":\"https:\\\/\\\/lepatriotebenin.com\\\/index.php\\\/2024\\\/11\\\/21\\\/arrestation-de-lex-dgpn-le-cabinet-du-gal-houndegnon-invite-le-peuple-a-esperance-dun-benin-libre-et-prospere-pour-tous\\\/\"},\"author\":{\"name\":\"Roland AFFANOU\",\"@id\":\"https:\\\/\\\/lepatriotebenin.com\\\/#\\\/schema\\\/person\\\/4a9b67216c97d04045e01405c534c91f\"},\"headline\":\"Arrestation de l\u2019ex-DGPN :Le cabinet du Gal Hound\u00e9gnon invite le peuple \u00e0 \u201cl\u2019esp\u00e9rance d\u2019un B\u00e9nin libre et prosp\u00e8re pour tous\u201d\",\"datePublished\":\"2024-11-21T17:57:15+00:00\",\"dateModified\":\"2024-11-21T18:13:04+00:00\",\"mainEntityOfPage\":{\"@id\":\"https:\\\/\\\/lepatriotebenin.com\\\/index.php\\\/2024\\\/11\\\/21\\\/arrestation-de-lex-dgpn-le-cabinet-du-gal-houndegnon-invite-le-peuple-a-esperance-dun-benin-libre-et-prospere-pour-tous\\\/\"},\"wordCount\":172,\"commentCount\":0,\"image\":{\"@id\":\"https:\\\/\\\/lepatriotebenin.com\\\/index.php\\\/2024\\\/11\\\/21\\\/arrestation-de-lex-dgpn-le-cabinet-du-gal-houndegnon-invite-le-peuple-a-esperance-dun-benin-libre-et-prospere-pour-tous\\\/#primaryimage\"},\"thumbnailUrl\":\"https:\\\/\\\/lepatriotebenin.com\\\/wp-content\\\/uploads\\\/2024\\\/11\\\/louis.jpg\",\"articleSection\":[\"Soci\u00e9t\u00e9\"],\"inLanguage\":\"fr-FR\",\"potentialAction\":[{\"@type\":\"CommentAction\",\"name\":\"Comment\",\"target\":[\"https:\\\/\\\/lepatriotebenin.com\\\/index.php\\\/2024\\\/11\\\/21\\\/arrestation-de-lex-dgpn-le-cabinet-du-gal-houndegnon-invite-le-peuple-a-esperance-dun-benin-libre-et-prospere-pour-tous\\\/#respond\"]}]},{\"@type\":\"WebPage\",\"@id\":\"https:\\\/\\\/lepatriotebenin.com\\\/index.php\\\/2024\\\/11\\\/21\\\/arrestation-de-lex-dgpn-le-cabinet-du-gal-houndegnon-invite-le-peuple-a-esperance-dun-benin-libre-et-prospere-pour-tous\\\/\",\"url\":\"https:\\\/\\\/lepatriotebenin.com\\\/index.php\\\/2024\\\/11\\\/21\\\/arrestation-de-lex-dgpn-le-cabinet-du-gal-houndegnon-invite-le-peuple-a-esperance-dun-benin-libre-et-prospere-pour-tous\\\/\",\"name\":\"Arrestation de l\u2019ex-DGPN :Le cabinet du Gal Hound\u00e9gnon invite le peuple \u00e0 \u201cl\u2019esp\u00e9rance d\u2019un B\u00e9nin libre et prosp\u00e8re pour tous\u201d - Le Patriote\",\"isPartOf\":{\"@id\":\"https:\\\/\\\/lepatriotebenin.com\\\/#website\"},\"primaryImageOfPage\":{\"@id\":\"https:\\\/\\\/lepatriotebenin.com\\\/index.php\\\/2024\\\/11\\\/21\\\/arrestation-de-lex-dgpn-le-cabinet-du-gal-houndegnon-invite-le-peuple-a-esperance-dun-benin-libre-et-prospere-pour-tous\\\/#primaryimage\"},\"image\":{\"@id\":\"https:\\\/\\\/lepatriotebenin.com\\\/index.php\\\/2024\\\/11\\\/21\\\/arrestation-de-lex-dgpn-le-cabinet-du-gal-houndegnon-invite-le-peuple-a-esperance-dun-benin-libre-et-prospere-pour-tous\\\/#primaryimage\"},\"thumbnailUrl\":\"https:\\\/\\\/lepatriotebenin.com\\\/wp-content\\\/uploads\\\/2024\\\/11\\\/louis.jpg\",\"datePublished\":\"2024-11-21T17:57:15+00:00\",\"dateModified\":\"2024-11-21T18:13:04+00:00\",\"author\":{\"@id\":\"https:\\\/\\\/lepatriotebenin.com\\\/#\\\/schema\\\/person\\\/4a9b67216c97d04045e01405c534c91f\"},\"breadcrumb\":{\"@id\":\"https:\\\/\\\/lepatriotebenin.com\\\/index.php\\\/2024\\\/11\\\/21\\\/arrestation-de-lex-dgpn-le-cabinet-du-gal-houndegnon-invite-le-peuple-a-esperance-dun-benin-libre-et-prospere-pour-tous\\\/#breadcrumb\"},\"inLanguage\":\"fr-FR\",\"potentialAction\":[{\"@type\":\"ReadAction\",\"target\":[\"https:\\\/\\\/lepatriotebenin.com\\\/index.php\\\/2024\\\/11\\\/21\\\/arrestation-de-lex-dgpn-le-cabinet-du-gal-houndegnon-invite-le-peuple-a-esperance-dun-benin-libre-et-prospere-pour-tous\\\/\"]}]},{\"@type\":\"ImageObject\",\"inLanguage\":\"fr-FR\",\"@id\":\"https:\\\/\\\/lepatriotebenin.com\\\/index.php\\\/2024\\\/11\\\/21\\\/arrestation-de-lex-dgpn-le-cabinet-du-gal-houndegnon-invite-le-peuple-a-esperance-dun-benin-libre-et-prospere-pour-tous\\\/#primaryimage\",\"url\":\"https:\\\/\\\/lepatriotebenin.com\\\/wp-content\\\/uploads\\\/2024\\\/11\\\/louis.jpg\",\"contentUrl\":\"https:\\\/\\\/lepatriotebenin.com\\\/wp-content\\\/uploads\\\/2024\\\/11\\\/louis.jpg\",\"width\":1215,\"height\":809},{\"@type\":\"BreadcrumbList\",\"@id\":\"https:\\\/\\\/lepatriotebenin.com\\\/index.php\\\/2024\\\/11\\\/21\\\/arrestation-de-lex-dgpn-le-cabinet-du-gal-houndegnon-invite-le-peuple-a-esperance-dun-benin-libre-et-prospere-pour-tous\\\/#breadcrumb\",\"itemListElement\":[{\"@type\":\"ListItem\",\"position\":1,\"name\":\"Accueil\",\"item\":\"https:\\\/\\\/lepatriotebenin.com\\\/\"},{\"@type\":\"ListItem\",\"position\":2,\"name\":\"Arrestation de l\u2019ex-DGPN :Le cabinet du Gal Hound\u00e9gnon invite le peuple \u00e0 \u201cl\u2019esp\u00e9rance d\u2019un B\u00e9nin libre et prosp\u00e8re pour tous\u201d\"}]},{\"@type\":\"WebSite\",\"@id\":\"https:\\\/\\\/lepatriotebenin.com\\\/#website\",\"url\":\"https:\\\/\\\/lepatriotebenin.com\\\/\",\"name\":\"Le Patriote\",\"description\":\"Le Patriote B\u00e9nin\",\"potentialAction\":[{\"@type\":\"SearchAction\",\"target\":{\"@type\":\"EntryPoint\",\"urlTemplate\":\"https:\\\/\\\/lepatriotebenin.com\\\/?s={search_term_string}\"},\"query-input\":{\"@type\":\"PropertyValueSpecification\",\"valueRequired\":true,\"valueName\":\"search_term_string\"}}],\"inLanguage\":\"fr-FR\"},{\"@type\":\"Person\",\"@id\":\"https:\\\/\\\/lepatriotebenin.com\\\/#\\\/schema\\\/person\\\/4a9b67216c97d04045e01405c534c91f\",\"name\":\"Roland AFFANOU\",\"image\":{\"@type\":\"ImageObject\",\"inLanguage\":\"fr-FR\",\"@id\":\"https:\\\/\\\/secure.gravatar.com\\\/avatar\\\/7209d3f6d2d47ea4d0c67e14d3effb61feb10ae540a4381280c66265de5bd643?s=96&d=mm&r=g\",\"url\":\"https:\\\/\\\/secure.gravatar.com\\\/avatar\\\/7209d3f6d2d47ea4d0c67e14d3effb61feb10ae540a4381280c66265de5bd643?s=96&d=mm&r=g\",\"contentUrl\":\"https:\\\/\\\/secure.gravatar.com\\\/avatar\\\/7209d3f6d2d47ea4d0c67e14d3effb61feb10ae540a4381280c66265de5bd643?s=96&d=mm&r=g\",\"caption\":\"Roland AFFANOU\"},\"url\":\"https:\\\/\\\/lepatriotebenin.com\"}]}<\/script>\n<!-- \/ Yoast SEO plugin. -->","yoast_head_json":{"title":"Arrestation de l\u2019ex-DGPN :Le cabinet du Gal Hound\u00e9gnon invite le peuple \u00e0 \u201cl\u2019esp\u00e9rance d\u2019un B\u00e9nin libre et prosp\u00e8re pour tous\u201d - Le Patriote","robots":{"index":"index","follow":"follow","max-snippet":"max-snippet:-1","max-image-preview":"max-image-preview:large","max-video-preview":"max-video-preview:-1"},"canonical":"https:\/\/lepatriotebenin.com\/index.php\/2024\/11\/21\/arrestation-de-lex-dgpn-le-cabinet-du-gal-houndegnon-invite-le-peuple-a-esperance-dun-benin-libre-et-prospere-pour-tous\/","og_locale":"fr_FR","og_type":"article","og_title":"Arrestation de l\u2019ex-DGPN :Le cabinet du Gal Hound\u00e9gnon invite le peuple \u00e0 \u201cl\u2019esp\u00e9rance d\u2019un B\u00e9nin libre et prosp\u00e8re pour tous\u201d - Le Patriote","og_description":"&nbsp;Interpell\u00e9 au petit matin du jeudi 14 novembre dernier \u00e0 son domicile \u00e0 Abomey-Calavi non loin de l\u2019h\u00f4pital de zone et d\u00e9pos\u00e9 en prison \u00ab&nbsp;pour incitation \u00e0&nbsp;la&nbsp;r\u00e9bellion et harc\u00e8lement par&hellip;","og_url":"https:\/\/lepatriotebenin.com\/index.php\/2024\/11\/21\/arrestation-de-lex-dgpn-le-cabinet-du-gal-houndegnon-invite-le-peuple-a-esperance-dun-benin-libre-et-prospere-pour-tous\/","og_site_name":"Le Patriote","article_published_time":"2024-11-21T17:57:15+00:00","article_modified_time":"2024-11-21T18:13:04+00:00","og_image":[{"width":1215,"height":809,"url":"https:\/\/lepatriotebenin.com\/wp-content\/uploads\/2024\/11\/louis.jpg","type":"image\/jpeg"}],"author":"Roland AFFANOU","twitter_card":"summary_large_image","twitter_misc":{"\u00c9crit par":"Roland AFFANOU","Dur\u00e9e de lecture estim\u00e9e":"1 minute"},"schema":{"@context":"https:\/\/schema.org","@graph":[{"@type":"Article","@id":"https:\/\/lepatriotebenin.com\/index.php\/2024\/11\/21\/arrestation-de-lex-dgpn-le-cabinet-du-gal-houndegnon-invite-le-peuple-a-esperance-dun-benin-libre-et-prospere-pour-tous\/#article","isPartOf":{"@id":"https:\/\/lepatriotebenin.com\/index.php\/2024\/11\/21\/arrestation-de-lex-dgpn-le-cabinet-du-gal-houndegnon-invite-le-peuple-a-esperance-dun-benin-libre-et-prospere-pour-tous\/"},"author":{"name":"Roland AFFANOU","@id":"https:\/\/lepatriotebenin.com\/#\/schema\/person\/4a9b67216c97d04045e01405c534c91f"},"headline":"Arrestation de l\u2019ex-DGPN :Le cabinet du Gal Hound\u00e9gnon invite le peuple \u00e0 \u201cl\u2019esp\u00e9rance d\u2019un B\u00e9nin libre et prosp\u00e8re pour tous\u201d","datePublished":"2024-11-21T17:57:15+00:00","dateModified":"2024-11-21T18:13:04+00:00","mainEntityOfPage":{"@id":"https:\/\/lepatriotebenin.com\/index.php\/2024\/11\/21\/arrestation-de-lex-dgpn-le-cabinet-du-gal-houndegnon-invite-le-peuple-a-esperance-dun-benin-libre-et-prospere-pour-tous\/"},"wordCount":172,"commentCount":0,"image":{"@id":"https:\/\/lepatriotebenin.com\/index.php\/2024\/11\/21\/arrestation-de-lex-dgpn-le-cabinet-du-gal-houndegnon-invite-le-peuple-a-esperance-dun-benin-libre-et-prospere-pour-tous\/#primaryimage"},"thumbnailUrl":"https:\/\/lepatriotebenin.com\/wp-content\/uploads\/2024\/11\/louis.jpg","articleSection":["Soci\u00e9t\u00e9"],"inLanguage":"fr-FR","potentialAction":[{"@type":"CommentAction","name":"Comment","target":["https:\/\/lepatriotebenin.com\/index.php\/2024\/11\/21\/arrestation-de-lex-dgpn-le-cabinet-du-gal-houndegnon-invite-le-peuple-a-esperance-dun-benin-libre-et-prospere-pour-tous\/#respond"]}]},{"@type":"WebPage","@id":"https:\/\/lepatriotebenin.com\/index.php\/2024\/11\/21\/arrestation-de-lex-dgpn-le-cabinet-du-gal-houndegnon-invite-le-peuple-a-esperance-dun-benin-libre-et-prospere-pour-tous\/","url":"https:\/\/lepatriotebenin.com\/index.php\/2024\/11\/21\/arrestation-de-lex-dgpn-le-cabinet-du-gal-houndegnon-invite-le-peuple-a-esperance-dun-benin-libre-et-prospere-pour-tous\/","name":"Arrestation de l\u2019ex-DGPN :Le cabinet du Gal Hound\u00e9gnon invite le peuple \u00e0 \u201cl\u2019esp\u00e9rance d\u2019un B\u00e9nin libre et prosp\u00e8re pour tous\u201d - Le Patriote","isPartOf":{"@id":"https:\/\/lepatriotebenin.com\/#website"},"primaryImageOfPage":{"@id":"https:\/\/lepatriotebenin.com\/index.php\/2024\/11\/21\/arrestation-de-lex-dgpn-le-cabinet-du-gal-houndegnon-invite-le-peuple-a-esperance-dun-benin-libre-et-prospere-pour-tous\/#primaryimage"},"image":{"@id":"https:\/\/lepatriotebenin.com\/index.php\/2024\/11\/21\/arrestation-de-lex-dgpn-le-cabinet-du-gal-houndegnon-invite-le-peuple-a-esperance-dun-benin-libre-et-prospere-pour-tous\/#primaryimage"},"thumbnailUrl":"https:\/\/lepatriotebenin.com\/wp-content\/uploads\/2024\/11\/louis.jpg","datePublished":"2024-11-21T17:57:15+00:00","dateModified":"2024-11-21T18:13:04+00:00","author":{"@id":"https:\/\/lepatriotebenin.com\/#\/schema\/person\/4a9b67216c97d04045e01405c534c91f"},"breadcrumb":{"@id":"https:\/\/lepatriotebenin.com\/index.php\/2024\/11\/21\/arrestation-de-lex-dgpn-le-cabinet-du-gal-houndegnon-invite-le-peuple-a-esperance-dun-benin-libre-et-prospere-pour-tous\/#breadcrumb"},"inLanguage":"fr-FR","potentialAction":[{"@type":"ReadAction","target":["https:\/\/lepatriotebenin.com\/index.php\/2024\/11\/21\/arrestation-de-lex-dgpn-le-cabinet-du-gal-houndegnon-invite-le-peuple-a-esperance-dun-benin-libre-et-prospere-pour-tous\/"]}]},{"@type":"ImageObject","inLanguage":"fr-FR","@id":"https:\/\/lepatriotebenin.com\/index.php\/2024\/11\/21\/arrestation-de-lex-dgpn-le-cabinet-du-gal-houndegnon-invite-le-peuple-a-esperance-dun-benin-libre-et-prospere-pour-tous\/#primaryimage","url":"https:\/\/lepatriotebenin.com\/wp-content\/uploads\/2024\/11\/louis.jpg","contentUrl":"https:\/\/lepatriotebenin.com\/wp-content\/uploads\/2024\/11\/louis.jpg","width":1215,"height":809},{"@type":"BreadcrumbList","@id":"https:\/\/lepatriotebenin.com\/index.php\/2024\/11\/21\/arrestation-de-lex-dgpn-le-cabinet-du-gal-houndegnon-invite-le-peuple-a-esperance-dun-benin-libre-et-prospere-pour-tous\/#breadcrumb","itemListElement":[{"@type":"ListItem","position":1,"name":"Accueil","item":"https:\/\/lepatriotebenin.com\/"},{"@type":"ListItem","position":2,"name":"Arrestation de l\u2019ex-DGPN :Le cabinet du Gal Hound\u00e9gnon invite le peuple \u00e0 \u201cl\u2019esp\u00e9rance d\u2019un B\u00e9nin libre et prosp\u00e8re pour tous\u201d"}]},{"@type":"WebSite","@id":"https:\/\/lepatriotebenin.com\/#website","url":"https:\/\/lepatriotebenin.com\/","name":"Le Patriote","description":"Le Patriote B\u00e9nin","potentialAction":[{"@type":"SearchAction","target":{"@type":"EntryPoint","urlTemplate":"https:\/\/lepatriotebenin.com\/?s={search_term_string}"},"query-input":{"@type":"PropertyValueSpecification","valueRequired":true,"valueName":"search_term_string"}}],"inLanguage":"fr-FR"},{"@type":"Person","@id":"https:\/\/lepatriotebenin.com\/#\/schema\/person\/4a9b67216c97d04045e01405c534c91f","name":"Roland AFFANOU","image":{"@type":"ImageObject","inLanguage":"fr-FR","@id":"https:\/\/secure.gravatar.com\/avatar\/7209d3f6d2d47ea4d0c67e14d3effb61feb10ae540a4381280c66265de5bd643?s=96&d=mm&r=g","url":"https:\/\/secure.gravatar.com\/avatar\/7209d3f6d2d47ea4d0c67e14d3effb61feb10ae540a4381280c66265de5bd643?s=96&d=mm&r=g","contentUrl":"https:\/\/secure.gravatar.com\/avatar\/7209d3f6d2d47ea4d0c67e14d3effb61feb10ae540a4381280c66265de5bd643?s=96&d=mm&r=g","caption":"Roland AFFANOU"},"url":"https:\/\/lepatriotebenin.com"}]}},"_links":{"self":[{"href":"https:\/\/lepatriotebenin.com\/index.php\/wp-json\/wp\/v2\/posts\/9263","targetHints":{"allow":["GET"]}}],"collection":[{"href":"https:\/\/lepatriotebenin.com\/index.php\/wp-json\/wp\/v2\/posts"}],"about":[{"href":"https:\/\/lepatriotebenin.com\/index.php\/wp-json\/wp\/v2\/types\/post"}],"author":[{"embeddable":true,"href":"https:\/\/lepatriotebenin.com\/index.php\/wp-json\/wp\/v2\/users\/6"}],"replies":[{"embeddable":true,"href":"https:\/\/lepatriotebenin.com\/index.php\/wp-json\/wp\/v2\/comments?post=9263"}],"version-history":[{"count":3,"href":"https:\/\/lepatriotebenin.com\/index.php\/wp-json\/wp\/v2\/posts\/9263\/revisions"}],"predecessor-version":[{"id":9268,"href":"https:\/\/lepatriotebenin.com\/index.php\/wp-json\/wp\/v2\/posts\/9263\/revisions\/9268"}],"wp:featuredmedia":[{"embeddable":true,"href":"https:\/\/lepatriotebenin.com\/index.php\/wp-json\/wp\/v2\/media\/9265"}],"wp:attachment":[{"href":"https:\/\/lepatriotebenin.com\/index.php\/wp-json\/wp\/v2\/media?parent=9263"}],"wp:term":[{"taxonomy":"category","embeddable":true,"href":"https:\/\/lepatriotebenin.com\/index.php\/wp-json\/wp\/v2\/categories?post=9263"},{"taxonomy":"post_tag","embeddable":true,"href":"https:\/\/lepatriotebenin.com\/index.php\/wp-json\/wp\/v2\/tags?post=9263"}],"curies":[{"name":"wp","href":"https:\/\/api.w.org\/{rel}","templated":true}]}}