{"id":9259,"date":"2024-11-21T18:14:53","date_gmt":"2024-11-21T17:14:53","guid":{"rendered":"https:\/\/lepatriotebenin.com\/?p=9259"},"modified":"2024-11-21T18:16:56","modified_gmt":"2024-11-21T17:16:56","slug":"journee-mondiale-de-lenfant-lancement-de-la-chanson-toutes-les-filles-a-lecole-a-natitingou","status":"publish","type":"post","link":"https:\/\/lepatriotebenin.com\/index.php\/2024\/11\/21\/journee-mondiale-de-lenfant-lancement-de-la-chanson-toutes-les-filles-a-lecole-a-natitingou\/","title":{"rendered":"Journ\u00e9e mondiale de l\u2019enfant\u00a0: Lancement de la chanson \u00ab\u2009Toutes les filles \u00e0 l\u2019\u00e9cole\u2009\u00bb \u00e0 Natitingou"},"content":{"rendered":"\n<p><strong><em>Comme chaque ann\u00e9e, l\u2019Unicef a marqu\u00e9 d\u2019une pierre blanche la c\u00e9l\u00e9bration de la Journ\u00e9e Mondiale l\u2019Enfant (JME) au B\u00e9nin. L\u2019organisme au service des enfants et le groupe musical Star f\u00e9minine band ont tenu, ce mercredi&nbsp;20 novembre 2024, une conf\u00e9rence de presse durant laquelle la chanson intitul\u00e9e \u00ab&nbsp;Toutes les filles \u00e0 l\u2019\u00e9cole&nbsp;\u00bb a \u00e9t\u00e9 lanc\u00e9e.<\/em><\/strong><\/p>\n\n\n\n<p>C\u2019est le si\u00e8ge de l\u2019Unicef \u00e0 Natitingou qui a servi de cadre \u00e0 cette c\u00e9r\u00e9monie de lancement de la chanson \u00ab&nbsp;Toutes les filles \u00e0 l\u2019\u00e9cole\u2019\u2019 du groupe musical Star f\u00e9minine band&nbsp;; un groupe compos\u00e9 de 7 jeunes filles. \u00ab Star f\u00e9minine band est un groupe musical de l\u2019Atacora qui s\u2019investit pour la promotion des droits de l\u2019enfant, raison pour laquelle elle a \u00e9t\u00e9 nomin\u00e9e Championne de l\u2019Unicef, en reconnaissance au merveilleux travail qui se fait pour la promotion du droit de l\u2019enfant au B\u00e9nin&nbsp;\u00bb, a expliqu\u00e9 Victoire Gomez, cheffe bureau par int\u00e9rim et charg\u00e9e de la protection \u00e0 l\u2019Unicef.<\/p>\n\n\n\n<p>Ces filles nomin\u00e9es Jeunes championnes de l\u2019Unicef lors de la c\u00e9r\u00e9monie de cl\u00f4ture de la caravane \u00ab&nbsp;Wendia Gaabi&nbsp;\u00bb ont pris l\u2019engagement de s\u2019investir dans la promotion des droits de l\u2019enfant. La sortie de ce titre constitue d\u2019ailleurs pour elles, un tremplin pour r\u00e9it\u00e9rer ce serment. La chanson \u00ab&nbsp;Toutes les filles \u00e0 l\u2019\u00e9cole&nbsp;\u00bb est ex\u00e9cut\u00e9e dans plusieurs langues et est d\u00e9sormais disponible sur les plateformes en ligne. Elle divulgue un message de sensibilisation en faveur de la promotion des droits des enfants et plus particuli\u00e8rement la scolarisation des filles.<\/p>\n\n\n\n<p>\u00c0 sa prise de parole, la responsable du groupe, Gr\u00e2ce Balaguemon a remerci\u00e9 le gouvernement, l\u2019Unicef, le Royaume Uni et tous les autres partenaires pour leurs actions quotidiennes contre le mariage des enfants et pour la scolarisation des filles. Gr\u00e2ce Balaguemon a \u00e9galement fait part de quelques actions men\u00e9es par le groupe pour contribuer au plaidoyer en faveur des droits des enfants et plus sp\u00e9cifiquement des filles.<\/p>\n\n\n\n<p>\u00ab&nbsp;Nous avons parcouru les communes de Ouassa -P\u00e9hunco, Tangui\u00e9ta, et Natitingou, o\u00f9 nous avons sensibilis\u00e9 plus d\u2019un millier de personnes, en particulier des jeunes, sur l\u2019importance de l\u2019\u00e9ducation des filles. \u00c0 chaque \u00e9tape, nous avons donn\u00e9 des concerts pour transmettre ce message\u2026 Nous avons produit une chanson intitul\u00e9e \u00ab&nbsp;\u00c9ducation des filles&nbsp;\u00bb qui invite les parents \u00e0 s\u2019engager davantage pour la scolarisation de leurs enfants, notamment des filles.&nbsp;\u00bb, explique la responsable du groupe.<\/p>\n\n\n\n<p>En dehors de ce lancement, l\u2019Unicef a aussi organis\u00e9 d\u2019autres activit\u00e9s dans le cadre de cette \u00e9dition 2024 de la Journ\u00e9e Mondiale de l\u2019Enfant (JME). L\u2019institution a organis\u00e9, ce 20 novembre, plusieurs activit\u00e9s, dont des animations des enfants, au sein de l\u2019a\u00e9roport international Cardinal Bernardin Gantin de Cotonou. L\u2019objectif est de c\u00e9l\u00e9brer le d\u00e9but de partenariat avec la Soci\u00e9t\u00e9 des A\u00e9roports du B\u00e9nin (SAB) pour promouvoir les droits de l\u2019enfant et de mobiliser un large public autour de cette cause. Ainsi, entre autres activit\u00e9s, les enfants ont diffus\u00e9 des messages aux micros des messages rappelant leurs droits. Les passagers du jour, soit pr\u00e8s de 3000 personnes, ont re\u00e7u des \u00ab&nbsp;Baoding Pass&nbsp;\u00bb sp\u00e9cialement con\u00e7us pour la Journ\u00e9e Mondiale de l\u2019Enfant (JME).<\/p>\n\n\n\n<p>Il faut noter que cette \u00e9dition de la JME est c\u00e9l\u00e9br\u00e9e sous le th\u00e8me \u00ab \u00c9coutez l&rsquo;avenir \u00bb. Ce th\u00e8me vise \u00e0 rappeler aux parents et aux d\u00e9cideurs qu\u2019ils doivent \u00e9couter les enfants, non seulement pour respecter leur droit \u00e0 s&rsquo;exprimer, mais \u00e9galement pour appr\u00e9hender leurs id\u00e9es et inclure leurs priorit\u00e9s dans les d\u00e9cisions qui fa\u00e7onnent l&rsquo;avenir.<\/p>\n\n\n\n<p><strong><em>Chim\u00e8ne Atrokpo<\/em><\/strong><\/p>\n","protected":false},"excerpt":{"rendered":"<p>Comme chaque ann\u00e9e, l\u2019Unicef a marqu\u00e9 d\u2019une pierre blanche la c\u00e9l\u00e9bration de la Journ\u00e9e Mondiale l\u2019Enfant (JME) au B\u00e9nin. L\u2019organisme au service des enfants et le groupe musical Star f\u00e9minine&hellip;<\/p>\n","protected":false},"author":5,"featured_media":9260,"comment_status":"open","ping_status":"open","sticky":false,"template":"","format":"standard","meta":{"content-type":"","om_disable_all_campaigns":false,"_monsterinsights_skip_tracking":false,"_monsterinsights_sitenote_active":false,"_monsterinsights_sitenote_note":"","_monsterinsights_sitenote_category":0,"_uf_show_specific_survey":0,"_uf_disable_surveys":false,"footnotes":""},"categories":[29],"tags":[],"class_list":["post-9259","post","type-post","status-publish","format-standard","has-post-thumbnail","hentry","category-culture"],"aioseo_notices":[],"yoast_head":"<!-- This site is optimized with the Yoast SEO plugin v27.5 - https:\/\/yoast.com\/product\/yoast-seo-wordpress\/ -->\n<title>Journ\u00e9e mondiale de l\u2019enfant\u00a0: Lancement de la chanson \u00ab\u2009Toutes les filles \u00e0 l\u2019\u00e9cole\u2009\u00bb \u00e0 Natitingou - Le Patriote<\/title>\n<meta name=\"robots\" content=\"index, follow, max-snippet:-1, max-image-preview:large, max-video-preview:-1\" \/>\n<link rel=\"canonical\" href=\"https:\/\/lepatriotebenin.com\/index.php\/2024\/11\/21\/journee-mondiale-de-lenfant-lancement-de-la-chanson-toutes-les-filles-a-lecole-a-natitingou\/\" \/>\n<meta property=\"og:locale\" content=\"fr_FR\" \/>\n<meta property=\"og:type\" content=\"article\" \/>\n<meta property=\"og:title\" content=\"Journ\u00e9e mondiale de l\u2019enfant\u00a0: Lancement de la chanson \u00ab\u2009Toutes les filles \u00e0 l\u2019\u00e9cole\u2009\u00bb \u00e0 Natitingou - Le Patriote\" \/>\n<meta property=\"og:description\" content=\"Comme chaque ann\u00e9e, l\u2019Unicef a marqu\u00e9 d\u2019une pierre blanche la c\u00e9l\u00e9bration de la Journ\u00e9e Mondiale l\u2019Enfant (JME) au B\u00e9nin. L\u2019organisme au service des enfants et le groupe musical Star f\u00e9minine&hellip;\" \/>\n<meta property=\"og:url\" content=\"https:\/\/lepatriotebenin.com\/index.php\/2024\/11\/21\/journee-mondiale-de-lenfant-lancement-de-la-chanson-toutes-les-filles-a-lecole-a-natitingou\/\" \/>\n<meta property=\"og:site_name\" content=\"Le Patriote\" \/>\n<meta property=\"article:published_time\" content=\"2024-11-21T17:14:53+00:00\" \/>\n<meta property=\"article:modified_time\" content=\"2024-11-21T17:16:56+00:00\" \/>\n<meta property=\"og:image\" content=\"https:\/\/lepatriotebenin.com\/wp-content\/uploads\/2024\/11\/cef.png\" \/>\n\t<meta property=\"og:image:width\" content=\"936\" \/>\n\t<meta property=\"og:image:height\" content=\"432\" \/>\n\t<meta property=\"og:image:type\" content=\"image\/png\" \/>\n<meta name=\"author\" content=\"Redaction\" \/>\n<meta name=\"twitter:card\" content=\"summary_large_image\" \/>\n<meta name=\"twitter:label1\" content=\"\u00c9crit par\" \/>\n\t<meta name=\"twitter:data1\" content=\"Redaction\" \/>\n\t<meta name=\"twitter:label2\" content=\"Dur\u00e9e de lecture estim\u00e9e\" \/>\n\t<meta name=\"twitter:data2\" content=\"3 minutes\" \/>\n<script type=\"application\/ld+json\" class=\"yoast-schema-graph\">{\"@context\":\"https:\\\/\\\/schema.org\",\"@graph\":[{\"@type\":\"Article\",\"@id\":\"https:\\\/\\\/lepatriotebenin.com\\\/index.php\\\/2024\\\/11\\\/21\\\/journee-mondiale-de-lenfant-lancement-de-la-chanson-toutes-les-filles-a-lecole-a-natitingou\\\/#article\",\"isPartOf\":{\"@id\":\"https:\\\/\\\/lepatriotebenin.com\\\/index.php\\\/2024\\\/11\\\/21\\\/journee-mondiale-de-lenfant-lancement-de-la-chanson-toutes-les-filles-a-lecole-a-natitingou\\\/\"},\"author\":{\"name\":\"Redaction\",\"@id\":\"https:\\\/\\\/lepatriotebenin.com\\\/#\\\/schema\\\/person\\\/2e7709b9c9cc313e452d1136af61690f\"},\"headline\":\"Journ\u00e9e mondiale de l\u2019enfant\u00a0: Lancement de la chanson \u00ab\u2009Toutes les filles \u00e0 l\u2019\u00e9cole\u2009\u00bb \u00e0 Natitingou\",\"datePublished\":\"2024-11-21T17:14:53+00:00\",\"dateModified\":\"2024-11-21T17:16:56+00:00\",\"mainEntityOfPage\":{\"@id\":\"https:\\\/\\\/lepatriotebenin.com\\\/index.php\\\/2024\\\/11\\\/21\\\/journee-mondiale-de-lenfant-lancement-de-la-chanson-toutes-les-filles-a-lecole-a-natitingou\\\/\"},\"wordCount\":672,\"commentCount\":0,\"image\":{\"@id\":\"https:\\\/\\\/lepatriotebenin.com\\\/index.php\\\/2024\\\/11\\\/21\\\/journee-mondiale-de-lenfant-lancement-de-la-chanson-toutes-les-filles-a-lecole-a-natitingou\\\/#primaryimage\"},\"thumbnailUrl\":\"https:\\\/\\\/lepatriotebenin.com\\\/wp-content\\\/uploads\\\/2024\\\/11\\\/cef.png\",\"articleSection\":[\"Culture\"],\"inLanguage\":\"fr-FR\",\"potentialAction\":[{\"@type\":\"CommentAction\",\"name\":\"Comment\",\"target\":[\"https:\\\/\\\/lepatriotebenin.com\\\/index.php\\\/2024\\\/11\\\/21\\\/journee-mondiale-de-lenfant-lancement-de-la-chanson-toutes-les-filles-a-lecole-a-natitingou\\\/#respond\"]}]},{\"@type\":\"WebPage\",\"@id\":\"https:\\\/\\\/lepatriotebenin.com\\\/index.php\\\/2024\\\/11\\\/21\\\/journee-mondiale-de-lenfant-lancement-de-la-chanson-toutes-les-filles-a-lecole-a-natitingou\\\/\",\"url\":\"https:\\\/\\\/lepatriotebenin.com\\\/index.php\\\/2024\\\/11\\\/21\\\/journee-mondiale-de-lenfant-lancement-de-la-chanson-toutes-les-filles-a-lecole-a-natitingou\\\/\",\"name\":\"Journ\u00e9e mondiale de l\u2019enfant\u00a0: Lancement de la chanson \u00ab\u2009Toutes les filles \u00e0 l\u2019\u00e9cole\u2009\u00bb \u00e0 Natitingou - Le Patriote\",\"isPartOf\":{\"@id\":\"https:\\\/\\\/lepatriotebenin.com\\\/#website\"},\"primaryImageOfPage\":{\"@id\":\"https:\\\/\\\/lepatriotebenin.com\\\/index.php\\\/2024\\\/11\\\/21\\\/journee-mondiale-de-lenfant-lancement-de-la-chanson-toutes-les-filles-a-lecole-a-natitingou\\\/#primaryimage\"},\"image\":{\"@id\":\"https:\\\/\\\/lepatriotebenin.com\\\/index.php\\\/2024\\\/11\\\/21\\\/journee-mondiale-de-lenfant-lancement-de-la-chanson-toutes-les-filles-a-lecole-a-natitingou\\\/#primaryimage\"},\"thumbnailUrl\":\"https:\\\/\\\/lepatriotebenin.com\\\/wp-content\\\/uploads\\\/2024\\\/11\\\/cef.png\",\"datePublished\":\"2024-11-21T17:14:53+00:00\",\"dateModified\":\"2024-11-21T17:16:56+00:00\",\"author\":{\"@id\":\"https:\\\/\\\/lepatriotebenin.com\\\/#\\\/schema\\\/person\\\/2e7709b9c9cc313e452d1136af61690f\"},\"breadcrumb\":{\"@id\":\"https:\\\/\\\/lepatriotebenin.com\\\/index.php\\\/2024\\\/11\\\/21\\\/journee-mondiale-de-lenfant-lancement-de-la-chanson-toutes-les-filles-a-lecole-a-natitingou\\\/#breadcrumb\"},\"inLanguage\":\"fr-FR\",\"potentialAction\":[{\"@type\":\"ReadAction\",\"target\":[\"https:\\\/\\\/lepatriotebenin.com\\\/index.php\\\/2024\\\/11\\\/21\\\/journee-mondiale-de-lenfant-lancement-de-la-chanson-toutes-les-filles-a-lecole-a-natitingou\\\/\"]}]},{\"@type\":\"ImageObject\",\"inLanguage\":\"fr-FR\",\"@id\":\"https:\\\/\\\/lepatriotebenin.com\\\/index.php\\\/2024\\\/11\\\/21\\\/journee-mondiale-de-lenfant-lancement-de-la-chanson-toutes-les-filles-a-lecole-a-natitingou\\\/#primaryimage\",\"url\":\"https:\\\/\\\/lepatriotebenin.com\\\/wp-content\\\/uploads\\\/2024\\\/11\\\/cef.png\",\"contentUrl\":\"https:\\\/\\\/lepatriotebenin.com\\\/wp-content\\\/uploads\\\/2024\\\/11\\\/cef.png\",\"width\":936,\"height\":432},{\"@type\":\"BreadcrumbList\",\"@id\":\"https:\\\/\\\/lepatriotebenin.com\\\/index.php\\\/2024\\\/11\\\/21\\\/journee-mondiale-de-lenfant-lancement-de-la-chanson-toutes-les-filles-a-lecole-a-natitingou\\\/#breadcrumb\",\"itemListElement\":[{\"@type\":\"ListItem\",\"position\":1,\"name\":\"Accueil\",\"item\":\"https:\\\/\\\/lepatriotebenin.com\\\/\"},{\"@type\":\"ListItem\",\"position\":2,\"name\":\"Journ\u00e9e mondiale de l\u2019enfant\u00a0: Lancement de la chanson \u00ab\u2009Toutes les filles \u00e0 l\u2019\u00e9cole\u2009\u00bb \u00e0 Natitingou\"}]},{\"@type\":\"WebSite\",\"@id\":\"https:\\\/\\\/lepatriotebenin.com\\\/#website\",\"url\":\"https:\\\/\\\/lepatriotebenin.com\\\/\",\"name\":\"Le Patriote\",\"description\":\"Le Patriote B\u00e9nin\",\"potentialAction\":[{\"@type\":\"SearchAction\",\"target\":{\"@type\":\"EntryPoint\",\"urlTemplate\":\"https:\\\/\\\/lepatriotebenin.com\\\/?s={search_term_string}\"},\"query-input\":{\"@type\":\"PropertyValueSpecification\",\"valueRequired\":true,\"valueName\":\"search_term_string\"}}],\"inLanguage\":\"fr-FR\"},{\"@type\":\"Person\",\"@id\":\"https:\\\/\\\/lepatriotebenin.com\\\/#\\\/schema\\\/person\\\/2e7709b9c9cc313e452d1136af61690f\",\"name\":\"Redaction\",\"image\":{\"@type\":\"ImageObject\",\"inLanguage\":\"fr-FR\",\"@id\":\"https:\\\/\\\/secure.gravatar.com\\\/avatar\\\/c4c509357859ea2ca2cbb6d8812898a73e4ef1ef9934c2e591d7e32face734d1?s=96&d=mm&r=g\",\"url\":\"https:\\\/\\\/secure.gravatar.com\\\/avatar\\\/c4c509357859ea2ca2cbb6d8812898a73e4ef1ef9934c2e591d7e32face734d1?s=96&d=mm&r=g\",\"contentUrl\":\"https:\\\/\\\/secure.gravatar.com\\\/avatar\\\/c4c509357859ea2ca2cbb6d8812898a73e4ef1ef9934c2e591d7e32face734d1?s=96&d=mm&r=g\",\"caption\":\"Redaction\"},\"url\":\"https:\\\/\\\/lepatriotebenin.com\"}]}<\/script>\n<!-- \/ Yoast SEO plugin. -->","yoast_head_json":{"title":"Journ\u00e9e mondiale de l\u2019enfant\u00a0: Lancement de la chanson \u00ab\u2009Toutes les filles \u00e0 l\u2019\u00e9cole\u2009\u00bb \u00e0 Natitingou - Le Patriote","robots":{"index":"index","follow":"follow","max-snippet":"max-snippet:-1","max-image-preview":"max-image-preview:large","max-video-preview":"max-video-preview:-1"},"canonical":"https:\/\/lepatriotebenin.com\/index.php\/2024\/11\/21\/journee-mondiale-de-lenfant-lancement-de-la-chanson-toutes-les-filles-a-lecole-a-natitingou\/","og_locale":"fr_FR","og_type":"article","og_title":"Journ\u00e9e mondiale de l\u2019enfant\u00a0: Lancement de la chanson \u00ab\u2009Toutes les filles \u00e0 l\u2019\u00e9cole\u2009\u00bb \u00e0 Natitingou - Le Patriote","og_description":"Comme chaque ann\u00e9e, l\u2019Unicef a marqu\u00e9 d\u2019une pierre blanche la c\u00e9l\u00e9bration de la Journ\u00e9e Mondiale l\u2019Enfant (JME) au B\u00e9nin. L\u2019organisme au service des enfants et le groupe musical Star f\u00e9minine&hellip;","og_url":"https:\/\/lepatriotebenin.com\/index.php\/2024\/11\/21\/journee-mondiale-de-lenfant-lancement-de-la-chanson-toutes-les-filles-a-lecole-a-natitingou\/","og_site_name":"Le Patriote","article_published_time":"2024-11-21T17:14:53+00:00","article_modified_time":"2024-11-21T17:16:56+00:00","og_image":[{"width":936,"height":432,"url":"https:\/\/lepatriotebenin.com\/wp-content\/uploads\/2024\/11\/cef.png","type":"image\/png"}],"author":"Redaction","twitter_card":"summary_large_image","twitter_misc":{"\u00c9crit par":"Redaction","Dur\u00e9e de lecture estim\u00e9e":"3 minutes"},"schema":{"@context":"https:\/\/schema.org","@graph":[{"@type":"Article","@id":"https:\/\/lepatriotebenin.com\/index.php\/2024\/11\/21\/journee-mondiale-de-lenfant-lancement-de-la-chanson-toutes-les-filles-a-lecole-a-natitingou\/#article","isPartOf":{"@id":"https:\/\/lepatriotebenin.com\/index.php\/2024\/11\/21\/journee-mondiale-de-lenfant-lancement-de-la-chanson-toutes-les-filles-a-lecole-a-natitingou\/"},"author":{"name":"Redaction","@id":"https:\/\/lepatriotebenin.com\/#\/schema\/person\/2e7709b9c9cc313e452d1136af61690f"},"headline":"Journ\u00e9e mondiale de l\u2019enfant\u00a0: Lancement de la chanson \u00ab\u2009Toutes les filles \u00e0 l\u2019\u00e9cole\u2009\u00bb \u00e0 Natitingou","datePublished":"2024-11-21T17:14:53+00:00","dateModified":"2024-11-21T17:16:56+00:00","mainEntityOfPage":{"@id":"https:\/\/lepatriotebenin.com\/index.php\/2024\/11\/21\/journee-mondiale-de-lenfant-lancement-de-la-chanson-toutes-les-filles-a-lecole-a-natitingou\/"},"wordCount":672,"commentCount":0,"image":{"@id":"https:\/\/lepatriotebenin.com\/index.php\/2024\/11\/21\/journee-mondiale-de-lenfant-lancement-de-la-chanson-toutes-les-filles-a-lecole-a-natitingou\/#primaryimage"},"thumbnailUrl":"https:\/\/lepatriotebenin.com\/wp-content\/uploads\/2024\/11\/cef.png","articleSection":["Culture"],"inLanguage":"fr-FR","potentialAction":[{"@type":"CommentAction","name":"Comment","target":["https:\/\/lepatriotebenin.com\/index.php\/2024\/11\/21\/journee-mondiale-de-lenfant-lancement-de-la-chanson-toutes-les-filles-a-lecole-a-natitingou\/#respond"]}]},{"@type":"WebPage","@id":"https:\/\/lepatriotebenin.com\/index.php\/2024\/11\/21\/journee-mondiale-de-lenfant-lancement-de-la-chanson-toutes-les-filles-a-lecole-a-natitingou\/","url":"https:\/\/lepatriotebenin.com\/index.php\/2024\/11\/21\/journee-mondiale-de-lenfant-lancement-de-la-chanson-toutes-les-filles-a-lecole-a-natitingou\/","name":"Journ\u00e9e mondiale de l\u2019enfant\u00a0: Lancement de la chanson \u00ab\u2009Toutes les filles \u00e0 l\u2019\u00e9cole\u2009\u00bb \u00e0 Natitingou - Le Patriote","isPartOf":{"@id":"https:\/\/lepatriotebenin.com\/#website"},"primaryImageOfPage":{"@id":"https:\/\/lepatriotebenin.com\/index.php\/2024\/11\/21\/journee-mondiale-de-lenfant-lancement-de-la-chanson-toutes-les-filles-a-lecole-a-natitingou\/#primaryimage"},"image":{"@id":"https:\/\/lepatriotebenin.com\/index.php\/2024\/11\/21\/journee-mondiale-de-lenfant-lancement-de-la-chanson-toutes-les-filles-a-lecole-a-natitingou\/#primaryimage"},"thumbnailUrl":"https:\/\/lepatriotebenin.com\/wp-content\/uploads\/2024\/11\/cef.png","datePublished":"2024-11-21T17:14:53+00:00","dateModified":"2024-11-21T17:16:56+00:00","author":{"@id":"https:\/\/lepatriotebenin.com\/#\/schema\/person\/2e7709b9c9cc313e452d1136af61690f"},"breadcrumb":{"@id":"https:\/\/lepatriotebenin.com\/index.php\/2024\/11\/21\/journee-mondiale-de-lenfant-lancement-de-la-chanson-toutes-les-filles-a-lecole-a-natitingou\/#breadcrumb"},"inLanguage":"fr-FR","potentialAction":[{"@type":"ReadAction","target":["https:\/\/lepatriotebenin.com\/index.php\/2024\/11\/21\/journee-mondiale-de-lenfant-lancement-de-la-chanson-toutes-les-filles-a-lecole-a-natitingou\/"]}]},{"@type":"ImageObject","inLanguage":"fr-FR","@id":"https:\/\/lepatriotebenin.com\/index.php\/2024\/11\/21\/journee-mondiale-de-lenfant-lancement-de-la-chanson-toutes-les-filles-a-lecole-a-natitingou\/#primaryimage","url":"https:\/\/lepatriotebenin.com\/wp-content\/uploads\/2024\/11\/cef.png","contentUrl":"https:\/\/lepatriotebenin.com\/wp-content\/uploads\/2024\/11\/cef.png","width":936,"height":432},{"@type":"BreadcrumbList","@id":"https:\/\/lepatriotebenin.com\/index.php\/2024\/11\/21\/journee-mondiale-de-lenfant-lancement-de-la-chanson-toutes-les-filles-a-lecole-a-natitingou\/#breadcrumb","itemListElement":[{"@type":"ListItem","position":1,"name":"Accueil","item":"https:\/\/lepatriotebenin.com\/"},{"@type":"ListItem","position":2,"name":"Journ\u00e9e mondiale de l\u2019enfant\u00a0: Lancement de la chanson \u00ab\u2009Toutes les filles \u00e0 l\u2019\u00e9cole\u2009\u00bb \u00e0 Natitingou"}]},{"@type":"WebSite","@id":"https:\/\/lepatriotebenin.com\/#website","url":"https:\/\/lepatriotebenin.com\/","name":"Le Patriote","description":"Le Patriote B\u00e9nin","potentialAction":[{"@type":"SearchAction","target":{"@type":"EntryPoint","urlTemplate":"https:\/\/lepatriotebenin.com\/?s={search_term_string}"},"query-input":{"@type":"PropertyValueSpecification","valueRequired":true,"valueName":"search_term_string"}}],"inLanguage":"fr-FR"},{"@type":"Person","@id":"https:\/\/lepatriotebenin.com\/#\/schema\/person\/2e7709b9c9cc313e452d1136af61690f","name":"Redaction","image":{"@type":"ImageObject","inLanguage":"fr-FR","@id":"https:\/\/secure.gravatar.com\/avatar\/c4c509357859ea2ca2cbb6d8812898a73e4ef1ef9934c2e591d7e32face734d1?s=96&d=mm&r=g","url":"https:\/\/secure.gravatar.com\/avatar\/c4c509357859ea2ca2cbb6d8812898a73e4ef1ef9934c2e591d7e32face734d1?s=96&d=mm&r=g","contentUrl":"https:\/\/secure.gravatar.com\/avatar\/c4c509357859ea2ca2cbb6d8812898a73e4ef1ef9934c2e591d7e32face734d1?s=96&d=mm&r=g","caption":"Redaction"},"url":"https:\/\/lepatriotebenin.com"}]}},"_links":{"self":[{"href":"https:\/\/lepatriotebenin.com\/index.php\/wp-json\/wp\/v2\/posts\/9259","targetHints":{"allow":["GET"]}}],"collection":[{"href":"https:\/\/lepatriotebenin.com\/index.php\/wp-json\/wp\/v2\/posts"}],"about":[{"href":"https:\/\/lepatriotebenin.com\/index.php\/wp-json\/wp\/v2\/types\/post"}],"author":[{"embeddable":true,"href":"https:\/\/lepatriotebenin.com\/index.php\/wp-json\/wp\/v2\/users\/5"}],"replies":[{"embeddable":true,"href":"https:\/\/lepatriotebenin.com\/index.php\/wp-json\/wp\/v2\/comments?post=9259"}],"version-history":[{"count":2,"href":"https:\/\/lepatriotebenin.com\/index.php\/wp-json\/wp\/v2\/posts\/9259\/revisions"}],"predecessor-version":[{"id":9262,"href":"https:\/\/lepatriotebenin.com\/index.php\/wp-json\/wp\/v2\/posts\/9259\/revisions\/9262"}],"wp:featuredmedia":[{"embeddable":true,"href":"https:\/\/lepatriotebenin.com\/index.php\/wp-json\/wp\/v2\/media\/9260"}],"wp:attachment":[{"href":"https:\/\/lepatriotebenin.com\/index.php\/wp-json\/wp\/v2\/media?parent=9259"}],"wp:term":[{"taxonomy":"category","embeddable":true,"href":"https:\/\/lepatriotebenin.com\/index.php\/wp-json\/wp\/v2\/categories?post=9259"},{"taxonomy":"post_tag","embeddable":true,"href":"https:\/\/lepatriotebenin.com\/index.php\/wp-json\/wp\/v2\/tags?post=9259"}],"curies":[{"name":"wp","href":"https:\/\/api.w.org\/{rel}","templated":true}]}}