{"id":8939,"date":"2024-11-11T01:03:43","date_gmt":"2024-11-11T00:03:43","guid":{"rendered":"https:\/\/lepatriotebenin.com\/?p=8939"},"modified":"2024-11-11T01:03:44","modified_gmt":"2024-11-11T00:03:44","slug":"assemblee-nationale-lhonorable-antonin-hounga-clache-vlavonou","status":"publish","type":"post","link":"https:\/\/lepatriotebenin.com\/index.php\/2024\/11\/11\/assemblee-nationale-lhonorable-antonin-hounga-clache-vlavonou\/","title":{"rendered":"Assembl\u00e9e Nationale \u00a0: L\u2019honorable Antonin Hounga clache Vlavonou"},"content":{"rendered":"\n<p><em>D\u00e9put\u00e9 \u00e0 l&rsquo;Assembl\u00e9e nationale 9\u00e8 l\u00e9gislature, l\u2019honorable <strong>Midofi Antonin Hounga<\/strong> a \u00e9t\u00e9 emp\u00each\u00e9 ce <strong>jeudi 7 nombre 2024<\/strong> d\u2019exercer son droit d\u2019expliquer sont vote apr\u00e8s le rejet du quatri\u00e8me rapport d\u2019activit\u00e9 du pr\u00e9sident <strong>Louis Vlavonou.<\/strong> Dans une d\u00e9claration faite dans la presse, l\u2019\u00e9lu d\u00e9mocrate de la 6\u00e8me circonscription \u00e9lectorale a fustig\u00e9 l\u2019attitude du pr\u00e9sident de l\u2019Assembl\u00e9e Nationale et rel\u00e8ve plusieurs dans le rapport rejet\u00e9. \u00ab Ce rapport du pr\u00e9sident de l&rsquo;Assembl\u00e9e nationale a fait ressortir tout sauf l&rsquo;essentiel \u00bb, d\u00e9plore le d\u00e9put\u00e9.<\/em><\/p>\n\n\n\n<p><strong>Voici l\u2019int\u00e9gralit\u00e9 de la d\u00e9claration de l\u2019honorable Antonin Hounga<\/strong><\/p>\n\n\n\n<p>\u00ab Bonjour chers amis, je salue vos auditeurs et vos auditrices. Oui effectivement hier le pr\u00e9sident de l&rsquo;Assembl\u00e9e nationale ne m&rsquo;a pas permis d&rsquo;aller au bout des raisons qui m&rsquo;ont pouss\u00e9 \u00e0 rejeter son rapport. Savez-vous que dans notre r\u00e8glement int\u00e9rieur chaque d\u00e9put\u00e9 a 3 \u00e0 5 minutes pour l\u2019explication de son vote afin de justifier pourquoi il a vot\u00e9 pour ou contre un rapport, une loi ou une r\u00e9solution. C&rsquo;est \u00e0 ce que j&rsquo;ai droit hier et le pr\u00e9sident de l&rsquo;Assembl\u00e9e nationale ne m&rsquo;a pas permis de dire&nbsp; clairement les raisons qui m&rsquo;ont pouss\u00e9 \u00e0 rejeter son rapport. Je voudrais vous rappeler que hier, j&rsquo;ai m\u00e9connu personnellement le pr\u00e9sident de l&rsquo;Assembl\u00e9e nationale. De la mani\u00e8re dont il a dirig\u00e9 la pl\u00e9ni\u00e8re d&rsquo;hier, ce n&rsquo;est pas, habituellement, comme \u00e7a qu&rsquo;il dirige les pl\u00e9ni\u00e8res. D&rsquo;abord pour dire qu&rsquo;il suspend la s\u00e9ance une minute pour recueillir les intervenants. Il a plut\u00f4t dire je suspends la s\u00e9ance pour une minute de silence. C&rsquo;est vraiment triste. Et s\u00fbrement que le pr\u00e9sident de l&rsquo;Assembl\u00e9e nationale avait des difficult\u00e9s hier et moi je ne veux pas m&rsquo;appesantir sur \u00e7a parce que c&rsquo;est personnel. Chacun de nous \u00e0 des difficult\u00e9s, chacun de nous \u00e0 des probl\u00e8mes, s\u00fbrement que nous devons faire un effort pour que ces difficult\u00e9s, ces probl\u00e8mes personnels n&rsquo;agissent pas sur le d\u00e9roulement de la pl\u00e9ni\u00e8re. C&rsquo;est ce que je voudrais d&rsquo;abord signaler. Ce rapport du pr\u00e9sident de l&rsquo;Assembl\u00e9e nationale a fait ressortir tout sauf l&rsquo;essentiel. Ce rapport est mielleux avec des jeux de mots ayant tendance \u00e0 emballer les esprits faibles. Heureusement que moi je n&rsquo;ai pas un esprit faible. Ce rapport je le qualifie de creux et hypocrite. Ce rapport est hypocrite parce que ce rapport ne tient pas compte de la r\u00e9alit\u00e9 de ce que nous vivons \u00e0 l&rsquo;Assembl\u00e9e nationale. Et par rapport \u00e0 moi, par rapport aux engagements que j&rsquo;ai pris avec le peuple b\u00e9ninois qui m&rsquo;a mandat\u00e9. J&rsquo;ai vot\u00e9 contre parce qu\u2019il y a plusieurs raisons. Tenez vous bien, des raisons qui attestent la quintessence de mon objectif et celui de mes coll\u00e8gues du groupe parlementaire Les D\u00e9mocrates. Mon cher ami si nous sommes d&rsquo;accord que l&rsquo;activit\u00e9 et la vitalit\u00e9 d&rsquo;une assembl\u00e9e nationale d\u00e9pendent en grande partie des lois vot\u00e9es, nous sommes tous aussi d&rsquo;accord que les lois vot\u00e9es par une Assembl\u00e9e nationale ne doivent pas \u00eatre celle venant uniquement du gouvernement. Nous avons vot\u00e9 19 lois au cours de la p\u00e9riode faisant l&rsquo;objet de ce rapport. Parmi elles figurent presque z\u00e9ro loi propos\u00e9e par les Honorables d\u00e9put\u00e9s. Pendant ce temps, mon groupe parlementaire Les D\u00e9mocrates en a propos\u00e9 plusieurs qui n&rsquo;ont m\u00eame pas fait l&rsquo;objet d&rsquo;un d\u00e9bat en pl\u00e9ni\u00e8re. C&rsquo;est path\u00e9tique. Et cela t\u00e9moigne de combien les d\u00e9put\u00e9s sont m\u00e9pris\u00e9s. Combien de fois les d\u00e9put\u00e9s sont minimis\u00e9s et d\u00e9daign\u00e9s au d\u00e9triment du gouvernement. C&rsquo;est triste. Le gouvernement \u00e0 qui l&rsquo;on veut plaire par tous les moyens, mais vous devez savoir que nous sommes pour le peuple, pour servir le peuple et non le gouvernement. Vous savez entre autres outils appropri\u00e9s dont dispose le parlementaire pour contr\u00f4ler efficacement l&rsquo;action du gouvernement ce sont les questions orales avec ou sans d\u00e9bat ou les questions d&rsquo;actualit\u00e9. Au cours la p\u00e9riode qui fait l&rsquo;objet de ce rapport, combien d&rsquo;entre les questions ? Je pose une question c&rsquo;est combien d&rsquo;entre les questions orales sans d\u00e9bat adress\u00e9es au gouvernement que le pr\u00e9sident de l&rsquo;Assembl\u00e9e nationale a amen\u00e9 en pl\u00e9ni\u00e8re pour \u00eatre examiner. Je vous dis la r\u00e9ponse est lamentablement z\u00e9ro question orale. Nous avons adress\u00e9 plus d&rsquo;une cinquantaine de questions au gouvernement par rapport sur des situations sur lesquelles le peuple b\u00e9ninois a besoin d&rsquo;\u00eatre \u00e9clairer. Mais le pr\u00e9sident choisit de faire ombrage \u00e0 ces questions en n&rsquo;invitant pas le gouvernement \u00e0 vous \u00e0 l&rsquo;Assembl\u00e9e nous \u00e9clairer. Il a fait ombrage \u00e0 la v\u00e9rit\u00e9 en faisant une option s\u00e9lective. Cher ami que dire aussi des questions pertinentes d&rsquo;actualit\u00e9. Un exercice auquel les Honorables d\u00e9put\u00e9s de mon groupe parlementaire Les D\u00e9mocrates se donnent ais\u00e9ment et fr\u00e9quemment. Le bilan se r\u00e9v\u00e8le calamit\u00e9. Lorsqu&rsquo;il fait \u00e9tat de deux questions d&rsquo;actualit\u00e9 seulement examin\u00e9es sur les 21 adress\u00e9es sachant que les 19 rang\u00e9es traitent pour la plupart des sujets essentielles \u00e0 l&rsquo;instar de la recrudescence des bavures polici\u00e8res, de la situation carc\u00e9rale du professeur Jo\u00ebl A\u00efvo et de Madame Reckiya Madougou et autres. Les questions d&rsquo;actualit\u00e9 traitent du d\u00e9ploiement des forces de d\u00e9fense dans les localit\u00e9s de la Commune de Tchaourou. Nos qu&rsquo;est d&rsquo;actualit\u00e9 que nous avons adress\u00e9 au gouvernement parle de l&rsquo;interdiction des marches et manifestations \u00e0 caract\u00e8re pacifique. Nos questions parlent du retrait de l&rsquo;ananas b\u00e9ninois du march\u00e9 fran\u00e7ais, ce qui cr\u00e9e vous savez tes bien des difficult\u00e9s \u00e0 mes parents de Z\u00e8 qui souffrent \u00e9norm\u00e9ment. Notre question d&rsquo;actualit\u00e9 demande au gouvernement de venir nous expliquer le lieu d&rsquo;incarc\u00e9ration des ravisseurs de Steeve Amoussou que personnellement mois j&rsquo;ajoute un pr\u00e9nom S\u00e8gla. S\u00e8 ton w\u00ea gla oun (Il a eu de la chance), sinon l&rsquo;objectif des ravisseurs c&rsquo;est pas de le ramener au B\u00e9nin. Est d&rsquo;\u00e9liminer. Nous savons tous \u00e7a. Mais o\u00f9 sont incarc\u00e9r\u00e9s ces ravisseurs aujourd&rsquo;hui. Nous voulons savoir. Le peuple veut savoir, mais le pr\u00e9sident de l&rsquo;Assembl\u00e9e nationale a fait ombrage sur ses questions d&rsquo;actualit\u00e9 et ne les a pas convi\u00e9s \u00e0 mener en pl\u00e9ni\u00e8re en invitant le gouvernement a nous donn\u00e9 des explications. Le pr\u00e9sident de l&rsquo;Assembl\u00e9e nationale a parl\u00e9 de la cr\u00e9dibilit\u00e9 de notre parlement. Et \u00e7a me fait rire. Peut-on parl\u00e9 de cr\u00e9dibilit\u00e9 de nos parlements lorsqu&rsquo;on sais que 52,78% des missions parlementaires ont \u00e9t\u00e9 effectu\u00e9s par les d\u00e9put\u00e9s de son groupe parlementaire. L&rsquo;union Progressiste Le Renouveau, alors qu&rsquo;ils ne constituent pas \u00e0 eux seuls la majorit\u00e9. Pendant ce temps ceux du groupe parlementaire le R\u00e9publicain qui est le deuxi\u00e8me groupe parlementaire totalise 27,78% de missions tandis que Les D\u00e9mocrates se sont content\u00e9s seulement de 19,44%. Alors que ces deux groupes parlementaires comptent exactement m\u00eame nombre de d\u00e9put\u00e9s. Je vous jure, c&rsquo;est une aberration, c&rsquo;est triste, c&rsquo;est pitoyable pour notre d\u00e9mocratie.<\/p>\n\n\n\n<p>Pour finir mon cher ami, le rapport de l&rsquo;Assembl\u00e9e nationale n&rsquo;a abord\u00e9 nulle part \u00e0 la situation de la haine qui s&rsquo;observerait et qui a, qu&rsquo;il vous souvienne, occup\u00e9 une tr\u00e8s bonne partie de son discours d&rsquo;ouverture de cette session ordinaire le 23 octobre pass\u00e9. Puisque le rapport actuel couvre la p\u00e9riode allant du 1er avril au 30 septembre 2024, devons nous comprendre que c\u2019est juste apr\u00e8s le 30 septembre 2024 que la haine a r\u00e9gn\u00e9 en ma\u00eetre au B\u00e9nin, c&rsquo;est pas notre probl\u00e8me. \u00c7a ne nous concerne pas. Voil\u00e0 les pr\u00e9occupations ; voil\u00e0 les raisins qui a pouss\u00e9 mon groupe parlementaire Les D\u00e9mocrates a vot\u00e9 contre ce rapport. Et le peuple b\u00e9ninois a besoin de savoir. Le peule b\u00e9ninois que ce qui se passe \u00e0 l&rsquo;Assembl\u00e9e nationale est critique et d\u00e9plorable. Je vous remercie.\u00bb<\/p>\n","protected":false},"excerpt":{"rendered":"<p>D\u00e9put\u00e9 \u00e0 l&rsquo;Assembl\u00e9e nationale 9\u00e8 l\u00e9gislature, l\u2019honorable Midofi Antonin Hounga a \u00e9t\u00e9 emp\u00each\u00e9 ce jeudi 7 nombre 2024 d\u2019exercer son droit d\u2019expliquer sont vote apr\u00e8s le rejet du quatri\u00e8me rapport&hellip;<\/p>\n","protected":false},"author":5,"featured_media":8940,"comment_status":"open","ping_status":"open","sticky":false,"template":"","format":"standard","meta":{"content-type":"","om_disable_all_campaigns":false,"_monsterinsights_skip_tracking":false,"_monsterinsights_sitenote_active":false,"_monsterinsights_sitenote_note":"","_monsterinsights_sitenote_category":0,"_uf_show_specific_survey":0,"_uf_disable_surveys":false,"footnotes":""},"categories":[26],"tags":[],"class_list":["post-8939","post","type-post","status-publish","format-standard","has-post-thumbnail","hentry","category-politique"],"aioseo_notices":[],"yoast_head":"<!-- This site is optimized with the Yoast SEO plugin v27.5 - https:\/\/yoast.com\/product\/yoast-seo-wordpress\/ -->\n<title>Assembl\u00e9e Nationale \u00a0: L\u2019honorable Antonin Hounga clache Vlavonou - Le Patriote<\/title>\n<meta name=\"robots\" content=\"index, follow, max-snippet:-1, max-image-preview:large, max-video-preview:-1\" \/>\n<link rel=\"canonical\" href=\"https:\/\/lepatriotebenin.com\/index.php\/2024\/11\/11\/assemblee-nationale-lhonorable-antonin-hounga-clache-vlavonou\/\" \/>\n<meta property=\"og:locale\" content=\"fr_FR\" \/>\n<meta property=\"og:type\" content=\"article\" \/>\n<meta property=\"og:title\" content=\"Assembl\u00e9e Nationale \u00a0: L\u2019honorable Antonin Hounga clache Vlavonou - Le Patriote\" \/>\n<meta property=\"og:description\" content=\"D\u00e9put\u00e9 \u00e0 l&rsquo;Assembl\u00e9e nationale 9\u00e8 l\u00e9gislature, l\u2019honorable Midofi Antonin Hounga a \u00e9t\u00e9 emp\u00each\u00e9 ce jeudi 7 nombre 2024 d\u2019exercer son droit d\u2019expliquer sont vote apr\u00e8s le rejet du quatri\u00e8me rapport&hellip;\" \/>\n<meta property=\"og:url\" content=\"https:\/\/lepatriotebenin.com\/index.php\/2024\/11\/11\/assemblee-nationale-lhonorable-antonin-hounga-clache-vlavonou\/\" \/>\n<meta property=\"og:site_name\" content=\"Le Patriote\" \/>\n<meta property=\"article:published_time\" content=\"2024-11-11T00:03:43+00:00\" \/>\n<meta property=\"article:modified_time\" content=\"2024-11-11T00:03:44+00:00\" \/>\n<meta property=\"og:image\" content=\"https:\/\/lepatriotebenin.com\/wp-content\/uploads\/2024\/11\/honfoga.jpg\" \/>\n\t<meta property=\"og:image:width\" content=\"191\" \/>\n\t<meta property=\"og:image:height\" content=\"264\" \/>\n\t<meta property=\"og:image:type\" content=\"image\/jpeg\" \/>\n<meta name=\"author\" content=\"Redaction\" \/>\n<meta name=\"twitter:card\" content=\"summary_large_image\" \/>\n<meta name=\"twitter:label1\" content=\"\u00c9crit par\" \/>\n\t<meta name=\"twitter:data1\" content=\"Redaction\" \/>\n\t<meta name=\"twitter:label2\" content=\"Dur\u00e9e de lecture estim\u00e9e\" \/>\n\t<meta name=\"twitter:data2\" content=\"7 minutes\" \/>\n<script type=\"application\/ld+json\" class=\"yoast-schema-graph\">{\"@context\":\"https:\\\/\\\/schema.org\",\"@graph\":[{\"@type\":\"Article\",\"@id\":\"https:\\\/\\\/lepatriotebenin.com\\\/index.php\\\/2024\\\/11\\\/11\\\/assemblee-nationale-lhonorable-antonin-hounga-clache-vlavonou\\\/#article\",\"isPartOf\":{\"@id\":\"https:\\\/\\\/lepatriotebenin.com\\\/index.php\\\/2024\\\/11\\\/11\\\/assemblee-nationale-lhonorable-antonin-hounga-clache-vlavonou\\\/\"},\"author\":{\"name\":\"Redaction\",\"@id\":\"https:\\\/\\\/lepatriotebenin.com\\\/#\\\/schema\\\/person\\\/2e7709b9c9cc313e452d1136af61690f\"},\"headline\":\"Assembl\u00e9e Nationale \u00a0: L\u2019honorable Antonin Hounga clache Vlavonou\",\"datePublished\":\"2024-11-11T00:03:43+00:00\",\"dateModified\":\"2024-11-11T00:03:44+00:00\",\"mainEntityOfPage\":{\"@id\":\"https:\\\/\\\/lepatriotebenin.com\\\/index.php\\\/2024\\\/11\\\/11\\\/assemblee-nationale-lhonorable-antonin-hounga-clache-vlavonou\\\/\"},\"wordCount\":1442,\"commentCount\":0,\"image\":{\"@id\":\"https:\\\/\\\/lepatriotebenin.com\\\/index.php\\\/2024\\\/11\\\/11\\\/assemblee-nationale-lhonorable-antonin-hounga-clache-vlavonou\\\/#primaryimage\"},\"thumbnailUrl\":\"https:\\\/\\\/lepatriotebenin.com\\\/wp-content\\\/uploads\\\/2024\\\/11\\\/honfoga.jpg\",\"articleSection\":[\"Politique\"],\"inLanguage\":\"fr-FR\",\"potentialAction\":[{\"@type\":\"CommentAction\",\"name\":\"Comment\",\"target\":[\"https:\\\/\\\/lepatriotebenin.com\\\/index.php\\\/2024\\\/11\\\/11\\\/assemblee-nationale-lhonorable-antonin-hounga-clache-vlavonou\\\/#respond\"]}]},{\"@type\":\"WebPage\",\"@id\":\"https:\\\/\\\/lepatriotebenin.com\\\/index.php\\\/2024\\\/11\\\/11\\\/assemblee-nationale-lhonorable-antonin-hounga-clache-vlavonou\\\/\",\"url\":\"https:\\\/\\\/lepatriotebenin.com\\\/index.php\\\/2024\\\/11\\\/11\\\/assemblee-nationale-lhonorable-antonin-hounga-clache-vlavonou\\\/\",\"name\":\"Assembl\u00e9e Nationale \u00a0: L\u2019honorable Antonin Hounga clache Vlavonou - Le Patriote\",\"isPartOf\":{\"@id\":\"https:\\\/\\\/lepatriotebenin.com\\\/#website\"},\"primaryImageOfPage\":{\"@id\":\"https:\\\/\\\/lepatriotebenin.com\\\/index.php\\\/2024\\\/11\\\/11\\\/assemblee-nationale-lhonorable-antonin-hounga-clache-vlavonou\\\/#primaryimage\"},\"image\":{\"@id\":\"https:\\\/\\\/lepatriotebenin.com\\\/index.php\\\/2024\\\/11\\\/11\\\/assemblee-nationale-lhonorable-antonin-hounga-clache-vlavonou\\\/#primaryimage\"},\"thumbnailUrl\":\"https:\\\/\\\/lepatriotebenin.com\\\/wp-content\\\/uploads\\\/2024\\\/11\\\/honfoga.jpg\",\"datePublished\":\"2024-11-11T00:03:43+00:00\",\"dateModified\":\"2024-11-11T00:03:44+00:00\",\"author\":{\"@id\":\"https:\\\/\\\/lepatriotebenin.com\\\/#\\\/schema\\\/person\\\/2e7709b9c9cc313e452d1136af61690f\"},\"breadcrumb\":{\"@id\":\"https:\\\/\\\/lepatriotebenin.com\\\/index.php\\\/2024\\\/11\\\/11\\\/assemblee-nationale-lhonorable-antonin-hounga-clache-vlavonou\\\/#breadcrumb\"},\"inLanguage\":\"fr-FR\",\"potentialAction\":[{\"@type\":\"ReadAction\",\"target\":[\"https:\\\/\\\/lepatriotebenin.com\\\/index.php\\\/2024\\\/11\\\/11\\\/assemblee-nationale-lhonorable-antonin-hounga-clache-vlavonou\\\/\"]}]},{\"@type\":\"ImageObject\",\"inLanguage\":\"fr-FR\",\"@id\":\"https:\\\/\\\/lepatriotebenin.com\\\/index.php\\\/2024\\\/11\\\/11\\\/assemblee-nationale-lhonorable-antonin-hounga-clache-vlavonou\\\/#primaryimage\",\"url\":\"https:\\\/\\\/lepatriotebenin.com\\\/wp-content\\\/uploads\\\/2024\\\/11\\\/honfoga.jpg\",\"contentUrl\":\"https:\\\/\\\/lepatriotebenin.com\\\/wp-content\\\/uploads\\\/2024\\\/11\\\/honfoga.jpg\",\"width\":191,\"height\":264},{\"@type\":\"BreadcrumbList\",\"@id\":\"https:\\\/\\\/lepatriotebenin.com\\\/index.php\\\/2024\\\/11\\\/11\\\/assemblee-nationale-lhonorable-antonin-hounga-clache-vlavonou\\\/#breadcrumb\",\"itemListElement\":[{\"@type\":\"ListItem\",\"position\":1,\"name\":\"Accueil\",\"item\":\"https:\\\/\\\/lepatriotebenin.com\\\/\"},{\"@type\":\"ListItem\",\"position\":2,\"name\":\"Assembl\u00e9e Nationale \u00a0: L\u2019honorable Antonin Hounga clache Vlavonou\"}]},{\"@type\":\"WebSite\",\"@id\":\"https:\\\/\\\/lepatriotebenin.com\\\/#website\",\"url\":\"https:\\\/\\\/lepatriotebenin.com\\\/\",\"name\":\"Le Patriote\",\"description\":\"Le Patriote B\u00e9nin\",\"potentialAction\":[{\"@type\":\"SearchAction\",\"target\":{\"@type\":\"EntryPoint\",\"urlTemplate\":\"https:\\\/\\\/lepatriotebenin.com\\\/?s={search_term_string}\"},\"query-input\":{\"@type\":\"PropertyValueSpecification\",\"valueRequired\":true,\"valueName\":\"search_term_string\"}}],\"inLanguage\":\"fr-FR\"},{\"@type\":\"Person\",\"@id\":\"https:\\\/\\\/lepatriotebenin.com\\\/#\\\/schema\\\/person\\\/2e7709b9c9cc313e452d1136af61690f\",\"name\":\"Redaction\",\"image\":{\"@type\":\"ImageObject\",\"inLanguage\":\"fr-FR\",\"@id\":\"https:\\\/\\\/secure.gravatar.com\\\/avatar\\\/c4c509357859ea2ca2cbb6d8812898a73e4ef1ef9934c2e591d7e32face734d1?s=96&d=mm&r=g\",\"url\":\"https:\\\/\\\/secure.gravatar.com\\\/avatar\\\/c4c509357859ea2ca2cbb6d8812898a73e4ef1ef9934c2e591d7e32face734d1?s=96&d=mm&r=g\",\"contentUrl\":\"https:\\\/\\\/secure.gravatar.com\\\/avatar\\\/c4c509357859ea2ca2cbb6d8812898a73e4ef1ef9934c2e591d7e32face734d1?s=96&d=mm&r=g\",\"caption\":\"Redaction\"},\"url\":\"https:\\\/\\\/lepatriotebenin.com\"}]}<\/script>\n<!-- \/ Yoast SEO plugin. -->","yoast_head_json":{"title":"Assembl\u00e9e Nationale \u00a0: L\u2019honorable Antonin Hounga clache Vlavonou - Le Patriote","robots":{"index":"index","follow":"follow","max-snippet":"max-snippet:-1","max-image-preview":"max-image-preview:large","max-video-preview":"max-video-preview:-1"},"canonical":"https:\/\/lepatriotebenin.com\/index.php\/2024\/11\/11\/assemblee-nationale-lhonorable-antonin-hounga-clache-vlavonou\/","og_locale":"fr_FR","og_type":"article","og_title":"Assembl\u00e9e Nationale \u00a0: L\u2019honorable Antonin Hounga clache Vlavonou - Le Patriote","og_description":"D\u00e9put\u00e9 \u00e0 l&rsquo;Assembl\u00e9e nationale 9\u00e8 l\u00e9gislature, l\u2019honorable Midofi Antonin Hounga a \u00e9t\u00e9 emp\u00each\u00e9 ce jeudi 7 nombre 2024 d\u2019exercer son droit d\u2019expliquer sont vote apr\u00e8s le rejet du quatri\u00e8me rapport&hellip;","og_url":"https:\/\/lepatriotebenin.com\/index.php\/2024\/11\/11\/assemblee-nationale-lhonorable-antonin-hounga-clache-vlavonou\/","og_site_name":"Le Patriote","article_published_time":"2024-11-11T00:03:43+00:00","article_modified_time":"2024-11-11T00:03:44+00:00","og_image":[{"width":191,"height":264,"url":"https:\/\/lepatriotebenin.com\/wp-content\/uploads\/2024\/11\/honfoga.jpg","type":"image\/jpeg"}],"author":"Redaction","twitter_card":"summary_large_image","twitter_misc":{"\u00c9crit par":"Redaction","Dur\u00e9e de lecture estim\u00e9e":"7 minutes"},"schema":{"@context":"https:\/\/schema.org","@graph":[{"@type":"Article","@id":"https:\/\/lepatriotebenin.com\/index.php\/2024\/11\/11\/assemblee-nationale-lhonorable-antonin-hounga-clache-vlavonou\/#article","isPartOf":{"@id":"https:\/\/lepatriotebenin.com\/index.php\/2024\/11\/11\/assemblee-nationale-lhonorable-antonin-hounga-clache-vlavonou\/"},"author":{"name":"Redaction","@id":"https:\/\/lepatriotebenin.com\/#\/schema\/person\/2e7709b9c9cc313e452d1136af61690f"},"headline":"Assembl\u00e9e Nationale \u00a0: L\u2019honorable Antonin Hounga clache Vlavonou","datePublished":"2024-11-11T00:03:43+00:00","dateModified":"2024-11-11T00:03:44+00:00","mainEntityOfPage":{"@id":"https:\/\/lepatriotebenin.com\/index.php\/2024\/11\/11\/assemblee-nationale-lhonorable-antonin-hounga-clache-vlavonou\/"},"wordCount":1442,"commentCount":0,"image":{"@id":"https:\/\/lepatriotebenin.com\/index.php\/2024\/11\/11\/assemblee-nationale-lhonorable-antonin-hounga-clache-vlavonou\/#primaryimage"},"thumbnailUrl":"https:\/\/lepatriotebenin.com\/wp-content\/uploads\/2024\/11\/honfoga.jpg","articleSection":["Politique"],"inLanguage":"fr-FR","potentialAction":[{"@type":"CommentAction","name":"Comment","target":["https:\/\/lepatriotebenin.com\/index.php\/2024\/11\/11\/assemblee-nationale-lhonorable-antonin-hounga-clache-vlavonou\/#respond"]}]},{"@type":"WebPage","@id":"https:\/\/lepatriotebenin.com\/index.php\/2024\/11\/11\/assemblee-nationale-lhonorable-antonin-hounga-clache-vlavonou\/","url":"https:\/\/lepatriotebenin.com\/index.php\/2024\/11\/11\/assemblee-nationale-lhonorable-antonin-hounga-clache-vlavonou\/","name":"Assembl\u00e9e Nationale \u00a0: L\u2019honorable Antonin Hounga clache Vlavonou - Le Patriote","isPartOf":{"@id":"https:\/\/lepatriotebenin.com\/#website"},"primaryImageOfPage":{"@id":"https:\/\/lepatriotebenin.com\/index.php\/2024\/11\/11\/assemblee-nationale-lhonorable-antonin-hounga-clache-vlavonou\/#primaryimage"},"image":{"@id":"https:\/\/lepatriotebenin.com\/index.php\/2024\/11\/11\/assemblee-nationale-lhonorable-antonin-hounga-clache-vlavonou\/#primaryimage"},"thumbnailUrl":"https:\/\/lepatriotebenin.com\/wp-content\/uploads\/2024\/11\/honfoga.jpg","datePublished":"2024-11-11T00:03:43+00:00","dateModified":"2024-11-11T00:03:44+00:00","author":{"@id":"https:\/\/lepatriotebenin.com\/#\/schema\/person\/2e7709b9c9cc313e452d1136af61690f"},"breadcrumb":{"@id":"https:\/\/lepatriotebenin.com\/index.php\/2024\/11\/11\/assemblee-nationale-lhonorable-antonin-hounga-clache-vlavonou\/#breadcrumb"},"inLanguage":"fr-FR","potentialAction":[{"@type":"ReadAction","target":["https:\/\/lepatriotebenin.com\/index.php\/2024\/11\/11\/assemblee-nationale-lhonorable-antonin-hounga-clache-vlavonou\/"]}]},{"@type":"ImageObject","inLanguage":"fr-FR","@id":"https:\/\/lepatriotebenin.com\/index.php\/2024\/11\/11\/assemblee-nationale-lhonorable-antonin-hounga-clache-vlavonou\/#primaryimage","url":"https:\/\/lepatriotebenin.com\/wp-content\/uploads\/2024\/11\/honfoga.jpg","contentUrl":"https:\/\/lepatriotebenin.com\/wp-content\/uploads\/2024\/11\/honfoga.jpg","width":191,"height":264},{"@type":"BreadcrumbList","@id":"https:\/\/lepatriotebenin.com\/index.php\/2024\/11\/11\/assemblee-nationale-lhonorable-antonin-hounga-clache-vlavonou\/#breadcrumb","itemListElement":[{"@type":"ListItem","position":1,"name":"Accueil","item":"https:\/\/lepatriotebenin.com\/"},{"@type":"ListItem","position":2,"name":"Assembl\u00e9e Nationale \u00a0: L\u2019honorable Antonin Hounga clache Vlavonou"}]},{"@type":"WebSite","@id":"https:\/\/lepatriotebenin.com\/#website","url":"https:\/\/lepatriotebenin.com\/","name":"Le Patriote","description":"Le Patriote B\u00e9nin","potentialAction":[{"@type":"SearchAction","target":{"@type":"EntryPoint","urlTemplate":"https:\/\/lepatriotebenin.com\/?s={search_term_string}"},"query-input":{"@type":"PropertyValueSpecification","valueRequired":true,"valueName":"search_term_string"}}],"inLanguage":"fr-FR"},{"@type":"Person","@id":"https:\/\/lepatriotebenin.com\/#\/schema\/person\/2e7709b9c9cc313e452d1136af61690f","name":"Redaction","image":{"@type":"ImageObject","inLanguage":"fr-FR","@id":"https:\/\/secure.gravatar.com\/avatar\/c4c509357859ea2ca2cbb6d8812898a73e4ef1ef9934c2e591d7e32face734d1?s=96&d=mm&r=g","url":"https:\/\/secure.gravatar.com\/avatar\/c4c509357859ea2ca2cbb6d8812898a73e4ef1ef9934c2e591d7e32face734d1?s=96&d=mm&r=g","contentUrl":"https:\/\/secure.gravatar.com\/avatar\/c4c509357859ea2ca2cbb6d8812898a73e4ef1ef9934c2e591d7e32face734d1?s=96&d=mm&r=g","caption":"Redaction"},"url":"https:\/\/lepatriotebenin.com"}]}},"_links":{"self":[{"href":"https:\/\/lepatriotebenin.com\/index.php\/wp-json\/wp\/v2\/posts\/8939","targetHints":{"allow":["GET"]}}],"collection":[{"href":"https:\/\/lepatriotebenin.com\/index.php\/wp-json\/wp\/v2\/posts"}],"about":[{"href":"https:\/\/lepatriotebenin.com\/index.php\/wp-json\/wp\/v2\/types\/post"}],"author":[{"embeddable":true,"href":"https:\/\/lepatriotebenin.com\/index.php\/wp-json\/wp\/v2\/users\/5"}],"replies":[{"embeddable":true,"href":"https:\/\/lepatriotebenin.com\/index.php\/wp-json\/wp\/v2\/comments?post=8939"}],"version-history":[{"count":1,"href":"https:\/\/lepatriotebenin.com\/index.php\/wp-json\/wp\/v2\/posts\/8939\/revisions"}],"predecessor-version":[{"id":8941,"href":"https:\/\/lepatriotebenin.com\/index.php\/wp-json\/wp\/v2\/posts\/8939\/revisions\/8941"}],"wp:featuredmedia":[{"embeddable":true,"href":"https:\/\/lepatriotebenin.com\/index.php\/wp-json\/wp\/v2\/media\/8940"}],"wp:attachment":[{"href":"https:\/\/lepatriotebenin.com\/index.php\/wp-json\/wp\/v2\/media?parent=8939"}],"wp:term":[{"taxonomy":"category","embeddable":true,"href":"https:\/\/lepatriotebenin.com\/index.php\/wp-json\/wp\/v2\/categories?post=8939"},{"taxonomy":"post_tag","embeddable":true,"href":"https:\/\/lepatriotebenin.com\/index.php\/wp-json\/wp\/v2\/tags?post=8939"}],"curies":[{"name":"wp","href":"https:\/\/api.w.org\/{rel}","templated":true}]}}