{"id":8688,"date":"2024-10-29T18:18:57","date_gmt":"2024-10-29T17:18:57","guid":{"rendered":"https:\/\/lepatriotebenin.com\/?p=8688"},"modified":"2024-10-29T18:20:44","modified_gmt":"2024-10-29T17:20:44","slug":"vatican-mgr-ruiz-mainardi-nomme-nonce-apostolique-au-benin-et-au-togo","status":"publish","type":"post","link":"https:\/\/lepatriotebenin.com\/index.php\/2024\/10\/29\/vatican-mgr-ruiz-mainardi-nomme-nonce-apostolique-au-benin-et-au-togo\/","title":{"rendered":"Vatican: Mgr Ruiz Mainardi nomm\u00e9 nonce apostolique au B\u00e9nin et au Togo"},"content":{"rendered":"\n<p>&nbsp;Mgr <strong>Rub\u00e9n Dar\u00edo Ruiz Mainardi<\/strong> est actuellement le nouveau nonce apostolique au <strong>B\u00e9nin <\/strong>et au<strong> Togo<\/strong>. &nbsp;Il a \u00e9t\u00e9 nomm\u00e9 le <strong>lundi 28 octobre 2024<\/strong> par le <strong>Pape Fran\u00e7ois <\/strong>qui l\u2019\u00e9l\u00e8veainsi \u00e0 la dignit\u00e9 d\u2019archev\u00eaque. &nbsp;L \u2018annonce a \u00e9t\u00e9 faite par le cardinal Secr\u00e9taire d&rsquo;\u00c9tat, <strong>Pietro Parolin<\/strong>, en pr\u00e9sence du substitut, Mgr <strong>Edgar Pe\u00f1a Parra,<\/strong> du Secr\u00e9taire pour les Relations avec les \u00c9tats et les relations internationales, Mgr <strong>Paul Richard Gallagher,<\/strong> de l&rsquo;archev\u00eaque <strong>Luciano Russo<\/strong> de la troisi\u00e8me section et du personnel des diff\u00e9rents bureaux.<\/p>\n\n\n\n<p>Avant sa nomination, le nouveau nonce apostolique au B\u00e9nin et au Togo \u00e9tait chef du bureau du personnel de la section des affaires g\u00e9n\u00e9rales de la Secr\u00e9tairerie d&rsquo;\u00c9tat, conseiller de nonciature \u00e0 qui le Saint P\u00e8re a attribu\u00e9 le si\u00e8ge titulaire d&rsquo;Ursona, avec la dignit\u00e9 d&rsquo;archev\u00eaque. Faut-il le rappeler, Mgr Rub\u00e9n Dar\u00edo Ruiz Mainardi, \u00e2g\u00e9 de <strong>60 ans, <\/strong>est au service de la diplomatie du Saint-Si\u00e8ge depuis plus de 20 ans. Signalons que le Pr\u00e9lat est n\u00e9 en <strong>1964<\/strong> \u00e0 <strong>C\u00f3rdoba <\/strong>en <strong>Argentine<\/strong> et a \u00e9t\u00e9 ordonn\u00e9 pr\u00eatre le <strong>26 mai 1991,<\/strong> s&rsquo;incardinant dans le dioc\u00e8se de <strong>Santo Tom\u00e9<\/strong>.<\/p>\n\n\n\n<p>Il a obtenu une licence en th\u00e9ologie dogmatique et un doctorat en droit canonique. Il est entr\u00e9 au service diplomatique du Saint-Si\u00e8ge le <strong>1er mars 2000.<\/strong> &nbsp;Il a exerc\u00e9 ses fonctions de repr\u00e9sentations pontificales <strong>en R\u00e9publique du Congo et au Gabon, en Slov\u00e9nie et en Mac\u00e9doine, en Suisse et au Liechtenstein, \u00e0 Cuba, en R\u00e9publique centrafricaine et au Tchad, en France<\/strong> et, plus r\u00e9cemment, \u00e0 la section des affaires g\u00e9n\u00e9rales de la Secr\u00e9tairerie d&rsquo;\u00c9tat. Il s\u2019exprime en <strong>fran\u00e7ais, anglais, italien et portugais.<\/strong><\/p>\n","protected":false},"excerpt":{"rendered":"<p>&nbsp;Mgr Rub\u00e9n Dar\u00edo Ruiz Mainardi est actuellement le nouveau nonce apostolique au B\u00e9nin et au Togo. &nbsp;Il a \u00e9t\u00e9 nomm\u00e9 le lundi 28 octobre 2024 par le Pape Fran\u00e7ois qui&hellip;<\/p>\n","protected":false},"author":6,"featured_media":8689,"comment_status":"open","ping_status":"open","sticky":false,"template":"","format":"standard","meta":{"content-type":"","om_disable_all_campaigns":false,"_monsterinsights_skip_tracking":false,"_monsterinsights_sitenote_active":false,"_monsterinsights_sitenote_note":"","_monsterinsights_sitenote_category":0,"_uf_show_specific_survey":0,"_uf_disable_surveys":false,"footnotes":""},"categories":[26],"tags":[],"class_list":["post-8688","post","type-post","status-publish","format-standard","has-post-thumbnail","hentry","category-politique"],"aioseo_notices":[],"yoast_head":"<!-- This site is optimized with the Yoast SEO plugin v27.5 - https:\/\/yoast.com\/product\/yoast-seo-wordpress\/ -->\n<title>Vatican: Mgr Ruiz Mainardi nomm\u00e9 nonce apostolique au B\u00e9nin et au Togo - Le Patriote<\/title>\n<meta name=\"robots\" content=\"index, follow, max-snippet:-1, max-image-preview:large, max-video-preview:-1\" \/>\n<link rel=\"canonical\" href=\"https:\/\/lepatriotebenin.com\/index.php\/2024\/10\/29\/vatican-mgr-ruiz-mainardi-nomme-nonce-apostolique-au-benin-et-au-togo\/\" \/>\n<meta property=\"og:locale\" content=\"fr_FR\" \/>\n<meta property=\"og:type\" content=\"article\" \/>\n<meta property=\"og:title\" content=\"Vatican: Mgr Ruiz Mainardi nomm\u00e9 nonce apostolique au B\u00e9nin et au Togo - Le Patriote\" \/>\n<meta property=\"og:description\" content=\"&nbsp;Mgr Rub\u00e9n Dar\u00edo Ruiz Mainardi est actuellement le nouveau nonce apostolique au B\u00e9nin et au Togo. &nbsp;Il a \u00e9t\u00e9 nomm\u00e9 le lundi 28 octobre 2024 par le Pape Fran\u00e7ois qui&hellip;\" \/>\n<meta property=\"og:url\" content=\"https:\/\/lepatriotebenin.com\/index.php\/2024\/10\/29\/vatican-mgr-ruiz-mainardi-nomme-nonce-apostolique-au-benin-et-au-togo\/\" \/>\n<meta property=\"og:site_name\" content=\"Le Patriote\" \/>\n<meta property=\"article:published_time\" content=\"2024-10-29T17:18:57+00:00\" \/>\n<meta property=\"article:modified_time\" content=\"2024-10-29T17:20:44+00:00\" \/>\n<meta property=\"og:image\" content=\"https:\/\/lepatriotebenin.com\/wp-content\/uploads\/2024\/10\/monse.jpeg\" \/>\n\t<meta property=\"og:image:width\" content=\"1280\" \/>\n\t<meta property=\"og:image:height\" content=\"720\" \/>\n\t<meta property=\"og:image:type\" content=\"image\/jpeg\" \/>\n<meta name=\"author\" content=\"Roland AFFANOU\" \/>\n<meta name=\"twitter:card\" content=\"summary_large_image\" \/>\n<meta name=\"twitter:label1\" content=\"\u00c9crit par\" \/>\n\t<meta name=\"twitter:data1\" content=\"Roland AFFANOU\" \/>\n\t<meta name=\"twitter:label2\" content=\"Dur\u00e9e de lecture estim\u00e9e\" \/>\n\t<meta name=\"twitter:data2\" content=\"2 minutes\" \/>\n<script type=\"application\/ld+json\" class=\"yoast-schema-graph\">{\"@context\":\"https:\\\/\\\/schema.org\",\"@graph\":[{\"@type\":\"Article\",\"@id\":\"https:\\\/\\\/lepatriotebenin.com\\\/index.php\\\/2024\\\/10\\\/29\\\/vatican-mgr-ruiz-mainardi-nomme-nonce-apostolique-au-benin-et-au-togo\\\/#article\",\"isPartOf\":{\"@id\":\"https:\\\/\\\/lepatriotebenin.com\\\/index.php\\\/2024\\\/10\\\/29\\\/vatican-mgr-ruiz-mainardi-nomme-nonce-apostolique-au-benin-et-au-togo\\\/\"},\"author\":{\"name\":\"Roland AFFANOU\",\"@id\":\"https:\\\/\\\/lepatriotebenin.com\\\/#\\\/schema\\\/person\\\/4a9b67216c97d04045e01405c534c91f\"},\"headline\":\"Vatican: Mgr Ruiz Mainardi nomm\u00e9 nonce apostolique au B\u00e9nin et au Togo\",\"datePublished\":\"2024-10-29T17:18:57+00:00\",\"dateModified\":\"2024-10-29T17:20:44+00:00\",\"mainEntityOfPage\":{\"@id\":\"https:\\\/\\\/lepatriotebenin.com\\\/index.php\\\/2024\\\/10\\\/29\\\/vatican-mgr-ruiz-mainardi-nomme-nonce-apostolique-au-benin-et-au-togo\\\/\"},\"wordCount\":319,\"commentCount\":0,\"image\":{\"@id\":\"https:\\\/\\\/lepatriotebenin.com\\\/index.php\\\/2024\\\/10\\\/29\\\/vatican-mgr-ruiz-mainardi-nomme-nonce-apostolique-au-benin-et-au-togo\\\/#primaryimage\"},\"thumbnailUrl\":\"https:\\\/\\\/lepatriotebenin.com\\\/wp-content\\\/uploads\\\/2024\\\/10\\\/monse.jpeg\",\"articleSection\":[\"Politique\"],\"inLanguage\":\"fr-FR\",\"potentialAction\":[{\"@type\":\"CommentAction\",\"name\":\"Comment\",\"target\":[\"https:\\\/\\\/lepatriotebenin.com\\\/index.php\\\/2024\\\/10\\\/29\\\/vatican-mgr-ruiz-mainardi-nomme-nonce-apostolique-au-benin-et-au-togo\\\/#respond\"]}]},{\"@type\":\"WebPage\",\"@id\":\"https:\\\/\\\/lepatriotebenin.com\\\/index.php\\\/2024\\\/10\\\/29\\\/vatican-mgr-ruiz-mainardi-nomme-nonce-apostolique-au-benin-et-au-togo\\\/\",\"url\":\"https:\\\/\\\/lepatriotebenin.com\\\/index.php\\\/2024\\\/10\\\/29\\\/vatican-mgr-ruiz-mainardi-nomme-nonce-apostolique-au-benin-et-au-togo\\\/\",\"name\":\"Vatican: Mgr Ruiz Mainardi nomm\u00e9 nonce apostolique au B\u00e9nin et au Togo - Le Patriote\",\"isPartOf\":{\"@id\":\"https:\\\/\\\/lepatriotebenin.com\\\/#website\"},\"primaryImageOfPage\":{\"@id\":\"https:\\\/\\\/lepatriotebenin.com\\\/index.php\\\/2024\\\/10\\\/29\\\/vatican-mgr-ruiz-mainardi-nomme-nonce-apostolique-au-benin-et-au-togo\\\/#primaryimage\"},\"image\":{\"@id\":\"https:\\\/\\\/lepatriotebenin.com\\\/index.php\\\/2024\\\/10\\\/29\\\/vatican-mgr-ruiz-mainardi-nomme-nonce-apostolique-au-benin-et-au-togo\\\/#primaryimage\"},\"thumbnailUrl\":\"https:\\\/\\\/lepatriotebenin.com\\\/wp-content\\\/uploads\\\/2024\\\/10\\\/monse.jpeg\",\"datePublished\":\"2024-10-29T17:18:57+00:00\",\"dateModified\":\"2024-10-29T17:20:44+00:00\",\"author\":{\"@id\":\"https:\\\/\\\/lepatriotebenin.com\\\/#\\\/schema\\\/person\\\/4a9b67216c97d04045e01405c534c91f\"},\"breadcrumb\":{\"@id\":\"https:\\\/\\\/lepatriotebenin.com\\\/index.php\\\/2024\\\/10\\\/29\\\/vatican-mgr-ruiz-mainardi-nomme-nonce-apostolique-au-benin-et-au-togo\\\/#breadcrumb\"},\"inLanguage\":\"fr-FR\",\"potentialAction\":[{\"@type\":\"ReadAction\",\"target\":[\"https:\\\/\\\/lepatriotebenin.com\\\/index.php\\\/2024\\\/10\\\/29\\\/vatican-mgr-ruiz-mainardi-nomme-nonce-apostolique-au-benin-et-au-togo\\\/\"]}]},{\"@type\":\"ImageObject\",\"inLanguage\":\"fr-FR\",\"@id\":\"https:\\\/\\\/lepatriotebenin.com\\\/index.php\\\/2024\\\/10\\\/29\\\/vatican-mgr-ruiz-mainardi-nomme-nonce-apostolique-au-benin-et-au-togo\\\/#primaryimage\",\"url\":\"https:\\\/\\\/lepatriotebenin.com\\\/wp-content\\\/uploads\\\/2024\\\/10\\\/monse.jpeg\",\"contentUrl\":\"https:\\\/\\\/lepatriotebenin.com\\\/wp-content\\\/uploads\\\/2024\\\/10\\\/monse.jpeg\",\"width\":1280,\"height\":720},{\"@type\":\"BreadcrumbList\",\"@id\":\"https:\\\/\\\/lepatriotebenin.com\\\/index.php\\\/2024\\\/10\\\/29\\\/vatican-mgr-ruiz-mainardi-nomme-nonce-apostolique-au-benin-et-au-togo\\\/#breadcrumb\",\"itemListElement\":[{\"@type\":\"ListItem\",\"position\":1,\"name\":\"Accueil\",\"item\":\"https:\\\/\\\/lepatriotebenin.com\\\/\"},{\"@type\":\"ListItem\",\"position\":2,\"name\":\"Vatican: Mgr Ruiz Mainardi nomm\u00e9 nonce apostolique au B\u00e9nin et au Togo\"}]},{\"@type\":\"WebSite\",\"@id\":\"https:\\\/\\\/lepatriotebenin.com\\\/#website\",\"url\":\"https:\\\/\\\/lepatriotebenin.com\\\/\",\"name\":\"Le Patriote\",\"description\":\"Le Patriote B\u00e9nin\",\"potentialAction\":[{\"@type\":\"SearchAction\",\"target\":{\"@type\":\"EntryPoint\",\"urlTemplate\":\"https:\\\/\\\/lepatriotebenin.com\\\/?s={search_term_string}\"},\"query-input\":{\"@type\":\"PropertyValueSpecification\",\"valueRequired\":true,\"valueName\":\"search_term_string\"}}],\"inLanguage\":\"fr-FR\"},{\"@type\":\"Person\",\"@id\":\"https:\\\/\\\/lepatriotebenin.com\\\/#\\\/schema\\\/person\\\/4a9b67216c97d04045e01405c534c91f\",\"name\":\"Roland AFFANOU\",\"image\":{\"@type\":\"ImageObject\",\"inLanguage\":\"fr-FR\",\"@id\":\"https:\\\/\\\/secure.gravatar.com\\\/avatar\\\/7209d3f6d2d47ea4d0c67e14d3effb61feb10ae540a4381280c66265de5bd643?s=96&d=mm&r=g\",\"url\":\"https:\\\/\\\/secure.gravatar.com\\\/avatar\\\/7209d3f6d2d47ea4d0c67e14d3effb61feb10ae540a4381280c66265de5bd643?s=96&d=mm&r=g\",\"contentUrl\":\"https:\\\/\\\/secure.gravatar.com\\\/avatar\\\/7209d3f6d2d47ea4d0c67e14d3effb61feb10ae540a4381280c66265de5bd643?s=96&d=mm&r=g\",\"caption\":\"Roland AFFANOU\"},\"url\":\"https:\\\/\\\/lepatriotebenin.com\"}]}<\/script>\n<!-- \/ Yoast SEO plugin. -->","yoast_head_json":{"title":"Vatican: Mgr Ruiz Mainardi nomm\u00e9 nonce apostolique au B\u00e9nin et au Togo - Le Patriote","robots":{"index":"index","follow":"follow","max-snippet":"max-snippet:-1","max-image-preview":"max-image-preview:large","max-video-preview":"max-video-preview:-1"},"canonical":"https:\/\/lepatriotebenin.com\/index.php\/2024\/10\/29\/vatican-mgr-ruiz-mainardi-nomme-nonce-apostolique-au-benin-et-au-togo\/","og_locale":"fr_FR","og_type":"article","og_title":"Vatican: Mgr Ruiz Mainardi nomm\u00e9 nonce apostolique au B\u00e9nin et au Togo - Le Patriote","og_description":"&nbsp;Mgr Rub\u00e9n Dar\u00edo Ruiz Mainardi est actuellement le nouveau nonce apostolique au B\u00e9nin et au Togo. &nbsp;Il a \u00e9t\u00e9 nomm\u00e9 le lundi 28 octobre 2024 par le Pape Fran\u00e7ois qui&hellip;","og_url":"https:\/\/lepatriotebenin.com\/index.php\/2024\/10\/29\/vatican-mgr-ruiz-mainardi-nomme-nonce-apostolique-au-benin-et-au-togo\/","og_site_name":"Le Patriote","article_published_time":"2024-10-29T17:18:57+00:00","article_modified_time":"2024-10-29T17:20:44+00:00","og_image":[{"width":1280,"height":720,"url":"https:\/\/lepatriotebenin.com\/wp-content\/uploads\/2024\/10\/monse.jpeg","type":"image\/jpeg"}],"author":"Roland AFFANOU","twitter_card":"summary_large_image","twitter_misc":{"\u00c9crit par":"Roland AFFANOU","Dur\u00e9e de lecture estim\u00e9e":"2 minutes"},"schema":{"@context":"https:\/\/schema.org","@graph":[{"@type":"Article","@id":"https:\/\/lepatriotebenin.com\/index.php\/2024\/10\/29\/vatican-mgr-ruiz-mainardi-nomme-nonce-apostolique-au-benin-et-au-togo\/#article","isPartOf":{"@id":"https:\/\/lepatriotebenin.com\/index.php\/2024\/10\/29\/vatican-mgr-ruiz-mainardi-nomme-nonce-apostolique-au-benin-et-au-togo\/"},"author":{"name":"Roland AFFANOU","@id":"https:\/\/lepatriotebenin.com\/#\/schema\/person\/4a9b67216c97d04045e01405c534c91f"},"headline":"Vatican: Mgr Ruiz Mainardi nomm\u00e9 nonce apostolique au B\u00e9nin et au Togo","datePublished":"2024-10-29T17:18:57+00:00","dateModified":"2024-10-29T17:20:44+00:00","mainEntityOfPage":{"@id":"https:\/\/lepatriotebenin.com\/index.php\/2024\/10\/29\/vatican-mgr-ruiz-mainardi-nomme-nonce-apostolique-au-benin-et-au-togo\/"},"wordCount":319,"commentCount":0,"image":{"@id":"https:\/\/lepatriotebenin.com\/index.php\/2024\/10\/29\/vatican-mgr-ruiz-mainardi-nomme-nonce-apostolique-au-benin-et-au-togo\/#primaryimage"},"thumbnailUrl":"https:\/\/lepatriotebenin.com\/wp-content\/uploads\/2024\/10\/monse.jpeg","articleSection":["Politique"],"inLanguage":"fr-FR","potentialAction":[{"@type":"CommentAction","name":"Comment","target":["https:\/\/lepatriotebenin.com\/index.php\/2024\/10\/29\/vatican-mgr-ruiz-mainardi-nomme-nonce-apostolique-au-benin-et-au-togo\/#respond"]}]},{"@type":"WebPage","@id":"https:\/\/lepatriotebenin.com\/index.php\/2024\/10\/29\/vatican-mgr-ruiz-mainardi-nomme-nonce-apostolique-au-benin-et-au-togo\/","url":"https:\/\/lepatriotebenin.com\/index.php\/2024\/10\/29\/vatican-mgr-ruiz-mainardi-nomme-nonce-apostolique-au-benin-et-au-togo\/","name":"Vatican: Mgr Ruiz Mainardi nomm\u00e9 nonce apostolique au B\u00e9nin et au Togo - Le Patriote","isPartOf":{"@id":"https:\/\/lepatriotebenin.com\/#website"},"primaryImageOfPage":{"@id":"https:\/\/lepatriotebenin.com\/index.php\/2024\/10\/29\/vatican-mgr-ruiz-mainardi-nomme-nonce-apostolique-au-benin-et-au-togo\/#primaryimage"},"image":{"@id":"https:\/\/lepatriotebenin.com\/index.php\/2024\/10\/29\/vatican-mgr-ruiz-mainardi-nomme-nonce-apostolique-au-benin-et-au-togo\/#primaryimage"},"thumbnailUrl":"https:\/\/lepatriotebenin.com\/wp-content\/uploads\/2024\/10\/monse.jpeg","datePublished":"2024-10-29T17:18:57+00:00","dateModified":"2024-10-29T17:20:44+00:00","author":{"@id":"https:\/\/lepatriotebenin.com\/#\/schema\/person\/4a9b67216c97d04045e01405c534c91f"},"breadcrumb":{"@id":"https:\/\/lepatriotebenin.com\/index.php\/2024\/10\/29\/vatican-mgr-ruiz-mainardi-nomme-nonce-apostolique-au-benin-et-au-togo\/#breadcrumb"},"inLanguage":"fr-FR","potentialAction":[{"@type":"ReadAction","target":["https:\/\/lepatriotebenin.com\/index.php\/2024\/10\/29\/vatican-mgr-ruiz-mainardi-nomme-nonce-apostolique-au-benin-et-au-togo\/"]}]},{"@type":"ImageObject","inLanguage":"fr-FR","@id":"https:\/\/lepatriotebenin.com\/index.php\/2024\/10\/29\/vatican-mgr-ruiz-mainardi-nomme-nonce-apostolique-au-benin-et-au-togo\/#primaryimage","url":"https:\/\/lepatriotebenin.com\/wp-content\/uploads\/2024\/10\/monse.jpeg","contentUrl":"https:\/\/lepatriotebenin.com\/wp-content\/uploads\/2024\/10\/monse.jpeg","width":1280,"height":720},{"@type":"BreadcrumbList","@id":"https:\/\/lepatriotebenin.com\/index.php\/2024\/10\/29\/vatican-mgr-ruiz-mainardi-nomme-nonce-apostolique-au-benin-et-au-togo\/#breadcrumb","itemListElement":[{"@type":"ListItem","position":1,"name":"Accueil","item":"https:\/\/lepatriotebenin.com\/"},{"@type":"ListItem","position":2,"name":"Vatican: Mgr Ruiz Mainardi nomm\u00e9 nonce apostolique au B\u00e9nin et au Togo"}]},{"@type":"WebSite","@id":"https:\/\/lepatriotebenin.com\/#website","url":"https:\/\/lepatriotebenin.com\/","name":"Le Patriote","description":"Le Patriote B\u00e9nin","potentialAction":[{"@type":"SearchAction","target":{"@type":"EntryPoint","urlTemplate":"https:\/\/lepatriotebenin.com\/?s={search_term_string}"},"query-input":{"@type":"PropertyValueSpecification","valueRequired":true,"valueName":"search_term_string"}}],"inLanguage":"fr-FR"},{"@type":"Person","@id":"https:\/\/lepatriotebenin.com\/#\/schema\/person\/4a9b67216c97d04045e01405c534c91f","name":"Roland AFFANOU","image":{"@type":"ImageObject","inLanguage":"fr-FR","@id":"https:\/\/secure.gravatar.com\/avatar\/7209d3f6d2d47ea4d0c67e14d3effb61feb10ae540a4381280c66265de5bd643?s=96&d=mm&r=g","url":"https:\/\/secure.gravatar.com\/avatar\/7209d3f6d2d47ea4d0c67e14d3effb61feb10ae540a4381280c66265de5bd643?s=96&d=mm&r=g","contentUrl":"https:\/\/secure.gravatar.com\/avatar\/7209d3f6d2d47ea4d0c67e14d3effb61feb10ae540a4381280c66265de5bd643?s=96&d=mm&r=g","caption":"Roland AFFANOU"},"url":"https:\/\/lepatriotebenin.com"}]}},"_links":{"self":[{"href":"https:\/\/lepatriotebenin.com\/index.php\/wp-json\/wp\/v2\/posts\/8688","targetHints":{"allow":["GET"]}}],"collection":[{"href":"https:\/\/lepatriotebenin.com\/index.php\/wp-json\/wp\/v2\/posts"}],"about":[{"href":"https:\/\/lepatriotebenin.com\/index.php\/wp-json\/wp\/v2\/types\/post"}],"author":[{"embeddable":true,"href":"https:\/\/lepatriotebenin.com\/index.php\/wp-json\/wp\/v2\/users\/6"}],"replies":[{"embeddable":true,"href":"https:\/\/lepatriotebenin.com\/index.php\/wp-json\/wp\/v2\/comments?post=8688"}],"version-history":[{"count":1,"href":"https:\/\/lepatriotebenin.com\/index.php\/wp-json\/wp\/v2\/posts\/8688\/revisions"}],"predecessor-version":[{"id":8690,"href":"https:\/\/lepatriotebenin.com\/index.php\/wp-json\/wp\/v2\/posts\/8688\/revisions\/8690"}],"wp:featuredmedia":[{"embeddable":true,"href":"https:\/\/lepatriotebenin.com\/index.php\/wp-json\/wp\/v2\/media\/8689"}],"wp:attachment":[{"href":"https:\/\/lepatriotebenin.com\/index.php\/wp-json\/wp\/v2\/media?parent=8688"}],"wp:term":[{"taxonomy":"category","embeddable":true,"href":"https:\/\/lepatriotebenin.com\/index.php\/wp-json\/wp\/v2\/categories?post=8688"},{"taxonomy":"post_tag","embeddable":true,"href":"https:\/\/lepatriotebenin.com\/index.php\/wp-json\/wp\/v2\/tags?post=8688"}],"curies":[{"name":"wp","href":"https:\/\/api.w.org\/{rel}","templated":true}]}}