{"id":8625,"date":"2024-10-26T14:44:55","date_gmt":"2024-10-26T12:44:55","guid":{"rendered":"https:\/\/lepatriotebenin.com\/?p=8625"},"modified":"2024-10-26T14:44:55","modified_gmt":"2024-10-26T12:44:55","slug":"presidentielle-americaine-le-washington-post-refuse-de-soutenir-kamala-harris","status":"publish","type":"post","link":"https:\/\/lepatriotebenin.com\/index.php\/2024\/10\/26\/presidentielle-americaine-le-washington-post-refuse-de-soutenir-kamala-harris\/","title":{"rendered":"Pr\u00e9sidentielle am\u00e9ricaine : Le Washington Post refuse de soutenir Kamala Harris\u00a0"},"content":{"rendered":"\n<p><em>&nbsp; Coup de tonnerre dans la sph\u00e8re m\u00e9diatique am\u00e9ricaine \u00e0 quelques jours de la fatidique date du<strong> 05 novembre 2024.<\/strong> R\u00e9put\u00e9 proche Des D\u00e9mocrates, le journal \u201c<strong>Le&nbsp;Washington Post<\/strong>\u201d, symbole de la presse progressiste, a pris la f\u00e2cheuse d\u00e9cision en annon\u00e7ant la fin de son soutien officiel aux candidats \u00e0 la pr\u00e9sidentielle. Ainsi, le quotidien refuse de prendre position dans le duel qui oppose Kamala Harris \u00e0 Donald Trump. Pourtant, le&nbsp;Washington Post&nbsp;est un quotidien connu pour \u00eatre pro-d\u00e9mocrate. &nbsp;<\/em><\/p>\n\n\n\n<p><em>\u00ab&nbsp;Le Washington Post ne fera pas de soutien \u00e0 un candidat \u00e0 la pr\u00e9sidence lors de cette \u00e9lection. Ni dans aucune \u00e9lection pr\u00e9sidentielle future. Nous revenons \u00e0 nos racines de ne pas approuver les candidats \u00e0 la pr\u00e9sidence.&nbsp;<strong>Notre travail au Washington Post est de fournir, par le biais de la salle de r\u00e9daction, des nouvelles non partisanes pour tous les Am\u00e9ricains<\/strong>, et des points de vue stimulants et rapport\u00e9s de notre \u00e9quipe d\u2019opinion pour aider nos lecteurs \u00e0 se faire leur propre opinion&nbsp;<\/em>\u00bb a d\u00e9clar\u00e9 <strong>William Lewis<\/strong>, le PDG du journal avant de pr\u00e9ciser dans une chronique : \u00ab <em>Nous reconnaissons que cela sera interpr\u00e9t\u00e9 de diff\u00e9rentes mani\u00e8res, y compris comme un soutien tacite \u00e0 un candidat, ou comme une condamnation d\u2019un autre, ou comme une abdication de responsabilit\u00e9. C\u2019est in\u00e9vitable, a \u00e9crit M. Lewis. . Nous ne le voyons pas de cette fa\u00e7on. Nous le consid\u00e9rons comme coh\u00e9rent avec les valeurs que le Post a toujours d\u00e9fendues et ce que nous esp\u00e9rons chez un leader : caract\u00e8re et courage au service de l\u2019\u00e9thique am\u00e9ricaine, v\u00e9n\u00e9ration de l\u2019\u00c9tat de droit et respect de la libert\u00e9 humaine sous tous ses aspects<\/em> \u00bb .<\/p>\n\n\n\n<p>\u00a0 Cette d\u00e9cision de William Lewis fait \u00e9cho \u00e0 celle du quotidien\u00a0<strong><em>The Los Angeles Times<\/em><\/strong>\u00a0qui a \u00e9galement d\u00e9cid\u00e9 de ne soutenir ni Kamala Harris ni Donald Trump. \u00a0Ladite d\u00e9cision du PDG du journal Washington Post a sem\u00e9 du malaise au sein de la r\u00e9daction. Cela a entrain\u00e9 la d\u00e9mission du r\u00e9dacteur en chef du\u00a0<em>Washington Post<\/em>, <strong>Robert Kagan,<\/strong> un farouche anti-Trump, estimant \u00e0 plusieurs reprises que l\u2019ancien pr\u00e9sident des \u00c9tats-Unis \u00e9tait <strong>\u00ab un dictateur \u00bb.<\/strong> Cette r\u00e9serve fait d\u00e9bat au sein de la r\u00e9daction depuis la publication de ce texte et a provoqu\u00e9 la col\u00e8re des journalistes, qui s\u2019en sont \u00e9mus par l\u2019interm\u00e9diaire du syndicat des journalistes du\u00a0<em>Washington Post<\/em>. Les syndicalistes du journal ont accus\u00e9 explicitement le milliardaire propri\u00e9taire d\u2019Amazon, <strong>Jeff Bezos<\/strong>, d\u2019\u00eatre \u00e0 l\u2019origine de la neutralit\u00e9 du journal. <em>\u00ab\u00a0Une approbation pour Harris a d\u00e9j\u00e0 \u00e9t\u00e9 r\u00e9dig\u00e9e, et la d\u00e9cision de ne pas publier a \u00e9t\u00e9 prise par le propri\u00e9taire de The Post, Jeff Bezos. Nous voyons d\u00e9j\u00e0 des annulations d\u2019abonnements de lecteurs autrefois fid\u00e8les<\/em>\u00a0\u00bb ont -ils r\u00e9v\u00e9l\u00e9. \u00a0<\/p>\n\n\n\n<figure class=\"wp-block-image size-large\"><img fetchpriority=\"high\" decoding=\"async\" width=\"1024\" height=\"576\" src=\"https:\/\/lepatriotebenin.com\/wp-content\/uploads\/2024\/10\/candidat-1024x576.jpg\" alt=\"\" class=\"wp-image-8627\" srcset=\"https:\/\/lepatriotebenin.com\/wp-content\/uploads\/2024\/10\/candidat-1024x576.jpg 1024w, https:\/\/lepatriotebenin.com\/wp-content\/uploads\/2024\/10\/candidat-300x169.jpg 300w, https:\/\/lepatriotebenin.com\/wp-content\/uploads\/2024\/10\/candidat-768x432.jpg 768w, https:\/\/lepatriotebenin.com\/wp-content\/uploads\/2024\/10\/candidat-1200x675.jpg 1200w, https:\/\/lepatriotebenin.com\/wp-content\/uploads\/2024\/10\/candidat-1170x658.jpg 1170w, https:\/\/lepatriotebenin.com\/wp-content\/uploads\/2024\/10\/candidat-585x329.jpg 585w, https:\/\/lepatriotebenin.com\/wp-content\/uploads\/2024\/10\/candidat.jpg 1385w\" sizes=\"(max-width: 1024px) 100vw, 1024px\" \/><\/figure>\n","protected":false},"excerpt":{"rendered":"<p>&nbsp; Coup de tonnerre dans la sph\u00e8re m\u00e9diatique am\u00e9ricaine \u00e0 quelques jours de la fatidique date du 05 novembre 2024. R\u00e9put\u00e9 proche Des D\u00e9mocrates, le journal \u201cLe&nbsp;Washington Post\u201d, symbole de&hellip;<\/p>\n","protected":false},"author":6,"featured_media":8626,"comment_status":"open","ping_status":"open","sticky":false,"template":"","format":"standard","meta":{"content-type":"","om_disable_all_campaigns":false,"_monsterinsights_skip_tracking":false,"_monsterinsights_sitenote_active":false,"_monsterinsights_sitenote_note":"","_monsterinsights_sitenote_category":0,"_uf_show_specific_survey":0,"_uf_disable_surveys":false,"footnotes":""},"categories":[9],"tags":[],"class_list":["post-8625","post","type-post","status-publish","format-standard","has-post-thumbnail","hentry","category-uncategorized"],"aioseo_notices":[],"yoast_head":"<!-- This site is optimized with the Yoast SEO plugin v27.5 - https:\/\/yoast.com\/product\/yoast-seo-wordpress\/ -->\n<title>Pr\u00e9sidentielle am\u00e9ricaine : Le Washington Post refuse de soutenir Kamala Harris\u00a0 - Le Patriote<\/title>\n<meta name=\"robots\" content=\"index, follow, max-snippet:-1, max-image-preview:large, max-video-preview:-1\" \/>\n<link rel=\"canonical\" href=\"https:\/\/lepatriotebenin.com\/index.php\/2024\/10\/26\/presidentielle-americaine-le-washington-post-refuse-de-soutenir-kamala-harris\/\" \/>\n<meta property=\"og:locale\" content=\"fr_FR\" \/>\n<meta property=\"og:type\" content=\"article\" \/>\n<meta property=\"og:title\" content=\"Pr\u00e9sidentielle am\u00e9ricaine : Le Washington Post refuse de soutenir Kamala Harris\u00a0 - Le Patriote\" \/>\n<meta property=\"og:description\" content=\"&nbsp; Coup de tonnerre dans la sph\u00e8re m\u00e9diatique am\u00e9ricaine \u00e0 quelques jours de la fatidique date du 05 novembre 2024. R\u00e9put\u00e9 proche Des D\u00e9mocrates, le journal \u201cLe&nbsp;Washington Post\u201d, symbole de&hellip;\" \/>\n<meta property=\"og:url\" content=\"https:\/\/lepatriotebenin.com\/index.php\/2024\/10\/26\/presidentielle-americaine-le-washington-post-refuse-de-soutenir-kamala-harris\/\" \/>\n<meta property=\"og:site_name\" content=\"Le Patriote\" \/>\n<meta property=\"article:published_time\" content=\"2024-10-26T12:44:55+00:00\" \/>\n<meta property=\"og:image\" content=\"https:\/\/lepatriotebenin.com\/wp-content\/uploads\/2024\/10\/post.jpg\" \/>\n\t<meta property=\"og:image:width\" content=\"1023\" \/>\n\t<meta property=\"og:image:height\" content=\"574\" \/>\n\t<meta property=\"og:image:type\" content=\"image\/jpeg\" \/>\n<meta name=\"author\" content=\"Roland AFFANOU\" \/>\n<meta name=\"twitter:card\" content=\"summary_large_image\" \/>\n<meta name=\"twitter:label1\" content=\"\u00c9crit par\" \/>\n\t<meta name=\"twitter:data1\" content=\"Roland AFFANOU\" \/>\n\t<meta name=\"twitter:label2\" content=\"Dur\u00e9e de lecture estim\u00e9e\" \/>\n\t<meta name=\"twitter:data2\" content=\"3 minutes\" \/>\n<script type=\"application\/ld+json\" class=\"yoast-schema-graph\">{\"@context\":\"https:\\\/\\\/schema.org\",\"@graph\":[{\"@type\":\"Article\",\"@id\":\"https:\\\/\\\/lepatriotebenin.com\\\/index.php\\\/2024\\\/10\\\/26\\\/presidentielle-americaine-le-washington-post-refuse-de-soutenir-kamala-harris\\\/#article\",\"isPartOf\":{\"@id\":\"https:\\\/\\\/lepatriotebenin.com\\\/index.php\\\/2024\\\/10\\\/26\\\/presidentielle-americaine-le-washington-post-refuse-de-soutenir-kamala-harris\\\/\"},\"author\":{\"name\":\"Roland AFFANOU\",\"@id\":\"https:\\\/\\\/lepatriotebenin.com\\\/#\\\/schema\\\/person\\\/4a9b67216c97d04045e01405c534c91f\"},\"headline\":\"Pr\u00e9sidentielle am\u00e9ricaine : Le Washington Post refuse de soutenir Kamala Harris\u00a0\",\"datePublished\":\"2024-10-26T12:44:55+00:00\",\"mainEntityOfPage\":{\"@id\":\"https:\\\/\\\/lepatriotebenin.com\\\/index.php\\\/2024\\\/10\\\/26\\\/presidentielle-americaine-le-washington-post-refuse-de-soutenir-kamala-harris\\\/\"},\"wordCount\":506,\"commentCount\":0,\"image\":{\"@id\":\"https:\\\/\\\/lepatriotebenin.com\\\/index.php\\\/2024\\\/10\\\/26\\\/presidentielle-americaine-le-washington-post-refuse-de-soutenir-kamala-harris\\\/#primaryimage\"},\"thumbnailUrl\":\"https:\\\/\\\/lepatriotebenin.com\\\/wp-content\\\/uploads\\\/2024\\\/10\\\/post.jpg\",\"articleSection\":[\"Uncategorized\"],\"inLanguage\":\"fr-FR\",\"potentialAction\":[{\"@type\":\"CommentAction\",\"name\":\"Comment\",\"target\":[\"https:\\\/\\\/lepatriotebenin.com\\\/index.php\\\/2024\\\/10\\\/26\\\/presidentielle-americaine-le-washington-post-refuse-de-soutenir-kamala-harris\\\/#respond\"]}]},{\"@type\":\"WebPage\",\"@id\":\"https:\\\/\\\/lepatriotebenin.com\\\/index.php\\\/2024\\\/10\\\/26\\\/presidentielle-americaine-le-washington-post-refuse-de-soutenir-kamala-harris\\\/\",\"url\":\"https:\\\/\\\/lepatriotebenin.com\\\/index.php\\\/2024\\\/10\\\/26\\\/presidentielle-americaine-le-washington-post-refuse-de-soutenir-kamala-harris\\\/\",\"name\":\"Pr\u00e9sidentielle am\u00e9ricaine : Le Washington Post refuse de soutenir Kamala Harris\u00a0 - Le Patriote\",\"isPartOf\":{\"@id\":\"https:\\\/\\\/lepatriotebenin.com\\\/#website\"},\"primaryImageOfPage\":{\"@id\":\"https:\\\/\\\/lepatriotebenin.com\\\/index.php\\\/2024\\\/10\\\/26\\\/presidentielle-americaine-le-washington-post-refuse-de-soutenir-kamala-harris\\\/#primaryimage\"},\"image\":{\"@id\":\"https:\\\/\\\/lepatriotebenin.com\\\/index.php\\\/2024\\\/10\\\/26\\\/presidentielle-americaine-le-washington-post-refuse-de-soutenir-kamala-harris\\\/#primaryimage\"},\"thumbnailUrl\":\"https:\\\/\\\/lepatriotebenin.com\\\/wp-content\\\/uploads\\\/2024\\\/10\\\/post.jpg\",\"datePublished\":\"2024-10-26T12:44:55+00:00\",\"author\":{\"@id\":\"https:\\\/\\\/lepatriotebenin.com\\\/#\\\/schema\\\/person\\\/4a9b67216c97d04045e01405c534c91f\"},\"breadcrumb\":{\"@id\":\"https:\\\/\\\/lepatriotebenin.com\\\/index.php\\\/2024\\\/10\\\/26\\\/presidentielle-americaine-le-washington-post-refuse-de-soutenir-kamala-harris\\\/#breadcrumb\"},\"inLanguage\":\"fr-FR\",\"potentialAction\":[{\"@type\":\"ReadAction\",\"target\":[\"https:\\\/\\\/lepatriotebenin.com\\\/index.php\\\/2024\\\/10\\\/26\\\/presidentielle-americaine-le-washington-post-refuse-de-soutenir-kamala-harris\\\/\"]}]},{\"@type\":\"ImageObject\",\"inLanguage\":\"fr-FR\",\"@id\":\"https:\\\/\\\/lepatriotebenin.com\\\/index.php\\\/2024\\\/10\\\/26\\\/presidentielle-americaine-le-washington-post-refuse-de-soutenir-kamala-harris\\\/#primaryimage\",\"url\":\"https:\\\/\\\/lepatriotebenin.com\\\/wp-content\\\/uploads\\\/2024\\\/10\\\/post.jpg\",\"contentUrl\":\"https:\\\/\\\/lepatriotebenin.com\\\/wp-content\\\/uploads\\\/2024\\\/10\\\/post.jpg\",\"width\":1023,\"height\":574},{\"@type\":\"BreadcrumbList\",\"@id\":\"https:\\\/\\\/lepatriotebenin.com\\\/index.php\\\/2024\\\/10\\\/26\\\/presidentielle-americaine-le-washington-post-refuse-de-soutenir-kamala-harris\\\/#breadcrumb\",\"itemListElement\":[{\"@type\":\"ListItem\",\"position\":1,\"name\":\"Accueil\",\"item\":\"https:\\\/\\\/lepatriotebenin.com\\\/\"},{\"@type\":\"ListItem\",\"position\":2,\"name\":\"Pr\u00e9sidentielle am\u00e9ricaine : Le Washington Post refuse de soutenir Kamala Harris\u00a0\"}]},{\"@type\":\"WebSite\",\"@id\":\"https:\\\/\\\/lepatriotebenin.com\\\/#website\",\"url\":\"https:\\\/\\\/lepatriotebenin.com\\\/\",\"name\":\"Le Patriote\",\"description\":\"Le Patriote B\u00e9nin\",\"potentialAction\":[{\"@type\":\"SearchAction\",\"target\":{\"@type\":\"EntryPoint\",\"urlTemplate\":\"https:\\\/\\\/lepatriotebenin.com\\\/?s={search_term_string}\"},\"query-input\":{\"@type\":\"PropertyValueSpecification\",\"valueRequired\":true,\"valueName\":\"search_term_string\"}}],\"inLanguage\":\"fr-FR\"},{\"@type\":\"Person\",\"@id\":\"https:\\\/\\\/lepatriotebenin.com\\\/#\\\/schema\\\/person\\\/4a9b67216c97d04045e01405c534c91f\",\"name\":\"Roland AFFANOU\",\"image\":{\"@type\":\"ImageObject\",\"inLanguage\":\"fr-FR\",\"@id\":\"https:\\\/\\\/secure.gravatar.com\\\/avatar\\\/7209d3f6d2d47ea4d0c67e14d3effb61feb10ae540a4381280c66265de5bd643?s=96&d=mm&r=g\",\"url\":\"https:\\\/\\\/secure.gravatar.com\\\/avatar\\\/7209d3f6d2d47ea4d0c67e14d3effb61feb10ae540a4381280c66265de5bd643?s=96&d=mm&r=g\",\"contentUrl\":\"https:\\\/\\\/secure.gravatar.com\\\/avatar\\\/7209d3f6d2d47ea4d0c67e14d3effb61feb10ae540a4381280c66265de5bd643?s=96&d=mm&r=g\",\"caption\":\"Roland AFFANOU\"},\"url\":\"https:\\\/\\\/lepatriotebenin.com\"}]}<\/script>\n<!-- \/ Yoast SEO plugin. -->","yoast_head_json":{"title":"Pr\u00e9sidentielle am\u00e9ricaine : Le Washington Post refuse de soutenir Kamala Harris\u00a0 - Le Patriote","robots":{"index":"index","follow":"follow","max-snippet":"max-snippet:-1","max-image-preview":"max-image-preview:large","max-video-preview":"max-video-preview:-1"},"canonical":"https:\/\/lepatriotebenin.com\/index.php\/2024\/10\/26\/presidentielle-americaine-le-washington-post-refuse-de-soutenir-kamala-harris\/","og_locale":"fr_FR","og_type":"article","og_title":"Pr\u00e9sidentielle am\u00e9ricaine : Le Washington Post refuse de soutenir Kamala Harris\u00a0 - Le Patriote","og_description":"&nbsp; Coup de tonnerre dans la sph\u00e8re m\u00e9diatique am\u00e9ricaine \u00e0 quelques jours de la fatidique date du 05 novembre 2024. R\u00e9put\u00e9 proche Des D\u00e9mocrates, le journal \u201cLe&nbsp;Washington Post\u201d, symbole de&hellip;","og_url":"https:\/\/lepatriotebenin.com\/index.php\/2024\/10\/26\/presidentielle-americaine-le-washington-post-refuse-de-soutenir-kamala-harris\/","og_site_name":"Le Patriote","article_published_time":"2024-10-26T12:44:55+00:00","og_image":[{"width":1023,"height":574,"url":"https:\/\/lepatriotebenin.com\/wp-content\/uploads\/2024\/10\/post.jpg","type":"image\/jpeg"}],"author":"Roland AFFANOU","twitter_card":"summary_large_image","twitter_misc":{"\u00c9crit par":"Roland AFFANOU","Dur\u00e9e de lecture estim\u00e9e":"3 minutes"},"schema":{"@context":"https:\/\/schema.org","@graph":[{"@type":"Article","@id":"https:\/\/lepatriotebenin.com\/index.php\/2024\/10\/26\/presidentielle-americaine-le-washington-post-refuse-de-soutenir-kamala-harris\/#article","isPartOf":{"@id":"https:\/\/lepatriotebenin.com\/index.php\/2024\/10\/26\/presidentielle-americaine-le-washington-post-refuse-de-soutenir-kamala-harris\/"},"author":{"name":"Roland AFFANOU","@id":"https:\/\/lepatriotebenin.com\/#\/schema\/person\/4a9b67216c97d04045e01405c534c91f"},"headline":"Pr\u00e9sidentielle am\u00e9ricaine : Le Washington Post refuse de soutenir Kamala Harris\u00a0","datePublished":"2024-10-26T12:44:55+00:00","mainEntityOfPage":{"@id":"https:\/\/lepatriotebenin.com\/index.php\/2024\/10\/26\/presidentielle-americaine-le-washington-post-refuse-de-soutenir-kamala-harris\/"},"wordCount":506,"commentCount":0,"image":{"@id":"https:\/\/lepatriotebenin.com\/index.php\/2024\/10\/26\/presidentielle-americaine-le-washington-post-refuse-de-soutenir-kamala-harris\/#primaryimage"},"thumbnailUrl":"https:\/\/lepatriotebenin.com\/wp-content\/uploads\/2024\/10\/post.jpg","articleSection":["Uncategorized"],"inLanguage":"fr-FR","potentialAction":[{"@type":"CommentAction","name":"Comment","target":["https:\/\/lepatriotebenin.com\/index.php\/2024\/10\/26\/presidentielle-americaine-le-washington-post-refuse-de-soutenir-kamala-harris\/#respond"]}]},{"@type":"WebPage","@id":"https:\/\/lepatriotebenin.com\/index.php\/2024\/10\/26\/presidentielle-americaine-le-washington-post-refuse-de-soutenir-kamala-harris\/","url":"https:\/\/lepatriotebenin.com\/index.php\/2024\/10\/26\/presidentielle-americaine-le-washington-post-refuse-de-soutenir-kamala-harris\/","name":"Pr\u00e9sidentielle am\u00e9ricaine : Le Washington Post refuse de soutenir Kamala Harris\u00a0 - Le Patriote","isPartOf":{"@id":"https:\/\/lepatriotebenin.com\/#website"},"primaryImageOfPage":{"@id":"https:\/\/lepatriotebenin.com\/index.php\/2024\/10\/26\/presidentielle-americaine-le-washington-post-refuse-de-soutenir-kamala-harris\/#primaryimage"},"image":{"@id":"https:\/\/lepatriotebenin.com\/index.php\/2024\/10\/26\/presidentielle-americaine-le-washington-post-refuse-de-soutenir-kamala-harris\/#primaryimage"},"thumbnailUrl":"https:\/\/lepatriotebenin.com\/wp-content\/uploads\/2024\/10\/post.jpg","datePublished":"2024-10-26T12:44:55+00:00","author":{"@id":"https:\/\/lepatriotebenin.com\/#\/schema\/person\/4a9b67216c97d04045e01405c534c91f"},"breadcrumb":{"@id":"https:\/\/lepatriotebenin.com\/index.php\/2024\/10\/26\/presidentielle-americaine-le-washington-post-refuse-de-soutenir-kamala-harris\/#breadcrumb"},"inLanguage":"fr-FR","potentialAction":[{"@type":"ReadAction","target":["https:\/\/lepatriotebenin.com\/index.php\/2024\/10\/26\/presidentielle-americaine-le-washington-post-refuse-de-soutenir-kamala-harris\/"]}]},{"@type":"ImageObject","inLanguage":"fr-FR","@id":"https:\/\/lepatriotebenin.com\/index.php\/2024\/10\/26\/presidentielle-americaine-le-washington-post-refuse-de-soutenir-kamala-harris\/#primaryimage","url":"https:\/\/lepatriotebenin.com\/wp-content\/uploads\/2024\/10\/post.jpg","contentUrl":"https:\/\/lepatriotebenin.com\/wp-content\/uploads\/2024\/10\/post.jpg","width":1023,"height":574},{"@type":"BreadcrumbList","@id":"https:\/\/lepatriotebenin.com\/index.php\/2024\/10\/26\/presidentielle-americaine-le-washington-post-refuse-de-soutenir-kamala-harris\/#breadcrumb","itemListElement":[{"@type":"ListItem","position":1,"name":"Accueil","item":"https:\/\/lepatriotebenin.com\/"},{"@type":"ListItem","position":2,"name":"Pr\u00e9sidentielle am\u00e9ricaine : Le Washington Post refuse de soutenir Kamala Harris\u00a0"}]},{"@type":"WebSite","@id":"https:\/\/lepatriotebenin.com\/#website","url":"https:\/\/lepatriotebenin.com\/","name":"Le Patriote","description":"Le Patriote B\u00e9nin","potentialAction":[{"@type":"SearchAction","target":{"@type":"EntryPoint","urlTemplate":"https:\/\/lepatriotebenin.com\/?s={search_term_string}"},"query-input":{"@type":"PropertyValueSpecification","valueRequired":true,"valueName":"search_term_string"}}],"inLanguage":"fr-FR"},{"@type":"Person","@id":"https:\/\/lepatriotebenin.com\/#\/schema\/person\/4a9b67216c97d04045e01405c534c91f","name":"Roland AFFANOU","image":{"@type":"ImageObject","inLanguage":"fr-FR","@id":"https:\/\/secure.gravatar.com\/avatar\/7209d3f6d2d47ea4d0c67e14d3effb61feb10ae540a4381280c66265de5bd643?s=96&d=mm&r=g","url":"https:\/\/secure.gravatar.com\/avatar\/7209d3f6d2d47ea4d0c67e14d3effb61feb10ae540a4381280c66265de5bd643?s=96&d=mm&r=g","contentUrl":"https:\/\/secure.gravatar.com\/avatar\/7209d3f6d2d47ea4d0c67e14d3effb61feb10ae540a4381280c66265de5bd643?s=96&d=mm&r=g","caption":"Roland AFFANOU"},"url":"https:\/\/lepatriotebenin.com"}]}},"_links":{"self":[{"href":"https:\/\/lepatriotebenin.com\/index.php\/wp-json\/wp\/v2\/posts\/8625","targetHints":{"allow":["GET"]}}],"collection":[{"href":"https:\/\/lepatriotebenin.com\/index.php\/wp-json\/wp\/v2\/posts"}],"about":[{"href":"https:\/\/lepatriotebenin.com\/index.php\/wp-json\/wp\/v2\/types\/post"}],"author":[{"embeddable":true,"href":"https:\/\/lepatriotebenin.com\/index.php\/wp-json\/wp\/v2\/users\/6"}],"replies":[{"embeddable":true,"href":"https:\/\/lepatriotebenin.com\/index.php\/wp-json\/wp\/v2\/comments?post=8625"}],"version-history":[{"count":1,"href":"https:\/\/lepatriotebenin.com\/index.php\/wp-json\/wp\/v2\/posts\/8625\/revisions"}],"predecessor-version":[{"id":8628,"href":"https:\/\/lepatriotebenin.com\/index.php\/wp-json\/wp\/v2\/posts\/8625\/revisions\/8628"}],"wp:featuredmedia":[{"embeddable":true,"href":"https:\/\/lepatriotebenin.com\/index.php\/wp-json\/wp\/v2\/media\/8626"}],"wp:attachment":[{"href":"https:\/\/lepatriotebenin.com\/index.php\/wp-json\/wp\/v2\/media?parent=8625"}],"wp:term":[{"taxonomy":"category","embeddable":true,"href":"https:\/\/lepatriotebenin.com\/index.php\/wp-json\/wp\/v2\/categories?post=8625"},{"taxonomy":"post_tag","embeddable":true,"href":"https:\/\/lepatriotebenin.com\/index.php\/wp-json\/wp\/v2\/tags?post=8625"}],"curies":[{"name":"wp","href":"https:\/\/api.w.org\/{rel}","templated":true}]}}