{"id":8622,"date":"2024-10-26T13:43:26","date_gmt":"2024-10-26T11:43:26","guid":{"rendered":"https:\/\/lepatriotebenin.com\/?p=8622"},"modified":"2024-10-26T13:43:27","modified_gmt":"2024-10-26T11:43:27","slug":"presidence-de-la-caf-patrice-motsepe-candidat-a-sa-propre-succession","status":"publish","type":"post","link":"https:\/\/lepatriotebenin.com\/index.php\/2024\/10\/26\/presidence-de-la-caf-patrice-motsepe-candidat-a-sa-propre-succession\/","title":{"rendered":"Pr\u00e9sidence de la Caf :\u00a0Patrice Motsepe candidat \u00e0 sa propre succession"},"content":{"rendered":"\n<p>\u00a0 L\u2019actuel pr\u00e9sident de la Conf\u00e9d\u00e9ration africaine de football (Caf), <strong>Patrice Motspe<\/strong> a officialis\u00e9 sa candidature pour la pr\u00e9sidence de l\u2019instance faiti\u00e8re du football africain.\u00a0 Il l\u2019a annonc\u00e9 ce <strong>vendredi 25 octobre 2024.\u00a0 <\/strong>Aucun autre candidat ne s\u2019est d\u00e9clar\u00e9 sauf le pr\u00e9sident sortant de la Caf.\u00a0\u00a0 Faut-il pr\u00e9ciser la date du nouveau pr\u00e9sident de la Caf aura lieu en mars 2025. La candidature de Patrice Motsepe\u00a0 a \u00e9t\u00e9\u00a0rendue publique\u00a0 par la Caf dans un communiqu\u00e9 de\u00a0 presse\u00a0 en date du<strong> 25\u00a0 octobre 2024. \u201c<\/strong><em>Suite aux demandes de nombreux pr\u00e9sidents d&rsquo;Associations Membres de la CAF, de pr\u00e9sidents d&rsquo;Unions Zonales et d&rsquo;acteurs cl\u00e9s, le Pr\u00e9sident de la CAF, Dr Patrice Motsepe, a finalement accept\u00e9 de se porter candidat \u00e0 l\u2019\u00e9lection pr\u00e9sidentielle de la CAF pr\u00e9vue en mars 2025<\/em><strong>\u201d\u00a0\u00a0<\/strong> pr\u00e9cise ce communiqu\u00e9.<\/p>\n","protected":false},"excerpt":{"rendered":"<p>\u00a0 L\u2019actuel pr\u00e9sident de la Conf\u00e9d\u00e9ration africaine de football (Caf), Patrice Motspe a officialis\u00e9 sa candidature pour la pr\u00e9sidence de l\u2019instance faiti\u00e8re du football africain.\u00a0 Il l\u2019a annonc\u00e9 ce vendredi&hellip;<\/p>\n","protected":false},"author":6,"featured_media":8623,"comment_status":"open","ping_status":"open","sticky":false,"template":"","format":"standard","meta":{"content-type":"","om_disable_all_campaigns":false,"_monsterinsights_skip_tracking":false,"_monsterinsights_sitenote_active":false,"_monsterinsights_sitenote_note":"","_monsterinsights_sitenote_category":0,"_uf_show_specific_survey":0,"_uf_disable_surveys":false,"footnotes":""},"categories":[8],"tags":[],"class_list":["post-8622","post","type-post","status-publish","format-standard","has-post-thumbnail","hentry","category-sport"],"aioseo_notices":[],"yoast_head":"<!-- This site is optimized with the Yoast SEO plugin v27.5 - https:\/\/yoast.com\/product\/yoast-seo-wordpress\/ -->\n<title>Pr\u00e9sidence de la Caf :\u00a0Patrice Motsepe candidat \u00e0 sa propre succession - Le Patriote<\/title>\n<meta name=\"robots\" content=\"index, follow, max-snippet:-1, max-image-preview:large, max-video-preview:-1\" \/>\n<link rel=\"canonical\" href=\"https:\/\/lepatriotebenin.com\/index.php\/2024\/10\/26\/presidence-de-la-caf-patrice-motsepe-candidat-a-sa-propre-succession\/\" \/>\n<meta property=\"og:locale\" content=\"fr_FR\" \/>\n<meta property=\"og:type\" content=\"article\" \/>\n<meta property=\"og:title\" content=\"Pr\u00e9sidence de la Caf :\u00a0Patrice Motsepe candidat \u00e0 sa propre succession - Le Patriote\" \/>\n<meta property=\"og:description\" content=\"\u00a0 L\u2019actuel pr\u00e9sident de la Conf\u00e9d\u00e9ration africaine de football (Caf), Patrice Motspe a officialis\u00e9 sa candidature pour la pr\u00e9sidence de l\u2019instance faiti\u00e8re du football africain.\u00a0 Il l\u2019a annonc\u00e9 ce vendredi&hellip;\" \/>\n<meta property=\"og:url\" content=\"https:\/\/lepatriotebenin.com\/index.php\/2024\/10\/26\/presidence-de-la-caf-patrice-motsepe-candidat-a-sa-propre-succession\/\" \/>\n<meta property=\"og:site_name\" content=\"Le Patriote\" \/>\n<meta property=\"article:published_time\" content=\"2024-10-26T11:43:26+00:00\" \/>\n<meta property=\"article:modified_time\" content=\"2024-10-26T11:43:27+00:00\" \/>\n<meta property=\"og:image\" content=\"https:\/\/lepatriotebenin.com\/wp-content\/uploads\/2024\/10\/caf-president-ok.webp\" \/>\n\t<meta property=\"og:image:width\" content=\"1320\" \/>\n\t<meta property=\"og:image:height\" content=\"742\" \/>\n\t<meta property=\"og:image:type\" content=\"image\/webp\" \/>\n<meta name=\"author\" content=\"Roland AFFANOU\" \/>\n<meta name=\"twitter:card\" content=\"summary_large_image\" \/>\n<meta name=\"twitter:label1\" content=\"\u00c9crit par\" \/>\n\t<meta name=\"twitter:data1\" content=\"Roland AFFANOU\" \/>\n\t<meta name=\"twitter:label2\" content=\"Dur\u00e9e de lecture estim\u00e9e\" \/>\n\t<meta name=\"twitter:data2\" content=\"1 minute\" \/>\n<script type=\"application\/ld+json\" class=\"yoast-schema-graph\">{\"@context\":\"https:\\\/\\\/schema.org\",\"@graph\":[{\"@type\":\"Article\",\"@id\":\"https:\\\/\\\/lepatriotebenin.com\\\/index.php\\\/2024\\\/10\\\/26\\\/presidence-de-la-caf-patrice-motsepe-candidat-a-sa-propre-succession\\\/#article\",\"isPartOf\":{\"@id\":\"https:\\\/\\\/lepatriotebenin.com\\\/index.php\\\/2024\\\/10\\\/26\\\/presidence-de-la-caf-patrice-motsepe-candidat-a-sa-propre-succession\\\/\"},\"author\":{\"name\":\"Roland AFFANOU\",\"@id\":\"https:\\\/\\\/lepatriotebenin.com\\\/#\\\/schema\\\/person\\\/4a9b67216c97d04045e01405c534c91f\"},\"headline\":\"Pr\u00e9sidence de la Caf :\u00a0Patrice Motsepe candidat \u00e0 sa propre succession\",\"datePublished\":\"2024-10-26T11:43:26+00:00\",\"dateModified\":\"2024-10-26T11:43:27+00:00\",\"mainEntityOfPage\":{\"@id\":\"https:\\\/\\\/lepatriotebenin.com\\\/index.php\\\/2024\\\/10\\\/26\\\/presidence-de-la-caf-patrice-motsepe-candidat-a-sa-propre-succession\\\/\"},\"wordCount\":157,\"commentCount\":0,\"image\":{\"@id\":\"https:\\\/\\\/lepatriotebenin.com\\\/index.php\\\/2024\\\/10\\\/26\\\/presidence-de-la-caf-patrice-motsepe-candidat-a-sa-propre-succession\\\/#primaryimage\"},\"thumbnailUrl\":\"https:\\\/\\\/lepatriotebenin.com\\\/wp-content\\\/uploads\\\/2024\\\/10\\\/caf-president-ok.webp\",\"articleSection\":[\"Sport\"],\"inLanguage\":\"fr-FR\",\"potentialAction\":[{\"@type\":\"CommentAction\",\"name\":\"Comment\",\"target\":[\"https:\\\/\\\/lepatriotebenin.com\\\/index.php\\\/2024\\\/10\\\/26\\\/presidence-de-la-caf-patrice-motsepe-candidat-a-sa-propre-succession\\\/#respond\"]}]},{\"@type\":\"WebPage\",\"@id\":\"https:\\\/\\\/lepatriotebenin.com\\\/index.php\\\/2024\\\/10\\\/26\\\/presidence-de-la-caf-patrice-motsepe-candidat-a-sa-propre-succession\\\/\",\"url\":\"https:\\\/\\\/lepatriotebenin.com\\\/index.php\\\/2024\\\/10\\\/26\\\/presidence-de-la-caf-patrice-motsepe-candidat-a-sa-propre-succession\\\/\",\"name\":\"Pr\u00e9sidence de la Caf :\u00a0Patrice Motsepe candidat \u00e0 sa propre succession - Le Patriote\",\"isPartOf\":{\"@id\":\"https:\\\/\\\/lepatriotebenin.com\\\/#website\"},\"primaryImageOfPage\":{\"@id\":\"https:\\\/\\\/lepatriotebenin.com\\\/index.php\\\/2024\\\/10\\\/26\\\/presidence-de-la-caf-patrice-motsepe-candidat-a-sa-propre-succession\\\/#primaryimage\"},\"image\":{\"@id\":\"https:\\\/\\\/lepatriotebenin.com\\\/index.php\\\/2024\\\/10\\\/26\\\/presidence-de-la-caf-patrice-motsepe-candidat-a-sa-propre-succession\\\/#primaryimage\"},\"thumbnailUrl\":\"https:\\\/\\\/lepatriotebenin.com\\\/wp-content\\\/uploads\\\/2024\\\/10\\\/caf-president-ok.webp\",\"datePublished\":\"2024-10-26T11:43:26+00:00\",\"dateModified\":\"2024-10-26T11:43:27+00:00\",\"author\":{\"@id\":\"https:\\\/\\\/lepatriotebenin.com\\\/#\\\/schema\\\/person\\\/4a9b67216c97d04045e01405c534c91f\"},\"breadcrumb\":{\"@id\":\"https:\\\/\\\/lepatriotebenin.com\\\/index.php\\\/2024\\\/10\\\/26\\\/presidence-de-la-caf-patrice-motsepe-candidat-a-sa-propre-succession\\\/#breadcrumb\"},\"inLanguage\":\"fr-FR\",\"potentialAction\":[{\"@type\":\"ReadAction\",\"target\":[\"https:\\\/\\\/lepatriotebenin.com\\\/index.php\\\/2024\\\/10\\\/26\\\/presidence-de-la-caf-patrice-motsepe-candidat-a-sa-propre-succession\\\/\"]}]},{\"@type\":\"ImageObject\",\"inLanguage\":\"fr-FR\",\"@id\":\"https:\\\/\\\/lepatriotebenin.com\\\/index.php\\\/2024\\\/10\\\/26\\\/presidence-de-la-caf-patrice-motsepe-candidat-a-sa-propre-succession\\\/#primaryimage\",\"url\":\"https:\\\/\\\/lepatriotebenin.com\\\/wp-content\\\/uploads\\\/2024\\\/10\\\/caf-president-ok.webp\",\"contentUrl\":\"https:\\\/\\\/lepatriotebenin.com\\\/wp-content\\\/uploads\\\/2024\\\/10\\\/caf-president-ok.webp\",\"width\":1320,\"height\":742},{\"@type\":\"BreadcrumbList\",\"@id\":\"https:\\\/\\\/lepatriotebenin.com\\\/index.php\\\/2024\\\/10\\\/26\\\/presidence-de-la-caf-patrice-motsepe-candidat-a-sa-propre-succession\\\/#breadcrumb\",\"itemListElement\":[{\"@type\":\"ListItem\",\"position\":1,\"name\":\"Accueil\",\"item\":\"https:\\\/\\\/lepatriotebenin.com\\\/\"},{\"@type\":\"ListItem\",\"position\":2,\"name\":\"Pr\u00e9sidence de la Caf :\u00a0Patrice Motsepe candidat \u00e0 sa propre succession\"}]},{\"@type\":\"WebSite\",\"@id\":\"https:\\\/\\\/lepatriotebenin.com\\\/#website\",\"url\":\"https:\\\/\\\/lepatriotebenin.com\\\/\",\"name\":\"Le Patriote\",\"description\":\"Le Patriote B\u00e9nin\",\"potentialAction\":[{\"@type\":\"SearchAction\",\"target\":{\"@type\":\"EntryPoint\",\"urlTemplate\":\"https:\\\/\\\/lepatriotebenin.com\\\/?s={search_term_string}\"},\"query-input\":{\"@type\":\"PropertyValueSpecification\",\"valueRequired\":true,\"valueName\":\"search_term_string\"}}],\"inLanguage\":\"fr-FR\"},{\"@type\":\"Person\",\"@id\":\"https:\\\/\\\/lepatriotebenin.com\\\/#\\\/schema\\\/person\\\/4a9b67216c97d04045e01405c534c91f\",\"name\":\"Roland AFFANOU\",\"image\":{\"@type\":\"ImageObject\",\"inLanguage\":\"fr-FR\",\"@id\":\"https:\\\/\\\/secure.gravatar.com\\\/avatar\\\/7209d3f6d2d47ea4d0c67e14d3effb61feb10ae540a4381280c66265de5bd643?s=96&d=mm&r=g\",\"url\":\"https:\\\/\\\/secure.gravatar.com\\\/avatar\\\/7209d3f6d2d47ea4d0c67e14d3effb61feb10ae540a4381280c66265de5bd643?s=96&d=mm&r=g\",\"contentUrl\":\"https:\\\/\\\/secure.gravatar.com\\\/avatar\\\/7209d3f6d2d47ea4d0c67e14d3effb61feb10ae540a4381280c66265de5bd643?s=96&d=mm&r=g\",\"caption\":\"Roland AFFANOU\"},\"url\":\"https:\\\/\\\/lepatriotebenin.com\"}]}<\/script>\n<!-- \/ Yoast SEO plugin. -->","yoast_head_json":{"title":"Pr\u00e9sidence de la Caf :\u00a0Patrice Motsepe candidat \u00e0 sa propre succession - Le Patriote","robots":{"index":"index","follow":"follow","max-snippet":"max-snippet:-1","max-image-preview":"max-image-preview:large","max-video-preview":"max-video-preview:-1"},"canonical":"https:\/\/lepatriotebenin.com\/index.php\/2024\/10\/26\/presidence-de-la-caf-patrice-motsepe-candidat-a-sa-propre-succession\/","og_locale":"fr_FR","og_type":"article","og_title":"Pr\u00e9sidence de la Caf :\u00a0Patrice Motsepe candidat \u00e0 sa propre succession - Le Patriote","og_description":"\u00a0 L\u2019actuel pr\u00e9sident de la Conf\u00e9d\u00e9ration africaine de football (Caf), Patrice Motspe a officialis\u00e9 sa candidature pour la pr\u00e9sidence de l\u2019instance faiti\u00e8re du football africain.\u00a0 Il l\u2019a annonc\u00e9 ce vendredi&hellip;","og_url":"https:\/\/lepatriotebenin.com\/index.php\/2024\/10\/26\/presidence-de-la-caf-patrice-motsepe-candidat-a-sa-propre-succession\/","og_site_name":"Le Patriote","article_published_time":"2024-10-26T11:43:26+00:00","article_modified_time":"2024-10-26T11:43:27+00:00","og_image":[{"width":1320,"height":742,"url":"https:\/\/lepatriotebenin.com\/wp-content\/uploads\/2024\/10\/caf-president-ok.webp","type":"image\/webp"}],"author":"Roland AFFANOU","twitter_card":"summary_large_image","twitter_misc":{"\u00c9crit par":"Roland AFFANOU","Dur\u00e9e de lecture estim\u00e9e":"1 minute"},"schema":{"@context":"https:\/\/schema.org","@graph":[{"@type":"Article","@id":"https:\/\/lepatriotebenin.com\/index.php\/2024\/10\/26\/presidence-de-la-caf-patrice-motsepe-candidat-a-sa-propre-succession\/#article","isPartOf":{"@id":"https:\/\/lepatriotebenin.com\/index.php\/2024\/10\/26\/presidence-de-la-caf-patrice-motsepe-candidat-a-sa-propre-succession\/"},"author":{"name":"Roland AFFANOU","@id":"https:\/\/lepatriotebenin.com\/#\/schema\/person\/4a9b67216c97d04045e01405c534c91f"},"headline":"Pr\u00e9sidence de la Caf :\u00a0Patrice Motsepe candidat \u00e0 sa propre succession","datePublished":"2024-10-26T11:43:26+00:00","dateModified":"2024-10-26T11:43:27+00:00","mainEntityOfPage":{"@id":"https:\/\/lepatriotebenin.com\/index.php\/2024\/10\/26\/presidence-de-la-caf-patrice-motsepe-candidat-a-sa-propre-succession\/"},"wordCount":157,"commentCount":0,"image":{"@id":"https:\/\/lepatriotebenin.com\/index.php\/2024\/10\/26\/presidence-de-la-caf-patrice-motsepe-candidat-a-sa-propre-succession\/#primaryimage"},"thumbnailUrl":"https:\/\/lepatriotebenin.com\/wp-content\/uploads\/2024\/10\/caf-president-ok.webp","articleSection":["Sport"],"inLanguage":"fr-FR","potentialAction":[{"@type":"CommentAction","name":"Comment","target":["https:\/\/lepatriotebenin.com\/index.php\/2024\/10\/26\/presidence-de-la-caf-patrice-motsepe-candidat-a-sa-propre-succession\/#respond"]}]},{"@type":"WebPage","@id":"https:\/\/lepatriotebenin.com\/index.php\/2024\/10\/26\/presidence-de-la-caf-patrice-motsepe-candidat-a-sa-propre-succession\/","url":"https:\/\/lepatriotebenin.com\/index.php\/2024\/10\/26\/presidence-de-la-caf-patrice-motsepe-candidat-a-sa-propre-succession\/","name":"Pr\u00e9sidence de la Caf :\u00a0Patrice Motsepe candidat \u00e0 sa propre succession - Le Patriote","isPartOf":{"@id":"https:\/\/lepatriotebenin.com\/#website"},"primaryImageOfPage":{"@id":"https:\/\/lepatriotebenin.com\/index.php\/2024\/10\/26\/presidence-de-la-caf-patrice-motsepe-candidat-a-sa-propre-succession\/#primaryimage"},"image":{"@id":"https:\/\/lepatriotebenin.com\/index.php\/2024\/10\/26\/presidence-de-la-caf-patrice-motsepe-candidat-a-sa-propre-succession\/#primaryimage"},"thumbnailUrl":"https:\/\/lepatriotebenin.com\/wp-content\/uploads\/2024\/10\/caf-president-ok.webp","datePublished":"2024-10-26T11:43:26+00:00","dateModified":"2024-10-26T11:43:27+00:00","author":{"@id":"https:\/\/lepatriotebenin.com\/#\/schema\/person\/4a9b67216c97d04045e01405c534c91f"},"breadcrumb":{"@id":"https:\/\/lepatriotebenin.com\/index.php\/2024\/10\/26\/presidence-de-la-caf-patrice-motsepe-candidat-a-sa-propre-succession\/#breadcrumb"},"inLanguage":"fr-FR","potentialAction":[{"@type":"ReadAction","target":["https:\/\/lepatriotebenin.com\/index.php\/2024\/10\/26\/presidence-de-la-caf-patrice-motsepe-candidat-a-sa-propre-succession\/"]}]},{"@type":"ImageObject","inLanguage":"fr-FR","@id":"https:\/\/lepatriotebenin.com\/index.php\/2024\/10\/26\/presidence-de-la-caf-patrice-motsepe-candidat-a-sa-propre-succession\/#primaryimage","url":"https:\/\/lepatriotebenin.com\/wp-content\/uploads\/2024\/10\/caf-president-ok.webp","contentUrl":"https:\/\/lepatriotebenin.com\/wp-content\/uploads\/2024\/10\/caf-president-ok.webp","width":1320,"height":742},{"@type":"BreadcrumbList","@id":"https:\/\/lepatriotebenin.com\/index.php\/2024\/10\/26\/presidence-de-la-caf-patrice-motsepe-candidat-a-sa-propre-succession\/#breadcrumb","itemListElement":[{"@type":"ListItem","position":1,"name":"Accueil","item":"https:\/\/lepatriotebenin.com\/"},{"@type":"ListItem","position":2,"name":"Pr\u00e9sidence de la Caf :\u00a0Patrice Motsepe candidat \u00e0 sa propre succession"}]},{"@type":"WebSite","@id":"https:\/\/lepatriotebenin.com\/#website","url":"https:\/\/lepatriotebenin.com\/","name":"Le Patriote","description":"Le Patriote B\u00e9nin","potentialAction":[{"@type":"SearchAction","target":{"@type":"EntryPoint","urlTemplate":"https:\/\/lepatriotebenin.com\/?s={search_term_string}"},"query-input":{"@type":"PropertyValueSpecification","valueRequired":true,"valueName":"search_term_string"}}],"inLanguage":"fr-FR"},{"@type":"Person","@id":"https:\/\/lepatriotebenin.com\/#\/schema\/person\/4a9b67216c97d04045e01405c534c91f","name":"Roland AFFANOU","image":{"@type":"ImageObject","inLanguage":"fr-FR","@id":"https:\/\/secure.gravatar.com\/avatar\/7209d3f6d2d47ea4d0c67e14d3effb61feb10ae540a4381280c66265de5bd643?s=96&d=mm&r=g","url":"https:\/\/secure.gravatar.com\/avatar\/7209d3f6d2d47ea4d0c67e14d3effb61feb10ae540a4381280c66265de5bd643?s=96&d=mm&r=g","contentUrl":"https:\/\/secure.gravatar.com\/avatar\/7209d3f6d2d47ea4d0c67e14d3effb61feb10ae540a4381280c66265de5bd643?s=96&d=mm&r=g","caption":"Roland AFFANOU"},"url":"https:\/\/lepatriotebenin.com"}]}},"_links":{"self":[{"href":"https:\/\/lepatriotebenin.com\/index.php\/wp-json\/wp\/v2\/posts\/8622","targetHints":{"allow":["GET"]}}],"collection":[{"href":"https:\/\/lepatriotebenin.com\/index.php\/wp-json\/wp\/v2\/posts"}],"about":[{"href":"https:\/\/lepatriotebenin.com\/index.php\/wp-json\/wp\/v2\/types\/post"}],"author":[{"embeddable":true,"href":"https:\/\/lepatriotebenin.com\/index.php\/wp-json\/wp\/v2\/users\/6"}],"replies":[{"embeddable":true,"href":"https:\/\/lepatriotebenin.com\/index.php\/wp-json\/wp\/v2\/comments?post=8622"}],"version-history":[{"count":1,"href":"https:\/\/lepatriotebenin.com\/index.php\/wp-json\/wp\/v2\/posts\/8622\/revisions"}],"predecessor-version":[{"id":8624,"href":"https:\/\/lepatriotebenin.com\/index.php\/wp-json\/wp\/v2\/posts\/8622\/revisions\/8624"}],"wp:featuredmedia":[{"embeddable":true,"href":"https:\/\/lepatriotebenin.com\/index.php\/wp-json\/wp\/v2\/media\/8623"}],"wp:attachment":[{"href":"https:\/\/lepatriotebenin.com\/index.php\/wp-json\/wp\/v2\/media?parent=8622"}],"wp:term":[{"taxonomy":"category","embeddable":true,"href":"https:\/\/lepatriotebenin.com\/index.php\/wp-json\/wp\/v2\/categories?post=8622"},{"taxonomy":"post_tag","embeddable":true,"href":"https:\/\/lepatriotebenin.com\/index.php\/wp-json\/wp\/v2\/tags?post=8622"}],"curies":[{"name":"wp","href":"https:\/\/api.w.org\/{rel}","templated":true}]}}