{"id":8617,"date":"2024-10-26T13:25:32","date_gmt":"2024-10-26T11:25:32","guid":{"rendered":"https:\/\/lepatriotebenin.com\/?p=8617"},"modified":"2024-10-26T13:25:36","modified_gmt":"2024-10-26T11:25:36","slug":"commission-dinstruction-de-la-criet-laudition-de-olivier-boko-reportee","status":"publish","type":"post","link":"https:\/\/lepatriotebenin.com\/index.php\/2024\/10\/26\/commission-dinstruction-de-la-criet-laudition-de-olivier-boko-reportee\/","title":{"rendered":"Commission d\u2019instruction de la CRIET :\u00a0L\u2018audition de Olivier Boko report\u00e9e"},"content":{"rendered":"\n<p>\u00a0Initialement pr\u00e9vue pour se d\u00e9rouler ce <strong>vendredi 25 octobre 2024,<\/strong> l\u2019audition de l\u2019homme d\u2019affaires et ami personnel du pr\u00e9sident de la R\u00e9publique <strong>Patrice Talon, Olivier Boko<\/strong> devant la Commission d\u2019instruction de la Cour de R\u00e9pression des Infractions \u00c9conomiques et du Terrorisme (CRIET) est report\u00e9e \u00e0 la semaine prochaine sur demande des avocats de l\u2019homme d\u2019affaires. Aucune raison n\u2019a filtr\u00e9 de ce qui est \u00e0 la base de ce report.\u00a0 La requ\u00eate du conseil des avocats a \u00e9t\u00e9 faite devant Olivier Boko lui-m\u00eame. \u00a0Ce dernier est poursuivi pour <strong>complot contre la s\u00fbret\u00e9 de l\u2019\u00c9tat.<\/strong> \u00a0Faut-il le rappeler, l\u2019ex-ministre des sports, <strong>Oswald Hom\u00e9ky,<\/strong> accus\u00e9 lui aussi de tentative de coup d\u2019\u00c9tat, est pass\u00e9 \u00e9galement le <strong>mercredi 23 et le jeudi 24 octobre 2024<\/strong> devant la m\u00eame commission d\u2019instruction de la CRIET.<\/p>\n","protected":false},"excerpt":{"rendered":"<p>\u00a0Initialement pr\u00e9vue pour se d\u00e9rouler ce vendredi 25 octobre 2024, l\u2019audition de l\u2019homme d\u2019affaires et ami personnel du pr\u00e9sident de la R\u00e9publique Patrice Talon, Olivier Boko devant la Commission d\u2019instruction&hellip;<\/p>\n","protected":false},"author":6,"featured_media":8618,"comment_status":"open","ping_status":"open","sticky":false,"template":"","format":"standard","meta":{"content-type":"","om_disable_all_campaigns":false,"_monsterinsights_skip_tracking":false,"_monsterinsights_sitenote_active":false,"_monsterinsights_sitenote_note":"","_monsterinsights_sitenote_category":0,"_uf_show_specific_survey":0,"_uf_disable_surveys":false,"footnotes":""},"categories":[20],"tags":[],"class_list":["post-8617","post","type-post","status-publish","format-standard","has-post-thumbnail","hentry","category-societe"],"aioseo_notices":[],"yoast_head":"<!-- This site is optimized with the Yoast SEO plugin v27.5 - https:\/\/yoast.com\/product\/yoast-seo-wordpress\/ -->\n<title>Commission d\u2019instruction de la CRIET :\u00a0L\u2018audition de Olivier Boko report\u00e9e - Le Patriote<\/title>\n<meta name=\"robots\" content=\"index, follow, max-snippet:-1, max-image-preview:large, max-video-preview:-1\" \/>\n<link rel=\"canonical\" href=\"https:\/\/lepatriotebenin.com\/index.php\/2024\/10\/26\/commission-dinstruction-de-la-criet-laudition-de-olivier-boko-reportee\/\" \/>\n<meta property=\"og:locale\" content=\"fr_FR\" \/>\n<meta property=\"og:type\" content=\"article\" \/>\n<meta property=\"og:title\" content=\"Commission d\u2019instruction de la CRIET :\u00a0L\u2018audition de Olivier Boko report\u00e9e - Le Patriote\" \/>\n<meta property=\"og:description\" content=\"\u00a0Initialement pr\u00e9vue pour se d\u00e9rouler ce vendredi 25 octobre 2024, l\u2019audition de l\u2019homme d\u2019affaires et ami personnel du pr\u00e9sident de la R\u00e9publique Patrice Talon, Olivier Boko devant la Commission d\u2019instruction&hellip;\" \/>\n<meta property=\"og:url\" content=\"https:\/\/lepatriotebenin.com\/index.php\/2024\/10\/26\/commission-dinstruction-de-la-criet-laudition-de-olivier-boko-reportee\/\" \/>\n<meta property=\"og:site_name\" content=\"Le Patriote\" \/>\n<meta property=\"article:published_time\" content=\"2024-10-26T11:25:32+00:00\" \/>\n<meta property=\"article:modified_time\" content=\"2024-10-26T11:25:36+00:00\" \/>\n<meta property=\"og:image\" content=\"https:\/\/lepatriotebenin.com\/wp-content\/uploads\/2024\/10\/olivier-et-homeky-2.png\" \/>\n\t<meta property=\"og:image:width\" content=\"1008\" \/>\n\t<meta property=\"og:image:height\" content=\"567\" \/>\n\t<meta property=\"og:image:type\" content=\"image\/png\" \/>\n<meta name=\"author\" content=\"Roland AFFANOU\" \/>\n<meta name=\"twitter:card\" content=\"summary_large_image\" \/>\n<meta name=\"twitter:label1\" content=\"\u00c9crit par\" \/>\n\t<meta name=\"twitter:data1\" content=\"Roland AFFANOU\" \/>\n\t<meta name=\"twitter:label2\" content=\"Dur\u00e9e de lecture estim\u00e9e\" \/>\n\t<meta name=\"twitter:data2\" content=\"1 minute\" \/>\n<script type=\"application\/ld+json\" class=\"yoast-schema-graph\">{\"@context\":\"https:\\\/\\\/schema.org\",\"@graph\":[{\"@type\":\"Article\",\"@id\":\"https:\\\/\\\/lepatriotebenin.com\\\/index.php\\\/2024\\\/10\\\/26\\\/commission-dinstruction-de-la-criet-laudition-de-olivier-boko-reportee\\\/#article\",\"isPartOf\":{\"@id\":\"https:\\\/\\\/lepatriotebenin.com\\\/index.php\\\/2024\\\/10\\\/26\\\/commission-dinstruction-de-la-criet-laudition-de-olivier-boko-reportee\\\/\"},\"author\":{\"name\":\"Roland AFFANOU\",\"@id\":\"https:\\\/\\\/lepatriotebenin.com\\\/#\\\/schema\\\/person\\\/4a9b67216c97d04045e01405c534c91f\"},\"headline\":\"Commission d\u2019instruction de la CRIET :\u00a0L\u2018audition de Olivier Boko report\u00e9e\",\"datePublished\":\"2024-10-26T11:25:32+00:00\",\"dateModified\":\"2024-10-26T11:25:36+00:00\",\"mainEntityOfPage\":{\"@id\":\"https:\\\/\\\/lepatriotebenin.com\\\/index.php\\\/2024\\\/10\\\/26\\\/commission-dinstruction-de-la-criet-laudition-de-olivier-boko-reportee\\\/\"},\"wordCount\":157,\"commentCount\":0,\"image\":{\"@id\":\"https:\\\/\\\/lepatriotebenin.com\\\/index.php\\\/2024\\\/10\\\/26\\\/commission-dinstruction-de-la-criet-laudition-de-olivier-boko-reportee\\\/#primaryimage\"},\"thumbnailUrl\":\"https:\\\/\\\/lepatriotebenin.com\\\/wp-content\\\/uploads\\\/2024\\\/10\\\/olivier-et-homeky-2.png\",\"articleSection\":[\"Soci\u00e9t\u00e9\"],\"inLanguage\":\"fr-FR\",\"potentialAction\":[{\"@type\":\"CommentAction\",\"name\":\"Comment\",\"target\":[\"https:\\\/\\\/lepatriotebenin.com\\\/index.php\\\/2024\\\/10\\\/26\\\/commission-dinstruction-de-la-criet-laudition-de-olivier-boko-reportee\\\/#respond\"]}]},{\"@type\":\"WebPage\",\"@id\":\"https:\\\/\\\/lepatriotebenin.com\\\/index.php\\\/2024\\\/10\\\/26\\\/commission-dinstruction-de-la-criet-laudition-de-olivier-boko-reportee\\\/\",\"url\":\"https:\\\/\\\/lepatriotebenin.com\\\/index.php\\\/2024\\\/10\\\/26\\\/commission-dinstruction-de-la-criet-laudition-de-olivier-boko-reportee\\\/\",\"name\":\"Commission d\u2019instruction de la CRIET :\u00a0L\u2018audition de Olivier Boko report\u00e9e - Le Patriote\",\"isPartOf\":{\"@id\":\"https:\\\/\\\/lepatriotebenin.com\\\/#website\"},\"primaryImageOfPage\":{\"@id\":\"https:\\\/\\\/lepatriotebenin.com\\\/index.php\\\/2024\\\/10\\\/26\\\/commission-dinstruction-de-la-criet-laudition-de-olivier-boko-reportee\\\/#primaryimage\"},\"image\":{\"@id\":\"https:\\\/\\\/lepatriotebenin.com\\\/index.php\\\/2024\\\/10\\\/26\\\/commission-dinstruction-de-la-criet-laudition-de-olivier-boko-reportee\\\/#primaryimage\"},\"thumbnailUrl\":\"https:\\\/\\\/lepatriotebenin.com\\\/wp-content\\\/uploads\\\/2024\\\/10\\\/olivier-et-homeky-2.png\",\"datePublished\":\"2024-10-26T11:25:32+00:00\",\"dateModified\":\"2024-10-26T11:25:36+00:00\",\"author\":{\"@id\":\"https:\\\/\\\/lepatriotebenin.com\\\/#\\\/schema\\\/person\\\/4a9b67216c97d04045e01405c534c91f\"},\"breadcrumb\":{\"@id\":\"https:\\\/\\\/lepatriotebenin.com\\\/index.php\\\/2024\\\/10\\\/26\\\/commission-dinstruction-de-la-criet-laudition-de-olivier-boko-reportee\\\/#breadcrumb\"},\"inLanguage\":\"fr-FR\",\"potentialAction\":[{\"@type\":\"ReadAction\",\"target\":[\"https:\\\/\\\/lepatriotebenin.com\\\/index.php\\\/2024\\\/10\\\/26\\\/commission-dinstruction-de-la-criet-laudition-de-olivier-boko-reportee\\\/\"]}]},{\"@type\":\"ImageObject\",\"inLanguage\":\"fr-FR\",\"@id\":\"https:\\\/\\\/lepatriotebenin.com\\\/index.php\\\/2024\\\/10\\\/26\\\/commission-dinstruction-de-la-criet-laudition-de-olivier-boko-reportee\\\/#primaryimage\",\"url\":\"https:\\\/\\\/lepatriotebenin.com\\\/wp-content\\\/uploads\\\/2024\\\/10\\\/olivier-et-homeky-2.png\",\"contentUrl\":\"https:\\\/\\\/lepatriotebenin.com\\\/wp-content\\\/uploads\\\/2024\\\/10\\\/olivier-et-homeky-2.png\",\"width\":1008,\"height\":567},{\"@type\":\"BreadcrumbList\",\"@id\":\"https:\\\/\\\/lepatriotebenin.com\\\/index.php\\\/2024\\\/10\\\/26\\\/commission-dinstruction-de-la-criet-laudition-de-olivier-boko-reportee\\\/#breadcrumb\",\"itemListElement\":[{\"@type\":\"ListItem\",\"position\":1,\"name\":\"Accueil\",\"item\":\"https:\\\/\\\/lepatriotebenin.com\\\/\"},{\"@type\":\"ListItem\",\"position\":2,\"name\":\"Commission d\u2019instruction de la CRIET :\u00a0L\u2018audition de Olivier Boko report\u00e9e\"}]},{\"@type\":\"WebSite\",\"@id\":\"https:\\\/\\\/lepatriotebenin.com\\\/#website\",\"url\":\"https:\\\/\\\/lepatriotebenin.com\\\/\",\"name\":\"Le Patriote\",\"description\":\"Le Patriote B\u00e9nin\",\"potentialAction\":[{\"@type\":\"SearchAction\",\"target\":{\"@type\":\"EntryPoint\",\"urlTemplate\":\"https:\\\/\\\/lepatriotebenin.com\\\/?s={search_term_string}\"},\"query-input\":{\"@type\":\"PropertyValueSpecification\",\"valueRequired\":true,\"valueName\":\"search_term_string\"}}],\"inLanguage\":\"fr-FR\"},{\"@type\":\"Person\",\"@id\":\"https:\\\/\\\/lepatriotebenin.com\\\/#\\\/schema\\\/person\\\/4a9b67216c97d04045e01405c534c91f\",\"name\":\"Roland AFFANOU\",\"image\":{\"@type\":\"ImageObject\",\"inLanguage\":\"fr-FR\",\"@id\":\"https:\\\/\\\/secure.gravatar.com\\\/avatar\\\/7209d3f6d2d47ea4d0c67e14d3effb61feb10ae540a4381280c66265de5bd643?s=96&d=mm&r=g\",\"url\":\"https:\\\/\\\/secure.gravatar.com\\\/avatar\\\/7209d3f6d2d47ea4d0c67e14d3effb61feb10ae540a4381280c66265de5bd643?s=96&d=mm&r=g\",\"contentUrl\":\"https:\\\/\\\/secure.gravatar.com\\\/avatar\\\/7209d3f6d2d47ea4d0c67e14d3effb61feb10ae540a4381280c66265de5bd643?s=96&d=mm&r=g\",\"caption\":\"Roland AFFANOU\"},\"url\":\"https:\\\/\\\/lepatriotebenin.com\"}]}<\/script>\n<!-- \/ Yoast SEO plugin. -->","yoast_head_json":{"title":"Commission d\u2019instruction de la CRIET :\u00a0L\u2018audition de Olivier Boko report\u00e9e - Le Patriote","robots":{"index":"index","follow":"follow","max-snippet":"max-snippet:-1","max-image-preview":"max-image-preview:large","max-video-preview":"max-video-preview:-1"},"canonical":"https:\/\/lepatriotebenin.com\/index.php\/2024\/10\/26\/commission-dinstruction-de-la-criet-laudition-de-olivier-boko-reportee\/","og_locale":"fr_FR","og_type":"article","og_title":"Commission d\u2019instruction de la CRIET :\u00a0L\u2018audition de Olivier Boko report\u00e9e - Le Patriote","og_description":"\u00a0Initialement pr\u00e9vue pour se d\u00e9rouler ce vendredi 25 octobre 2024, l\u2019audition de l\u2019homme d\u2019affaires et ami personnel du pr\u00e9sident de la R\u00e9publique Patrice Talon, Olivier Boko devant la Commission d\u2019instruction&hellip;","og_url":"https:\/\/lepatriotebenin.com\/index.php\/2024\/10\/26\/commission-dinstruction-de-la-criet-laudition-de-olivier-boko-reportee\/","og_site_name":"Le Patriote","article_published_time":"2024-10-26T11:25:32+00:00","article_modified_time":"2024-10-26T11:25:36+00:00","og_image":[{"width":1008,"height":567,"url":"https:\/\/lepatriotebenin.com\/wp-content\/uploads\/2024\/10\/olivier-et-homeky-2.png","type":"image\/png"}],"author":"Roland AFFANOU","twitter_card":"summary_large_image","twitter_misc":{"\u00c9crit par":"Roland AFFANOU","Dur\u00e9e de lecture estim\u00e9e":"1 minute"},"schema":{"@context":"https:\/\/schema.org","@graph":[{"@type":"Article","@id":"https:\/\/lepatriotebenin.com\/index.php\/2024\/10\/26\/commission-dinstruction-de-la-criet-laudition-de-olivier-boko-reportee\/#article","isPartOf":{"@id":"https:\/\/lepatriotebenin.com\/index.php\/2024\/10\/26\/commission-dinstruction-de-la-criet-laudition-de-olivier-boko-reportee\/"},"author":{"name":"Roland AFFANOU","@id":"https:\/\/lepatriotebenin.com\/#\/schema\/person\/4a9b67216c97d04045e01405c534c91f"},"headline":"Commission d\u2019instruction de la CRIET :\u00a0L\u2018audition de Olivier Boko report\u00e9e","datePublished":"2024-10-26T11:25:32+00:00","dateModified":"2024-10-26T11:25:36+00:00","mainEntityOfPage":{"@id":"https:\/\/lepatriotebenin.com\/index.php\/2024\/10\/26\/commission-dinstruction-de-la-criet-laudition-de-olivier-boko-reportee\/"},"wordCount":157,"commentCount":0,"image":{"@id":"https:\/\/lepatriotebenin.com\/index.php\/2024\/10\/26\/commission-dinstruction-de-la-criet-laudition-de-olivier-boko-reportee\/#primaryimage"},"thumbnailUrl":"https:\/\/lepatriotebenin.com\/wp-content\/uploads\/2024\/10\/olivier-et-homeky-2.png","articleSection":["Soci\u00e9t\u00e9"],"inLanguage":"fr-FR","potentialAction":[{"@type":"CommentAction","name":"Comment","target":["https:\/\/lepatriotebenin.com\/index.php\/2024\/10\/26\/commission-dinstruction-de-la-criet-laudition-de-olivier-boko-reportee\/#respond"]}]},{"@type":"WebPage","@id":"https:\/\/lepatriotebenin.com\/index.php\/2024\/10\/26\/commission-dinstruction-de-la-criet-laudition-de-olivier-boko-reportee\/","url":"https:\/\/lepatriotebenin.com\/index.php\/2024\/10\/26\/commission-dinstruction-de-la-criet-laudition-de-olivier-boko-reportee\/","name":"Commission d\u2019instruction de la CRIET :\u00a0L\u2018audition de Olivier Boko report\u00e9e - Le Patriote","isPartOf":{"@id":"https:\/\/lepatriotebenin.com\/#website"},"primaryImageOfPage":{"@id":"https:\/\/lepatriotebenin.com\/index.php\/2024\/10\/26\/commission-dinstruction-de-la-criet-laudition-de-olivier-boko-reportee\/#primaryimage"},"image":{"@id":"https:\/\/lepatriotebenin.com\/index.php\/2024\/10\/26\/commission-dinstruction-de-la-criet-laudition-de-olivier-boko-reportee\/#primaryimage"},"thumbnailUrl":"https:\/\/lepatriotebenin.com\/wp-content\/uploads\/2024\/10\/olivier-et-homeky-2.png","datePublished":"2024-10-26T11:25:32+00:00","dateModified":"2024-10-26T11:25:36+00:00","author":{"@id":"https:\/\/lepatriotebenin.com\/#\/schema\/person\/4a9b67216c97d04045e01405c534c91f"},"breadcrumb":{"@id":"https:\/\/lepatriotebenin.com\/index.php\/2024\/10\/26\/commission-dinstruction-de-la-criet-laudition-de-olivier-boko-reportee\/#breadcrumb"},"inLanguage":"fr-FR","potentialAction":[{"@type":"ReadAction","target":["https:\/\/lepatriotebenin.com\/index.php\/2024\/10\/26\/commission-dinstruction-de-la-criet-laudition-de-olivier-boko-reportee\/"]}]},{"@type":"ImageObject","inLanguage":"fr-FR","@id":"https:\/\/lepatriotebenin.com\/index.php\/2024\/10\/26\/commission-dinstruction-de-la-criet-laudition-de-olivier-boko-reportee\/#primaryimage","url":"https:\/\/lepatriotebenin.com\/wp-content\/uploads\/2024\/10\/olivier-et-homeky-2.png","contentUrl":"https:\/\/lepatriotebenin.com\/wp-content\/uploads\/2024\/10\/olivier-et-homeky-2.png","width":1008,"height":567},{"@type":"BreadcrumbList","@id":"https:\/\/lepatriotebenin.com\/index.php\/2024\/10\/26\/commission-dinstruction-de-la-criet-laudition-de-olivier-boko-reportee\/#breadcrumb","itemListElement":[{"@type":"ListItem","position":1,"name":"Accueil","item":"https:\/\/lepatriotebenin.com\/"},{"@type":"ListItem","position":2,"name":"Commission d\u2019instruction de la CRIET :\u00a0L\u2018audition de Olivier Boko report\u00e9e"}]},{"@type":"WebSite","@id":"https:\/\/lepatriotebenin.com\/#website","url":"https:\/\/lepatriotebenin.com\/","name":"Le Patriote","description":"Le Patriote B\u00e9nin","potentialAction":[{"@type":"SearchAction","target":{"@type":"EntryPoint","urlTemplate":"https:\/\/lepatriotebenin.com\/?s={search_term_string}"},"query-input":{"@type":"PropertyValueSpecification","valueRequired":true,"valueName":"search_term_string"}}],"inLanguage":"fr-FR"},{"@type":"Person","@id":"https:\/\/lepatriotebenin.com\/#\/schema\/person\/4a9b67216c97d04045e01405c534c91f","name":"Roland AFFANOU","image":{"@type":"ImageObject","inLanguage":"fr-FR","@id":"https:\/\/secure.gravatar.com\/avatar\/7209d3f6d2d47ea4d0c67e14d3effb61feb10ae540a4381280c66265de5bd643?s=96&d=mm&r=g","url":"https:\/\/secure.gravatar.com\/avatar\/7209d3f6d2d47ea4d0c67e14d3effb61feb10ae540a4381280c66265de5bd643?s=96&d=mm&r=g","contentUrl":"https:\/\/secure.gravatar.com\/avatar\/7209d3f6d2d47ea4d0c67e14d3effb61feb10ae540a4381280c66265de5bd643?s=96&d=mm&r=g","caption":"Roland AFFANOU"},"url":"https:\/\/lepatriotebenin.com"}]}},"_links":{"self":[{"href":"https:\/\/lepatriotebenin.com\/index.php\/wp-json\/wp\/v2\/posts\/8617","targetHints":{"allow":["GET"]}}],"collection":[{"href":"https:\/\/lepatriotebenin.com\/index.php\/wp-json\/wp\/v2\/posts"}],"about":[{"href":"https:\/\/lepatriotebenin.com\/index.php\/wp-json\/wp\/v2\/types\/post"}],"author":[{"embeddable":true,"href":"https:\/\/lepatriotebenin.com\/index.php\/wp-json\/wp\/v2\/users\/6"}],"replies":[{"embeddable":true,"href":"https:\/\/lepatriotebenin.com\/index.php\/wp-json\/wp\/v2\/comments?post=8617"}],"version-history":[{"count":1,"href":"https:\/\/lepatriotebenin.com\/index.php\/wp-json\/wp\/v2\/posts\/8617\/revisions"}],"predecessor-version":[{"id":8619,"href":"https:\/\/lepatriotebenin.com\/index.php\/wp-json\/wp\/v2\/posts\/8617\/revisions\/8619"}],"wp:featuredmedia":[{"embeddable":true,"href":"https:\/\/lepatriotebenin.com\/index.php\/wp-json\/wp\/v2\/media\/8618"}],"wp:attachment":[{"href":"https:\/\/lepatriotebenin.com\/index.php\/wp-json\/wp\/v2\/media?parent=8617"}],"wp:term":[{"taxonomy":"category","embeddable":true,"href":"https:\/\/lepatriotebenin.com\/index.php\/wp-json\/wp\/v2\/categories?post=8617"},{"taxonomy":"post_tag","embeddable":true,"href":"https:\/\/lepatriotebenin.com\/index.php\/wp-json\/wp\/v2\/tags?post=8617"}],"curies":[{"name":"wp","href":"https:\/\/api.w.org\/{rel}","templated":true}]}}