{"id":8614,"date":"2024-10-26T13:22:41","date_gmt":"2024-10-26T11:22:41","guid":{"rendered":"https:\/\/lepatriotebenin.com\/?p=8614"},"modified":"2024-10-26T13:22:42","modified_gmt":"2024-10-26T11:22:42","slug":"legislatives-au-senegal-bassirou-diomaye-faye-appelle-a-la-retenue","status":"publish","type":"post","link":"https:\/\/lepatriotebenin.com\/index.php\/2024\/10\/26\/legislatives-au-senegal-bassirou-diomaye-faye-appelle-a-la-retenue\/","title":{"rendered":"L\u00e9gislatives au S\u00e9n\u00e9gal : Bassirou Diomaye Faye appelle \u00e0 la retenue"},"content":{"rendered":"\n<p>&nbsp; Le peuple s\u00e9n\u00e9galais ira aux urnes le<strong> 17 novembre 2024<\/strong> pour \u00e9lire leurs repr\u00e9sentants \u00e0 l\u2019Assembl\u00e9e nationale. &nbsp;Le <strong>vendredi 25 octobre 2024<\/strong>, veille du d\u00e9marrage de la campagne \u00e9lectorale des l\u00e9gislatives anticip\u00e9es, le pr\u00e9sident <strong>Bassirou Diomaye Faye <\/strong>s\u2019est adress\u00e9, depuis le Palais de la Pr\u00e9sidence &nbsp;&nbsp;de la R\u00e9publique, \u00e0 sa population.&nbsp;&nbsp; Dans son allocation, il s\u2019est inqui\u00e9t\u00e9 des discours&nbsp;&nbsp; aux relents communautaires. C\u2019est pour cela qu\u2019il a invit\u00e9 les citoyens s\u00e9n\u00e9galais <em>\u201c\u00e0 \u00e9viter les d\u00e9rives dans leur discours\u201d et <\/em>a profit\u00e9 de l\u2019occasion qui lui a \u00e9t\u00e9 offerte pour lancer un appel \u00e0 la retenue.&nbsp;&nbsp;<\/p>\n\n\n\n<p>Le pr\u00e9sident s\u00e9n\u00e9galais a par ailleurs promis que les \u00e9lections seront libres et transparentes. &nbsp;Faut-il&nbsp;&nbsp; le rappeler, l\u2019Assembl\u00e9e nationale qui est en place avant l\u2019arriv\u00e9e de l\u2019\u00e9quipe dirigeante du pays ne lui est pas favorable. C\u2019est pour disposer d\u2019une majorit\u00e9 stable que le parlement sortant a \u00e9t\u00e9 dissout le jeudi 12 septembre 2024 par le pr\u00e9sident Diomaye Faye, en vertu des pouvoirs qui lui sont conf\u00e9r\u00e9s par <strong>l&rsquo;article 87 de<\/strong> la constitution lors d\u2019un discours t\u00e9l\u00e9vis\u00e9, diffus\u00e9 par la cha\u00eene nationale s\u00e9n\u00e9galaise&nbsp;<\/p>\n\n\n\n<p>Lors de son adresse \u00e0 la nation, il a \u00e9voqu\u00e9 plusieurs raisons qui l\u2019ont amen\u00e9 \u00e0 prendre cette d\u00e9cision. Il est connu de tous que depuis un certain temps que la majorit\u00e9 \u00e0 l&rsquo;Assembl\u00e9e nationale s\u00e9n\u00e9galaise ne parle plus le m\u00eame langage que le nouveau gouvernement en fonction. Cela s\u2019est plus intensifi\u00e9, lorsque le gouvernement avait annonc\u00e9 une modification partielle de la constitution. La menace des opposants au recours d&rsquo;une motion de censure t\u00e9moigne de l&rsquo;escalade entre les deux parties.<\/p>\n\n\n\n<p>\u00ab\u00a0<em>Enfin, en allant jusqu\u2019\u00e0 l\u2019usurpation des pr\u00e9rogatives constitutionnelles du pr\u00e9sident de la R\u00e9publique pour fixer une date pour la D\u00e9claration de politique g\u00e9n\u00e9rale, en violation flagrante de l\u2019article 84 de la Constitution et de l\u2019article 97 de la loi organique portant r\u00e8glement int\u00e9rieur de l\u2019Assembl\u00e9e nationale. Sans parler de la menace d\u2019une motion de censure que cette majorit\u00e9 fait planer sur le gouvernement \u00ab\u00a0,<\/em> a d\u00e9clar\u00e9 le pr\u00e9sident s\u00e9n\u00e9galais Faye dans son adresse \u00e0 la nation. A l\u2019en croire, cette dissolution a pour but de clarifier le jeu d\u00e9mocratique et lui donner une majorit\u00e9 stable pour gouverner. \u201c<em>Je dissous l&rsquo;Assembl\u00e9e nationale<\/em> \u201c pour avoir une majorit\u00e9 afin de me permettre<em> \u201cde donner corps \u00e0 la transformation syst\u00e9mique que je leur ai promises. <\/em>\u00bb a-t-il indiqu\u00e9.<\/p>\n","protected":false},"excerpt":{"rendered":"<p>&nbsp; Le peuple s\u00e9n\u00e9galais ira aux urnes le 17 novembre 2024 pour \u00e9lire leurs repr\u00e9sentants \u00e0 l\u2019Assembl\u00e9e nationale. &nbsp;Le vendredi 25 octobre 2024, veille du d\u00e9marrage de la campagne \u00e9lectorale&hellip;<\/p>\n","protected":false},"author":6,"featured_media":8615,"comment_status":"open","ping_status":"open","sticky":false,"template":"","format":"standard","meta":{"content-type":"","om_disable_all_campaigns":false,"_monsterinsights_skip_tracking":false,"_monsterinsights_sitenote_active":false,"_monsterinsights_sitenote_note":"","_monsterinsights_sitenote_category":0,"_uf_show_specific_survey":0,"_uf_disable_surveys":false,"footnotes":""},"categories":[9],"tags":[],"class_list":["post-8614","post","type-post","status-publish","format-standard","has-post-thumbnail","hentry","category-uncategorized"],"aioseo_notices":[],"yoast_head":"<!-- This site is optimized with the Yoast SEO plugin v27.5 - https:\/\/yoast.com\/product\/yoast-seo-wordpress\/ -->\n<title>L\u00e9gislatives au S\u00e9n\u00e9gal : Bassirou Diomaye Faye appelle \u00e0 la retenue - Le Patriote<\/title>\n<meta name=\"robots\" content=\"index, follow, max-snippet:-1, max-image-preview:large, max-video-preview:-1\" \/>\n<link rel=\"canonical\" href=\"https:\/\/lepatriotebenin.com\/index.php\/2024\/10\/26\/legislatives-au-senegal-bassirou-diomaye-faye-appelle-a-la-retenue\/\" \/>\n<meta property=\"og:locale\" content=\"fr_FR\" \/>\n<meta property=\"og:type\" content=\"article\" \/>\n<meta property=\"og:title\" content=\"L\u00e9gislatives au S\u00e9n\u00e9gal : Bassirou Diomaye Faye appelle \u00e0 la retenue - Le Patriote\" \/>\n<meta property=\"og:description\" content=\"&nbsp; Le peuple s\u00e9n\u00e9galais ira aux urnes le 17 novembre 2024 pour \u00e9lire leurs repr\u00e9sentants \u00e0 l\u2019Assembl\u00e9e nationale. &nbsp;Le vendredi 25 octobre 2024, veille du d\u00e9marrage de la campagne \u00e9lectorale&hellip;\" \/>\n<meta property=\"og:url\" content=\"https:\/\/lepatriotebenin.com\/index.php\/2024\/10\/26\/legislatives-au-senegal-bassirou-diomaye-faye-appelle-a-la-retenue\/\" \/>\n<meta property=\"og:site_name\" content=\"Le Patriote\" \/>\n<meta property=\"article:published_time\" content=\"2024-10-26T11:22:41+00:00\" \/>\n<meta property=\"article:modified_time\" content=\"2024-10-26T11:22:42+00:00\" \/>\n<meta property=\"og:image\" content=\"https:\/\/lepatriotebenin.com\/wp-content\/uploads\/2024\/10\/bassirou-diomaye.jpg\" \/>\n\t<meta property=\"og:image:width\" content=\"1600\" \/>\n\t<meta property=\"og:image:height\" content=\"1068\" \/>\n\t<meta property=\"og:image:type\" content=\"image\/jpeg\" \/>\n<meta name=\"author\" content=\"Roland AFFANOU\" \/>\n<meta name=\"twitter:card\" content=\"summary_large_image\" \/>\n<meta name=\"twitter:label1\" content=\"\u00c9crit par\" \/>\n\t<meta name=\"twitter:data1\" content=\"Roland AFFANOU\" \/>\n\t<meta name=\"twitter:label2\" content=\"Dur\u00e9e de lecture estim\u00e9e\" \/>\n\t<meta name=\"twitter:data2\" content=\"2 minutes\" \/>\n<script type=\"application\/ld+json\" class=\"yoast-schema-graph\">{\"@context\":\"https:\\\/\\\/schema.org\",\"@graph\":[{\"@type\":\"Article\",\"@id\":\"https:\\\/\\\/lepatriotebenin.com\\\/index.php\\\/2024\\\/10\\\/26\\\/legislatives-au-senegal-bassirou-diomaye-faye-appelle-a-la-retenue\\\/#article\",\"isPartOf\":{\"@id\":\"https:\\\/\\\/lepatriotebenin.com\\\/index.php\\\/2024\\\/10\\\/26\\\/legislatives-au-senegal-bassirou-diomaye-faye-appelle-a-la-retenue\\\/\"},\"author\":{\"name\":\"Roland AFFANOU\",\"@id\":\"https:\\\/\\\/lepatriotebenin.com\\\/#\\\/schema\\\/person\\\/4a9b67216c97d04045e01405c534c91f\"},\"headline\":\"L\u00e9gislatives au S\u00e9n\u00e9gal : Bassirou Diomaye Faye appelle \u00e0 la retenue\",\"datePublished\":\"2024-10-26T11:22:41+00:00\",\"dateModified\":\"2024-10-26T11:22:42+00:00\",\"mainEntityOfPage\":{\"@id\":\"https:\\\/\\\/lepatriotebenin.com\\\/index.php\\\/2024\\\/10\\\/26\\\/legislatives-au-senegal-bassirou-diomaye-faye-appelle-a-la-retenue\\\/\"},\"wordCount\":461,\"commentCount\":0,\"image\":{\"@id\":\"https:\\\/\\\/lepatriotebenin.com\\\/index.php\\\/2024\\\/10\\\/26\\\/legislatives-au-senegal-bassirou-diomaye-faye-appelle-a-la-retenue\\\/#primaryimage\"},\"thumbnailUrl\":\"https:\\\/\\\/lepatriotebenin.com\\\/wp-content\\\/uploads\\\/2024\\\/10\\\/bassirou-diomaye.jpg\",\"articleSection\":[\"Uncategorized\"],\"inLanguage\":\"fr-FR\",\"potentialAction\":[{\"@type\":\"CommentAction\",\"name\":\"Comment\",\"target\":[\"https:\\\/\\\/lepatriotebenin.com\\\/index.php\\\/2024\\\/10\\\/26\\\/legislatives-au-senegal-bassirou-diomaye-faye-appelle-a-la-retenue\\\/#respond\"]}]},{\"@type\":\"WebPage\",\"@id\":\"https:\\\/\\\/lepatriotebenin.com\\\/index.php\\\/2024\\\/10\\\/26\\\/legislatives-au-senegal-bassirou-diomaye-faye-appelle-a-la-retenue\\\/\",\"url\":\"https:\\\/\\\/lepatriotebenin.com\\\/index.php\\\/2024\\\/10\\\/26\\\/legislatives-au-senegal-bassirou-diomaye-faye-appelle-a-la-retenue\\\/\",\"name\":\"L\u00e9gislatives au S\u00e9n\u00e9gal : Bassirou Diomaye Faye appelle \u00e0 la retenue - Le Patriote\",\"isPartOf\":{\"@id\":\"https:\\\/\\\/lepatriotebenin.com\\\/#website\"},\"primaryImageOfPage\":{\"@id\":\"https:\\\/\\\/lepatriotebenin.com\\\/index.php\\\/2024\\\/10\\\/26\\\/legislatives-au-senegal-bassirou-diomaye-faye-appelle-a-la-retenue\\\/#primaryimage\"},\"image\":{\"@id\":\"https:\\\/\\\/lepatriotebenin.com\\\/index.php\\\/2024\\\/10\\\/26\\\/legislatives-au-senegal-bassirou-diomaye-faye-appelle-a-la-retenue\\\/#primaryimage\"},\"thumbnailUrl\":\"https:\\\/\\\/lepatriotebenin.com\\\/wp-content\\\/uploads\\\/2024\\\/10\\\/bassirou-diomaye.jpg\",\"datePublished\":\"2024-10-26T11:22:41+00:00\",\"dateModified\":\"2024-10-26T11:22:42+00:00\",\"author\":{\"@id\":\"https:\\\/\\\/lepatriotebenin.com\\\/#\\\/schema\\\/person\\\/4a9b67216c97d04045e01405c534c91f\"},\"breadcrumb\":{\"@id\":\"https:\\\/\\\/lepatriotebenin.com\\\/index.php\\\/2024\\\/10\\\/26\\\/legislatives-au-senegal-bassirou-diomaye-faye-appelle-a-la-retenue\\\/#breadcrumb\"},\"inLanguage\":\"fr-FR\",\"potentialAction\":[{\"@type\":\"ReadAction\",\"target\":[\"https:\\\/\\\/lepatriotebenin.com\\\/index.php\\\/2024\\\/10\\\/26\\\/legislatives-au-senegal-bassirou-diomaye-faye-appelle-a-la-retenue\\\/\"]}]},{\"@type\":\"ImageObject\",\"inLanguage\":\"fr-FR\",\"@id\":\"https:\\\/\\\/lepatriotebenin.com\\\/index.php\\\/2024\\\/10\\\/26\\\/legislatives-au-senegal-bassirou-diomaye-faye-appelle-a-la-retenue\\\/#primaryimage\",\"url\":\"https:\\\/\\\/lepatriotebenin.com\\\/wp-content\\\/uploads\\\/2024\\\/10\\\/bassirou-diomaye.jpg\",\"contentUrl\":\"https:\\\/\\\/lepatriotebenin.com\\\/wp-content\\\/uploads\\\/2024\\\/10\\\/bassirou-diomaye.jpg\",\"width\":1600,\"height\":1068},{\"@type\":\"BreadcrumbList\",\"@id\":\"https:\\\/\\\/lepatriotebenin.com\\\/index.php\\\/2024\\\/10\\\/26\\\/legislatives-au-senegal-bassirou-diomaye-faye-appelle-a-la-retenue\\\/#breadcrumb\",\"itemListElement\":[{\"@type\":\"ListItem\",\"position\":1,\"name\":\"Accueil\",\"item\":\"https:\\\/\\\/lepatriotebenin.com\\\/\"},{\"@type\":\"ListItem\",\"position\":2,\"name\":\"L\u00e9gislatives au S\u00e9n\u00e9gal : Bassirou Diomaye Faye appelle \u00e0 la retenue\"}]},{\"@type\":\"WebSite\",\"@id\":\"https:\\\/\\\/lepatriotebenin.com\\\/#website\",\"url\":\"https:\\\/\\\/lepatriotebenin.com\\\/\",\"name\":\"Le Patriote\",\"description\":\"Le Patriote B\u00e9nin\",\"potentialAction\":[{\"@type\":\"SearchAction\",\"target\":{\"@type\":\"EntryPoint\",\"urlTemplate\":\"https:\\\/\\\/lepatriotebenin.com\\\/?s={search_term_string}\"},\"query-input\":{\"@type\":\"PropertyValueSpecification\",\"valueRequired\":true,\"valueName\":\"search_term_string\"}}],\"inLanguage\":\"fr-FR\"},{\"@type\":\"Person\",\"@id\":\"https:\\\/\\\/lepatriotebenin.com\\\/#\\\/schema\\\/person\\\/4a9b67216c97d04045e01405c534c91f\",\"name\":\"Roland AFFANOU\",\"image\":{\"@type\":\"ImageObject\",\"inLanguage\":\"fr-FR\",\"@id\":\"https:\\\/\\\/secure.gravatar.com\\\/avatar\\\/7209d3f6d2d47ea4d0c67e14d3effb61feb10ae540a4381280c66265de5bd643?s=96&d=mm&r=g\",\"url\":\"https:\\\/\\\/secure.gravatar.com\\\/avatar\\\/7209d3f6d2d47ea4d0c67e14d3effb61feb10ae540a4381280c66265de5bd643?s=96&d=mm&r=g\",\"contentUrl\":\"https:\\\/\\\/secure.gravatar.com\\\/avatar\\\/7209d3f6d2d47ea4d0c67e14d3effb61feb10ae540a4381280c66265de5bd643?s=96&d=mm&r=g\",\"caption\":\"Roland AFFANOU\"},\"url\":\"https:\\\/\\\/lepatriotebenin.com\"}]}<\/script>\n<!-- \/ Yoast SEO plugin. -->","yoast_head_json":{"title":"L\u00e9gislatives au S\u00e9n\u00e9gal : Bassirou Diomaye Faye appelle \u00e0 la retenue - Le Patriote","robots":{"index":"index","follow":"follow","max-snippet":"max-snippet:-1","max-image-preview":"max-image-preview:large","max-video-preview":"max-video-preview:-1"},"canonical":"https:\/\/lepatriotebenin.com\/index.php\/2024\/10\/26\/legislatives-au-senegal-bassirou-diomaye-faye-appelle-a-la-retenue\/","og_locale":"fr_FR","og_type":"article","og_title":"L\u00e9gislatives au S\u00e9n\u00e9gal : Bassirou Diomaye Faye appelle \u00e0 la retenue - Le Patriote","og_description":"&nbsp; Le peuple s\u00e9n\u00e9galais ira aux urnes le 17 novembre 2024 pour \u00e9lire leurs repr\u00e9sentants \u00e0 l\u2019Assembl\u00e9e nationale. &nbsp;Le vendredi 25 octobre 2024, veille du d\u00e9marrage de la campagne \u00e9lectorale&hellip;","og_url":"https:\/\/lepatriotebenin.com\/index.php\/2024\/10\/26\/legislatives-au-senegal-bassirou-diomaye-faye-appelle-a-la-retenue\/","og_site_name":"Le Patriote","article_published_time":"2024-10-26T11:22:41+00:00","article_modified_time":"2024-10-26T11:22:42+00:00","og_image":[{"width":1600,"height":1068,"url":"https:\/\/lepatriotebenin.com\/wp-content\/uploads\/2024\/10\/bassirou-diomaye.jpg","type":"image\/jpeg"}],"author":"Roland AFFANOU","twitter_card":"summary_large_image","twitter_misc":{"\u00c9crit par":"Roland AFFANOU","Dur\u00e9e de lecture estim\u00e9e":"2 minutes"},"schema":{"@context":"https:\/\/schema.org","@graph":[{"@type":"Article","@id":"https:\/\/lepatriotebenin.com\/index.php\/2024\/10\/26\/legislatives-au-senegal-bassirou-diomaye-faye-appelle-a-la-retenue\/#article","isPartOf":{"@id":"https:\/\/lepatriotebenin.com\/index.php\/2024\/10\/26\/legislatives-au-senegal-bassirou-diomaye-faye-appelle-a-la-retenue\/"},"author":{"name":"Roland AFFANOU","@id":"https:\/\/lepatriotebenin.com\/#\/schema\/person\/4a9b67216c97d04045e01405c534c91f"},"headline":"L\u00e9gislatives au S\u00e9n\u00e9gal : Bassirou Diomaye Faye appelle \u00e0 la retenue","datePublished":"2024-10-26T11:22:41+00:00","dateModified":"2024-10-26T11:22:42+00:00","mainEntityOfPage":{"@id":"https:\/\/lepatriotebenin.com\/index.php\/2024\/10\/26\/legislatives-au-senegal-bassirou-diomaye-faye-appelle-a-la-retenue\/"},"wordCount":461,"commentCount":0,"image":{"@id":"https:\/\/lepatriotebenin.com\/index.php\/2024\/10\/26\/legislatives-au-senegal-bassirou-diomaye-faye-appelle-a-la-retenue\/#primaryimage"},"thumbnailUrl":"https:\/\/lepatriotebenin.com\/wp-content\/uploads\/2024\/10\/bassirou-diomaye.jpg","articleSection":["Uncategorized"],"inLanguage":"fr-FR","potentialAction":[{"@type":"CommentAction","name":"Comment","target":["https:\/\/lepatriotebenin.com\/index.php\/2024\/10\/26\/legislatives-au-senegal-bassirou-diomaye-faye-appelle-a-la-retenue\/#respond"]}]},{"@type":"WebPage","@id":"https:\/\/lepatriotebenin.com\/index.php\/2024\/10\/26\/legislatives-au-senegal-bassirou-diomaye-faye-appelle-a-la-retenue\/","url":"https:\/\/lepatriotebenin.com\/index.php\/2024\/10\/26\/legislatives-au-senegal-bassirou-diomaye-faye-appelle-a-la-retenue\/","name":"L\u00e9gislatives au S\u00e9n\u00e9gal : Bassirou Diomaye Faye appelle \u00e0 la retenue - Le Patriote","isPartOf":{"@id":"https:\/\/lepatriotebenin.com\/#website"},"primaryImageOfPage":{"@id":"https:\/\/lepatriotebenin.com\/index.php\/2024\/10\/26\/legislatives-au-senegal-bassirou-diomaye-faye-appelle-a-la-retenue\/#primaryimage"},"image":{"@id":"https:\/\/lepatriotebenin.com\/index.php\/2024\/10\/26\/legislatives-au-senegal-bassirou-diomaye-faye-appelle-a-la-retenue\/#primaryimage"},"thumbnailUrl":"https:\/\/lepatriotebenin.com\/wp-content\/uploads\/2024\/10\/bassirou-diomaye.jpg","datePublished":"2024-10-26T11:22:41+00:00","dateModified":"2024-10-26T11:22:42+00:00","author":{"@id":"https:\/\/lepatriotebenin.com\/#\/schema\/person\/4a9b67216c97d04045e01405c534c91f"},"breadcrumb":{"@id":"https:\/\/lepatriotebenin.com\/index.php\/2024\/10\/26\/legislatives-au-senegal-bassirou-diomaye-faye-appelle-a-la-retenue\/#breadcrumb"},"inLanguage":"fr-FR","potentialAction":[{"@type":"ReadAction","target":["https:\/\/lepatriotebenin.com\/index.php\/2024\/10\/26\/legislatives-au-senegal-bassirou-diomaye-faye-appelle-a-la-retenue\/"]}]},{"@type":"ImageObject","inLanguage":"fr-FR","@id":"https:\/\/lepatriotebenin.com\/index.php\/2024\/10\/26\/legislatives-au-senegal-bassirou-diomaye-faye-appelle-a-la-retenue\/#primaryimage","url":"https:\/\/lepatriotebenin.com\/wp-content\/uploads\/2024\/10\/bassirou-diomaye.jpg","contentUrl":"https:\/\/lepatriotebenin.com\/wp-content\/uploads\/2024\/10\/bassirou-diomaye.jpg","width":1600,"height":1068},{"@type":"BreadcrumbList","@id":"https:\/\/lepatriotebenin.com\/index.php\/2024\/10\/26\/legislatives-au-senegal-bassirou-diomaye-faye-appelle-a-la-retenue\/#breadcrumb","itemListElement":[{"@type":"ListItem","position":1,"name":"Accueil","item":"https:\/\/lepatriotebenin.com\/"},{"@type":"ListItem","position":2,"name":"L\u00e9gislatives au S\u00e9n\u00e9gal : Bassirou Diomaye Faye appelle \u00e0 la retenue"}]},{"@type":"WebSite","@id":"https:\/\/lepatriotebenin.com\/#website","url":"https:\/\/lepatriotebenin.com\/","name":"Le Patriote","description":"Le Patriote B\u00e9nin","potentialAction":[{"@type":"SearchAction","target":{"@type":"EntryPoint","urlTemplate":"https:\/\/lepatriotebenin.com\/?s={search_term_string}"},"query-input":{"@type":"PropertyValueSpecification","valueRequired":true,"valueName":"search_term_string"}}],"inLanguage":"fr-FR"},{"@type":"Person","@id":"https:\/\/lepatriotebenin.com\/#\/schema\/person\/4a9b67216c97d04045e01405c534c91f","name":"Roland AFFANOU","image":{"@type":"ImageObject","inLanguage":"fr-FR","@id":"https:\/\/secure.gravatar.com\/avatar\/7209d3f6d2d47ea4d0c67e14d3effb61feb10ae540a4381280c66265de5bd643?s=96&d=mm&r=g","url":"https:\/\/secure.gravatar.com\/avatar\/7209d3f6d2d47ea4d0c67e14d3effb61feb10ae540a4381280c66265de5bd643?s=96&d=mm&r=g","contentUrl":"https:\/\/secure.gravatar.com\/avatar\/7209d3f6d2d47ea4d0c67e14d3effb61feb10ae540a4381280c66265de5bd643?s=96&d=mm&r=g","caption":"Roland AFFANOU"},"url":"https:\/\/lepatriotebenin.com"}]}},"_links":{"self":[{"href":"https:\/\/lepatriotebenin.com\/index.php\/wp-json\/wp\/v2\/posts\/8614","targetHints":{"allow":["GET"]}}],"collection":[{"href":"https:\/\/lepatriotebenin.com\/index.php\/wp-json\/wp\/v2\/posts"}],"about":[{"href":"https:\/\/lepatriotebenin.com\/index.php\/wp-json\/wp\/v2\/types\/post"}],"author":[{"embeddable":true,"href":"https:\/\/lepatriotebenin.com\/index.php\/wp-json\/wp\/v2\/users\/6"}],"replies":[{"embeddable":true,"href":"https:\/\/lepatriotebenin.com\/index.php\/wp-json\/wp\/v2\/comments?post=8614"}],"version-history":[{"count":1,"href":"https:\/\/lepatriotebenin.com\/index.php\/wp-json\/wp\/v2\/posts\/8614\/revisions"}],"predecessor-version":[{"id":8616,"href":"https:\/\/lepatriotebenin.com\/index.php\/wp-json\/wp\/v2\/posts\/8614\/revisions\/8616"}],"wp:featuredmedia":[{"embeddable":true,"href":"https:\/\/lepatriotebenin.com\/index.php\/wp-json\/wp\/v2\/media\/8615"}],"wp:attachment":[{"href":"https:\/\/lepatriotebenin.com\/index.php\/wp-json\/wp\/v2\/media?parent=8614"}],"wp:term":[{"taxonomy":"category","embeddable":true,"href":"https:\/\/lepatriotebenin.com\/index.php\/wp-json\/wp\/v2\/categories?post=8614"},{"taxonomy":"post_tag","embeddable":true,"href":"https:\/\/lepatriotebenin.com\/index.php\/wp-json\/wp\/v2\/tags?post=8614"}],"curies":[{"name":"wp","href":"https:\/\/api.w.org\/{rel}","templated":true}]}}