{"id":8611,"date":"2024-10-25T18:16:10","date_gmt":"2024-10-25T16:16:10","guid":{"rendered":"https:\/\/lepatriotebenin.com\/?p=8611"},"modified":"2024-10-25T18:16:11","modified_gmt":"2024-10-25T16:16:11","slug":"caf-awards-2024-voici-la-liste-complete-des-nomines","status":"publish","type":"post","link":"https:\/\/lepatriotebenin.com\/index.php\/2024\/10\/25\/caf-awards-2024-voici-la-liste-complete-des-nomines\/","title":{"rendered":"Caf Awards 2024 :\u00a0Voici la liste compl\u00e8te des nomin\u00e9s"},"content":{"rendered":"\n<p>&nbsp;La Conf\u00e9d\u00e9ration africaine de football (Caf) a rendu public ce <strong>jeudi 24 octobre 2024 la<\/strong> liste compl\u00e8te des nomm\u00e9s pour les CAF Awards 2024 dont la c\u00e9r\u00e9monie de remise des prix est pr\u00e9vue pour le <strong>16 d\u00e9cembre 2024<\/strong> \u00e0 Marrakech, au Maroc. &nbsp;Faut-il pr\u00e9ciser les CAF Awards 2024 englobent la p\u00e9riode s&rsquo;\u00e9tendant de <strong>janvier 2024<\/strong> \u00e0 <strong>octobre 2024<\/strong>. Dix (10) joueurs ont \u00e9t\u00e9 pr\u00e9s\u00e9lectionn\u00e9s pour le prestigieux titre de Joueur africain de l&rsquo;ann\u00e9e de la CAF, tandis que dix autres figurent sur la liste pour le titre de Joueur interclub de l&rsquo;ann\u00e9e de la CAF.&nbsp; Dans la cat\u00e9gorie du titre de Joueur africain de l&rsquo;ann\u00e9e de la CAF, on&nbsp;&nbsp; retrouve &nbsp;&nbsp;&nbsp;entre autres le joueur du Paris Saint Germain <strong>Achraf Hakimi<\/strong> qui a \u00e9t\u00e9 devanc\u00e9 l\u2019ann\u00e9e derni\u00e8re&nbsp;&nbsp; par l\u2019attaquant des Super Eagles du Nigeria <strong>Victor Osimhen<\/strong>.&nbsp; Lire la liste compl\u00e8te des nomin\u00e9s.<\/p>\n\n\n\n<p><strong><u>Liste compl\u00e8te des nomin\u00e9s<\/u><\/strong><\/p>\n\n\n\n<p><strong>Joueur de l&rsquo;Ann\u00e9e (Hommes)<\/strong><\/p>\n\n\n\n<ul class=\"wp-block-list\">\n<li>Ronwen Williams (Afrique du Sud \/ Mamelodi Sundowns)<\/li>\n\n\n\n<li>Amine Gouiri (Alg\u00e9rie \/ Rennes)<\/li>\n\n\n\n<li>Edmond Tapsoba (Burkina Faso \/ Bayer Leverkusen)<\/li>\n\n\n\n<li>Simon Adingra (C\u00f4te d&rsquo;Ivoire \/ Brighton &amp; Hove Albion)<\/li>\n\n\n\n<li>Serhou Guirassy (Guin\u00e9e \/ Borussia Dortmund)<\/li>\n\n\n\n<li>Achraf Hakimi (Maroc \/ Paris Saint-Germain)<\/li>\n\n\n\n<li>Soufiane Rahimi (Maroc \/ Al Ain)<\/li>\n\n\n\n<li>Ademola Lookman (Nigeria \/ Atalanta)<\/li>\n\n\n\n<li>William Troost Ekong (Nigeria \/ Al Kholood)<\/li>\n\n\n\n<li>Chancel Mbemba (RD Congo \/ Olympique Marseille)<\/li>\n<\/ul>\n\n\n\n<p><strong>Gardien de But de l&rsquo;Ann\u00e9e (Hommes)<\/strong><\/p>\n\n\n\n<ul class=\"wp-block-list\">\n<li>Ronwen Williams (Afrique du Sud \/ Mamelodi Sundowns)<\/li>\n\n\n\n<li>Oussama Benbot (Alg\u00e9rie \/ USM Alger)<\/li>\n\n\n\n<li>Andr\u00e9 Onana (Cameroun \/ Manchester United)<\/li>\n\n\n\n<li>Yahia Fofana (C\u00f4te d&rsquo;Ivoire \/ Angers SCO)<\/li>\n\n\n\n<li>Mostafa Shobeir (\u00c9gypte \/ Al Ahly)<\/li>\n\n\n\n<li>Djigui Diarra (Mali \/ Young Africans)<\/li>\n\n\n\n<li>Munir El Kajoui (Maroc \/ RS Berkane)<\/li>\n\n\n\n<li>Stanley Nwabali (Nig\u00e9ria \/ Chippa United)<\/li>\n\n\n\n<li>Lionel Mpasi (RD Congo \/ Rodez AF)<\/li>\n\n\n\n<li>Amanallah Memmiche (Tunisie \/ Esp\u00e9rance Sportive de Tunis)<\/li>\n<\/ul>\n\n\n\n<p><strong>Joueur Interclubs de l&rsquo;Ann\u00e9e (Hommes)<\/strong><\/p>\n\n\n\n<ul class=\"wp-block-list\">\n<li>Ronwen Williams (Afrique du Sud \/ Mamelodi Sundowns)<\/li>\n\n\n\n<li>Oussama Benbot (Alg\u00e9rie \/ USM Alger)<\/li>\n\n\n\n<li>Issoufou Dayo (Burkina Faso \/ RS Berkane)<\/li>\n\n\n\n<li>Ahmed Sayed &lsquo;Zizo&rsquo; (\u00c9gypte \/ Zamalek)<\/li>\n\n\n\n<li>Hussein El Shahat (\u00c9gypte \/ Al Ahly)<\/li>\n\n\n\n<li>Mostafa Shobeir (\u00c9gypte \/ Al Ahly)<\/li>\n\n\n\n<li>Abdul Aziz Issah (Ghana \/ Dreams FC)<\/li>\n\n\n\n<li>John Antwi (Ghana \/ Dreams FC)<\/li>\n\n\n\n<li>Amanallah Memmiche (Tunisie \/ Esp\u00e9rance Sportive de Tunis)<\/li>\n\n\n\n<li>Yassine Merriah (Tunisie \/ Esp\u00e9rance Sportive de Tunis)<\/li>\n<\/ul>\n\n\n\n<p><strong>Entra\u00eeneur de l&rsquo;Ann\u00e9e (Hommes)<\/strong><\/p>\n\n\n\n<ul class=\"wp-block-list\">\n<li>Hugo Broos (Afrique du Sud)<\/li>\n\n\n\n<li>Pedro Goncalves (Angola)<\/li>\n\n\n\n<li>Brama Traore (Burkina Faso)<\/li>\n\n\n\n<li>Emerse Fa\u00e9 (C\u00f4te d&rsquo;Ivoire)<\/li>\n\n\n\n<li>Marcel Koller (Al Ahly)<\/li>\n\n\n\n<li>Jos\u00e9 Gomes (Zamalek)<\/li>\n\n\n\n<li>Chiquinho Conde (Mozambique)<\/li>\n\n\n\n<li>S\u00e9bastien Desabre (RD Congo)<\/li>\n\n\n\n<li>Florent Ibenge (Al Hilal)<\/li>\n\n\n\n<li>Kwesi Appiah (Soudan)<\/li>\n<\/ul>\n\n\n\n<p><strong>Jeune Joueur de l&rsquo;Ann\u00e9e (Hommes)<\/strong><\/p>\n\n\n\n<ul class=\"wp-block-list\">\n<li>Carlos Baleba (Cameroun \/ Brighton &amp; Hove Albion)<\/li>\n\n\n\n<li>Karim Konat\u00e9 (C\u00f4te d&rsquo;Ivoire \/ Salzbourg)<\/li>\n\n\n\n<li>Oumar Diakit\u00e9 (C\u00f4te d&rsquo;Ivoire \/ Reims)<\/li>\n\n\n\n<li>Yankuba Minteh (Gambie \/ Brighton &amp; Hove Albion)<\/li>\n\n\n\n<li>Abdul Aziz Issah (Ghana \/ Dreams FC \/ FC Barcelone)<\/li>\n\n\n\n<li>Bilal El Khannouss (Maroc \/ Leicester City)<\/li>\n\n\n\n<li>Eliesse Ben Seghir (Maroc \/ AS Monaco)<\/li>\n\n\n\n<li>El Hadji Malick Diouf (S\u00e9n\u00e9gal \/ Slavia Prague)<\/li>\n\n\n\n<li>Lamine Camara (S\u00e9n\u00e9gal \/ AS Monaco)<\/li>\n\n\n\n<li>Amanallah Memmiche (Tunisie \/ Esp\u00e9rance Sportive de Tunis)<\/li>\n<\/ul>\n\n\n\n<p><strong>Club de l&rsquo;Ann\u00e9e (Hommes)<\/strong><\/p>\n\n\n\n<ul class=\"wp-block-list\">\n<li>Mamelodi Sundowns (Afrique du Sud)<\/li>\n\n\n\n<li>Petro Atl\u00e9tico (Angola)<\/li>\n\n\n\n<li>Al Ahly (\u00c9gypte)<\/li>\n\n\n\n<li>Zamalek (\u00c9gypte)<\/li>\n\n\n\n<li>Dreams FC (Ghana)<\/li>\n\n\n\n<li>RS Berkane (Maroc)<\/li>\n\n\n\n<li>TP Mazembe (RD Congo)<\/li>\n\n\n\n<li>Simba (Tanzanie)<\/li>\n\n\n\n<li>Young Africans (Tanzanie)<\/li>\n\n\n\n<li>Esp\u00e9rance Sportive de Tunis (Tunisie)<\/li>\n<\/ul>\n\n\n\n<p><strong>\u00c9quipe Nationale de l&rsquo;Ann\u00e9e (Hommes)<\/strong><\/p>\n\n\n\n<ul class=\"wp-block-list\">\n<li>Afrique du Sud<\/li>\n\n\n\n<li>Angola<\/li>\n\n\n\n<li>Burkina Faso<\/li>\n\n\n\n<li>C\u00f4te d&rsquo;Ivoire<\/li>\n\n\n\n<li>Maroc<\/li>\n\n\n\n<li>Mozambique<\/li>\n\n\n\n<li>Nig\u00e9ria<\/li>\n\n\n\n<li>Ouganda<\/li>\n\n\n\n<li>Soudan<\/li>\n\n\n\n<li>RD Congo<\/li>\n<\/ul>\n","protected":false},"excerpt":{"rendered":"<p>&nbsp;La Conf\u00e9d\u00e9ration africaine de football (Caf) a rendu public ce jeudi 24 octobre 2024 la liste compl\u00e8te des nomm\u00e9s pour les CAF Awards 2024 dont la c\u00e9r\u00e9monie de remise des&hellip;<\/p>\n","protected":false},"author":6,"featured_media":8612,"comment_status":"open","ping_status":"open","sticky":false,"template":"","format":"standard","meta":{"content-type":"","om_disable_all_campaigns":false,"_monsterinsights_skip_tracking":false,"_monsterinsights_sitenote_active":false,"_monsterinsights_sitenote_note":"","_monsterinsights_sitenote_category":0,"_uf_show_specific_survey":0,"_uf_disable_surveys":false,"footnotes":""},"categories":[8],"tags":[],"class_list":["post-8611","post","type-post","status-publish","format-standard","has-post-thumbnail","hentry","category-sport"],"aioseo_notices":[],"yoast_head":"<!-- This site is optimized with the Yoast SEO plugin v27.5 - https:\/\/yoast.com\/product\/yoast-seo-wordpress\/ -->\n<title>Caf Awards 2024 :\u00a0Voici la liste compl\u00e8te des nomin\u00e9s - Le Patriote<\/title>\n<meta name=\"robots\" content=\"index, follow, max-snippet:-1, max-image-preview:large, max-video-preview:-1\" \/>\n<link rel=\"canonical\" href=\"https:\/\/lepatriotebenin.com\/index.php\/2024\/10\/25\/caf-awards-2024-voici-la-liste-complete-des-nomines\/\" \/>\n<meta property=\"og:locale\" content=\"fr_FR\" \/>\n<meta property=\"og:type\" content=\"article\" \/>\n<meta property=\"og:title\" content=\"Caf Awards 2024 :\u00a0Voici la liste compl\u00e8te des nomin\u00e9s - Le Patriote\" \/>\n<meta property=\"og:description\" content=\"&nbsp;La Conf\u00e9d\u00e9ration africaine de football (Caf) a rendu public ce jeudi 24 octobre 2024 la liste compl\u00e8te des nomm\u00e9s pour les CAF Awards 2024 dont la c\u00e9r\u00e9monie de remise des&hellip;\" \/>\n<meta property=\"og:url\" content=\"https:\/\/lepatriotebenin.com\/index.php\/2024\/10\/25\/caf-awards-2024-voici-la-liste-complete-des-nomines\/\" \/>\n<meta property=\"og:site_name\" content=\"Le Patriote\" \/>\n<meta property=\"article:published_time\" content=\"2024-10-25T16:16:10+00:00\" \/>\n<meta property=\"article:modified_time\" content=\"2024-10-25T16:16:11+00:00\" \/>\n<meta property=\"og:image\" content=\"https:\/\/lepatriotebenin.com\/wp-content\/uploads\/2024\/10\/player-of-the-year.webp\" \/>\n\t<meta property=\"og:image:width\" content=\"1320\" \/>\n\t<meta property=\"og:image:height\" content=\"742\" \/>\n\t<meta property=\"og:image:type\" content=\"image\/webp\" \/>\n<meta name=\"author\" content=\"Roland AFFANOU\" \/>\n<meta name=\"twitter:card\" content=\"summary_large_image\" \/>\n<meta name=\"twitter:label1\" content=\"\u00c9crit par\" \/>\n\t<meta name=\"twitter:data1\" content=\"Roland AFFANOU\" \/>\n\t<meta name=\"twitter:label2\" content=\"Dur\u00e9e de lecture estim\u00e9e\" \/>\n\t<meta name=\"twitter:data2\" content=\"3 minutes\" \/>\n<script type=\"application\/ld+json\" class=\"yoast-schema-graph\">{\"@context\":\"https:\\\/\\\/schema.org\",\"@graph\":[{\"@type\":\"Article\",\"@id\":\"https:\\\/\\\/lepatriotebenin.com\\\/index.php\\\/2024\\\/10\\\/25\\\/caf-awards-2024-voici-la-liste-complete-des-nomines\\\/#article\",\"isPartOf\":{\"@id\":\"https:\\\/\\\/lepatriotebenin.com\\\/index.php\\\/2024\\\/10\\\/25\\\/caf-awards-2024-voici-la-liste-complete-des-nomines\\\/\"},\"author\":{\"name\":\"Roland AFFANOU\",\"@id\":\"https:\\\/\\\/lepatriotebenin.com\\\/#\\\/schema\\\/person\\\/4a9b67216c97d04045e01405c534c91f\"},\"headline\":\"Caf Awards 2024 :\u00a0Voici la liste compl\u00e8te des nomin\u00e9s\",\"datePublished\":\"2024-10-25T16:16:10+00:00\",\"dateModified\":\"2024-10-25T16:16:11+00:00\",\"mainEntityOfPage\":{\"@id\":\"https:\\\/\\\/lepatriotebenin.com\\\/index.php\\\/2024\\\/10\\\/25\\\/caf-awards-2024-voici-la-liste-complete-des-nomines\\\/\"},\"wordCount\":581,\"commentCount\":0,\"image\":{\"@id\":\"https:\\\/\\\/lepatriotebenin.com\\\/index.php\\\/2024\\\/10\\\/25\\\/caf-awards-2024-voici-la-liste-complete-des-nomines\\\/#primaryimage\"},\"thumbnailUrl\":\"https:\\\/\\\/lepatriotebenin.com\\\/wp-content\\\/uploads\\\/2024\\\/10\\\/player-of-the-year.webp\",\"articleSection\":[\"Sport\"],\"inLanguage\":\"fr-FR\",\"potentialAction\":[{\"@type\":\"CommentAction\",\"name\":\"Comment\",\"target\":[\"https:\\\/\\\/lepatriotebenin.com\\\/index.php\\\/2024\\\/10\\\/25\\\/caf-awards-2024-voici-la-liste-complete-des-nomines\\\/#respond\"]}]},{\"@type\":\"WebPage\",\"@id\":\"https:\\\/\\\/lepatriotebenin.com\\\/index.php\\\/2024\\\/10\\\/25\\\/caf-awards-2024-voici-la-liste-complete-des-nomines\\\/\",\"url\":\"https:\\\/\\\/lepatriotebenin.com\\\/index.php\\\/2024\\\/10\\\/25\\\/caf-awards-2024-voici-la-liste-complete-des-nomines\\\/\",\"name\":\"Caf Awards 2024 :\u00a0Voici la liste compl\u00e8te des nomin\u00e9s - Le Patriote\",\"isPartOf\":{\"@id\":\"https:\\\/\\\/lepatriotebenin.com\\\/#website\"},\"primaryImageOfPage\":{\"@id\":\"https:\\\/\\\/lepatriotebenin.com\\\/index.php\\\/2024\\\/10\\\/25\\\/caf-awards-2024-voici-la-liste-complete-des-nomines\\\/#primaryimage\"},\"image\":{\"@id\":\"https:\\\/\\\/lepatriotebenin.com\\\/index.php\\\/2024\\\/10\\\/25\\\/caf-awards-2024-voici-la-liste-complete-des-nomines\\\/#primaryimage\"},\"thumbnailUrl\":\"https:\\\/\\\/lepatriotebenin.com\\\/wp-content\\\/uploads\\\/2024\\\/10\\\/player-of-the-year.webp\",\"datePublished\":\"2024-10-25T16:16:10+00:00\",\"dateModified\":\"2024-10-25T16:16:11+00:00\",\"author\":{\"@id\":\"https:\\\/\\\/lepatriotebenin.com\\\/#\\\/schema\\\/person\\\/4a9b67216c97d04045e01405c534c91f\"},\"breadcrumb\":{\"@id\":\"https:\\\/\\\/lepatriotebenin.com\\\/index.php\\\/2024\\\/10\\\/25\\\/caf-awards-2024-voici-la-liste-complete-des-nomines\\\/#breadcrumb\"},\"inLanguage\":\"fr-FR\",\"potentialAction\":[{\"@type\":\"ReadAction\",\"target\":[\"https:\\\/\\\/lepatriotebenin.com\\\/index.php\\\/2024\\\/10\\\/25\\\/caf-awards-2024-voici-la-liste-complete-des-nomines\\\/\"]}]},{\"@type\":\"ImageObject\",\"inLanguage\":\"fr-FR\",\"@id\":\"https:\\\/\\\/lepatriotebenin.com\\\/index.php\\\/2024\\\/10\\\/25\\\/caf-awards-2024-voici-la-liste-complete-des-nomines\\\/#primaryimage\",\"url\":\"https:\\\/\\\/lepatriotebenin.com\\\/wp-content\\\/uploads\\\/2024\\\/10\\\/player-of-the-year.webp\",\"contentUrl\":\"https:\\\/\\\/lepatriotebenin.com\\\/wp-content\\\/uploads\\\/2024\\\/10\\\/player-of-the-year.webp\",\"width\":1320,\"height\":742},{\"@type\":\"BreadcrumbList\",\"@id\":\"https:\\\/\\\/lepatriotebenin.com\\\/index.php\\\/2024\\\/10\\\/25\\\/caf-awards-2024-voici-la-liste-complete-des-nomines\\\/#breadcrumb\",\"itemListElement\":[{\"@type\":\"ListItem\",\"position\":1,\"name\":\"Accueil\",\"item\":\"https:\\\/\\\/lepatriotebenin.com\\\/\"},{\"@type\":\"ListItem\",\"position\":2,\"name\":\"Caf Awards 2024 :\u00a0Voici la liste compl\u00e8te des nomin\u00e9s\"}]},{\"@type\":\"WebSite\",\"@id\":\"https:\\\/\\\/lepatriotebenin.com\\\/#website\",\"url\":\"https:\\\/\\\/lepatriotebenin.com\\\/\",\"name\":\"Le Patriote\",\"description\":\"Le Patriote B\u00e9nin\",\"potentialAction\":[{\"@type\":\"SearchAction\",\"target\":{\"@type\":\"EntryPoint\",\"urlTemplate\":\"https:\\\/\\\/lepatriotebenin.com\\\/?s={search_term_string}\"},\"query-input\":{\"@type\":\"PropertyValueSpecification\",\"valueRequired\":true,\"valueName\":\"search_term_string\"}}],\"inLanguage\":\"fr-FR\"},{\"@type\":\"Person\",\"@id\":\"https:\\\/\\\/lepatriotebenin.com\\\/#\\\/schema\\\/person\\\/4a9b67216c97d04045e01405c534c91f\",\"name\":\"Roland AFFANOU\",\"image\":{\"@type\":\"ImageObject\",\"inLanguage\":\"fr-FR\",\"@id\":\"https:\\\/\\\/secure.gravatar.com\\\/avatar\\\/7209d3f6d2d47ea4d0c67e14d3effb61feb10ae540a4381280c66265de5bd643?s=96&d=mm&r=g\",\"url\":\"https:\\\/\\\/secure.gravatar.com\\\/avatar\\\/7209d3f6d2d47ea4d0c67e14d3effb61feb10ae540a4381280c66265de5bd643?s=96&d=mm&r=g\",\"contentUrl\":\"https:\\\/\\\/secure.gravatar.com\\\/avatar\\\/7209d3f6d2d47ea4d0c67e14d3effb61feb10ae540a4381280c66265de5bd643?s=96&d=mm&r=g\",\"caption\":\"Roland AFFANOU\"},\"url\":\"https:\\\/\\\/lepatriotebenin.com\"}]}<\/script>\n<!-- \/ Yoast SEO plugin. -->","yoast_head_json":{"title":"Caf Awards 2024 :\u00a0Voici la liste compl\u00e8te des nomin\u00e9s - Le Patriote","robots":{"index":"index","follow":"follow","max-snippet":"max-snippet:-1","max-image-preview":"max-image-preview:large","max-video-preview":"max-video-preview:-1"},"canonical":"https:\/\/lepatriotebenin.com\/index.php\/2024\/10\/25\/caf-awards-2024-voici-la-liste-complete-des-nomines\/","og_locale":"fr_FR","og_type":"article","og_title":"Caf Awards 2024 :\u00a0Voici la liste compl\u00e8te des nomin\u00e9s - Le Patriote","og_description":"&nbsp;La Conf\u00e9d\u00e9ration africaine de football (Caf) a rendu public ce jeudi 24 octobre 2024 la liste compl\u00e8te des nomm\u00e9s pour les CAF Awards 2024 dont la c\u00e9r\u00e9monie de remise des&hellip;","og_url":"https:\/\/lepatriotebenin.com\/index.php\/2024\/10\/25\/caf-awards-2024-voici-la-liste-complete-des-nomines\/","og_site_name":"Le Patriote","article_published_time":"2024-10-25T16:16:10+00:00","article_modified_time":"2024-10-25T16:16:11+00:00","og_image":[{"width":1320,"height":742,"url":"https:\/\/lepatriotebenin.com\/wp-content\/uploads\/2024\/10\/player-of-the-year.webp","type":"image\/webp"}],"author":"Roland AFFANOU","twitter_card":"summary_large_image","twitter_misc":{"\u00c9crit par":"Roland AFFANOU","Dur\u00e9e de lecture estim\u00e9e":"3 minutes"},"schema":{"@context":"https:\/\/schema.org","@graph":[{"@type":"Article","@id":"https:\/\/lepatriotebenin.com\/index.php\/2024\/10\/25\/caf-awards-2024-voici-la-liste-complete-des-nomines\/#article","isPartOf":{"@id":"https:\/\/lepatriotebenin.com\/index.php\/2024\/10\/25\/caf-awards-2024-voici-la-liste-complete-des-nomines\/"},"author":{"name":"Roland AFFANOU","@id":"https:\/\/lepatriotebenin.com\/#\/schema\/person\/4a9b67216c97d04045e01405c534c91f"},"headline":"Caf Awards 2024 :\u00a0Voici la liste compl\u00e8te des nomin\u00e9s","datePublished":"2024-10-25T16:16:10+00:00","dateModified":"2024-10-25T16:16:11+00:00","mainEntityOfPage":{"@id":"https:\/\/lepatriotebenin.com\/index.php\/2024\/10\/25\/caf-awards-2024-voici-la-liste-complete-des-nomines\/"},"wordCount":581,"commentCount":0,"image":{"@id":"https:\/\/lepatriotebenin.com\/index.php\/2024\/10\/25\/caf-awards-2024-voici-la-liste-complete-des-nomines\/#primaryimage"},"thumbnailUrl":"https:\/\/lepatriotebenin.com\/wp-content\/uploads\/2024\/10\/player-of-the-year.webp","articleSection":["Sport"],"inLanguage":"fr-FR","potentialAction":[{"@type":"CommentAction","name":"Comment","target":["https:\/\/lepatriotebenin.com\/index.php\/2024\/10\/25\/caf-awards-2024-voici-la-liste-complete-des-nomines\/#respond"]}]},{"@type":"WebPage","@id":"https:\/\/lepatriotebenin.com\/index.php\/2024\/10\/25\/caf-awards-2024-voici-la-liste-complete-des-nomines\/","url":"https:\/\/lepatriotebenin.com\/index.php\/2024\/10\/25\/caf-awards-2024-voici-la-liste-complete-des-nomines\/","name":"Caf Awards 2024 :\u00a0Voici la liste compl\u00e8te des nomin\u00e9s - Le Patriote","isPartOf":{"@id":"https:\/\/lepatriotebenin.com\/#website"},"primaryImageOfPage":{"@id":"https:\/\/lepatriotebenin.com\/index.php\/2024\/10\/25\/caf-awards-2024-voici-la-liste-complete-des-nomines\/#primaryimage"},"image":{"@id":"https:\/\/lepatriotebenin.com\/index.php\/2024\/10\/25\/caf-awards-2024-voici-la-liste-complete-des-nomines\/#primaryimage"},"thumbnailUrl":"https:\/\/lepatriotebenin.com\/wp-content\/uploads\/2024\/10\/player-of-the-year.webp","datePublished":"2024-10-25T16:16:10+00:00","dateModified":"2024-10-25T16:16:11+00:00","author":{"@id":"https:\/\/lepatriotebenin.com\/#\/schema\/person\/4a9b67216c97d04045e01405c534c91f"},"breadcrumb":{"@id":"https:\/\/lepatriotebenin.com\/index.php\/2024\/10\/25\/caf-awards-2024-voici-la-liste-complete-des-nomines\/#breadcrumb"},"inLanguage":"fr-FR","potentialAction":[{"@type":"ReadAction","target":["https:\/\/lepatriotebenin.com\/index.php\/2024\/10\/25\/caf-awards-2024-voici-la-liste-complete-des-nomines\/"]}]},{"@type":"ImageObject","inLanguage":"fr-FR","@id":"https:\/\/lepatriotebenin.com\/index.php\/2024\/10\/25\/caf-awards-2024-voici-la-liste-complete-des-nomines\/#primaryimage","url":"https:\/\/lepatriotebenin.com\/wp-content\/uploads\/2024\/10\/player-of-the-year.webp","contentUrl":"https:\/\/lepatriotebenin.com\/wp-content\/uploads\/2024\/10\/player-of-the-year.webp","width":1320,"height":742},{"@type":"BreadcrumbList","@id":"https:\/\/lepatriotebenin.com\/index.php\/2024\/10\/25\/caf-awards-2024-voici-la-liste-complete-des-nomines\/#breadcrumb","itemListElement":[{"@type":"ListItem","position":1,"name":"Accueil","item":"https:\/\/lepatriotebenin.com\/"},{"@type":"ListItem","position":2,"name":"Caf Awards 2024 :\u00a0Voici la liste compl\u00e8te des nomin\u00e9s"}]},{"@type":"WebSite","@id":"https:\/\/lepatriotebenin.com\/#website","url":"https:\/\/lepatriotebenin.com\/","name":"Le Patriote","description":"Le Patriote B\u00e9nin","potentialAction":[{"@type":"SearchAction","target":{"@type":"EntryPoint","urlTemplate":"https:\/\/lepatriotebenin.com\/?s={search_term_string}"},"query-input":{"@type":"PropertyValueSpecification","valueRequired":true,"valueName":"search_term_string"}}],"inLanguage":"fr-FR"},{"@type":"Person","@id":"https:\/\/lepatriotebenin.com\/#\/schema\/person\/4a9b67216c97d04045e01405c534c91f","name":"Roland AFFANOU","image":{"@type":"ImageObject","inLanguage":"fr-FR","@id":"https:\/\/secure.gravatar.com\/avatar\/7209d3f6d2d47ea4d0c67e14d3effb61feb10ae540a4381280c66265de5bd643?s=96&d=mm&r=g","url":"https:\/\/secure.gravatar.com\/avatar\/7209d3f6d2d47ea4d0c67e14d3effb61feb10ae540a4381280c66265de5bd643?s=96&d=mm&r=g","contentUrl":"https:\/\/secure.gravatar.com\/avatar\/7209d3f6d2d47ea4d0c67e14d3effb61feb10ae540a4381280c66265de5bd643?s=96&d=mm&r=g","caption":"Roland AFFANOU"},"url":"https:\/\/lepatriotebenin.com"}]}},"_links":{"self":[{"href":"https:\/\/lepatriotebenin.com\/index.php\/wp-json\/wp\/v2\/posts\/8611","targetHints":{"allow":["GET"]}}],"collection":[{"href":"https:\/\/lepatriotebenin.com\/index.php\/wp-json\/wp\/v2\/posts"}],"about":[{"href":"https:\/\/lepatriotebenin.com\/index.php\/wp-json\/wp\/v2\/types\/post"}],"author":[{"embeddable":true,"href":"https:\/\/lepatriotebenin.com\/index.php\/wp-json\/wp\/v2\/users\/6"}],"replies":[{"embeddable":true,"href":"https:\/\/lepatriotebenin.com\/index.php\/wp-json\/wp\/v2\/comments?post=8611"}],"version-history":[{"count":1,"href":"https:\/\/lepatriotebenin.com\/index.php\/wp-json\/wp\/v2\/posts\/8611\/revisions"}],"predecessor-version":[{"id":8613,"href":"https:\/\/lepatriotebenin.com\/index.php\/wp-json\/wp\/v2\/posts\/8611\/revisions\/8613"}],"wp:featuredmedia":[{"embeddable":true,"href":"https:\/\/lepatriotebenin.com\/index.php\/wp-json\/wp\/v2\/media\/8612"}],"wp:attachment":[{"href":"https:\/\/lepatriotebenin.com\/index.php\/wp-json\/wp\/v2\/media?parent=8611"}],"wp:term":[{"taxonomy":"category","embeddable":true,"href":"https:\/\/lepatriotebenin.com\/index.php\/wp-json\/wp\/v2\/categories?post=8611"},{"taxonomy":"post_tag","embeddable":true,"href":"https:\/\/lepatriotebenin.com\/index.php\/wp-json\/wp\/v2\/tags?post=8611"}],"curies":[{"name":"wp","href":"https:\/\/api.w.org\/{rel}","templated":true}]}}