{"id":8595,"date":"2024-10-24T18:33:21","date_gmt":"2024-10-24T16:33:21","guid":{"rendered":"https:\/\/lepatriotebenin.com\/?p=8595"},"modified":"2024-10-24T18:33:22","modified_gmt":"2024-10-24T16:33:22","slug":"benin-voici-lintegralite-du-projet-de-loi-des-finances-gestion-2025","status":"publish","type":"post","link":"https:\/\/lepatriotebenin.com\/index.php\/2024\/10\/24\/benin-voici-lintegralite-du-projet-de-loi-des-finances-gestion-2025\/","title":{"rendered":"B\u00e9nin :\u00a0Voici l\u2019int\u00e9gralit\u00e9 du projet de loi des finances Gestion 2025"},"content":{"rendered":"\n<p>Le Pr\u00e9sident de l\u2019Assembl\u00e9e nationale, <strong>Louis Vlavonou<\/strong> a ouvert ce <strong>jeudi 24 octobre 2024<\/strong> au Palais des Gouverneurs de <strong>Porto-Novo<\/strong> son avant derni\u00e8re session budg\u00e9taire pour donner au pr\u00e9sident Talon les moyens pour la gestion des affaires du B\u00e9nin en 2025. \u00c7a sera donc une occasion pour les d\u00e9put\u00e9s de la 9\u00e8me l\u00e9gislature d\u2019\u00e9tudier le projet de LOI N\u00b0<strong> 2024<\/strong> portant loi de finances pour la gestion 2025 \u00e0 travers leurs diff\u00e9rentes interpellations.\u00a0 Lire \u00a0\u00a0donc l\u2019int\u00e9gralit\u00e9 du projet de loi des finances Gestion 2025.<\/p>\n\n\n\n<div data-wp-interactive=\"core\/file\" class=\"wp-block-file\"><object data-wp-bind--hidden=\"!state.hasPdfPreview\" hidden class=\"wp-block-file__embed\" data=\"https:\/\/lepatriotebenin.com\/wp-content\/uploads\/2024\/10\/projet-de-loi-de-finances-2025.pdf\" type=\"application\/pdf\" style=\"width:100%;height:600px\" aria-label=\"Contenu embarqu\u00e9 projet-de-loi-de-finances-2025.\"><\/object><a id=\"wp-block-file--media-87f959de-a82b-422f-90f2-31d07e844b34\" href=\"https:\/\/lepatriotebenin.com\/wp-content\/uploads\/2024\/10\/projet-de-loi-de-finances-2025.pdf\">projet-de-loi-de-finances-2025<\/a><a href=\"https:\/\/lepatriotebenin.com\/wp-content\/uploads\/2024\/10\/projet-de-loi-de-finances-2025.pdf\" class=\"wp-block-file__button wp-element-button\" download aria-describedby=\"wp-block-file--media-87f959de-a82b-422f-90f2-31d07e844b34\">T\u00e9l\u00e9charger<\/a><\/div>\n","protected":false},"excerpt":{"rendered":"<p>Le Pr\u00e9sident de l\u2019Assembl\u00e9e nationale, Louis Vlavonou a ouvert ce jeudi 24 octobre 2024 au Palais des Gouverneurs de Porto-Novo son avant derni\u00e8re session budg\u00e9taire pour donner au pr\u00e9sident Talon&hellip;<\/p>\n","protected":false},"author":6,"featured_media":8597,"comment_status":"open","ping_status":"open","sticky":false,"template":"","format":"standard","meta":{"content-type":"","om_disable_all_campaigns":false,"_monsterinsights_skip_tracking":false,"_monsterinsights_sitenote_active":false,"_monsterinsights_sitenote_note":"","_monsterinsights_sitenote_category":0,"_uf_show_specific_survey":0,"_uf_disable_surveys":false,"footnotes":""},"categories":[26],"tags":[],"class_list":["post-8595","post","type-post","status-publish","format-standard","has-post-thumbnail","hentry","category-politique"],"aioseo_notices":[],"yoast_head":"<!-- This site is optimized with the Yoast SEO plugin v27.5 - https:\/\/yoast.com\/product\/yoast-seo-wordpress\/ -->\n<title>B\u00e9nin :\u00a0Voici l\u2019int\u00e9gralit\u00e9 du projet de loi des finances Gestion 2025 - Le Patriote<\/title>\n<meta name=\"robots\" content=\"index, follow, max-snippet:-1, max-image-preview:large, max-video-preview:-1\" \/>\n<link rel=\"canonical\" href=\"https:\/\/lepatriotebenin.com\/index.php\/2024\/10\/24\/benin-voici-lintegralite-du-projet-de-loi-des-finances-gestion-2025\/\" \/>\n<meta property=\"og:locale\" content=\"fr_FR\" \/>\n<meta property=\"og:type\" content=\"article\" \/>\n<meta property=\"og:title\" content=\"B\u00e9nin :\u00a0Voici l\u2019int\u00e9gralit\u00e9 du projet de loi des finances Gestion 2025 - Le Patriote\" \/>\n<meta property=\"og:description\" content=\"Le Pr\u00e9sident de l\u2019Assembl\u00e9e nationale, Louis Vlavonou a ouvert ce jeudi 24 octobre 2024 au Palais des Gouverneurs de Porto-Novo son avant derni\u00e8re session budg\u00e9taire pour donner au pr\u00e9sident Talon&hellip;\" \/>\n<meta property=\"og:url\" content=\"https:\/\/lepatriotebenin.com\/index.php\/2024\/10\/24\/benin-voici-lintegralite-du-projet-de-loi-des-finances-gestion-2025\/\" \/>\n<meta property=\"og:site_name\" content=\"Le Patriote\" \/>\n<meta property=\"article:published_time\" content=\"2024-10-24T16:33:21+00:00\" \/>\n<meta property=\"article:modified_time\" content=\"2024-10-24T16:33:22+00:00\" \/>\n<meta property=\"og:image\" content=\"https:\/\/lepatriotebenin.com\/wp-content\/uploads\/2024\/10\/hemicycle.jpg\" \/>\n\t<meta property=\"og:image:width\" content=\"1140\" \/>\n\t<meta property=\"og:image:height\" content=\"380\" \/>\n\t<meta property=\"og:image:type\" content=\"image\/jpeg\" \/>\n<meta name=\"author\" content=\"Roland AFFANOU\" \/>\n<meta name=\"twitter:card\" content=\"summary_large_image\" \/>\n<meta name=\"twitter:label1\" content=\"\u00c9crit par\" \/>\n\t<meta name=\"twitter:data1\" content=\"Roland AFFANOU\" \/>\n\t<meta name=\"twitter:label2\" content=\"Dur\u00e9e de lecture estim\u00e9e\" \/>\n\t<meta name=\"twitter:data2\" content=\"1 minute\" \/>\n<script type=\"application\/ld+json\" class=\"yoast-schema-graph\">{\"@context\":\"https:\\\/\\\/schema.org\",\"@graph\":[{\"@type\":\"Article\",\"@id\":\"https:\\\/\\\/lepatriotebenin.com\\\/index.php\\\/2024\\\/10\\\/24\\\/benin-voici-lintegralite-du-projet-de-loi-des-finances-gestion-2025\\\/#article\",\"isPartOf\":{\"@id\":\"https:\\\/\\\/lepatriotebenin.com\\\/index.php\\\/2024\\\/10\\\/24\\\/benin-voici-lintegralite-du-projet-de-loi-des-finances-gestion-2025\\\/\"},\"author\":{\"name\":\"Roland AFFANOU\",\"@id\":\"https:\\\/\\\/lepatriotebenin.com\\\/#\\\/schema\\\/person\\\/4a9b67216c97d04045e01405c534c91f\"},\"headline\":\"B\u00e9nin :\u00a0Voici l\u2019int\u00e9gralit\u00e9 du projet de loi des finances Gestion 2025\",\"datePublished\":\"2024-10-24T16:33:21+00:00\",\"dateModified\":\"2024-10-24T16:33:22+00:00\",\"mainEntityOfPage\":{\"@id\":\"https:\\\/\\\/lepatriotebenin.com\\\/index.php\\\/2024\\\/10\\\/24\\\/benin-voici-lintegralite-du-projet-de-loi-des-finances-gestion-2025\\\/\"},\"wordCount\":108,\"commentCount\":0,\"image\":{\"@id\":\"https:\\\/\\\/lepatriotebenin.com\\\/index.php\\\/2024\\\/10\\\/24\\\/benin-voici-lintegralite-du-projet-de-loi-des-finances-gestion-2025\\\/#primaryimage\"},\"thumbnailUrl\":\"https:\\\/\\\/lepatriotebenin.com\\\/wp-content\\\/uploads\\\/2024\\\/10\\\/hemicycle.jpg\",\"articleSection\":[\"Politique\"],\"inLanguage\":\"fr-FR\",\"potentialAction\":[{\"@type\":\"CommentAction\",\"name\":\"Comment\",\"target\":[\"https:\\\/\\\/lepatriotebenin.com\\\/index.php\\\/2024\\\/10\\\/24\\\/benin-voici-lintegralite-du-projet-de-loi-des-finances-gestion-2025\\\/#respond\"]}]},{\"@type\":\"WebPage\",\"@id\":\"https:\\\/\\\/lepatriotebenin.com\\\/index.php\\\/2024\\\/10\\\/24\\\/benin-voici-lintegralite-du-projet-de-loi-des-finances-gestion-2025\\\/\",\"url\":\"https:\\\/\\\/lepatriotebenin.com\\\/index.php\\\/2024\\\/10\\\/24\\\/benin-voici-lintegralite-du-projet-de-loi-des-finances-gestion-2025\\\/\",\"name\":\"B\u00e9nin :\u00a0Voici l\u2019int\u00e9gralit\u00e9 du projet de loi des finances Gestion 2025 - Le Patriote\",\"isPartOf\":{\"@id\":\"https:\\\/\\\/lepatriotebenin.com\\\/#website\"},\"primaryImageOfPage\":{\"@id\":\"https:\\\/\\\/lepatriotebenin.com\\\/index.php\\\/2024\\\/10\\\/24\\\/benin-voici-lintegralite-du-projet-de-loi-des-finances-gestion-2025\\\/#primaryimage\"},\"image\":{\"@id\":\"https:\\\/\\\/lepatriotebenin.com\\\/index.php\\\/2024\\\/10\\\/24\\\/benin-voici-lintegralite-du-projet-de-loi-des-finances-gestion-2025\\\/#primaryimage\"},\"thumbnailUrl\":\"https:\\\/\\\/lepatriotebenin.com\\\/wp-content\\\/uploads\\\/2024\\\/10\\\/hemicycle.jpg\",\"datePublished\":\"2024-10-24T16:33:21+00:00\",\"dateModified\":\"2024-10-24T16:33:22+00:00\",\"author\":{\"@id\":\"https:\\\/\\\/lepatriotebenin.com\\\/#\\\/schema\\\/person\\\/4a9b67216c97d04045e01405c534c91f\"},\"breadcrumb\":{\"@id\":\"https:\\\/\\\/lepatriotebenin.com\\\/index.php\\\/2024\\\/10\\\/24\\\/benin-voici-lintegralite-du-projet-de-loi-des-finances-gestion-2025\\\/#breadcrumb\"},\"inLanguage\":\"fr-FR\",\"potentialAction\":[{\"@type\":\"ReadAction\",\"target\":[\"https:\\\/\\\/lepatriotebenin.com\\\/index.php\\\/2024\\\/10\\\/24\\\/benin-voici-lintegralite-du-projet-de-loi-des-finances-gestion-2025\\\/\"]}]},{\"@type\":\"ImageObject\",\"inLanguage\":\"fr-FR\",\"@id\":\"https:\\\/\\\/lepatriotebenin.com\\\/index.php\\\/2024\\\/10\\\/24\\\/benin-voici-lintegralite-du-projet-de-loi-des-finances-gestion-2025\\\/#primaryimage\",\"url\":\"https:\\\/\\\/lepatriotebenin.com\\\/wp-content\\\/uploads\\\/2024\\\/10\\\/hemicycle.jpg\",\"contentUrl\":\"https:\\\/\\\/lepatriotebenin.com\\\/wp-content\\\/uploads\\\/2024\\\/10\\\/hemicycle.jpg\",\"width\":1140,\"height\":380},{\"@type\":\"BreadcrumbList\",\"@id\":\"https:\\\/\\\/lepatriotebenin.com\\\/index.php\\\/2024\\\/10\\\/24\\\/benin-voici-lintegralite-du-projet-de-loi-des-finances-gestion-2025\\\/#breadcrumb\",\"itemListElement\":[{\"@type\":\"ListItem\",\"position\":1,\"name\":\"Accueil\",\"item\":\"https:\\\/\\\/lepatriotebenin.com\\\/\"},{\"@type\":\"ListItem\",\"position\":2,\"name\":\"B\u00e9nin :\u00a0Voici l\u2019int\u00e9gralit\u00e9 du projet de loi des finances Gestion 2025\"}]},{\"@type\":\"WebSite\",\"@id\":\"https:\\\/\\\/lepatriotebenin.com\\\/#website\",\"url\":\"https:\\\/\\\/lepatriotebenin.com\\\/\",\"name\":\"Le Patriote\",\"description\":\"Le Patriote B\u00e9nin\",\"potentialAction\":[{\"@type\":\"SearchAction\",\"target\":{\"@type\":\"EntryPoint\",\"urlTemplate\":\"https:\\\/\\\/lepatriotebenin.com\\\/?s={search_term_string}\"},\"query-input\":{\"@type\":\"PropertyValueSpecification\",\"valueRequired\":true,\"valueName\":\"search_term_string\"}}],\"inLanguage\":\"fr-FR\"},{\"@type\":\"Person\",\"@id\":\"https:\\\/\\\/lepatriotebenin.com\\\/#\\\/schema\\\/person\\\/4a9b67216c97d04045e01405c534c91f\",\"name\":\"Roland AFFANOU\",\"image\":{\"@type\":\"ImageObject\",\"inLanguage\":\"fr-FR\",\"@id\":\"https:\\\/\\\/secure.gravatar.com\\\/avatar\\\/7209d3f6d2d47ea4d0c67e14d3effb61feb10ae540a4381280c66265de5bd643?s=96&d=mm&r=g\",\"url\":\"https:\\\/\\\/secure.gravatar.com\\\/avatar\\\/7209d3f6d2d47ea4d0c67e14d3effb61feb10ae540a4381280c66265de5bd643?s=96&d=mm&r=g\",\"contentUrl\":\"https:\\\/\\\/secure.gravatar.com\\\/avatar\\\/7209d3f6d2d47ea4d0c67e14d3effb61feb10ae540a4381280c66265de5bd643?s=96&d=mm&r=g\",\"caption\":\"Roland AFFANOU\"},\"url\":\"https:\\\/\\\/lepatriotebenin.com\"}]}<\/script>\n<!-- \/ Yoast SEO plugin. -->","yoast_head_json":{"title":"B\u00e9nin :\u00a0Voici l\u2019int\u00e9gralit\u00e9 du projet de loi des finances Gestion 2025 - Le Patriote","robots":{"index":"index","follow":"follow","max-snippet":"max-snippet:-1","max-image-preview":"max-image-preview:large","max-video-preview":"max-video-preview:-1"},"canonical":"https:\/\/lepatriotebenin.com\/index.php\/2024\/10\/24\/benin-voici-lintegralite-du-projet-de-loi-des-finances-gestion-2025\/","og_locale":"fr_FR","og_type":"article","og_title":"B\u00e9nin :\u00a0Voici l\u2019int\u00e9gralit\u00e9 du projet de loi des finances Gestion 2025 - Le Patriote","og_description":"Le Pr\u00e9sident de l\u2019Assembl\u00e9e nationale, Louis Vlavonou a ouvert ce jeudi 24 octobre 2024 au Palais des Gouverneurs de Porto-Novo son avant derni\u00e8re session budg\u00e9taire pour donner au pr\u00e9sident Talon&hellip;","og_url":"https:\/\/lepatriotebenin.com\/index.php\/2024\/10\/24\/benin-voici-lintegralite-du-projet-de-loi-des-finances-gestion-2025\/","og_site_name":"Le Patriote","article_published_time":"2024-10-24T16:33:21+00:00","article_modified_time":"2024-10-24T16:33:22+00:00","og_image":[{"width":1140,"height":380,"url":"https:\/\/lepatriotebenin.com\/wp-content\/uploads\/2024\/10\/hemicycle.jpg","type":"image\/jpeg"}],"author":"Roland AFFANOU","twitter_card":"summary_large_image","twitter_misc":{"\u00c9crit par":"Roland AFFANOU","Dur\u00e9e de lecture estim\u00e9e":"1 minute"},"schema":{"@context":"https:\/\/schema.org","@graph":[{"@type":"Article","@id":"https:\/\/lepatriotebenin.com\/index.php\/2024\/10\/24\/benin-voici-lintegralite-du-projet-de-loi-des-finances-gestion-2025\/#article","isPartOf":{"@id":"https:\/\/lepatriotebenin.com\/index.php\/2024\/10\/24\/benin-voici-lintegralite-du-projet-de-loi-des-finances-gestion-2025\/"},"author":{"name":"Roland AFFANOU","@id":"https:\/\/lepatriotebenin.com\/#\/schema\/person\/4a9b67216c97d04045e01405c534c91f"},"headline":"B\u00e9nin :\u00a0Voici l\u2019int\u00e9gralit\u00e9 du projet de loi des finances Gestion 2025","datePublished":"2024-10-24T16:33:21+00:00","dateModified":"2024-10-24T16:33:22+00:00","mainEntityOfPage":{"@id":"https:\/\/lepatriotebenin.com\/index.php\/2024\/10\/24\/benin-voici-lintegralite-du-projet-de-loi-des-finances-gestion-2025\/"},"wordCount":108,"commentCount":0,"image":{"@id":"https:\/\/lepatriotebenin.com\/index.php\/2024\/10\/24\/benin-voici-lintegralite-du-projet-de-loi-des-finances-gestion-2025\/#primaryimage"},"thumbnailUrl":"https:\/\/lepatriotebenin.com\/wp-content\/uploads\/2024\/10\/hemicycle.jpg","articleSection":["Politique"],"inLanguage":"fr-FR","potentialAction":[{"@type":"CommentAction","name":"Comment","target":["https:\/\/lepatriotebenin.com\/index.php\/2024\/10\/24\/benin-voici-lintegralite-du-projet-de-loi-des-finances-gestion-2025\/#respond"]}]},{"@type":"WebPage","@id":"https:\/\/lepatriotebenin.com\/index.php\/2024\/10\/24\/benin-voici-lintegralite-du-projet-de-loi-des-finances-gestion-2025\/","url":"https:\/\/lepatriotebenin.com\/index.php\/2024\/10\/24\/benin-voici-lintegralite-du-projet-de-loi-des-finances-gestion-2025\/","name":"B\u00e9nin :\u00a0Voici l\u2019int\u00e9gralit\u00e9 du projet de loi des finances Gestion 2025 - Le Patriote","isPartOf":{"@id":"https:\/\/lepatriotebenin.com\/#website"},"primaryImageOfPage":{"@id":"https:\/\/lepatriotebenin.com\/index.php\/2024\/10\/24\/benin-voici-lintegralite-du-projet-de-loi-des-finances-gestion-2025\/#primaryimage"},"image":{"@id":"https:\/\/lepatriotebenin.com\/index.php\/2024\/10\/24\/benin-voici-lintegralite-du-projet-de-loi-des-finances-gestion-2025\/#primaryimage"},"thumbnailUrl":"https:\/\/lepatriotebenin.com\/wp-content\/uploads\/2024\/10\/hemicycle.jpg","datePublished":"2024-10-24T16:33:21+00:00","dateModified":"2024-10-24T16:33:22+00:00","author":{"@id":"https:\/\/lepatriotebenin.com\/#\/schema\/person\/4a9b67216c97d04045e01405c534c91f"},"breadcrumb":{"@id":"https:\/\/lepatriotebenin.com\/index.php\/2024\/10\/24\/benin-voici-lintegralite-du-projet-de-loi-des-finances-gestion-2025\/#breadcrumb"},"inLanguage":"fr-FR","potentialAction":[{"@type":"ReadAction","target":["https:\/\/lepatriotebenin.com\/index.php\/2024\/10\/24\/benin-voici-lintegralite-du-projet-de-loi-des-finances-gestion-2025\/"]}]},{"@type":"ImageObject","inLanguage":"fr-FR","@id":"https:\/\/lepatriotebenin.com\/index.php\/2024\/10\/24\/benin-voici-lintegralite-du-projet-de-loi-des-finances-gestion-2025\/#primaryimage","url":"https:\/\/lepatriotebenin.com\/wp-content\/uploads\/2024\/10\/hemicycle.jpg","contentUrl":"https:\/\/lepatriotebenin.com\/wp-content\/uploads\/2024\/10\/hemicycle.jpg","width":1140,"height":380},{"@type":"BreadcrumbList","@id":"https:\/\/lepatriotebenin.com\/index.php\/2024\/10\/24\/benin-voici-lintegralite-du-projet-de-loi-des-finances-gestion-2025\/#breadcrumb","itemListElement":[{"@type":"ListItem","position":1,"name":"Accueil","item":"https:\/\/lepatriotebenin.com\/"},{"@type":"ListItem","position":2,"name":"B\u00e9nin :\u00a0Voici l\u2019int\u00e9gralit\u00e9 du projet de loi des finances Gestion 2025"}]},{"@type":"WebSite","@id":"https:\/\/lepatriotebenin.com\/#website","url":"https:\/\/lepatriotebenin.com\/","name":"Le Patriote","description":"Le Patriote B\u00e9nin","potentialAction":[{"@type":"SearchAction","target":{"@type":"EntryPoint","urlTemplate":"https:\/\/lepatriotebenin.com\/?s={search_term_string}"},"query-input":{"@type":"PropertyValueSpecification","valueRequired":true,"valueName":"search_term_string"}}],"inLanguage":"fr-FR"},{"@type":"Person","@id":"https:\/\/lepatriotebenin.com\/#\/schema\/person\/4a9b67216c97d04045e01405c534c91f","name":"Roland AFFANOU","image":{"@type":"ImageObject","inLanguage":"fr-FR","@id":"https:\/\/secure.gravatar.com\/avatar\/7209d3f6d2d47ea4d0c67e14d3effb61feb10ae540a4381280c66265de5bd643?s=96&d=mm&r=g","url":"https:\/\/secure.gravatar.com\/avatar\/7209d3f6d2d47ea4d0c67e14d3effb61feb10ae540a4381280c66265de5bd643?s=96&d=mm&r=g","contentUrl":"https:\/\/secure.gravatar.com\/avatar\/7209d3f6d2d47ea4d0c67e14d3effb61feb10ae540a4381280c66265de5bd643?s=96&d=mm&r=g","caption":"Roland AFFANOU"},"url":"https:\/\/lepatriotebenin.com"}]}},"_links":{"self":[{"href":"https:\/\/lepatriotebenin.com\/index.php\/wp-json\/wp\/v2\/posts\/8595","targetHints":{"allow":["GET"]}}],"collection":[{"href":"https:\/\/lepatriotebenin.com\/index.php\/wp-json\/wp\/v2\/posts"}],"about":[{"href":"https:\/\/lepatriotebenin.com\/index.php\/wp-json\/wp\/v2\/types\/post"}],"author":[{"embeddable":true,"href":"https:\/\/lepatriotebenin.com\/index.php\/wp-json\/wp\/v2\/users\/6"}],"replies":[{"embeddable":true,"href":"https:\/\/lepatriotebenin.com\/index.php\/wp-json\/wp\/v2\/comments?post=8595"}],"version-history":[{"count":1,"href":"https:\/\/lepatriotebenin.com\/index.php\/wp-json\/wp\/v2\/posts\/8595\/revisions"}],"predecessor-version":[{"id":8598,"href":"https:\/\/lepatriotebenin.com\/index.php\/wp-json\/wp\/v2\/posts\/8595\/revisions\/8598"}],"wp:featuredmedia":[{"embeddable":true,"href":"https:\/\/lepatriotebenin.com\/index.php\/wp-json\/wp\/v2\/media\/8597"}],"wp:attachment":[{"href":"https:\/\/lepatriotebenin.com\/index.php\/wp-json\/wp\/v2\/media?parent=8595"}],"wp:term":[{"taxonomy":"category","embeddable":true,"href":"https:\/\/lepatriotebenin.com\/index.php\/wp-json\/wp\/v2\/categories?post=8595"},{"taxonomy":"post_tag","embeddable":true,"href":"https:\/\/lepatriotebenin.com\/index.php\/wp-json\/wp\/v2\/tags?post=8595"}],"curies":[{"name":"wp","href":"https:\/\/api.w.org\/{rel}","templated":true}]}}