{"id":8589,"date":"2024-10-24T16:24:30","date_gmt":"2024-10-24T14:24:30","guid":{"rendered":"https:\/\/lepatriotebenin.com\/?p=8589"},"modified":"2024-10-24T16:24:31","modified_gmt":"2024-10-24T14:24:31","slug":"deuil-au-niger-hama-amadou-nest-plus","status":"publish","type":"post","link":"https:\/\/lepatriotebenin.com\/index.php\/2024\/10\/24\/deuil-au-niger-hama-amadou-nest-plus\/","title":{"rendered":"\u00a0Deuil au Niger :\u00a0 Hama Amadou n\u2019est plus"},"content":{"rendered":"\n<p>&nbsp; Une grande figure de la vie politique nig\u00e9rienne s\u2019est \u00e9teinte. L\u2019ancien pr\u00e9sident de l\u2019Assembl\u00e9e nationale et ancien Premier ministre du Niger, <strong>Hama Amadou<\/strong> est d\u00e9c\u00e9d\u00e9 dans la <strong>nuit de ce mercredi 23 octobre 2024<\/strong> \u00e0 <strong>Niamey <\/strong>\u00e0 l\u2019\u00e2ge de <strong>74 ans <\/strong>\u00e0 la suite d\u2019une crise de paludisme alors qu\u2019il \u00e9tait transport\u00e9 \u00e0 l\u2019h\u00f4pital g\u00e9n\u00e9ral de r\u00e9f\u00e9rence de Niamey. Faut-il le rappeler Il a \u00e9t\u00e9 entre autres l\u2019un des plus farouches opposants au r\u00e9gime du pr\u00e9sident d\u00e9chu Mohamed<strong> Bazoum et<\/strong> l\u2019undes principaux rivaux de <strong>Mahamadou Issifou<\/strong> pour la pr\u00e9sidentielle avant de devoir fuir le pays \u00e0 la suite d&rsquo;une affaire de trafic de b\u00e9b\u00e9 dans laquelle l&rsquo;une de ses \u00e9pouses est impliqu\u00e9e. &nbsp;<\/p>\n\n\n\n<p>Contraint \u00e0 l\u2019exil suite \u00e0 cette affaire de trafic de b\u00e9b\u00e9, feu Hama Amadou est revenu de son pays en <strong>septembre 2023<\/strong> apr\u00e8s le coup d\u2019\u00c9tat militaire de <strong>juillet 2023 <\/strong>qui a renvers\u00e9 Mohamed Bazoum.&nbsp; Il&nbsp;&nbsp; a \u00e9t\u00e9 un brillant \u00e9conomiste de m\u00e9tier et un fin strat\u00e8ge politique.&nbsp; Il a commenc\u00e9 sa carri\u00e8re comme contr\u00f4leur des douanes et gravit tr\u00e8s vite les \u00e9chelons&nbsp;dans l&rsquo;appareil d&rsquo;\u00c9tat nig\u00e9rien : directeur de cabinet de <strong>Seyni Kountch\u00e9 <\/strong>en <strong>1985<\/strong>, puis de <strong>Ali Saibou<\/strong> en<strong> 1987<\/strong><strong>.<\/strong> &nbsp;<\/p>\n","protected":false},"excerpt":{"rendered":"<p>&nbsp; Une grande figure de la vie politique nig\u00e9rienne s\u2019est \u00e9teinte. L\u2019ancien pr\u00e9sident de l\u2019Assembl\u00e9e nationale et ancien Premier ministre du Niger, Hama Amadou est d\u00e9c\u00e9d\u00e9 dans la nuit de&hellip;<\/p>\n","protected":false},"author":6,"featured_media":8590,"comment_status":"open","ping_status":"open","sticky":false,"template":"","format":"standard","meta":{"content-type":"","om_disable_all_campaigns":false,"_monsterinsights_skip_tracking":false,"_monsterinsights_sitenote_active":false,"_monsterinsights_sitenote_note":"","_monsterinsights_sitenote_category":0,"_uf_show_specific_survey":0,"_uf_disable_surveys":false,"footnotes":""},"categories":[9],"tags":[],"class_list":["post-8589","post","type-post","status-publish","format-standard","has-post-thumbnail","hentry","category-uncategorized"],"aioseo_notices":[],"yoast_head":"<!-- This site is optimized with the Yoast SEO plugin v27.5 - https:\/\/yoast.com\/product\/yoast-seo-wordpress\/ -->\n<title>\u00a0Deuil au Niger :\u00a0 Hama Amadou n\u2019est plus - Le Patriote<\/title>\n<meta name=\"robots\" content=\"index, follow, max-snippet:-1, max-image-preview:large, max-video-preview:-1\" \/>\n<link rel=\"canonical\" href=\"https:\/\/lepatriotebenin.com\/index.php\/2024\/10\/24\/deuil-au-niger-hama-amadou-nest-plus\/\" \/>\n<meta property=\"og:locale\" content=\"fr_FR\" \/>\n<meta property=\"og:type\" content=\"article\" \/>\n<meta property=\"og:title\" content=\"\u00a0Deuil au Niger :\u00a0 Hama Amadou n\u2019est plus - Le Patriote\" \/>\n<meta property=\"og:description\" content=\"&nbsp; Une grande figure de la vie politique nig\u00e9rienne s\u2019est \u00e9teinte. L\u2019ancien pr\u00e9sident de l\u2019Assembl\u00e9e nationale et ancien Premier ministre du Niger, Hama Amadou est d\u00e9c\u00e9d\u00e9 dans la nuit de&hellip;\" \/>\n<meta property=\"og:url\" content=\"https:\/\/lepatriotebenin.com\/index.php\/2024\/10\/24\/deuil-au-niger-hama-amadou-nest-plus\/\" \/>\n<meta property=\"og:site_name\" content=\"Le Patriote\" \/>\n<meta property=\"article:published_time\" content=\"2024-10-24T14:24:30+00:00\" \/>\n<meta property=\"article:modified_time\" content=\"2024-10-24T14:24:31+00:00\" \/>\n<meta property=\"og:image\" content=\"https:\/\/lepatriotebenin.com\/wp-content\/uploads\/2024\/10\/hamad.jpg\" \/>\n\t<meta property=\"og:image:width\" content=\"980\" \/>\n\t<meta property=\"og:image:height\" content=\"551\" \/>\n\t<meta property=\"og:image:type\" content=\"image\/jpeg\" \/>\n<meta name=\"author\" content=\"Roland AFFANOU\" \/>\n<meta name=\"twitter:card\" content=\"summary_large_image\" \/>\n<meta name=\"twitter:label1\" content=\"\u00c9crit par\" \/>\n\t<meta name=\"twitter:data1\" content=\"Roland AFFANOU\" \/>\n\t<meta name=\"twitter:label2\" content=\"Dur\u00e9e de lecture estim\u00e9e\" \/>\n\t<meta name=\"twitter:data2\" content=\"1 minute\" \/>\n<script type=\"application\/ld+json\" class=\"yoast-schema-graph\">{\"@context\":\"https:\\\/\\\/schema.org\",\"@graph\":[{\"@type\":\"Article\",\"@id\":\"https:\\\/\\\/lepatriotebenin.com\\\/index.php\\\/2024\\\/10\\\/24\\\/deuil-au-niger-hama-amadou-nest-plus\\\/#article\",\"isPartOf\":{\"@id\":\"https:\\\/\\\/lepatriotebenin.com\\\/index.php\\\/2024\\\/10\\\/24\\\/deuil-au-niger-hama-amadou-nest-plus\\\/\"},\"author\":{\"name\":\"Roland AFFANOU\",\"@id\":\"https:\\\/\\\/lepatriotebenin.com\\\/#\\\/schema\\\/person\\\/4a9b67216c97d04045e01405c534c91f\"},\"headline\":\"\u00a0Deuil au Niger :\u00a0 Hama Amadou n\u2019est plus\",\"datePublished\":\"2024-10-24T14:24:30+00:00\",\"dateModified\":\"2024-10-24T14:24:31+00:00\",\"mainEntityOfPage\":{\"@id\":\"https:\\\/\\\/lepatriotebenin.com\\\/index.php\\\/2024\\\/10\\\/24\\\/deuil-au-niger-hama-amadou-nest-plus\\\/\"},\"wordCount\":234,\"commentCount\":0,\"image\":{\"@id\":\"https:\\\/\\\/lepatriotebenin.com\\\/index.php\\\/2024\\\/10\\\/24\\\/deuil-au-niger-hama-amadou-nest-plus\\\/#primaryimage\"},\"thumbnailUrl\":\"https:\\\/\\\/lepatriotebenin.com\\\/wp-content\\\/uploads\\\/2024\\\/10\\\/hamad.jpg\",\"articleSection\":[\"Uncategorized\"],\"inLanguage\":\"fr-FR\",\"potentialAction\":[{\"@type\":\"CommentAction\",\"name\":\"Comment\",\"target\":[\"https:\\\/\\\/lepatriotebenin.com\\\/index.php\\\/2024\\\/10\\\/24\\\/deuil-au-niger-hama-amadou-nest-plus\\\/#respond\"]}]},{\"@type\":\"WebPage\",\"@id\":\"https:\\\/\\\/lepatriotebenin.com\\\/index.php\\\/2024\\\/10\\\/24\\\/deuil-au-niger-hama-amadou-nest-plus\\\/\",\"url\":\"https:\\\/\\\/lepatriotebenin.com\\\/index.php\\\/2024\\\/10\\\/24\\\/deuil-au-niger-hama-amadou-nest-plus\\\/\",\"name\":\"\u00a0Deuil au Niger :\u00a0 Hama Amadou n\u2019est plus - Le Patriote\",\"isPartOf\":{\"@id\":\"https:\\\/\\\/lepatriotebenin.com\\\/#website\"},\"primaryImageOfPage\":{\"@id\":\"https:\\\/\\\/lepatriotebenin.com\\\/index.php\\\/2024\\\/10\\\/24\\\/deuil-au-niger-hama-amadou-nest-plus\\\/#primaryimage\"},\"image\":{\"@id\":\"https:\\\/\\\/lepatriotebenin.com\\\/index.php\\\/2024\\\/10\\\/24\\\/deuil-au-niger-hama-amadou-nest-plus\\\/#primaryimage\"},\"thumbnailUrl\":\"https:\\\/\\\/lepatriotebenin.com\\\/wp-content\\\/uploads\\\/2024\\\/10\\\/hamad.jpg\",\"datePublished\":\"2024-10-24T14:24:30+00:00\",\"dateModified\":\"2024-10-24T14:24:31+00:00\",\"author\":{\"@id\":\"https:\\\/\\\/lepatriotebenin.com\\\/#\\\/schema\\\/person\\\/4a9b67216c97d04045e01405c534c91f\"},\"breadcrumb\":{\"@id\":\"https:\\\/\\\/lepatriotebenin.com\\\/index.php\\\/2024\\\/10\\\/24\\\/deuil-au-niger-hama-amadou-nest-plus\\\/#breadcrumb\"},\"inLanguage\":\"fr-FR\",\"potentialAction\":[{\"@type\":\"ReadAction\",\"target\":[\"https:\\\/\\\/lepatriotebenin.com\\\/index.php\\\/2024\\\/10\\\/24\\\/deuil-au-niger-hama-amadou-nest-plus\\\/\"]}]},{\"@type\":\"ImageObject\",\"inLanguage\":\"fr-FR\",\"@id\":\"https:\\\/\\\/lepatriotebenin.com\\\/index.php\\\/2024\\\/10\\\/24\\\/deuil-au-niger-hama-amadou-nest-plus\\\/#primaryimage\",\"url\":\"https:\\\/\\\/lepatriotebenin.com\\\/wp-content\\\/uploads\\\/2024\\\/10\\\/hamad.jpg\",\"contentUrl\":\"https:\\\/\\\/lepatriotebenin.com\\\/wp-content\\\/uploads\\\/2024\\\/10\\\/hamad.jpg\",\"width\":980,\"height\":551},{\"@type\":\"BreadcrumbList\",\"@id\":\"https:\\\/\\\/lepatriotebenin.com\\\/index.php\\\/2024\\\/10\\\/24\\\/deuil-au-niger-hama-amadou-nest-plus\\\/#breadcrumb\",\"itemListElement\":[{\"@type\":\"ListItem\",\"position\":1,\"name\":\"Accueil\",\"item\":\"https:\\\/\\\/lepatriotebenin.com\\\/\"},{\"@type\":\"ListItem\",\"position\":2,\"name\":\"\u00a0Deuil au Niger :\u00a0 Hama Amadou n\u2019est plus\"}]},{\"@type\":\"WebSite\",\"@id\":\"https:\\\/\\\/lepatriotebenin.com\\\/#website\",\"url\":\"https:\\\/\\\/lepatriotebenin.com\\\/\",\"name\":\"Le Patriote\",\"description\":\"Le Patriote B\u00e9nin\",\"potentialAction\":[{\"@type\":\"SearchAction\",\"target\":{\"@type\":\"EntryPoint\",\"urlTemplate\":\"https:\\\/\\\/lepatriotebenin.com\\\/?s={search_term_string}\"},\"query-input\":{\"@type\":\"PropertyValueSpecification\",\"valueRequired\":true,\"valueName\":\"search_term_string\"}}],\"inLanguage\":\"fr-FR\"},{\"@type\":\"Person\",\"@id\":\"https:\\\/\\\/lepatriotebenin.com\\\/#\\\/schema\\\/person\\\/4a9b67216c97d04045e01405c534c91f\",\"name\":\"Roland AFFANOU\",\"image\":{\"@type\":\"ImageObject\",\"inLanguage\":\"fr-FR\",\"@id\":\"https:\\\/\\\/secure.gravatar.com\\\/avatar\\\/7209d3f6d2d47ea4d0c67e14d3effb61feb10ae540a4381280c66265de5bd643?s=96&d=mm&r=g\",\"url\":\"https:\\\/\\\/secure.gravatar.com\\\/avatar\\\/7209d3f6d2d47ea4d0c67e14d3effb61feb10ae540a4381280c66265de5bd643?s=96&d=mm&r=g\",\"contentUrl\":\"https:\\\/\\\/secure.gravatar.com\\\/avatar\\\/7209d3f6d2d47ea4d0c67e14d3effb61feb10ae540a4381280c66265de5bd643?s=96&d=mm&r=g\",\"caption\":\"Roland AFFANOU\"},\"url\":\"https:\\\/\\\/lepatriotebenin.com\"}]}<\/script>\n<!-- \/ Yoast SEO plugin. -->","yoast_head_json":{"title":"\u00a0Deuil au Niger :\u00a0 Hama Amadou n\u2019est plus - Le Patriote","robots":{"index":"index","follow":"follow","max-snippet":"max-snippet:-1","max-image-preview":"max-image-preview:large","max-video-preview":"max-video-preview:-1"},"canonical":"https:\/\/lepatriotebenin.com\/index.php\/2024\/10\/24\/deuil-au-niger-hama-amadou-nest-plus\/","og_locale":"fr_FR","og_type":"article","og_title":"\u00a0Deuil au Niger :\u00a0 Hama Amadou n\u2019est plus - Le Patriote","og_description":"&nbsp; Une grande figure de la vie politique nig\u00e9rienne s\u2019est \u00e9teinte. L\u2019ancien pr\u00e9sident de l\u2019Assembl\u00e9e nationale et ancien Premier ministre du Niger, Hama Amadou est d\u00e9c\u00e9d\u00e9 dans la nuit de&hellip;","og_url":"https:\/\/lepatriotebenin.com\/index.php\/2024\/10\/24\/deuil-au-niger-hama-amadou-nest-plus\/","og_site_name":"Le Patriote","article_published_time":"2024-10-24T14:24:30+00:00","article_modified_time":"2024-10-24T14:24:31+00:00","og_image":[{"width":980,"height":551,"url":"https:\/\/lepatriotebenin.com\/wp-content\/uploads\/2024\/10\/hamad.jpg","type":"image\/jpeg"}],"author":"Roland AFFANOU","twitter_card":"summary_large_image","twitter_misc":{"\u00c9crit par":"Roland AFFANOU","Dur\u00e9e de lecture estim\u00e9e":"1 minute"},"schema":{"@context":"https:\/\/schema.org","@graph":[{"@type":"Article","@id":"https:\/\/lepatriotebenin.com\/index.php\/2024\/10\/24\/deuil-au-niger-hama-amadou-nest-plus\/#article","isPartOf":{"@id":"https:\/\/lepatriotebenin.com\/index.php\/2024\/10\/24\/deuil-au-niger-hama-amadou-nest-plus\/"},"author":{"name":"Roland AFFANOU","@id":"https:\/\/lepatriotebenin.com\/#\/schema\/person\/4a9b67216c97d04045e01405c534c91f"},"headline":"\u00a0Deuil au Niger :\u00a0 Hama Amadou n\u2019est plus","datePublished":"2024-10-24T14:24:30+00:00","dateModified":"2024-10-24T14:24:31+00:00","mainEntityOfPage":{"@id":"https:\/\/lepatriotebenin.com\/index.php\/2024\/10\/24\/deuil-au-niger-hama-amadou-nest-plus\/"},"wordCount":234,"commentCount":0,"image":{"@id":"https:\/\/lepatriotebenin.com\/index.php\/2024\/10\/24\/deuil-au-niger-hama-amadou-nest-plus\/#primaryimage"},"thumbnailUrl":"https:\/\/lepatriotebenin.com\/wp-content\/uploads\/2024\/10\/hamad.jpg","articleSection":["Uncategorized"],"inLanguage":"fr-FR","potentialAction":[{"@type":"CommentAction","name":"Comment","target":["https:\/\/lepatriotebenin.com\/index.php\/2024\/10\/24\/deuil-au-niger-hama-amadou-nest-plus\/#respond"]}]},{"@type":"WebPage","@id":"https:\/\/lepatriotebenin.com\/index.php\/2024\/10\/24\/deuil-au-niger-hama-amadou-nest-plus\/","url":"https:\/\/lepatriotebenin.com\/index.php\/2024\/10\/24\/deuil-au-niger-hama-amadou-nest-plus\/","name":"\u00a0Deuil au Niger :\u00a0 Hama Amadou n\u2019est plus - Le Patriote","isPartOf":{"@id":"https:\/\/lepatriotebenin.com\/#website"},"primaryImageOfPage":{"@id":"https:\/\/lepatriotebenin.com\/index.php\/2024\/10\/24\/deuil-au-niger-hama-amadou-nest-plus\/#primaryimage"},"image":{"@id":"https:\/\/lepatriotebenin.com\/index.php\/2024\/10\/24\/deuil-au-niger-hama-amadou-nest-plus\/#primaryimage"},"thumbnailUrl":"https:\/\/lepatriotebenin.com\/wp-content\/uploads\/2024\/10\/hamad.jpg","datePublished":"2024-10-24T14:24:30+00:00","dateModified":"2024-10-24T14:24:31+00:00","author":{"@id":"https:\/\/lepatriotebenin.com\/#\/schema\/person\/4a9b67216c97d04045e01405c534c91f"},"breadcrumb":{"@id":"https:\/\/lepatriotebenin.com\/index.php\/2024\/10\/24\/deuil-au-niger-hama-amadou-nest-plus\/#breadcrumb"},"inLanguage":"fr-FR","potentialAction":[{"@type":"ReadAction","target":["https:\/\/lepatriotebenin.com\/index.php\/2024\/10\/24\/deuil-au-niger-hama-amadou-nest-plus\/"]}]},{"@type":"ImageObject","inLanguage":"fr-FR","@id":"https:\/\/lepatriotebenin.com\/index.php\/2024\/10\/24\/deuil-au-niger-hama-amadou-nest-plus\/#primaryimage","url":"https:\/\/lepatriotebenin.com\/wp-content\/uploads\/2024\/10\/hamad.jpg","contentUrl":"https:\/\/lepatriotebenin.com\/wp-content\/uploads\/2024\/10\/hamad.jpg","width":980,"height":551},{"@type":"BreadcrumbList","@id":"https:\/\/lepatriotebenin.com\/index.php\/2024\/10\/24\/deuil-au-niger-hama-amadou-nest-plus\/#breadcrumb","itemListElement":[{"@type":"ListItem","position":1,"name":"Accueil","item":"https:\/\/lepatriotebenin.com\/"},{"@type":"ListItem","position":2,"name":"\u00a0Deuil au Niger :\u00a0 Hama Amadou n\u2019est plus"}]},{"@type":"WebSite","@id":"https:\/\/lepatriotebenin.com\/#website","url":"https:\/\/lepatriotebenin.com\/","name":"Le Patriote","description":"Le Patriote B\u00e9nin","potentialAction":[{"@type":"SearchAction","target":{"@type":"EntryPoint","urlTemplate":"https:\/\/lepatriotebenin.com\/?s={search_term_string}"},"query-input":{"@type":"PropertyValueSpecification","valueRequired":true,"valueName":"search_term_string"}}],"inLanguage":"fr-FR"},{"@type":"Person","@id":"https:\/\/lepatriotebenin.com\/#\/schema\/person\/4a9b67216c97d04045e01405c534c91f","name":"Roland AFFANOU","image":{"@type":"ImageObject","inLanguage":"fr-FR","@id":"https:\/\/secure.gravatar.com\/avatar\/7209d3f6d2d47ea4d0c67e14d3effb61feb10ae540a4381280c66265de5bd643?s=96&d=mm&r=g","url":"https:\/\/secure.gravatar.com\/avatar\/7209d3f6d2d47ea4d0c67e14d3effb61feb10ae540a4381280c66265de5bd643?s=96&d=mm&r=g","contentUrl":"https:\/\/secure.gravatar.com\/avatar\/7209d3f6d2d47ea4d0c67e14d3effb61feb10ae540a4381280c66265de5bd643?s=96&d=mm&r=g","caption":"Roland AFFANOU"},"url":"https:\/\/lepatriotebenin.com"}]}},"_links":{"self":[{"href":"https:\/\/lepatriotebenin.com\/index.php\/wp-json\/wp\/v2\/posts\/8589","targetHints":{"allow":["GET"]}}],"collection":[{"href":"https:\/\/lepatriotebenin.com\/index.php\/wp-json\/wp\/v2\/posts"}],"about":[{"href":"https:\/\/lepatriotebenin.com\/index.php\/wp-json\/wp\/v2\/types\/post"}],"author":[{"embeddable":true,"href":"https:\/\/lepatriotebenin.com\/index.php\/wp-json\/wp\/v2\/users\/6"}],"replies":[{"embeddable":true,"href":"https:\/\/lepatriotebenin.com\/index.php\/wp-json\/wp\/v2\/comments?post=8589"}],"version-history":[{"count":1,"href":"https:\/\/lepatriotebenin.com\/index.php\/wp-json\/wp\/v2\/posts\/8589\/revisions"}],"predecessor-version":[{"id":8591,"href":"https:\/\/lepatriotebenin.com\/index.php\/wp-json\/wp\/v2\/posts\/8589\/revisions\/8591"}],"wp:featuredmedia":[{"embeddable":true,"href":"https:\/\/lepatriotebenin.com\/index.php\/wp-json\/wp\/v2\/media\/8590"}],"wp:attachment":[{"href":"https:\/\/lepatriotebenin.com\/index.php\/wp-json\/wp\/v2\/media?parent=8589"}],"wp:term":[{"taxonomy":"category","embeddable":true,"href":"https:\/\/lepatriotebenin.com\/index.php\/wp-json\/wp\/v2\/categories?post=8589"},{"taxonomy":"post_tag","embeddable":true,"href":"https:\/\/lepatriotebenin.com\/index.php\/wp-json\/wp\/v2\/tags?post=8589"}],"curies":[{"name":"wp","href":"https:\/\/api.w.org\/{rel}","templated":true}]}}