{"id":8584,"date":"2024-10-24T03:10:42","date_gmt":"2024-10-24T01:10:42","guid":{"rendered":"https:\/\/lepatriotebenin.com\/?p=8584"},"modified":"2024-10-24T03:10:43","modified_gmt":"2024-10-24T01:10:43","slug":"assemblee-nationale-lavant-derniere-session-budgetaire-de-vlavonou-souvre-ce-jour","status":"publish","type":"post","link":"https:\/\/lepatriotebenin.com\/index.php\/2024\/10\/24\/assemblee-nationale-lavant-derniere-session-budgetaire-de-vlavonou-souvre-ce-jour\/","title":{"rendered":"Assembl\u00e9e Nationale : \u00a0L\u2019avant derni\u00e8re session budg\u00e9taire de Vlavonou s\u2019ouvre ce jour"},"content":{"rendered":"\n<p>Apr\u00e8s plusieurs mois de cong\u00e9s, les 109 d\u00e9put\u00e9s de la 9\u00e8me l\u00e9gislature retournent \u00e0 l\u2019h\u00e9micycle ce jeudi 24 octobre 2024 sur convocation du pr\u00e9sident <strong>Louis Vlavonou.<\/strong> Au cours de la session qui s\u2019ouvre, les locataires du Palais des Gouverneurs de Porto Novo auront la lourde charge d\u2019examiner et de voter le budget g\u00e9n\u00e9ral de l\u2019Etat exercice 2025. Apr\u00e8s cet exercice qui s\u2019\u00e9tendra sur le reste des semaines de l\u2019ann\u00e9e 2024, la 9\u00e8me l\u00e9gislature de l\u2019Assembl\u00e9e Nationale pr\u00e9sid\u00e9e par Louis Vlavonou n\u2019aura plus qu\u2019un budget \u00e0 examiner et voter avant qu\u2019elle ne termine son mandat surtout sous le r\u00e9gime dit de la rupture. C\u2019est donc son avant derni\u00e8re session budg\u00e9taire que le pr\u00e9sident Louis Vlavonou ouvre ce jour pour donner au pr\u00e9sident Talon les moyens pour la gestion des affaires du B\u00e9nin en 2025.&nbsp; Pour rappel, le projet de loi de finances (y compris le budget de l\u2019Etat) pour l\u2019ann\u00e9e budg\u00e9taire 2025 est \u00e9gal, en ressources et en charges, \u00e0 la somme de <strong>3.551,005 milliards de FCFA<\/strong> contre un montant de 3.199,274 milliards de FCFA pr\u00e9vus en loi de finances pour la gestion 2024.<\/p>\n","protected":false},"excerpt":{"rendered":"<p>Apr\u00e8s plusieurs mois de cong\u00e9s, les 109 d\u00e9put\u00e9s de la 9\u00e8me l\u00e9gislature retournent \u00e0 l\u2019h\u00e9micycle ce jeudi 24 octobre 2024 sur convocation du pr\u00e9sident Louis Vlavonou. Au cours de la&hellip;<\/p>\n","protected":false},"author":12,"featured_media":8585,"comment_status":"open","ping_status":"open","sticky":false,"template":"","format":"standard","meta":{"content-type":"","om_disable_all_campaigns":false,"_monsterinsights_skip_tracking":false,"_monsterinsights_sitenote_active":false,"_monsterinsights_sitenote_note":"","_monsterinsights_sitenote_category":0,"_uf_show_specific_survey":0,"_uf_disable_surveys":false,"footnotes":""},"categories":[26],"tags":[],"class_list":["post-8584","post","type-post","status-publish","format-standard","has-post-thumbnail","hentry","category-politique"],"aioseo_notices":[],"yoast_head":"<!-- This site is optimized with the Yoast SEO plugin v27.5 - https:\/\/yoast.com\/product\/yoast-seo-wordpress\/ -->\n<title>Assembl\u00e9e Nationale : \u00a0L\u2019avant derni\u00e8re session budg\u00e9taire de Vlavonou s\u2019ouvre ce jour - Le Patriote<\/title>\n<meta name=\"robots\" content=\"index, follow, max-snippet:-1, max-image-preview:large, max-video-preview:-1\" \/>\n<link rel=\"canonical\" href=\"https:\/\/lepatriotebenin.com\/index.php\/2024\/10\/24\/assemblee-nationale-lavant-derniere-session-budgetaire-de-vlavonou-souvre-ce-jour\/\" \/>\n<meta property=\"og:locale\" content=\"fr_FR\" \/>\n<meta property=\"og:type\" content=\"article\" \/>\n<meta property=\"og:title\" content=\"Assembl\u00e9e Nationale : \u00a0L\u2019avant derni\u00e8re session budg\u00e9taire de Vlavonou s\u2019ouvre ce jour - Le Patriote\" \/>\n<meta property=\"og:description\" content=\"Apr\u00e8s plusieurs mois de cong\u00e9s, les 109 d\u00e9put\u00e9s de la 9\u00e8me l\u00e9gislature retournent \u00e0 l\u2019h\u00e9micycle ce jeudi 24 octobre 2024 sur convocation du pr\u00e9sident Louis Vlavonou. Au cours de la&hellip;\" \/>\n<meta property=\"og:url\" content=\"https:\/\/lepatriotebenin.com\/index.php\/2024\/10\/24\/assemblee-nationale-lavant-derniere-session-budgetaire-de-vlavonou-souvre-ce-jour\/\" \/>\n<meta property=\"og:site_name\" content=\"Le Patriote\" \/>\n<meta property=\"article:published_time\" content=\"2024-10-24T01:10:42+00:00\" \/>\n<meta property=\"article:modified_time\" content=\"2024-10-24T01:10:43+00:00\" \/>\n<meta property=\"og:image\" content=\"https:\/\/lepatriotebenin.com\/wp-content\/uploads\/2024\/10\/louis-vlavonou-1170x836-1.jpg\" \/>\n\t<meta property=\"og:image:width\" content=\"1170\" \/>\n\t<meta property=\"og:image:height\" content=\"836\" \/>\n\t<meta property=\"og:image:type\" content=\"image\/jpeg\" \/>\n<meta name=\"author\" content=\"Comlan Paul ODAH\" \/>\n<meta name=\"twitter:card\" content=\"summary_large_image\" \/>\n<meta name=\"twitter:label1\" content=\"\u00c9crit par\" \/>\n\t<meta name=\"twitter:data1\" content=\"Comlan Paul ODAH\" \/>\n\t<meta name=\"twitter:label2\" content=\"Dur\u00e9e de lecture estim\u00e9e\" \/>\n\t<meta name=\"twitter:data2\" content=\"1 minute\" \/>\n<script type=\"application\/ld+json\" class=\"yoast-schema-graph\">{\"@context\":\"https:\\\/\\\/schema.org\",\"@graph\":[{\"@type\":\"Article\",\"@id\":\"https:\\\/\\\/lepatriotebenin.com\\\/index.php\\\/2024\\\/10\\\/24\\\/assemblee-nationale-lavant-derniere-session-budgetaire-de-vlavonou-souvre-ce-jour\\\/#article\",\"isPartOf\":{\"@id\":\"https:\\\/\\\/lepatriotebenin.com\\\/index.php\\\/2024\\\/10\\\/24\\\/assemblee-nationale-lavant-derniere-session-budgetaire-de-vlavonou-souvre-ce-jour\\\/\"},\"author\":{\"name\":\"Comlan Paul ODAH\",\"@id\":\"https:\\\/\\\/lepatriotebenin.com\\\/#\\\/schema\\\/person\\\/6486fa44ec286eee49816deb241bcbbf\"},\"headline\":\"Assembl\u00e9e Nationale : \u00a0L\u2019avant derni\u00e8re session budg\u00e9taire de Vlavonou s\u2019ouvre ce jour\",\"datePublished\":\"2024-10-24T01:10:42+00:00\",\"dateModified\":\"2024-10-24T01:10:43+00:00\",\"mainEntityOfPage\":{\"@id\":\"https:\\\/\\\/lepatriotebenin.com\\\/index.php\\\/2024\\\/10\\\/24\\\/assemblee-nationale-lavant-derniere-session-budgetaire-de-vlavonou-souvre-ce-jour\\\/\"},\"wordCount\":224,\"commentCount\":0,\"image\":{\"@id\":\"https:\\\/\\\/lepatriotebenin.com\\\/index.php\\\/2024\\\/10\\\/24\\\/assemblee-nationale-lavant-derniere-session-budgetaire-de-vlavonou-souvre-ce-jour\\\/#primaryimage\"},\"thumbnailUrl\":\"https:\\\/\\\/lepatriotebenin.com\\\/wp-content\\\/uploads\\\/2024\\\/10\\\/louis-vlavonou-1170x836-1.jpg\",\"articleSection\":[\"Politique\"],\"inLanguage\":\"fr-FR\",\"potentialAction\":[{\"@type\":\"CommentAction\",\"name\":\"Comment\",\"target\":[\"https:\\\/\\\/lepatriotebenin.com\\\/index.php\\\/2024\\\/10\\\/24\\\/assemblee-nationale-lavant-derniere-session-budgetaire-de-vlavonou-souvre-ce-jour\\\/#respond\"]}]},{\"@type\":\"WebPage\",\"@id\":\"https:\\\/\\\/lepatriotebenin.com\\\/index.php\\\/2024\\\/10\\\/24\\\/assemblee-nationale-lavant-derniere-session-budgetaire-de-vlavonou-souvre-ce-jour\\\/\",\"url\":\"https:\\\/\\\/lepatriotebenin.com\\\/index.php\\\/2024\\\/10\\\/24\\\/assemblee-nationale-lavant-derniere-session-budgetaire-de-vlavonou-souvre-ce-jour\\\/\",\"name\":\"Assembl\u00e9e Nationale : \u00a0L\u2019avant derni\u00e8re session budg\u00e9taire de Vlavonou s\u2019ouvre ce jour - Le Patriote\",\"isPartOf\":{\"@id\":\"https:\\\/\\\/lepatriotebenin.com\\\/#website\"},\"primaryImageOfPage\":{\"@id\":\"https:\\\/\\\/lepatriotebenin.com\\\/index.php\\\/2024\\\/10\\\/24\\\/assemblee-nationale-lavant-derniere-session-budgetaire-de-vlavonou-souvre-ce-jour\\\/#primaryimage\"},\"image\":{\"@id\":\"https:\\\/\\\/lepatriotebenin.com\\\/index.php\\\/2024\\\/10\\\/24\\\/assemblee-nationale-lavant-derniere-session-budgetaire-de-vlavonou-souvre-ce-jour\\\/#primaryimage\"},\"thumbnailUrl\":\"https:\\\/\\\/lepatriotebenin.com\\\/wp-content\\\/uploads\\\/2024\\\/10\\\/louis-vlavonou-1170x836-1.jpg\",\"datePublished\":\"2024-10-24T01:10:42+00:00\",\"dateModified\":\"2024-10-24T01:10:43+00:00\",\"author\":{\"@id\":\"https:\\\/\\\/lepatriotebenin.com\\\/#\\\/schema\\\/person\\\/6486fa44ec286eee49816deb241bcbbf\"},\"breadcrumb\":{\"@id\":\"https:\\\/\\\/lepatriotebenin.com\\\/index.php\\\/2024\\\/10\\\/24\\\/assemblee-nationale-lavant-derniere-session-budgetaire-de-vlavonou-souvre-ce-jour\\\/#breadcrumb\"},\"inLanguage\":\"fr-FR\",\"potentialAction\":[{\"@type\":\"ReadAction\",\"target\":[\"https:\\\/\\\/lepatriotebenin.com\\\/index.php\\\/2024\\\/10\\\/24\\\/assemblee-nationale-lavant-derniere-session-budgetaire-de-vlavonou-souvre-ce-jour\\\/\"]}]},{\"@type\":\"ImageObject\",\"inLanguage\":\"fr-FR\",\"@id\":\"https:\\\/\\\/lepatriotebenin.com\\\/index.php\\\/2024\\\/10\\\/24\\\/assemblee-nationale-lavant-derniere-session-budgetaire-de-vlavonou-souvre-ce-jour\\\/#primaryimage\",\"url\":\"https:\\\/\\\/lepatriotebenin.com\\\/wp-content\\\/uploads\\\/2024\\\/10\\\/louis-vlavonou-1170x836-1.jpg\",\"contentUrl\":\"https:\\\/\\\/lepatriotebenin.com\\\/wp-content\\\/uploads\\\/2024\\\/10\\\/louis-vlavonou-1170x836-1.jpg\",\"width\":1170,\"height\":836},{\"@type\":\"BreadcrumbList\",\"@id\":\"https:\\\/\\\/lepatriotebenin.com\\\/index.php\\\/2024\\\/10\\\/24\\\/assemblee-nationale-lavant-derniere-session-budgetaire-de-vlavonou-souvre-ce-jour\\\/#breadcrumb\",\"itemListElement\":[{\"@type\":\"ListItem\",\"position\":1,\"name\":\"Accueil\",\"item\":\"https:\\\/\\\/lepatriotebenin.com\\\/\"},{\"@type\":\"ListItem\",\"position\":2,\"name\":\"Assembl\u00e9e Nationale : \u00a0L\u2019avant derni\u00e8re session budg\u00e9taire de Vlavonou s\u2019ouvre ce jour\"}]},{\"@type\":\"WebSite\",\"@id\":\"https:\\\/\\\/lepatriotebenin.com\\\/#website\",\"url\":\"https:\\\/\\\/lepatriotebenin.com\\\/\",\"name\":\"Le Patriote\",\"description\":\"Le Patriote B\u00e9nin\",\"potentialAction\":[{\"@type\":\"SearchAction\",\"target\":{\"@type\":\"EntryPoint\",\"urlTemplate\":\"https:\\\/\\\/lepatriotebenin.com\\\/?s={search_term_string}\"},\"query-input\":{\"@type\":\"PropertyValueSpecification\",\"valueRequired\":true,\"valueName\":\"search_term_string\"}}],\"inLanguage\":\"fr-FR\"},{\"@type\":\"Person\",\"@id\":\"https:\\\/\\\/lepatriotebenin.com\\\/#\\\/schema\\\/person\\\/6486fa44ec286eee49816deb241bcbbf\",\"name\":\"Comlan Paul ODAH\",\"image\":{\"@type\":\"ImageObject\",\"inLanguage\":\"fr-FR\",\"@id\":\"https:\\\/\\\/secure.gravatar.com\\\/avatar\\\/c45cf8a86d3cde8c562d63858f4ea8947664bd10708ad75990c2938897d9dbe1?s=96&d=mm&r=g\",\"url\":\"https:\\\/\\\/secure.gravatar.com\\\/avatar\\\/c45cf8a86d3cde8c562d63858f4ea8947664bd10708ad75990c2938897d9dbe1?s=96&d=mm&r=g\",\"contentUrl\":\"https:\\\/\\\/secure.gravatar.com\\\/avatar\\\/c45cf8a86d3cde8c562d63858f4ea8947664bd10708ad75990c2938897d9dbe1?s=96&d=mm&r=g\",\"caption\":\"Comlan Paul ODAH\"},\"url\":\"https:\\\/\\\/lepatriotebenin.com\"}]}<\/script>\n<!-- \/ Yoast SEO plugin. -->","yoast_head_json":{"title":"Assembl\u00e9e Nationale : \u00a0L\u2019avant derni\u00e8re session budg\u00e9taire de Vlavonou s\u2019ouvre ce jour - Le Patriote","robots":{"index":"index","follow":"follow","max-snippet":"max-snippet:-1","max-image-preview":"max-image-preview:large","max-video-preview":"max-video-preview:-1"},"canonical":"https:\/\/lepatriotebenin.com\/index.php\/2024\/10\/24\/assemblee-nationale-lavant-derniere-session-budgetaire-de-vlavonou-souvre-ce-jour\/","og_locale":"fr_FR","og_type":"article","og_title":"Assembl\u00e9e Nationale : \u00a0L\u2019avant derni\u00e8re session budg\u00e9taire de Vlavonou s\u2019ouvre ce jour - Le Patriote","og_description":"Apr\u00e8s plusieurs mois de cong\u00e9s, les 109 d\u00e9put\u00e9s de la 9\u00e8me l\u00e9gislature retournent \u00e0 l\u2019h\u00e9micycle ce jeudi 24 octobre 2024 sur convocation du pr\u00e9sident Louis Vlavonou. Au cours de la&hellip;","og_url":"https:\/\/lepatriotebenin.com\/index.php\/2024\/10\/24\/assemblee-nationale-lavant-derniere-session-budgetaire-de-vlavonou-souvre-ce-jour\/","og_site_name":"Le Patriote","article_published_time":"2024-10-24T01:10:42+00:00","article_modified_time":"2024-10-24T01:10:43+00:00","og_image":[{"width":1170,"height":836,"url":"https:\/\/lepatriotebenin.com\/wp-content\/uploads\/2024\/10\/louis-vlavonou-1170x836-1.jpg","type":"image\/jpeg"}],"author":"Comlan Paul ODAH","twitter_card":"summary_large_image","twitter_misc":{"\u00c9crit par":"Comlan Paul ODAH","Dur\u00e9e de lecture estim\u00e9e":"1 minute"},"schema":{"@context":"https:\/\/schema.org","@graph":[{"@type":"Article","@id":"https:\/\/lepatriotebenin.com\/index.php\/2024\/10\/24\/assemblee-nationale-lavant-derniere-session-budgetaire-de-vlavonou-souvre-ce-jour\/#article","isPartOf":{"@id":"https:\/\/lepatriotebenin.com\/index.php\/2024\/10\/24\/assemblee-nationale-lavant-derniere-session-budgetaire-de-vlavonou-souvre-ce-jour\/"},"author":{"name":"Comlan Paul ODAH","@id":"https:\/\/lepatriotebenin.com\/#\/schema\/person\/6486fa44ec286eee49816deb241bcbbf"},"headline":"Assembl\u00e9e Nationale : \u00a0L\u2019avant derni\u00e8re session budg\u00e9taire de Vlavonou s\u2019ouvre ce jour","datePublished":"2024-10-24T01:10:42+00:00","dateModified":"2024-10-24T01:10:43+00:00","mainEntityOfPage":{"@id":"https:\/\/lepatriotebenin.com\/index.php\/2024\/10\/24\/assemblee-nationale-lavant-derniere-session-budgetaire-de-vlavonou-souvre-ce-jour\/"},"wordCount":224,"commentCount":0,"image":{"@id":"https:\/\/lepatriotebenin.com\/index.php\/2024\/10\/24\/assemblee-nationale-lavant-derniere-session-budgetaire-de-vlavonou-souvre-ce-jour\/#primaryimage"},"thumbnailUrl":"https:\/\/lepatriotebenin.com\/wp-content\/uploads\/2024\/10\/louis-vlavonou-1170x836-1.jpg","articleSection":["Politique"],"inLanguage":"fr-FR","potentialAction":[{"@type":"CommentAction","name":"Comment","target":["https:\/\/lepatriotebenin.com\/index.php\/2024\/10\/24\/assemblee-nationale-lavant-derniere-session-budgetaire-de-vlavonou-souvre-ce-jour\/#respond"]}]},{"@type":"WebPage","@id":"https:\/\/lepatriotebenin.com\/index.php\/2024\/10\/24\/assemblee-nationale-lavant-derniere-session-budgetaire-de-vlavonou-souvre-ce-jour\/","url":"https:\/\/lepatriotebenin.com\/index.php\/2024\/10\/24\/assemblee-nationale-lavant-derniere-session-budgetaire-de-vlavonou-souvre-ce-jour\/","name":"Assembl\u00e9e Nationale : \u00a0L\u2019avant derni\u00e8re session budg\u00e9taire de Vlavonou s\u2019ouvre ce jour - Le Patriote","isPartOf":{"@id":"https:\/\/lepatriotebenin.com\/#website"},"primaryImageOfPage":{"@id":"https:\/\/lepatriotebenin.com\/index.php\/2024\/10\/24\/assemblee-nationale-lavant-derniere-session-budgetaire-de-vlavonou-souvre-ce-jour\/#primaryimage"},"image":{"@id":"https:\/\/lepatriotebenin.com\/index.php\/2024\/10\/24\/assemblee-nationale-lavant-derniere-session-budgetaire-de-vlavonou-souvre-ce-jour\/#primaryimage"},"thumbnailUrl":"https:\/\/lepatriotebenin.com\/wp-content\/uploads\/2024\/10\/louis-vlavonou-1170x836-1.jpg","datePublished":"2024-10-24T01:10:42+00:00","dateModified":"2024-10-24T01:10:43+00:00","author":{"@id":"https:\/\/lepatriotebenin.com\/#\/schema\/person\/6486fa44ec286eee49816deb241bcbbf"},"breadcrumb":{"@id":"https:\/\/lepatriotebenin.com\/index.php\/2024\/10\/24\/assemblee-nationale-lavant-derniere-session-budgetaire-de-vlavonou-souvre-ce-jour\/#breadcrumb"},"inLanguage":"fr-FR","potentialAction":[{"@type":"ReadAction","target":["https:\/\/lepatriotebenin.com\/index.php\/2024\/10\/24\/assemblee-nationale-lavant-derniere-session-budgetaire-de-vlavonou-souvre-ce-jour\/"]}]},{"@type":"ImageObject","inLanguage":"fr-FR","@id":"https:\/\/lepatriotebenin.com\/index.php\/2024\/10\/24\/assemblee-nationale-lavant-derniere-session-budgetaire-de-vlavonou-souvre-ce-jour\/#primaryimage","url":"https:\/\/lepatriotebenin.com\/wp-content\/uploads\/2024\/10\/louis-vlavonou-1170x836-1.jpg","contentUrl":"https:\/\/lepatriotebenin.com\/wp-content\/uploads\/2024\/10\/louis-vlavonou-1170x836-1.jpg","width":1170,"height":836},{"@type":"BreadcrumbList","@id":"https:\/\/lepatriotebenin.com\/index.php\/2024\/10\/24\/assemblee-nationale-lavant-derniere-session-budgetaire-de-vlavonou-souvre-ce-jour\/#breadcrumb","itemListElement":[{"@type":"ListItem","position":1,"name":"Accueil","item":"https:\/\/lepatriotebenin.com\/"},{"@type":"ListItem","position":2,"name":"Assembl\u00e9e Nationale : \u00a0L\u2019avant derni\u00e8re session budg\u00e9taire de Vlavonou s\u2019ouvre ce jour"}]},{"@type":"WebSite","@id":"https:\/\/lepatriotebenin.com\/#website","url":"https:\/\/lepatriotebenin.com\/","name":"Le Patriote","description":"Le Patriote B\u00e9nin","potentialAction":[{"@type":"SearchAction","target":{"@type":"EntryPoint","urlTemplate":"https:\/\/lepatriotebenin.com\/?s={search_term_string}"},"query-input":{"@type":"PropertyValueSpecification","valueRequired":true,"valueName":"search_term_string"}}],"inLanguage":"fr-FR"},{"@type":"Person","@id":"https:\/\/lepatriotebenin.com\/#\/schema\/person\/6486fa44ec286eee49816deb241bcbbf","name":"Comlan Paul ODAH","image":{"@type":"ImageObject","inLanguage":"fr-FR","@id":"https:\/\/secure.gravatar.com\/avatar\/c45cf8a86d3cde8c562d63858f4ea8947664bd10708ad75990c2938897d9dbe1?s=96&d=mm&r=g","url":"https:\/\/secure.gravatar.com\/avatar\/c45cf8a86d3cde8c562d63858f4ea8947664bd10708ad75990c2938897d9dbe1?s=96&d=mm&r=g","contentUrl":"https:\/\/secure.gravatar.com\/avatar\/c45cf8a86d3cde8c562d63858f4ea8947664bd10708ad75990c2938897d9dbe1?s=96&d=mm&r=g","caption":"Comlan Paul ODAH"},"url":"https:\/\/lepatriotebenin.com"}]}},"_links":{"self":[{"href":"https:\/\/lepatriotebenin.com\/index.php\/wp-json\/wp\/v2\/posts\/8584","targetHints":{"allow":["GET"]}}],"collection":[{"href":"https:\/\/lepatriotebenin.com\/index.php\/wp-json\/wp\/v2\/posts"}],"about":[{"href":"https:\/\/lepatriotebenin.com\/index.php\/wp-json\/wp\/v2\/types\/post"}],"author":[{"embeddable":true,"href":"https:\/\/lepatriotebenin.com\/index.php\/wp-json\/wp\/v2\/users\/12"}],"replies":[{"embeddable":true,"href":"https:\/\/lepatriotebenin.com\/index.php\/wp-json\/wp\/v2\/comments?post=8584"}],"version-history":[{"count":1,"href":"https:\/\/lepatriotebenin.com\/index.php\/wp-json\/wp\/v2\/posts\/8584\/revisions"}],"predecessor-version":[{"id":8586,"href":"https:\/\/lepatriotebenin.com\/index.php\/wp-json\/wp\/v2\/posts\/8584\/revisions\/8586"}],"wp:featuredmedia":[{"embeddable":true,"href":"https:\/\/lepatriotebenin.com\/index.php\/wp-json\/wp\/v2\/media\/8585"}],"wp:attachment":[{"href":"https:\/\/lepatriotebenin.com\/index.php\/wp-json\/wp\/v2\/media?parent=8584"}],"wp:term":[{"taxonomy":"category","embeddable":true,"href":"https:\/\/lepatriotebenin.com\/index.php\/wp-json\/wp\/v2\/categories?post=8584"},{"taxonomy":"post_tag","embeddable":true,"href":"https:\/\/lepatriotebenin.com\/index.php\/wp-json\/wp\/v2\/tags?post=8584"}],"curies":[{"name":"wp","href":"https:\/\/api.w.org\/{rel}","templated":true}]}}