{"id":8578,"date":"2024-10-24T03:07:31","date_gmt":"2024-10-24T01:07:31","guid":{"rendered":"https:\/\/lepatriotebenin.com\/?p=8578"},"modified":"2024-10-24T03:07:32","modified_gmt":"2024-10-24T01:07:32","slug":"retour-des-exiles-politiques-au-benin-wilfried-leandre-houngbedji-entre-distraction-et-provocation","status":"publish","type":"post","link":"https:\/\/lepatriotebenin.com\/index.php\/2024\/10\/24\/retour-des-exiles-politiques-au-benin-wilfried-leandre-houngbedji-entre-distraction-et-provocation\/","title":{"rendered":"Retour des exil\u00e9s politiques au B\u00e9nin : Wilfried L\u00e9andre Houngb\u00e9dji entre distraction et provocation\u00a0"},"content":{"rendered":"\n<p>Le <strong>dimanche 20 Octobre 2024,<\/strong> le porte parole du gouvernement <strong>Wilfried L\u00e9andre Houngb\u00e9dji<\/strong> a fait savoir au cours de l\u2019\u00e9mission \u00ab grand format \u00bb de Bip Radio, que les exil\u00e9s politiques peuvent revenir dans leur pays. \u00ab On va les accueillir les bras ouvert \u00bb, a-t-il promis, rapporte le site d\u2019information Banouto. Le Secr\u00e9taire g\u00e9n\u00e9ral adjoint du gouvernement, puisque c\u2019est de lui qu\u2019il s\u2019agit, a m\u00eame laiss\u00e9 entendre que S\u00e9bastien <strong>Ajavon, Komi Koutch\u00e9, Valentin<\/strong> <strong>Dj\u00e8nontin, L\u00e9hady Soglo et cie <\/strong>peuvent revenir au B\u00e9nin sans crainte et qu\u2019ils iraient les accueillir \u00e0 l\u2019a\u00e9roport. Est-il vraiment s\u00e9rieux ou amuse-t-il la galerie ? Soit Wilfried L\u00e9andre Houngb\u00e9dji m\u00e9connait les proc\u00e9dures en la mati\u00e8re, soit il tend un pi\u00e8ge dans lequel personne d\u2019autre en dehors de lui-m\u00eame ne peut tomber, soit il fait preuve d\u2019une malhonn\u00eatet\u00e9 intellectuelle qui ne dit pas son nom.<\/p>\n\n\n\n<p>En effet, la plupart des exil\u00e9s \u00e0 qui le porte parole du gouvernement demande de rentrer sont condamn\u00e9s \u00e0 des peines allant de 10 \u00e0 20 ans dans des dossiers que les int\u00e9ress\u00e9s continuent de clamer leur innocence.&nbsp; S\u2019ils ont quitt\u00e9 leur pays, c\u2019est justement pour \u00e9viter le sort des d\u00e9tenus politiques tels que <strong>Joel A\u00efvo, Reckya Madougou et cie<\/strong> qui vivent le martyr dans les cellules de la prison civile d\u2019Akpro-Miss\u00e9r\u00e9t\u00e9 depuis plusieurs ann\u00e9es. Demander dans cette condition aux exil\u00e9s de revenir au pays ne rel\u00e8ve-t-il pas d\u2019un d\u00e9lit ? Wilfried L\u00e9andre Houngb\u00e9dji ne remet-il pas ainsi la corde aux exil\u00e9s pour se pendre sur l\u2019autel de la ruse et de la rage ?&nbsp;<\/p>\n\n\n\n<p>Les b\u00e9ninois se rappellent encore comme si c\u2019\u00e9tait hier les \u00e9v\u00e9nements qui ont pr\u00e9c\u00e9d\u00e9 le retour \u00e0 Cotonou de l\u2019homme d\u2019affaire Patrice Talon, le jeudi 8 octobre 2015, apr\u00e8s plusieurs mois d\u2019exil. Il avait \u00e9t\u00e9 accus\u00e9 de tentative d\u2019empoisonnement et de coup d\u2019\u00c9tat en 2012, contre le pr\u00e9sident Boni Yayi. Avant son retour au bercail, puisque recherch\u00e9 par la justice b\u00e9ninoise, le pr\u00e9sident Boni Yayi l\u2019a graci\u00e9 ainsi que tous les complices dans l\u2019affaire, \u00e0 l\u2019occasion d\u2019une intervention t\u00e9l\u00e9vis\u00e9e dans la soir\u00e9e du mercredi 14 mai 2014. Boni Yayi a, par la m\u00eame occasion, demand\u00e9 au syst\u00e8me judiciaire de sss\u00ab rendre la libert\u00e9 \u00e0 tous les d\u00e9tenus et garantir \u00e0 tous la libert\u00e9 de circulation aussi bien au B\u00e9nin que dans le reste du monde \u00bb. Wilfried L\u00e9andre Houngb\u00e9dji ne devrait pas oublier cette page de l\u2019histoire que son patron, le pr\u00e9sident Patrice Talon, refuse d\u2019\u00e9crire malgr\u00e9 les d\u00e9marches de l\u2019opposition b\u00e9ninoise et surtout les n\u00e9gociations et supplications de celui qui l\u2019avait pourtant pardonn\u00e9 pour des p\u00e9ch\u00e9s pires que ceux reproch\u00e9s \u00e0 Valentin Dj\u00e8nontin, L\u00e9hady Soglo, S\u00e9bastien Adjavon et Komi Koutch\u00e9.&nbsp;<\/p>\n\n\n\n<p>Par un d\u00e9cret, le pr\u00e9sident de la R\u00e9publique peut gracier tous ces exil\u00e9s et leur permettre de rentrer chez eux et participer \u00e0 la construction de leur pays. Wilfried L\u00e9andre Houngb\u00e9dji sait bien que ce d\u00e9cret est loin d\u2019\u00eatre act\u00e9. Pourtant il s\u2019exerce \u00e0 inviter les victimes de la ruse et de la rage \u00e0 revenir se jeter dans les bras de leur pourfendeur qui malheureusement n\u2019a pas d\u00e9mordu. Depuis mars 2023, l\u2019opposition parlementaire anim\u00e9e par les 28 d\u00e9put\u00e9s du parti Les D\u00e9mocrates a propos\u00e9 une loi d\u2019amnistie au profit des exil\u00e9s et d\u00e9tenus politiques sans que cel\u00e0 ait un \u00e9cho favorable chez les 81 d\u00e9put\u00e9s de la mouvance parlementaire constitu\u00e9e par les partis Up-r et Br. En Novembre 2023, le pr\u00e9sident Patrice Talon, pendant qu\u2019il recevait des membres de l\u2019opposition conduits par Boni Yayi, s\u2019\u00e9tait clairement oppos\u00e9 \u00e0 une quelconque id\u00e9e de pardon \u00e0 accorder aux d\u00e9tenus politiques en l\u2019occurrence au ministre Reckya Madougou. \u00ab Le pardon peut \u00eatre une faute. \u00bb, a-t-il affirm\u00e9 ce jour l\u00e0.<\/p>\n\n\n\n<p>Que fait le gouvernement dont Wilfried L\u00e9andre Houngb\u00e9dji porte la parole pour faciliter le retour de ces exil\u00e9s ? De quoi se d\u00e9fend donc le secr\u00e9taire g\u00e9n\u00e9ral adjoint du gouvernement Talon ou pourquoi provoque-t-il les b\u00e9ninois qui souffrent d\u00e9j\u00e0 le martyr \u00e0 cause des conditions tr\u00e8s difficiles dues \u00e0 la chert\u00e9 de la vie ? Porte-t-il ainsi la voix agonisante de son r\u00e9gime en perdition \u00e0 moins de deux ans de la fin du deuxi\u00e8me et dernier mandat constitutionnel du chantre de la rupture ? Ce sont l\u00e0, des questions dont les r\u00e9ponses devraient recadrer les \u00e9lucubrations du porte parole dont les sorties embrouillent plus qu\u2019elles n\u2019\u00e9clairent l\u2019opinion sur les actions et d\u00e9cisions du gouvernement. Si cet appel aux exil\u00e9s est une mani\u00e8re pour le r\u00e9gime d\u2019esquisser les pas d\u2019un \u00e9ventuel changement de position sur la situation des exil\u00e9s et d\u00e9tenus politiques, Wilfried s\u2019est est vraiment tr\u00e8s mal pris car, cette sortie expose plut\u00f4t sa m\u00e9connaissance de la proc\u00e9dure, la m\u00e9chancet\u00e9 d\u2019un gouvernement qui veut abattre ses administr\u00e9s exil\u00e9s par la ruse et surtout le manque de respect pour les b\u00e9ninois qui connaissent toute l\u2019histoire du B\u00e9nin, au moins depuis 2012 o\u00f9 ils ont v\u00e9cus l\u2019affaire tentative d\u2019empoisonnement et de coup d\u2019\u00c9tat.<\/p>\n","protected":false},"excerpt":{"rendered":"<p>Le dimanche 20 Octobre 2024, le porte parole du gouvernement Wilfried L\u00e9andre Houngb\u00e9dji a fait savoir au cours de l\u2019\u00e9mission \u00ab grand format \u00bb de Bip Radio, que les exil\u00e9s&hellip;<\/p>\n","protected":false},"author":12,"featured_media":8579,"comment_status":"open","ping_status":"open","sticky":false,"template":"","format":"standard","meta":{"content-type":"","om_disable_all_campaigns":false,"_monsterinsights_skip_tracking":false,"_monsterinsights_sitenote_active":false,"_monsterinsights_sitenote_note":"","_monsterinsights_sitenote_category":0,"_uf_show_specific_survey":0,"_uf_disable_surveys":false,"footnotes":""},"categories":[26],"tags":[],"class_list":["post-8578","post","type-post","status-publish","format-standard","has-post-thumbnail","hentry","category-politique"],"aioseo_notices":[],"yoast_head":"<!-- This site is optimized with the Yoast SEO plugin v27.5 - https:\/\/yoast.com\/product\/yoast-seo-wordpress\/ -->\n<title>Retour des exil\u00e9s politiques au B\u00e9nin : Wilfried L\u00e9andre Houngb\u00e9dji entre distraction et provocation\u00a0 - Le Patriote<\/title>\n<meta name=\"robots\" content=\"index, follow, max-snippet:-1, max-image-preview:large, max-video-preview:-1\" \/>\n<link rel=\"canonical\" href=\"https:\/\/lepatriotebenin.com\/index.php\/2024\/10\/24\/retour-des-exiles-politiques-au-benin-wilfried-leandre-houngbedji-entre-distraction-et-provocation\/\" \/>\n<meta property=\"og:locale\" content=\"fr_FR\" \/>\n<meta property=\"og:type\" content=\"article\" \/>\n<meta property=\"og:title\" content=\"Retour des exil\u00e9s politiques au B\u00e9nin : Wilfried L\u00e9andre Houngb\u00e9dji entre distraction et provocation\u00a0 - Le Patriote\" \/>\n<meta property=\"og:description\" content=\"Le dimanche 20 Octobre 2024, le porte parole du gouvernement Wilfried L\u00e9andre Houngb\u00e9dji a fait savoir au cours de l\u2019\u00e9mission \u00ab grand format \u00bb de Bip Radio, que les exil\u00e9s&hellip;\" \/>\n<meta property=\"og:url\" content=\"https:\/\/lepatriotebenin.com\/index.php\/2024\/10\/24\/retour-des-exiles-politiques-au-benin-wilfried-leandre-houngbedji-entre-distraction-et-provocation\/\" \/>\n<meta property=\"og:site_name\" content=\"Le Patriote\" \/>\n<meta property=\"article:published_time\" content=\"2024-10-24T01:07:31+00:00\" \/>\n<meta property=\"article:modified_time\" content=\"2024-10-24T01:07:32+00:00\" \/>\n<meta property=\"og:image\" content=\"https:\/\/lepatriotebenin.com\/wp-content\/uploads\/2024\/10\/wilfried-leandre-houngbedji.jpg\" \/>\n\t<meta property=\"og:image:width\" content=\"1200\" \/>\n\t<meta property=\"og:image:height\" content=\"675\" \/>\n\t<meta property=\"og:image:type\" content=\"image\/jpeg\" \/>\n<meta name=\"author\" content=\"Comlan Paul ODAH\" \/>\n<meta name=\"twitter:card\" content=\"summary_large_image\" \/>\n<meta name=\"twitter:label1\" content=\"\u00c9crit par\" \/>\n\t<meta name=\"twitter:data1\" content=\"Comlan Paul ODAH\" \/>\n\t<meta name=\"twitter:label2\" content=\"Dur\u00e9e de lecture estim\u00e9e\" \/>\n\t<meta name=\"twitter:data2\" content=\"5 minutes\" \/>\n<script type=\"application\/ld+json\" class=\"yoast-schema-graph\">{\"@context\":\"https:\\\/\\\/schema.org\",\"@graph\":[{\"@type\":\"Article\",\"@id\":\"https:\\\/\\\/lepatriotebenin.com\\\/index.php\\\/2024\\\/10\\\/24\\\/retour-des-exiles-politiques-au-benin-wilfried-leandre-houngbedji-entre-distraction-et-provocation\\\/#article\",\"isPartOf\":{\"@id\":\"https:\\\/\\\/lepatriotebenin.com\\\/index.php\\\/2024\\\/10\\\/24\\\/retour-des-exiles-politiques-au-benin-wilfried-leandre-houngbedji-entre-distraction-et-provocation\\\/\"},\"author\":{\"name\":\"Comlan Paul ODAH\",\"@id\":\"https:\\\/\\\/lepatriotebenin.com\\\/#\\\/schema\\\/person\\\/6486fa44ec286eee49816deb241bcbbf\"},\"headline\":\"Retour des exil\u00e9s politiques au B\u00e9nin : Wilfried L\u00e9andre Houngb\u00e9dji entre distraction et provocation\u00a0\",\"datePublished\":\"2024-10-24T01:07:31+00:00\",\"dateModified\":\"2024-10-24T01:07:32+00:00\",\"mainEntityOfPage\":{\"@id\":\"https:\\\/\\\/lepatriotebenin.com\\\/index.php\\\/2024\\\/10\\\/24\\\/retour-des-exiles-politiques-au-benin-wilfried-leandre-houngbedji-entre-distraction-et-provocation\\\/\"},\"wordCount\":942,\"commentCount\":0,\"image\":{\"@id\":\"https:\\\/\\\/lepatriotebenin.com\\\/index.php\\\/2024\\\/10\\\/24\\\/retour-des-exiles-politiques-au-benin-wilfried-leandre-houngbedji-entre-distraction-et-provocation\\\/#primaryimage\"},\"thumbnailUrl\":\"https:\\\/\\\/lepatriotebenin.com\\\/wp-content\\\/uploads\\\/2024\\\/10\\\/wilfried-leandre-houngbedji.jpg\",\"articleSection\":[\"Politique\"],\"inLanguage\":\"fr-FR\",\"potentialAction\":[{\"@type\":\"CommentAction\",\"name\":\"Comment\",\"target\":[\"https:\\\/\\\/lepatriotebenin.com\\\/index.php\\\/2024\\\/10\\\/24\\\/retour-des-exiles-politiques-au-benin-wilfried-leandre-houngbedji-entre-distraction-et-provocation\\\/#respond\"]}]},{\"@type\":\"WebPage\",\"@id\":\"https:\\\/\\\/lepatriotebenin.com\\\/index.php\\\/2024\\\/10\\\/24\\\/retour-des-exiles-politiques-au-benin-wilfried-leandre-houngbedji-entre-distraction-et-provocation\\\/\",\"url\":\"https:\\\/\\\/lepatriotebenin.com\\\/index.php\\\/2024\\\/10\\\/24\\\/retour-des-exiles-politiques-au-benin-wilfried-leandre-houngbedji-entre-distraction-et-provocation\\\/\",\"name\":\"Retour des exil\u00e9s politiques au B\u00e9nin : Wilfried L\u00e9andre Houngb\u00e9dji entre distraction et provocation\u00a0 - Le Patriote\",\"isPartOf\":{\"@id\":\"https:\\\/\\\/lepatriotebenin.com\\\/#website\"},\"primaryImageOfPage\":{\"@id\":\"https:\\\/\\\/lepatriotebenin.com\\\/index.php\\\/2024\\\/10\\\/24\\\/retour-des-exiles-politiques-au-benin-wilfried-leandre-houngbedji-entre-distraction-et-provocation\\\/#primaryimage\"},\"image\":{\"@id\":\"https:\\\/\\\/lepatriotebenin.com\\\/index.php\\\/2024\\\/10\\\/24\\\/retour-des-exiles-politiques-au-benin-wilfried-leandre-houngbedji-entre-distraction-et-provocation\\\/#primaryimage\"},\"thumbnailUrl\":\"https:\\\/\\\/lepatriotebenin.com\\\/wp-content\\\/uploads\\\/2024\\\/10\\\/wilfried-leandre-houngbedji.jpg\",\"datePublished\":\"2024-10-24T01:07:31+00:00\",\"dateModified\":\"2024-10-24T01:07:32+00:00\",\"author\":{\"@id\":\"https:\\\/\\\/lepatriotebenin.com\\\/#\\\/schema\\\/person\\\/6486fa44ec286eee49816deb241bcbbf\"},\"breadcrumb\":{\"@id\":\"https:\\\/\\\/lepatriotebenin.com\\\/index.php\\\/2024\\\/10\\\/24\\\/retour-des-exiles-politiques-au-benin-wilfried-leandre-houngbedji-entre-distraction-et-provocation\\\/#breadcrumb\"},\"inLanguage\":\"fr-FR\",\"potentialAction\":[{\"@type\":\"ReadAction\",\"target\":[\"https:\\\/\\\/lepatriotebenin.com\\\/index.php\\\/2024\\\/10\\\/24\\\/retour-des-exiles-politiques-au-benin-wilfried-leandre-houngbedji-entre-distraction-et-provocation\\\/\"]}]},{\"@type\":\"ImageObject\",\"inLanguage\":\"fr-FR\",\"@id\":\"https:\\\/\\\/lepatriotebenin.com\\\/index.php\\\/2024\\\/10\\\/24\\\/retour-des-exiles-politiques-au-benin-wilfried-leandre-houngbedji-entre-distraction-et-provocation\\\/#primaryimage\",\"url\":\"https:\\\/\\\/lepatriotebenin.com\\\/wp-content\\\/uploads\\\/2024\\\/10\\\/wilfried-leandre-houngbedji.jpg\",\"contentUrl\":\"https:\\\/\\\/lepatriotebenin.com\\\/wp-content\\\/uploads\\\/2024\\\/10\\\/wilfried-leandre-houngbedji.jpg\",\"width\":1200,\"height\":675},{\"@type\":\"BreadcrumbList\",\"@id\":\"https:\\\/\\\/lepatriotebenin.com\\\/index.php\\\/2024\\\/10\\\/24\\\/retour-des-exiles-politiques-au-benin-wilfried-leandre-houngbedji-entre-distraction-et-provocation\\\/#breadcrumb\",\"itemListElement\":[{\"@type\":\"ListItem\",\"position\":1,\"name\":\"Accueil\",\"item\":\"https:\\\/\\\/lepatriotebenin.com\\\/\"},{\"@type\":\"ListItem\",\"position\":2,\"name\":\"Retour des exil\u00e9s politiques au B\u00e9nin : Wilfried L\u00e9andre Houngb\u00e9dji entre distraction et provocation\u00a0\"}]},{\"@type\":\"WebSite\",\"@id\":\"https:\\\/\\\/lepatriotebenin.com\\\/#website\",\"url\":\"https:\\\/\\\/lepatriotebenin.com\\\/\",\"name\":\"Le Patriote\",\"description\":\"Le Patriote B\u00e9nin\",\"potentialAction\":[{\"@type\":\"SearchAction\",\"target\":{\"@type\":\"EntryPoint\",\"urlTemplate\":\"https:\\\/\\\/lepatriotebenin.com\\\/?s={search_term_string}\"},\"query-input\":{\"@type\":\"PropertyValueSpecification\",\"valueRequired\":true,\"valueName\":\"search_term_string\"}}],\"inLanguage\":\"fr-FR\"},{\"@type\":\"Person\",\"@id\":\"https:\\\/\\\/lepatriotebenin.com\\\/#\\\/schema\\\/person\\\/6486fa44ec286eee49816deb241bcbbf\",\"name\":\"Comlan Paul ODAH\",\"image\":{\"@type\":\"ImageObject\",\"inLanguage\":\"fr-FR\",\"@id\":\"https:\\\/\\\/secure.gravatar.com\\\/avatar\\\/c45cf8a86d3cde8c562d63858f4ea8947664bd10708ad75990c2938897d9dbe1?s=96&d=mm&r=g\",\"url\":\"https:\\\/\\\/secure.gravatar.com\\\/avatar\\\/c45cf8a86d3cde8c562d63858f4ea8947664bd10708ad75990c2938897d9dbe1?s=96&d=mm&r=g\",\"contentUrl\":\"https:\\\/\\\/secure.gravatar.com\\\/avatar\\\/c45cf8a86d3cde8c562d63858f4ea8947664bd10708ad75990c2938897d9dbe1?s=96&d=mm&r=g\",\"caption\":\"Comlan Paul ODAH\"},\"url\":\"https:\\\/\\\/lepatriotebenin.com\"}]}<\/script>\n<!-- \/ Yoast SEO plugin. -->","yoast_head_json":{"title":"Retour des exil\u00e9s politiques au B\u00e9nin : Wilfried L\u00e9andre Houngb\u00e9dji entre distraction et provocation\u00a0 - Le Patriote","robots":{"index":"index","follow":"follow","max-snippet":"max-snippet:-1","max-image-preview":"max-image-preview:large","max-video-preview":"max-video-preview:-1"},"canonical":"https:\/\/lepatriotebenin.com\/index.php\/2024\/10\/24\/retour-des-exiles-politiques-au-benin-wilfried-leandre-houngbedji-entre-distraction-et-provocation\/","og_locale":"fr_FR","og_type":"article","og_title":"Retour des exil\u00e9s politiques au B\u00e9nin : Wilfried L\u00e9andre Houngb\u00e9dji entre distraction et provocation\u00a0 - Le Patriote","og_description":"Le dimanche 20 Octobre 2024, le porte parole du gouvernement Wilfried L\u00e9andre Houngb\u00e9dji a fait savoir au cours de l\u2019\u00e9mission \u00ab grand format \u00bb de Bip Radio, que les exil\u00e9s&hellip;","og_url":"https:\/\/lepatriotebenin.com\/index.php\/2024\/10\/24\/retour-des-exiles-politiques-au-benin-wilfried-leandre-houngbedji-entre-distraction-et-provocation\/","og_site_name":"Le Patriote","article_published_time":"2024-10-24T01:07:31+00:00","article_modified_time":"2024-10-24T01:07:32+00:00","og_image":[{"width":1200,"height":675,"url":"https:\/\/lepatriotebenin.com\/wp-content\/uploads\/2024\/10\/wilfried-leandre-houngbedji.jpg","type":"image\/jpeg"}],"author":"Comlan Paul ODAH","twitter_card":"summary_large_image","twitter_misc":{"\u00c9crit par":"Comlan Paul ODAH","Dur\u00e9e de lecture estim\u00e9e":"5 minutes"},"schema":{"@context":"https:\/\/schema.org","@graph":[{"@type":"Article","@id":"https:\/\/lepatriotebenin.com\/index.php\/2024\/10\/24\/retour-des-exiles-politiques-au-benin-wilfried-leandre-houngbedji-entre-distraction-et-provocation\/#article","isPartOf":{"@id":"https:\/\/lepatriotebenin.com\/index.php\/2024\/10\/24\/retour-des-exiles-politiques-au-benin-wilfried-leandre-houngbedji-entre-distraction-et-provocation\/"},"author":{"name":"Comlan Paul ODAH","@id":"https:\/\/lepatriotebenin.com\/#\/schema\/person\/6486fa44ec286eee49816deb241bcbbf"},"headline":"Retour des exil\u00e9s politiques au B\u00e9nin : Wilfried L\u00e9andre Houngb\u00e9dji entre distraction et provocation\u00a0","datePublished":"2024-10-24T01:07:31+00:00","dateModified":"2024-10-24T01:07:32+00:00","mainEntityOfPage":{"@id":"https:\/\/lepatriotebenin.com\/index.php\/2024\/10\/24\/retour-des-exiles-politiques-au-benin-wilfried-leandre-houngbedji-entre-distraction-et-provocation\/"},"wordCount":942,"commentCount":0,"image":{"@id":"https:\/\/lepatriotebenin.com\/index.php\/2024\/10\/24\/retour-des-exiles-politiques-au-benin-wilfried-leandre-houngbedji-entre-distraction-et-provocation\/#primaryimage"},"thumbnailUrl":"https:\/\/lepatriotebenin.com\/wp-content\/uploads\/2024\/10\/wilfried-leandre-houngbedji.jpg","articleSection":["Politique"],"inLanguage":"fr-FR","potentialAction":[{"@type":"CommentAction","name":"Comment","target":["https:\/\/lepatriotebenin.com\/index.php\/2024\/10\/24\/retour-des-exiles-politiques-au-benin-wilfried-leandre-houngbedji-entre-distraction-et-provocation\/#respond"]}]},{"@type":"WebPage","@id":"https:\/\/lepatriotebenin.com\/index.php\/2024\/10\/24\/retour-des-exiles-politiques-au-benin-wilfried-leandre-houngbedji-entre-distraction-et-provocation\/","url":"https:\/\/lepatriotebenin.com\/index.php\/2024\/10\/24\/retour-des-exiles-politiques-au-benin-wilfried-leandre-houngbedji-entre-distraction-et-provocation\/","name":"Retour des exil\u00e9s politiques au B\u00e9nin : Wilfried L\u00e9andre Houngb\u00e9dji entre distraction et provocation\u00a0 - Le Patriote","isPartOf":{"@id":"https:\/\/lepatriotebenin.com\/#website"},"primaryImageOfPage":{"@id":"https:\/\/lepatriotebenin.com\/index.php\/2024\/10\/24\/retour-des-exiles-politiques-au-benin-wilfried-leandre-houngbedji-entre-distraction-et-provocation\/#primaryimage"},"image":{"@id":"https:\/\/lepatriotebenin.com\/index.php\/2024\/10\/24\/retour-des-exiles-politiques-au-benin-wilfried-leandre-houngbedji-entre-distraction-et-provocation\/#primaryimage"},"thumbnailUrl":"https:\/\/lepatriotebenin.com\/wp-content\/uploads\/2024\/10\/wilfried-leandre-houngbedji.jpg","datePublished":"2024-10-24T01:07:31+00:00","dateModified":"2024-10-24T01:07:32+00:00","author":{"@id":"https:\/\/lepatriotebenin.com\/#\/schema\/person\/6486fa44ec286eee49816deb241bcbbf"},"breadcrumb":{"@id":"https:\/\/lepatriotebenin.com\/index.php\/2024\/10\/24\/retour-des-exiles-politiques-au-benin-wilfried-leandre-houngbedji-entre-distraction-et-provocation\/#breadcrumb"},"inLanguage":"fr-FR","potentialAction":[{"@type":"ReadAction","target":["https:\/\/lepatriotebenin.com\/index.php\/2024\/10\/24\/retour-des-exiles-politiques-au-benin-wilfried-leandre-houngbedji-entre-distraction-et-provocation\/"]}]},{"@type":"ImageObject","inLanguage":"fr-FR","@id":"https:\/\/lepatriotebenin.com\/index.php\/2024\/10\/24\/retour-des-exiles-politiques-au-benin-wilfried-leandre-houngbedji-entre-distraction-et-provocation\/#primaryimage","url":"https:\/\/lepatriotebenin.com\/wp-content\/uploads\/2024\/10\/wilfried-leandre-houngbedji.jpg","contentUrl":"https:\/\/lepatriotebenin.com\/wp-content\/uploads\/2024\/10\/wilfried-leandre-houngbedji.jpg","width":1200,"height":675},{"@type":"BreadcrumbList","@id":"https:\/\/lepatriotebenin.com\/index.php\/2024\/10\/24\/retour-des-exiles-politiques-au-benin-wilfried-leandre-houngbedji-entre-distraction-et-provocation\/#breadcrumb","itemListElement":[{"@type":"ListItem","position":1,"name":"Accueil","item":"https:\/\/lepatriotebenin.com\/"},{"@type":"ListItem","position":2,"name":"Retour des exil\u00e9s politiques au B\u00e9nin : Wilfried L\u00e9andre Houngb\u00e9dji entre distraction et provocation\u00a0"}]},{"@type":"WebSite","@id":"https:\/\/lepatriotebenin.com\/#website","url":"https:\/\/lepatriotebenin.com\/","name":"Le Patriote","description":"Le Patriote B\u00e9nin","potentialAction":[{"@type":"SearchAction","target":{"@type":"EntryPoint","urlTemplate":"https:\/\/lepatriotebenin.com\/?s={search_term_string}"},"query-input":{"@type":"PropertyValueSpecification","valueRequired":true,"valueName":"search_term_string"}}],"inLanguage":"fr-FR"},{"@type":"Person","@id":"https:\/\/lepatriotebenin.com\/#\/schema\/person\/6486fa44ec286eee49816deb241bcbbf","name":"Comlan Paul ODAH","image":{"@type":"ImageObject","inLanguage":"fr-FR","@id":"https:\/\/secure.gravatar.com\/avatar\/c45cf8a86d3cde8c562d63858f4ea8947664bd10708ad75990c2938897d9dbe1?s=96&d=mm&r=g","url":"https:\/\/secure.gravatar.com\/avatar\/c45cf8a86d3cde8c562d63858f4ea8947664bd10708ad75990c2938897d9dbe1?s=96&d=mm&r=g","contentUrl":"https:\/\/secure.gravatar.com\/avatar\/c45cf8a86d3cde8c562d63858f4ea8947664bd10708ad75990c2938897d9dbe1?s=96&d=mm&r=g","caption":"Comlan Paul ODAH"},"url":"https:\/\/lepatriotebenin.com"}]}},"_links":{"self":[{"href":"https:\/\/lepatriotebenin.com\/index.php\/wp-json\/wp\/v2\/posts\/8578","targetHints":{"allow":["GET"]}}],"collection":[{"href":"https:\/\/lepatriotebenin.com\/index.php\/wp-json\/wp\/v2\/posts"}],"about":[{"href":"https:\/\/lepatriotebenin.com\/index.php\/wp-json\/wp\/v2\/types\/post"}],"author":[{"embeddable":true,"href":"https:\/\/lepatriotebenin.com\/index.php\/wp-json\/wp\/v2\/users\/12"}],"replies":[{"embeddable":true,"href":"https:\/\/lepatriotebenin.com\/index.php\/wp-json\/wp\/v2\/comments?post=8578"}],"version-history":[{"count":1,"href":"https:\/\/lepatriotebenin.com\/index.php\/wp-json\/wp\/v2\/posts\/8578\/revisions"}],"predecessor-version":[{"id":8580,"href":"https:\/\/lepatriotebenin.com\/index.php\/wp-json\/wp\/v2\/posts\/8578\/revisions\/8580"}],"wp:featuredmedia":[{"embeddable":true,"href":"https:\/\/lepatriotebenin.com\/index.php\/wp-json\/wp\/v2\/media\/8579"}],"wp:attachment":[{"href":"https:\/\/lepatriotebenin.com\/index.php\/wp-json\/wp\/v2\/media?parent=8578"}],"wp:term":[{"taxonomy":"category","embeddable":true,"href":"https:\/\/lepatriotebenin.com\/index.php\/wp-json\/wp\/v2\/categories?post=8578"},{"taxonomy":"post_tag","embeddable":true,"href":"https:\/\/lepatriotebenin.com\/index.php\/wp-json\/wp\/v2\/tags?post=8578"}],"curies":[{"name":"wp","href":"https:\/\/api.w.org\/{rel}","templated":true}]}}