{"id":8575,"date":"2024-10-24T03:06:22","date_gmt":"2024-10-24T01:06:22","guid":{"rendered":"https:\/\/lepatriotebenin.com\/?p=8575"},"modified":"2024-10-24T03:06:23","modified_gmt":"2024-10-24T01:06:23","slug":"universite-dabomey-calavi-le-recteur-ordonne-la-reouverture-de-radio-univers","status":"publish","type":"post","link":"https:\/\/lepatriotebenin.com\/index.php\/2024\/10\/24\/universite-dabomey-calavi-le-recteur-ordonne-la-reouverture-de-radio-univers\/","title":{"rendered":"Universit\u00e9 d\u2019Abomey-Calavi\u00a0: Le Recteur ordonne la r\u00e9ouverture de Radio Univers"},"content":{"rendered":"\n<p><strong>Ferm\u00e9e depuis ce lundi&nbsp; par les responsables du Bureau Ex\u00e9cutif F\u00e9d\u00e9ral de la F\u00e9d\u00e9ration National des \u00c9tudiants du B\u00e9nin (FNEB), la Radio Univers peut rouvrir ses portes et \u00e9mettre d\u00e8s ce jour. Ainsi en a d\u00e9cid\u00e9 le recteur de l\u2019Universit\u00e9 d\u2019Abomey-Calavi qui a rencontr\u00e9 hier mercredi 23 octobre, les responsables de cette organisation fa\u00eeti\u00e8re d\u2019\u00e9tudiants et ceux de ladite radio.<\/strong><\/p>\n\n\n\n<p>&nbsp;\u00ab Allez ouvrir les portes de la Radio. On ne veut pas de violence sur le campus, allez ouvrir la Radio \u00bb, a ordonn\u00e9 le Recteur F\u00e9licien Avlessi 2024 au cours de la rencontre. Il aurait jug\u00e9 un peu d\u00e9plac\u00e9e la d\u00e9cision brusque de la FNEB \u00e0 vouloir \u00e0 tout prix fermer la Radio Univers qui est d&rsquo;ailleurs la seule radio universitaire du B\u00e9nin depuis 1990, l&rsquo;ann\u00e9e de sa cr\u00e9ation.<\/p>\n\n\n\n<p>Au cours de cette rencontre devant la premi\u00e8re autorit\u00e9 de l\u2019universit\u00e9, les deux parties sont all\u00e9es en rangs dispers\u00e9s devant le recteur. Elles ont pr\u00e9sent\u00e9 chacune des arguments oppos\u00e9s lors des entretiens qu&rsquo;ils ont accord\u00e9s \u00e0 divers organes de presse. Dans un entretien &nbsp;accord\u00e9 \u00e0 TVC B\u00e9nin, Marius Tchomakou, pr\u00e9sident de la FNEB, affirme que \u00ab&nbsp;la radio Univers serait&nbsp; pris en otage par un groupuscule de personnes qui selon lui se sont d\u00e9clar\u00e9es chefs depuis plus de trois ans. Certains de ces personnes, qui selon lui n&rsquo;ont m\u00eame plus le statut d&rsquo;\u00e9tudiant, ne respectent plus la r\u00e8gle de la pr\u00e9sidence ce qui constitue une in\u00e9galit\u00e9 au sein de l&rsquo;organe, qui devait respecter les textes de l&rsquo;organisation estudiantine&nbsp;\u00bb.<\/p>\n\n\n\n<p>De son c\u00f4t\u00e9 M\u00e9dard Clobechi, directeur de Radio Univers estime que \u00abla FNEB n&rsquo;a pas le droit de fermer la radio \u00bb. Selon lui depuis plusieurs ann\u00e9es, &nbsp;la FNEB s&rsquo;ing\u00e9rait dans les affaires de la radio, et proposait elle-m\u00eame des gens pour diriger la radio ce qui a engendr\u00e9 des probl\u00e8mes. Les membres en accord avec les a\u00een\u00e9s de la radio ont donc d\u00e9cid\u00e9 de la formaliser. \u00abEt la FNEB trouve que c&rsquo;est totalement inadmissible, parce que si la radio est formalis\u00e9e aupr\u00e8s de la&nbsp; Haute Autorit\u00e9 de l\u2019Audiovisuel et de la Communication (HAAC), elle ne pourra plus faire une ing\u00e9rence et continuer par placer des gens \u00e0 la t\u00eate de cette radio. C&rsquo;est le nerf de la guerre \u00bb, a-t-il expliqu\u00e9.<\/p>\n\n\n\n<p>Face \u00e0 l&rsquo;initiative de formalisation de la radio, le recteur s\u2019est \u00e9galement engag\u00e9 \u00e0 accompagner les membres de la radio dans leur processus de formalisation.&nbsp;\u00ab Si on veut suivre les recommandations de la HAAC, ils doivent \u00eatre autonomes parce que s\u2019ils sont sous une organisation syndicale, il peut avoir probl\u00e8me, probl\u00e8me en terme de libert\u00e9 de la presse \u00bb, a d\u00e9clar\u00e9 le recteur. Un programme sera \u00e9galement \u00e9tabli dans les prochains jours pour la finalisation des textes.<\/p>\n\n\n\n<p>M\u00eame si la recommandation du recteur \u00e9tait, \u00ab Allez vous entendre \u00bb, la FNEB ne semble pas appr\u00e9cier la d\u00e9cision et&nbsp; s\u2019obstine \u00e0 maintenir les locaux de la Radio ferm\u00e9s. Par contre, prenant en compte les all\u00e9gations des repr\u00e9sentants de la FNEB selon lesquelles certains \u00e9tudiants membres du Comit\u00e9 de Direction de la Radio n\u2019ont plus le statut de journaliste, les autorit\u00e9s rectorales ont ordonn\u00e9 que les responsables de Radio Univers ram\u00e8nent leurs badges.<\/p>\n\n\n\n<p>Cette rencontre a connu la participation du Directeur Adjoint du Centre des \u0152uvres Universitaires et Sociales d\u2019Abomey-Calavi L\u00e9opold Ganhoum\u00e8d\u00e9, du Vice Recteur charg\u00e9 de la Recherche Aliou Saidou, du Directeur de Radio Univers M\u00e9dard Clobechi et de Marius Tchomakou, Pr\u00e9sident de la F\u00e9d\u00e9ration Nationale des \u00c9tudiants du B\u00e9nin.<\/p>\n\n\n\n<p><strong>Ez\u00e9chiel D. Padonou(Stg)<\/strong><\/p>\n","protected":false},"excerpt":{"rendered":"<p>Ferm\u00e9e depuis ce lundi&nbsp; par les responsables du Bureau Ex\u00e9cutif F\u00e9d\u00e9ral de la F\u00e9d\u00e9ration National des \u00c9tudiants du B\u00e9nin (FNEB), la Radio Univers peut rouvrir ses portes et \u00e9mettre d\u00e8s&hellip;<\/p>\n","protected":false},"author":5,"featured_media":8576,"comment_status":"open","ping_status":"open","sticky":false,"template":"","format":"standard","meta":{"content-type":"","om_disable_all_campaigns":false,"_monsterinsights_skip_tracking":false,"_monsterinsights_sitenote_active":false,"_monsterinsights_sitenote_note":"","_monsterinsights_sitenote_category":0,"_uf_show_specific_survey":0,"_uf_disable_surveys":false,"footnotes":""},"categories":[20],"tags":[],"class_list":["post-8575","post","type-post","status-publish","format-standard","has-post-thumbnail","hentry","category-societe"],"aioseo_notices":[],"yoast_head":"<!-- This site is optimized with the Yoast SEO plugin v27.5 - https:\/\/yoast.com\/product\/yoast-seo-wordpress\/ -->\n<title>Universit\u00e9 d\u2019Abomey-Calavi\u00a0: Le Recteur ordonne la r\u00e9ouverture de Radio Univers - Le Patriote<\/title>\n<meta name=\"robots\" content=\"index, follow, max-snippet:-1, max-image-preview:large, max-video-preview:-1\" \/>\n<link rel=\"canonical\" href=\"https:\/\/lepatriotebenin.com\/index.php\/2024\/10\/24\/universite-dabomey-calavi-le-recteur-ordonne-la-reouverture-de-radio-univers\/\" \/>\n<meta property=\"og:locale\" content=\"fr_FR\" \/>\n<meta property=\"og:type\" content=\"article\" \/>\n<meta property=\"og:title\" content=\"Universit\u00e9 d\u2019Abomey-Calavi\u00a0: Le Recteur ordonne la r\u00e9ouverture de Radio Univers - Le Patriote\" \/>\n<meta property=\"og:description\" content=\"Ferm\u00e9e depuis ce lundi&nbsp; par les responsables du Bureau Ex\u00e9cutif F\u00e9d\u00e9ral de la F\u00e9d\u00e9ration National des \u00c9tudiants du B\u00e9nin (FNEB), la Radio Univers peut rouvrir ses portes et \u00e9mettre d\u00e8s&hellip;\" \/>\n<meta property=\"og:url\" content=\"https:\/\/lepatriotebenin.com\/index.php\/2024\/10\/24\/universite-dabomey-calavi-le-recteur-ordonne-la-reouverture-de-radio-univers\/\" \/>\n<meta property=\"og:site_name\" content=\"Le Patriote\" \/>\n<meta property=\"article:published_time\" content=\"2024-10-24T01:06:22+00:00\" \/>\n<meta property=\"article:modified_time\" content=\"2024-10-24T01:06:23+00:00\" \/>\n<meta property=\"og:image\" content=\"https:\/\/lepatriotebenin.com\/wp-content\/uploads\/2024\/10\/felicien-avlessi-1-1-1.webp\" \/>\n\t<meta property=\"og:image:width\" content=\"1200\" \/>\n\t<meta property=\"og:image:height\" content=\"800\" \/>\n\t<meta property=\"og:image:type\" content=\"image\/webp\" \/>\n<meta name=\"author\" content=\"Redaction\" \/>\n<meta name=\"twitter:card\" content=\"summary_large_image\" \/>\n<meta name=\"twitter:label1\" content=\"\u00c9crit par\" \/>\n\t<meta name=\"twitter:data1\" content=\"Redaction\" \/>\n\t<meta name=\"twitter:label2\" content=\"Dur\u00e9e de lecture estim\u00e9e\" \/>\n\t<meta name=\"twitter:data2\" content=\"3 minutes\" \/>\n<script type=\"application\/ld+json\" class=\"yoast-schema-graph\">{\"@context\":\"https:\\\/\\\/schema.org\",\"@graph\":[{\"@type\":\"Article\",\"@id\":\"https:\\\/\\\/lepatriotebenin.com\\\/index.php\\\/2024\\\/10\\\/24\\\/universite-dabomey-calavi-le-recteur-ordonne-la-reouverture-de-radio-univers\\\/#article\",\"isPartOf\":{\"@id\":\"https:\\\/\\\/lepatriotebenin.com\\\/index.php\\\/2024\\\/10\\\/24\\\/universite-dabomey-calavi-le-recteur-ordonne-la-reouverture-de-radio-univers\\\/\"},\"author\":{\"name\":\"Redaction\",\"@id\":\"https:\\\/\\\/lepatriotebenin.com\\\/#\\\/schema\\\/person\\\/2e7709b9c9cc313e452d1136af61690f\"},\"headline\":\"Universit\u00e9 d\u2019Abomey-Calavi\u00a0: Le Recteur ordonne la r\u00e9ouverture de Radio Univers\",\"datePublished\":\"2024-10-24T01:06:22+00:00\",\"dateModified\":\"2024-10-24T01:06:23+00:00\",\"mainEntityOfPage\":{\"@id\":\"https:\\\/\\\/lepatriotebenin.com\\\/index.php\\\/2024\\\/10\\\/24\\\/universite-dabomey-calavi-le-recteur-ordonne-la-reouverture-de-radio-univers\\\/\"},\"wordCount\":662,\"commentCount\":0,\"image\":{\"@id\":\"https:\\\/\\\/lepatriotebenin.com\\\/index.php\\\/2024\\\/10\\\/24\\\/universite-dabomey-calavi-le-recteur-ordonne-la-reouverture-de-radio-univers\\\/#primaryimage\"},\"thumbnailUrl\":\"https:\\\/\\\/lepatriotebenin.com\\\/wp-content\\\/uploads\\\/2024\\\/10\\\/felicien-avlessi-1-1-1.webp\",\"articleSection\":[\"Soci\u00e9t\u00e9\"],\"inLanguage\":\"fr-FR\",\"potentialAction\":[{\"@type\":\"CommentAction\",\"name\":\"Comment\",\"target\":[\"https:\\\/\\\/lepatriotebenin.com\\\/index.php\\\/2024\\\/10\\\/24\\\/universite-dabomey-calavi-le-recteur-ordonne-la-reouverture-de-radio-univers\\\/#respond\"]}]},{\"@type\":\"WebPage\",\"@id\":\"https:\\\/\\\/lepatriotebenin.com\\\/index.php\\\/2024\\\/10\\\/24\\\/universite-dabomey-calavi-le-recteur-ordonne-la-reouverture-de-radio-univers\\\/\",\"url\":\"https:\\\/\\\/lepatriotebenin.com\\\/index.php\\\/2024\\\/10\\\/24\\\/universite-dabomey-calavi-le-recteur-ordonne-la-reouverture-de-radio-univers\\\/\",\"name\":\"Universit\u00e9 d\u2019Abomey-Calavi\u00a0: Le Recteur ordonne la r\u00e9ouverture de Radio Univers - Le Patriote\",\"isPartOf\":{\"@id\":\"https:\\\/\\\/lepatriotebenin.com\\\/#website\"},\"primaryImageOfPage\":{\"@id\":\"https:\\\/\\\/lepatriotebenin.com\\\/index.php\\\/2024\\\/10\\\/24\\\/universite-dabomey-calavi-le-recteur-ordonne-la-reouverture-de-radio-univers\\\/#primaryimage\"},\"image\":{\"@id\":\"https:\\\/\\\/lepatriotebenin.com\\\/index.php\\\/2024\\\/10\\\/24\\\/universite-dabomey-calavi-le-recteur-ordonne-la-reouverture-de-radio-univers\\\/#primaryimage\"},\"thumbnailUrl\":\"https:\\\/\\\/lepatriotebenin.com\\\/wp-content\\\/uploads\\\/2024\\\/10\\\/felicien-avlessi-1-1-1.webp\",\"datePublished\":\"2024-10-24T01:06:22+00:00\",\"dateModified\":\"2024-10-24T01:06:23+00:00\",\"author\":{\"@id\":\"https:\\\/\\\/lepatriotebenin.com\\\/#\\\/schema\\\/person\\\/2e7709b9c9cc313e452d1136af61690f\"},\"breadcrumb\":{\"@id\":\"https:\\\/\\\/lepatriotebenin.com\\\/index.php\\\/2024\\\/10\\\/24\\\/universite-dabomey-calavi-le-recteur-ordonne-la-reouverture-de-radio-univers\\\/#breadcrumb\"},\"inLanguage\":\"fr-FR\",\"potentialAction\":[{\"@type\":\"ReadAction\",\"target\":[\"https:\\\/\\\/lepatriotebenin.com\\\/index.php\\\/2024\\\/10\\\/24\\\/universite-dabomey-calavi-le-recteur-ordonne-la-reouverture-de-radio-univers\\\/\"]}]},{\"@type\":\"ImageObject\",\"inLanguage\":\"fr-FR\",\"@id\":\"https:\\\/\\\/lepatriotebenin.com\\\/index.php\\\/2024\\\/10\\\/24\\\/universite-dabomey-calavi-le-recteur-ordonne-la-reouverture-de-radio-univers\\\/#primaryimage\",\"url\":\"https:\\\/\\\/lepatriotebenin.com\\\/wp-content\\\/uploads\\\/2024\\\/10\\\/felicien-avlessi-1-1-1.webp\",\"contentUrl\":\"https:\\\/\\\/lepatriotebenin.com\\\/wp-content\\\/uploads\\\/2024\\\/10\\\/felicien-avlessi-1-1-1.webp\",\"width\":1200,\"height\":800},{\"@type\":\"BreadcrumbList\",\"@id\":\"https:\\\/\\\/lepatriotebenin.com\\\/index.php\\\/2024\\\/10\\\/24\\\/universite-dabomey-calavi-le-recteur-ordonne-la-reouverture-de-radio-univers\\\/#breadcrumb\",\"itemListElement\":[{\"@type\":\"ListItem\",\"position\":1,\"name\":\"Accueil\",\"item\":\"https:\\\/\\\/lepatriotebenin.com\\\/\"},{\"@type\":\"ListItem\",\"position\":2,\"name\":\"Universit\u00e9 d\u2019Abomey-Calavi\u00a0: Le Recteur ordonne la r\u00e9ouverture de Radio Univers\"}]},{\"@type\":\"WebSite\",\"@id\":\"https:\\\/\\\/lepatriotebenin.com\\\/#website\",\"url\":\"https:\\\/\\\/lepatriotebenin.com\\\/\",\"name\":\"Le Patriote\",\"description\":\"Le Patriote B\u00e9nin\",\"potentialAction\":[{\"@type\":\"SearchAction\",\"target\":{\"@type\":\"EntryPoint\",\"urlTemplate\":\"https:\\\/\\\/lepatriotebenin.com\\\/?s={search_term_string}\"},\"query-input\":{\"@type\":\"PropertyValueSpecification\",\"valueRequired\":true,\"valueName\":\"search_term_string\"}}],\"inLanguage\":\"fr-FR\"},{\"@type\":\"Person\",\"@id\":\"https:\\\/\\\/lepatriotebenin.com\\\/#\\\/schema\\\/person\\\/2e7709b9c9cc313e452d1136af61690f\",\"name\":\"Redaction\",\"image\":{\"@type\":\"ImageObject\",\"inLanguage\":\"fr-FR\",\"@id\":\"https:\\\/\\\/secure.gravatar.com\\\/avatar\\\/c4c509357859ea2ca2cbb6d8812898a73e4ef1ef9934c2e591d7e32face734d1?s=96&d=mm&r=g\",\"url\":\"https:\\\/\\\/secure.gravatar.com\\\/avatar\\\/c4c509357859ea2ca2cbb6d8812898a73e4ef1ef9934c2e591d7e32face734d1?s=96&d=mm&r=g\",\"contentUrl\":\"https:\\\/\\\/secure.gravatar.com\\\/avatar\\\/c4c509357859ea2ca2cbb6d8812898a73e4ef1ef9934c2e591d7e32face734d1?s=96&d=mm&r=g\",\"caption\":\"Redaction\"},\"url\":\"https:\\\/\\\/lepatriotebenin.com\"}]}<\/script>\n<!-- \/ Yoast SEO plugin. -->","yoast_head_json":{"title":"Universit\u00e9 d\u2019Abomey-Calavi\u00a0: Le Recteur ordonne la r\u00e9ouverture de Radio Univers - Le Patriote","robots":{"index":"index","follow":"follow","max-snippet":"max-snippet:-1","max-image-preview":"max-image-preview:large","max-video-preview":"max-video-preview:-1"},"canonical":"https:\/\/lepatriotebenin.com\/index.php\/2024\/10\/24\/universite-dabomey-calavi-le-recteur-ordonne-la-reouverture-de-radio-univers\/","og_locale":"fr_FR","og_type":"article","og_title":"Universit\u00e9 d\u2019Abomey-Calavi\u00a0: Le Recteur ordonne la r\u00e9ouverture de Radio Univers - Le Patriote","og_description":"Ferm\u00e9e depuis ce lundi&nbsp; par les responsables du Bureau Ex\u00e9cutif F\u00e9d\u00e9ral de la F\u00e9d\u00e9ration National des \u00c9tudiants du B\u00e9nin (FNEB), la Radio Univers peut rouvrir ses portes et \u00e9mettre d\u00e8s&hellip;","og_url":"https:\/\/lepatriotebenin.com\/index.php\/2024\/10\/24\/universite-dabomey-calavi-le-recteur-ordonne-la-reouverture-de-radio-univers\/","og_site_name":"Le Patriote","article_published_time":"2024-10-24T01:06:22+00:00","article_modified_time":"2024-10-24T01:06:23+00:00","og_image":[{"width":1200,"height":800,"url":"https:\/\/lepatriotebenin.com\/wp-content\/uploads\/2024\/10\/felicien-avlessi-1-1-1.webp","type":"image\/webp"}],"author":"Redaction","twitter_card":"summary_large_image","twitter_misc":{"\u00c9crit par":"Redaction","Dur\u00e9e de lecture estim\u00e9e":"3 minutes"},"schema":{"@context":"https:\/\/schema.org","@graph":[{"@type":"Article","@id":"https:\/\/lepatriotebenin.com\/index.php\/2024\/10\/24\/universite-dabomey-calavi-le-recteur-ordonne-la-reouverture-de-radio-univers\/#article","isPartOf":{"@id":"https:\/\/lepatriotebenin.com\/index.php\/2024\/10\/24\/universite-dabomey-calavi-le-recteur-ordonne-la-reouverture-de-radio-univers\/"},"author":{"name":"Redaction","@id":"https:\/\/lepatriotebenin.com\/#\/schema\/person\/2e7709b9c9cc313e452d1136af61690f"},"headline":"Universit\u00e9 d\u2019Abomey-Calavi\u00a0: Le Recteur ordonne la r\u00e9ouverture de Radio Univers","datePublished":"2024-10-24T01:06:22+00:00","dateModified":"2024-10-24T01:06:23+00:00","mainEntityOfPage":{"@id":"https:\/\/lepatriotebenin.com\/index.php\/2024\/10\/24\/universite-dabomey-calavi-le-recteur-ordonne-la-reouverture-de-radio-univers\/"},"wordCount":662,"commentCount":0,"image":{"@id":"https:\/\/lepatriotebenin.com\/index.php\/2024\/10\/24\/universite-dabomey-calavi-le-recteur-ordonne-la-reouverture-de-radio-univers\/#primaryimage"},"thumbnailUrl":"https:\/\/lepatriotebenin.com\/wp-content\/uploads\/2024\/10\/felicien-avlessi-1-1-1.webp","articleSection":["Soci\u00e9t\u00e9"],"inLanguage":"fr-FR","potentialAction":[{"@type":"CommentAction","name":"Comment","target":["https:\/\/lepatriotebenin.com\/index.php\/2024\/10\/24\/universite-dabomey-calavi-le-recteur-ordonne-la-reouverture-de-radio-univers\/#respond"]}]},{"@type":"WebPage","@id":"https:\/\/lepatriotebenin.com\/index.php\/2024\/10\/24\/universite-dabomey-calavi-le-recteur-ordonne-la-reouverture-de-radio-univers\/","url":"https:\/\/lepatriotebenin.com\/index.php\/2024\/10\/24\/universite-dabomey-calavi-le-recteur-ordonne-la-reouverture-de-radio-univers\/","name":"Universit\u00e9 d\u2019Abomey-Calavi\u00a0: Le Recteur ordonne la r\u00e9ouverture de Radio Univers - Le Patriote","isPartOf":{"@id":"https:\/\/lepatriotebenin.com\/#website"},"primaryImageOfPage":{"@id":"https:\/\/lepatriotebenin.com\/index.php\/2024\/10\/24\/universite-dabomey-calavi-le-recteur-ordonne-la-reouverture-de-radio-univers\/#primaryimage"},"image":{"@id":"https:\/\/lepatriotebenin.com\/index.php\/2024\/10\/24\/universite-dabomey-calavi-le-recteur-ordonne-la-reouverture-de-radio-univers\/#primaryimage"},"thumbnailUrl":"https:\/\/lepatriotebenin.com\/wp-content\/uploads\/2024\/10\/felicien-avlessi-1-1-1.webp","datePublished":"2024-10-24T01:06:22+00:00","dateModified":"2024-10-24T01:06:23+00:00","author":{"@id":"https:\/\/lepatriotebenin.com\/#\/schema\/person\/2e7709b9c9cc313e452d1136af61690f"},"breadcrumb":{"@id":"https:\/\/lepatriotebenin.com\/index.php\/2024\/10\/24\/universite-dabomey-calavi-le-recteur-ordonne-la-reouverture-de-radio-univers\/#breadcrumb"},"inLanguage":"fr-FR","potentialAction":[{"@type":"ReadAction","target":["https:\/\/lepatriotebenin.com\/index.php\/2024\/10\/24\/universite-dabomey-calavi-le-recteur-ordonne-la-reouverture-de-radio-univers\/"]}]},{"@type":"ImageObject","inLanguage":"fr-FR","@id":"https:\/\/lepatriotebenin.com\/index.php\/2024\/10\/24\/universite-dabomey-calavi-le-recteur-ordonne-la-reouverture-de-radio-univers\/#primaryimage","url":"https:\/\/lepatriotebenin.com\/wp-content\/uploads\/2024\/10\/felicien-avlessi-1-1-1.webp","contentUrl":"https:\/\/lepatriotebenin.com\/wp-content\/uploads\/2024\/10\/felicien-avlessi-1-1-1.webp","width":1200,"height":800},{"@type":"BreadcrumbList","@id":"https:\/\/lepatriotebenin.com\/index.php\/2024\/10\/24\/universite-dabomey-calavi-le-recteur-ordonne-la-reouverture-de-radio-univers\/#breadcrumb","itemListElement":[{"@type":"ListItem","position":1,"name":"Accueil","item":"https:\/\/lepatriotebenin.com\/"},{"@type":"ListItem","position":2,"name":"Universit\u00e9 d\u2019Abomey-Calavi\u00a0: Le Recteur ordonne la r\u00e9ouverture de Radio Univers"}]},{"@type":"WebSite","@id":"https:\/\/lepatriotebenin.com\/#website","url":"https:\/\/lepatriotebenin.com\/","name":"Le Patriote","description":"Le Patriote B\u00e9nin","potentialAction":[{"@type":"SearchAction","target":{"@type":"EntryPoint","urlTemplate":"https:\/\/lepatriotebenin.com\/?s={search_term_string}"},"query-input":{"@type":"PropertyValueSpecification","valueRequired":true,"valueName":"search_term_string"}}],"inLanguage":"fr-FR"},{"@type":"Person","@id":"https:\/\/lepatriotebenin.com\/#\/schema\/person\/2e7709b9c9cc313e452d1136af61690f","name":"Redaction","image":{"@type":"ImageObject","inLanguage":"fr-FR","@id":"https:\/\/secure.gravatar.com\/avatar\/c4c509357859ea2ca2cbb6d8812898a73e4ef1ef9934c2e591d7e32face734d1?s=96&d=mm&r=g","url":"https:\/\/secure.gravatar.com\/avatar\/c4c509357859ea2ca2cbb6d8812898a73e4ef1ef9934c2e591d7e32face734d1?s=96&d=mm&r=g","contentUrl":"https:\/\/secure.gravatar.com\/avatar\/c4c509357859ea2ca2cbb6d8812898a73e4ef1ef9934c2e591d7e32face734d1?s=96&d=mm&r=g","caption":"Redaction"},"url":"https:\/\/lepatriotebenin.com"}]}},"_links":{"self":[{"href":"https:\/\/lepatriotebenin.com\/index.php\/wp-json\/wp\/v2\/posts\/8575","targetHints":{"allow":["GET"]}}],"collection":[{"href":"https:\/\/lepatriotebenin.com\/index.php\/wp-json\/wp\/v2\/posts"}],"about":[{"href":"https:\/\/lepatriotebenin.com\/index.php\/wp-json\/wp\/v2\/types\/post"}],"author":[{"embeddable":true,"href":"https:\/\/lepatriotebenin.com\/index.php\/wp-json\/wp\/v2\/users\/5"}],"replies":[{"embeddable":true,"href":"https:\/\/lepatriotebenin.com\/index.php\/wp-json\/wp\/v2\/comments?post=8575"}],"version-history":[{"count":1,"href":"https:\/\/lepatriotebenin.com\/index.php\/wp-json\/wp\/v2\/posts\/8575\/revisions"}],"predecessor-version":[{"id":8577,"href":"https:\/\/lepatriotebenin.com\/index.php\/wp-json\/wp\/v2\/posts\/8575\/revisions\/8577"}],"wp:featuredmedia":[{"embeddable":true,"href":"https:\/\/lepatriotebenin.com\/index.php\/wp-json\/wp\/v2\/media\/8576"}],"wp:attachment":[{"href":"https:\/\/lepatriotebenin.com\/index.php\/wp-json\/wp\/v2\/media?parent=8575"}],"wp:term":[{"taxonomy":"category","embeddable":true,"href":"https:\/\/lepatriotebenin.com\/index.php\/wp-json\/wp\/v2\/categories?post=8575"},{"taxonomy":"post_tag","embeddable":true,"href":"https:\/\/lepatriotebenin.com\/index.php\/wp-json\/wp\/v2\/tags?post=8575"}],"curies":[{"name":"wp","href":"https:\/\/api.w.org\/{rel}","templated":true}]}}