{"id":8493,"date":"2024-10-17T03:55:34","date_gmt":"2024-10-17T01:55:34","guid":{"rendered":"https:\/\/lepatriotebenin.com\/?p=8493"},"modified":"2024-10-17T03:55:35","modified_gmt":"2024-10-17T01:55:35","slug":"vie-politique-le-mouvement-andd-opte-pour-les-democrates","status":"publish","type":"post","link":"https:\/\/lepatriotebenin.com\/index.php\/2024\/10\/17\/vie-politique-le-mouvement-andd-opte-pour-les-democrates\/","title":{"rendered":"Vie politique: Le mouvement ANDD opte pour Les D\u00e9mocrates"},"content":{"rendered":"\n<p><em>Le mouvement politique Alliance Nationale pour la D\u00e9mocratie et le D\u00e9veloppement (ANDD) a rejoint dans la journ\u00e9e de ce mercredi 16 octobre 2024 \u00e0 cococodji le grand parti de l&rsquo;opposition Les D\u00e9mocrates. C&rsquo;\u00e9tait en pr\u00e9sence des d\u00e9put\u00e9s de la 6\u00e8me circonscription \u00e9lectorale Antonin Midofi Hounga et H\u00e9l\u00e8ne Olossouma\u00ef, des coordonnateurs d&rsquo;arrondissement, de commune, du ministre honoraire Martial Souton et bien d&rsquo;autres.<\/em><\/p>\n\n\n\n<p>Le grand parti de l&rsquo;opposition Les D\u00e9mocrates s&rsquo;agrandit de jour en jour. Cette fois-ci, il s&rsquo;agit du mouvement Alliance Nationale pour la D\u00e9mocratie et le D\u00e9veloppement (ANDD) qui a port\u00e9 son choix sur le parti de l&rsquo;opposition et l&rsquo;a adh\u00e9r\u00e9 ce mercredi 16 octobre 2024. Cette c\u00e9r\u00e9monie d&rsquo;adh\u00e9sion a connue la pr\u00e9sence de plusieurs responsables du parti. \u00c0 en croire le pr\u00e9sident du mouvement ANDD l&rsquo;ap\u00f4tre Florentin Dovonon, cette adh\u00e9sion est le symbole d&rsquo;une unification. Pour lui, le parti Les D\u00e9mocrates est d\u00e9sormais le leur. \u00ab Chers membres du mouvement ANDD, le parti Les D\u00e9mocrates est d\u00e9sormais votre maison.&nbsp; Nous sommes un mouvement national \u00bb, a-t-il laiss\u00e9 entendre. Suite \u00e0 cel\u00e0, il a proc\u00e9d\u00e9 \u00e0 la pr\u00e9sentation des responsables de son mouvement. Des responsables qui, \u00e0 l&rsquo;en croire, viennent de toutes les circonscriptions \u00e9lectorales du B\u00e9nin.<\/p>\n\n\n\n<p>Il faut souligner que ces nouveaux membres adh\u00e9rant au parti Les D\u00e9mocrates ont \u00e9t\u00e9 accueillis par le vice-pr\u00e9sident charg\u00e9 de l&rsquo;Atlantique Paulin Dossa. Et voil\u00e0 encore une adh\u00e9sion de taille pour des objectifs communs.<\/p>\n\n\n\n<p><strong>Gildas AHOGNI<\/strong><\/p>\n","protected":false},"excerpt":{"rendered":"<p>Le mouvement politique Alliance Nationale pour la D\u00e9mocratie et le D\u00e9veloppement (ANDD) a rejoint dans la journ\u00e9e de ce mercredi 16 octobre 2024 \u00e0 cococodji le grand parti de l&rsquo;opposition&hellip;<\/p>\n","protected":false},"author":5,"featured_media":8494,"comment_status":"open","ping_status":"open","sticky":false,"template":"","format":"standard","meta":{"content-type":"","om_disable_all_campaigns":false,"_monsterinsights_skip_tracking":false,"_monsterinsights_sitenote_active":false,"_monsterinsights_sitenote_note":"","_monsterinsights_sitenote_category":0,"_uf_show_specific_survey":0,"_uf_disable_surveys":false,"footnotes":""},"categories":[26],"tags":[],"class_list":["post-8493","post","type-post","status-publish","format-standard","has-post-thumbnail","hentry","category-politique"],"aioseo_notices":[],"yoast_head":"<!-- This site is optimized with the Yoast SEO plugin v27.5 - https:\/\/yoast.com\/product\/yoast-seo-wordpress\/ -->\n<title>Vie politique: Le mouvement ANDD opte pour Les D\u00e9mocrates - Le Patriote<\/title>\n<meta name=\"robots\" content=\"index, follow, max-snippet:-1, max-image-preview:large, max-video-preview:-1\" \/>\n<link rel=\"canonical\" href=\"https:\/\/lepatriotebenin.com\/index.php\/2024\/10\/17\/vie-politique-le-mouvement-andd-opte-pour-les-democrates\/\" \/>\n<meta property=\"og:locale\" content=\"fr_FR\" \/>\n<meta property=\"og:type\" content=\"article\" \/>\n<meta property=\"og:title\" content=\"Vie politique: Le mouvement ANDD opte pour Les D\u00e9mocrates - Le Patriote\" \/>\n<meta property=\"og:description\" content=\"Le mouvement politique Alliance Nationale pour la D\u00e9mocratie et le D\u00e9veloppement (ANDD) a rejoint dans la journ\u00e9e de ce mercredi 16 octobre 2024 \u00e0 cococodji le grand parti de l&rsquo;opposition&hellip;\" \/>\n<meta property=\"og:url\" content=\"https:\/\/lepatriotebenin.com\/index.php\/2024\/10\/17\/vie-politique-le-mouvement-andd-opte-pour-les-democrates\/\" \/>\n<meta property=\"og:site_name\" content=\"Le Patriote\" \/>\n<meta property=\"article:published_time\" content=\"2024-10-17T01:55:34+00:00\" \/>\n<meta property=\"article:modified_time\" content=\"2024-10-17T01:55:35+00:00\" \/>\n<meta property=\"og:image\" content=\"https:\/\/lepatriotebenin.com\/wp-content\/uploads\/2024\/10\/ld.jpg\" \/>\n\t<meta property=\"og:image:width\" content=\"1080\" \/>\n\t<meta property=\"og:image:height\" content=\"486\" \/>\n\t<meta property=\"og:image:type\" content=\"image\/jpeg\" \/>\n<meta name=\"author\" content=\"Redaction\" \/>\n<meta name=\"twitter:card\" content=\"summary_large_image\" \/>\n<meta name=\"twitter:label1\" content=\"\u00c9crit par\" \/>\n\t<meta name=\"twitter:data1\" content=\"Redaction\" \/>\n\t<meta name=\"twitter:label2\" content=\"Dur\u00e9e de lecture estim\u00e9e\" \/>\n\t<meta name=\"twitter:data2\" content=\"2 minutes\" \/>\n<script type=\"application\/ld+json\" class=\"yoast-schema-graph\">{\"@context\":\"https:\\\/\\\/schema.org\",\"@graph\":[{\"@type\":\"Article\",\"@id\":\"https:\\\/\\\/lepatriotebenin.com\\\/index.php\\\/2024\\\/10\\\/17\\\/vie-politique-le-mouvement-andd-opte-pour-les-democrates\\\/#article\",\"isPartOf\":{\"@id\":\"https:\\\/\\\/lepatriotebenin.com\\\/index.php\\\/2024\\\/10\\\/17\\\/vie-politique-le-mouvement-andd-opte-pour-les-democrates\\\/\"},\"author\":{\"name\":\"Redaction\",\"@id\":\"https:\\\/\\\/lepatriotebenin.com\\\/#\\\/schema\\\/person\\\/2e7709b9c9cc313e452d1136af61690f\"},\"headline\":\"Vie politique: Le mouvement ANDD opte pour Les D\u00e9mocrates\",\"datePublished\":\"2024-10-17T01:55:34+00:00\",\"dateModified\":\"2024-10-17T01:55:35+00:00\",\"mainEntityOfPage\":{\"@id\":\"https:\\\/\\\/lepatriotebenin.com\\\/index.php\\\/2024\\\/10\\\/17\\\/vie-politique-le-mouvement-andd-opte-pour-les-democrates\\\/\"},\"wordCount\":278,\"commentCount\":0,\"image\":{\"@id\":\"https:\\\/\\\/lepatriotebenin.com\\\/index.php\\\/2024\\\/10\\\/17\\\/vie-politique-le-mouvement-andd-opte-pour-les-democrates\\\/#primaryimage\"},\"thumbnailUrl\":\"https:\\\/\\\/lepatriotebenin.com\\\/wp-content\\\/uploads\\\/2024\\\/10\\\/ld.jpg\",\"articleSection\":[\"Politique\"],\"inLanguage\":\"fr-FR\",\"potentialAction\":[{\"@type\":\"CommentAction\",\"name\":\"Comment\",\"target\":[\"https:\\\/\\\/lepatriotebenin.com\\\/index.php\\\/2024\\\/10\\\/17\\\/vie-politique-le-mouvement-andd-opte-pour-les-democrates\\\/#respond\"]}]},{\"@type\":\"WebPage\",\"@id\":\"https:\\\/\\\/lepatriotebenin.com\\\/index.php\\\/2024\\\/10\\\/17\\\/vie-politique-le-mouvement-andd-opte-pour-les-democrates\\\/\",\"url\":\"https:\\\/\\\/lepatriotebenin.com\\\/index.php\\\/2024\\\/10\\\/17\\\/vie-politique-le-mouvement-andd-opte-pour-les-democrates\\\/\",\"name\":\"Vie politique: Le mouvement ANDD opte pour Les D\u00e9mocrates - Le Patriote\",\"isPartOf\":{\"@id\":\"https:\\\/\\\/lepatriotebenin.com\\\/#website\"},\"primaryImageOfPage\":{\"@id\":\"https:\\\/\\\/lepatriotebenin.com\\\/index.php\\\/2024\\\/10\\\/17\\\/vie-politique-le-mouvement-andd-opte-pour-les-democrates\\\/#primaryimage\"},\"image\":{\"@id\":\"https:\\\/\\\/lepatriotebenin.com\\\/index.php\\\/2024\\\/10\\\/17\\\/vie-politique-le-mouvement-andd-opte-pour-les-democrates\\\/#primaryimage\"},\"thumbnailUrl\":\"https:\\\/\\\/lepatriotebenin.com\\\/wp-content\\\/uploads\\\/2024\\\/10\\\/ld.jpg\",\"datePublished\":\"2024-10-17T01:55:34+00:00\",\"dateModified\":\"2024-10-17T01:55:35+00:00\",\"author\":{\"@id\":\"https:\\\/\\\/lepatriotebenin.com\\\/#\\\/schema\\\/person\\\/2e7709b9c9cc313e452d1136af61690f\"},\"breadcrumb\":{\"@id\":\"https:\\\/\\\/lepatriotebenin.com\\\/index.php\\\/2024\\\/10\\\/17\\\/vie-politique-le-mouvement-andd-opte-pour-les-democrates\\\/#breadcrumb\"},\"inLanguage\":\"fr-FR\",\"potentialAction\":[{\"@type\":\"ReadAction\",\"target\":[\"https:\\\/\\\/lepatriotebenin.com\\\/index.php\\\/2024\\\/10\\\/17\\\/vie-politique-le-mouvement-andd-opte-pour-les-democrates\\\/\"]}]},{\"@type\":\"ImageObject\",\"inLanguage\":\"fr-FR\",\"@id\":\"https:\\\/\\\/lepatriotebenin.com\\\/index.php\\\/2024\\\/10\\\/17\\\/vie-politique-le-mouvement-andd-opte-pour-les-democrates\\\/#primaryimage\",\"url\":\"https:\\\/\\\/lepatriotebenin.com\\\/wp-content\\\/uploads\\\/2024\\\/10\\\/ld.jpg\",\"contentUrl\":\"https:\\\/\\\/lepatriotebenin.com\\\/wp-content\\\/uploads\\\/2024\\\/10\\\/ld.jpg\",\"width\":1080,\"height\":486},{\"@type\":\"BreadcrumbList\",\"@id\":\"https:\\\/\\\/lepatriotebenin.com\\\/index.php\\\/2024\\\/10\\\/17\\\/vie-politique-le-mouvement-andd-opte-pour-les-democrates\\\/#breadcrumb\",\"itemListElement\":[{\"@type\":\"ListItem\",\"position\":1,\"name\":\"Accueil\",\"item\":\"https:\\\/\\\/lepatriotebenin.com\\\/\"},{\"@type\":\"ListItem\",\"position\":2,\"name\":\"Vie politique: Le mouvement ANDD opte pour Les D\u00e9mocrates\"}]},{\"@type\":\"WebSite\",\"@id\":\"https:\\\/\\\/lepatriotebenin.com\\\/#website\",\"url\":\"https:\\\/\\\/lepatriotebenin.com\\\/\",\"name\":\"Le Patriote\",\"description\":\"Le Patriote B\u00e9nin\",\"potentialAction\":[{\"@type\":\"SearchAction\",\"target\":{\"@type\":\"EntryPoint\",\"urlTemplate\":\"https:\\\/\\\/lepatriotebenin.com\\\/?s={search_term_string}\"},\"query-input\":{\"@type\":\"PropertyValueSpecification\",\"valueRequired\":true,\"valueName\":\"search_term_string\"}}],\"inLanguage\":\"fr-FR\"},{\"@type\":\"Person\",\"@id\":\"https:\\\/\\\/lepatriotebenin.com\\\/#\\\/schema\\\/person\\\/2e7709b9c9cc313e452d1136af61690f\",\"name\":\"Redaction\",\"image\":{\"@type\":\"ImageObject\",\"inLanguage\":\"fr-FR\",\"@id\":\"https:\\\/\\\/secure.gravatar.com\\\/avatar\\\/c4c509357859ea2ca2cbb6d8812898a73e4ef1ef9934c2e591d7e32face734d1?s=96&d=mm&r=g\",\"url\":\"https:\\\/\\\/secure.gravatar.com\\\/avatar\\\/c4c509357859ea2ca2cbb6d8812898a73e4ef1ef9934c2e591d7e32face734d1?s=96&d=mm&r=g\",\"contentUrl\":\"https:\\\/\\\/secure.gravatar.com\\\/avatar\\\/c4c509357859ea2ca2cbb6d8812898a73e4ef1ef9934c2e591d7e32face734d1?s=96&d=mm&r=g\",\"caption\":\"Redaction\"},\"url\":\"https:\\\/\\\/lepatriotebenin.com\"}]}<\/script>\n<!-- \/ Yoast SEO plugin. -->","yoast_head_json":{"title":"Vie politique: Le mouvement ANDD opte pour Les D\u00e9mocrates - Le Patriote","robots":{"index":"index","follow":"follow","max-snippet":"max-snippet:-1","max-image-preview":"max-image-preview:large","max-video-preview":"max-video-preview:-1"},"canonical":"https:\/\/lepatriotebenin.com\/index.php\/2024\/10\/17\/vie-politique-le-mouvement-andd-opte-pour-les-democrates\/","og_locale":"fr_FR","og_type":"article","og_title":"Vie politique: Le mouvement ANDD opte pour Les D\u00e9mocrates - Le Patriote","og_description":"Le mouvement politique Alliance Nationale pour la D\u00e9mocratie et le D\u00e9veloppement (ANDD) a rejoint dans la journ\u00e9e de ce mercredi 16 octobre 2024 \u00e0 cococodji le grand parti de l&rsquo;opposition&hellip;","og_url":"https:\/\/lepatriotebenin.com\/index.php\/2024\/10\/17\/vie-politique-le-mouvement-andd-opte-pour-les-democrates\/","og_site_name":"Le Patriote","article_published_time":"2024-10-17T01:55:34+00:00","article_modified_time":"2024-10-17T01:55:35+00:00","og_image":[{"width":1080,"height":486,"url":"https:\/\/lepatriotebenin.com\/wp-content\/uploads\/2024\/10\/ld.jpg","type":"image\/jpeg"}],"author":"Redaction","twitter_card":"summary_large_image","twitter_misc":{"\u00c9crit par":"Redaction","Dur\u00e9e de lecture estim\u00e9e":"2 minutes"},"schema":{"@context":"https:\/\/schema.org","@graph":[{"@type":"Article","@id":"https:\/\/lepatriotebenin.com\/index.php\/2024\/10\/17\/vie-politique-le-mouvement-andd-opte-pour-les-democrates\/#article","isPartOf":{"@id":"https:\/\/lepatriotebenin.com\/index.php\/2024\/10\/17\/vie-politique-le-mouvement-andd-opte-pour-les-democrates\/"},"author":{"name":"Redaction","@id":"https:\/\/lepatriotebenin.com\/#\/schema\/person\/2e7709b9c9cc313e452d1136af61690f"},"headline":"Vie politique: Le mouvement ANDD opte pour Les D\u00e9mocrates","datePublished":"2024-10-17T01:55:34+00:00","dateModified":"2024-10-17T01:55:35+00:00","mainEntityOfPage":{"@id":"https:\/\/lepatriotebenin.com\/index.php\/2024\/10\/17\/vie-politique-le-mouvement-andd-opte-pour-les-democrates\/"},"wordCount":278,"commentCount":0,"image":{"@id":"https:\/\/lepatriotebenin.com\/index.php\/2024\/10\/17\/vie-politique-le-mouvement-andd-opte-pour-les-democrates\/#primaryimage"},"thumbnailUrl":"https:\/\/lepatriotebenin.com\/wp-content\/uploads\/2024\/10\/ld.jpg","articleSection":["Politique"],"inLanguage":"fr-FR","potentialAction":[{"@type":"CommentAction","name":"Comment","target":["https:\/\/lepatriotebenin.com\/index.php\/2024\/10\/17\/vie-politique-le-mouvement-andd-opte-pour-les-democrates\/#respond"]}]},{"@type":"WebPage","@id":"https:\/\/lepatriotebenin.com\/index.php\/2024\/10\/17\/vie-politique-le-mouvement-andd-opte-pour-les-democrates\/","url":"https:\/\/lepatriotebenin.com\/index.php\/2024\/10\/17\/vie-politique-le-mouvement-andd-opte-pour-les-democrates\/","name":"Vie politique: Le mouvement ANDD opte pour Les D\u00e9mocrates - Le Patriote","isPartOf":{"@id":"https:\/\/lepatriotebenin.com\/#website"},"primaryImageOfPage":{"@id":"https:\/\/lepatriotebenin.com\/index.php\/2024\/10\/17\/vie-politique-le-mouvement-andd-opte-pour-les-democrates\/#primaryimage"},"image":{"@id":"https:\/\/lepatriotebenin.com\/index.php\/2024\/10\/17\/vie-politique-le-mouvement-andd-opte-pour-les-democrates\/#primaryimage"},"thumbnailUrl":"https:\/\/lepatriotebenin.com\/wp-content\/uploads\/2024\/10\/ld.jpg","datePublished":"2024-10-17T01:55:34+00:00","dateModified":"2024-10-17T01:55:35+00:00","author":{"@id":"https:\/\/lepatriotebenin.com\/#\/schema\/person\/2e7709b9c9cc313e452d1136af61690f"},"breadcrumb":{"@id":"https:\/\/lepatriotebenin.com\/index.php\/2024\/10\/17\/vie-politique-le-mouvement-andd-opte-pour-les-democrates\/#breadcrumb"},"inLanguage":"fr-FR","potentialAction":[{"@type":"ReadAction","target":["https:\/\/lepatriotebenin.com\/index.php\/2024\/10\/17\/vie-politique-le-mouvement-andd-opte-pour-les-democrates\/"]}]},{"@type":"ImageObject","inLanguage":"fr-FR","@id":"https:\/\/lepatriotebenin.com\/index.php\/2024\/10\/17\/vie-politique-le-mouvement-andd-opte-pour-les-democrates\/#primaryimage","url":"https:\/\/lepatriotebenin.com\/wp-content\/uploads\/2024\/10\/ld.jpg","contentUrl":"https:\/\/lepatriotebenin.com\/wp-content\/uploads\/2024\/10\/ld.jpg","width":1080,"height":486},{"@type":"BreadcrumbList","@id":"https:\/\/lepatriotebenin.com\/index.php\/2024\/10\/17\/vie-politique-le-mouvement-andd-opte-pour-les-democrates\/#breadcrumb","itemListElement":[{"@type":"ListItem","position":1,"name":"Accueil","item":"https:\/\/lepatriotebenin.com\/"},{"@type":"ListItem","position":2,"name":"Vie politique: Le mouvement ANDD opte pour Les D\u00e9mocrates"}]},{"@type":"WebSite","@id":"https:\/\/lepatriotebenin.com\/#website","url":"https:\/\/lepatriotebenin.com\/","name":"Le Patriote","description":"Le Patriote B\u00e9nin","potentialAction":[{"@type":"SearchAction","target":{"@type":"EntryPoint","urlTemplate":"https:\/\/lepatriotebenin.com\/?s={search_term_string}"},"query-input":{"@type":"PropertyValueSpecification","valueRequired":true,"valueName":"search_term_string"}}],"inLanguage":"fr-FR"},{"@type":"Person","@id":"https:\/\/lepatriotebenin.com\/#\/schema\/person\/2e7709b9c9cc313e452d1136af61690f","name":"Redaction","image":{"@type":"ImageObject","inLanguage":"fr-FR","@id":"https:\/\/secure.gravatar.com\/avatar\/c4c509357859ea2ca2cbb6d8812898a73e4ef1ef9934c2e591d7e32face734d1?s=96&d=mm&r=g","url":"https:\/\/secure.gravatar.com\/avatar\/c4c509357859ea2ca2cbb6d8812898a73e4ef1ef9934c2e591d7e32face734d1?s=96&d=mm&r=g","contentUrl":"https:\/\/secure.gravatar.com\/avatar\/c4c509357859ea2ca2cbb6d8812898a73e4ef1ef9934c2e591d7e32face734d1?s=96&d=mm&r=g","caption":"Redaction"},"url":"https:\/\/lepatriotebenin.com"}]}},"_links":{"self":[{"href":"https:\/\/lepatriotebenin.com\/index.php\/wp-json\/wp\/v2\/posts\/8493","targetHints":{"allow":["GET"]}}],"collection":[{"href":"https:\/\/lepatriotebenin.com\/index.php\/wp-json\/wp\/v2\/posts"}],"about":[{"href":"https:\/\/lepatriotebenin.com\/index.php\/wp-json\/wp\/v2\/types\/post"}],"author":[{"embeddable":true,"href":"https:\/\/lepatriotebenin.com\/index.php\/wp-json\/wp\/v2\/users\/5"}],"replies":[{"embeddable":true,"href":"https:\/\/lepatriotebenin.com\/index.php\/wp-json\/wp\/v2\/comments?post=8493"}],"version-history":[{"count":1,"href":"https:\/\/lepatriotebenin.com\/index.php\/wp-json\/wp\/v2\/posts\/8493\/revisions"}],"predecessor-version":[{"id":8495,"href":"https:\/\/lepatriotebenin.com\/index.php\/wp-json\/wp\/v2\/posts\/8493\/revisions\/8495"}],"wp:featuredmedia":[{"embeddable":true,"href":"https:\/\/lepatriotebenin.com\/index.php\/wp-json\/wp\/v2\/media\/8494"}],"wp:attachment":[{"href":"https:\/\/lepatriotebenin.com\/index.php\/wp-json\/wp\/v2\/media?parent=8493"}],"wp:term":[{"taxonomy":"category","embeddable":true,"href":"https:\/\/lepatriotebenin.com\/index.php\/wp-json\/wp\/v2\/categories?post=8493"},{"taxonomy":"post_tag","embeddable":true,"href":"https:\/\/lepatriotebenin.com\/index.php\/wp-json\/wp\/v2\/tags?post=8493"}],"curies":[{"name":"wp","href":"https:\/\/api.w.org\/{rel}","templated":true}]}}