{"id":8490,"date":"2024-10-17T02:47:57","date_gmt":"2024-10-17T00:47:57","guid":{"rendered":"https:\/\/lepatriotebenin.com\/?p=8490"},"modified":"2024-10-17T02:47:57","modified_gmt":"2024-10-17T00:47:57","slug":"deces-au-pouvoir-et-alternance-democratique-les-eclairages-de-mathias-hounkpe","status":"publish","type":"post","link":"https:\/\/lepatriotebenin.com\/index.php\/2024\/10\/17\/deces-au-pouvoir-et-alternance-democratique-les-eclairages-de-mathias-hounkpe\/","title":{"rendered":"D\u00e9c\u00e8s au pouvoir et alternance d\u00e9mocratique: Les \u00e9clairages de Mathias Hounkp\u00e8 \u00a0\u00a0\u00a0"},"content":{"rendered":"\n<p><strong>Dans ce second article, le politologue Mathias Hounkp\u00e8 revient sur les d\u00e9c\u00e8s de chefs d\u2019Etat au pouvoir et les opportunit\u00e9s d\u2019alternance qu\u2019ils offrent. Lisez.&nbsp;<\/strong><\/p>\n\n\n\n<p>Les pr\u00e9sidents qui d\u00e9c\u00e8dent au pouvoir, apr\u00e8s moins de dix ans de r\u00e8gne.<\/p>\n\n\n\n<p>Dans le papier pr\u00e9c\u00e9dent, j\u2019ai examin\u00e9 le cas des pr\u00e9sidents qui quittent volontairement le pouvoir, \u00e0 l\u2019issue d\u2019un long r\u00e8gne (de plus de 10 ans). Dans celui-ci, je voudrais me pencher sur le cas des Pr\u00e9sidents dont le profil, particulier, permet d\u2019identifier quelques facteurs qui pourraient contribuer \u00e0 des transitions pacifiques et r\u00e9guli\u00e8res, c\u2019est-\u00e0-dire conformes aux r\u00e8gles \u00e9tablies, apr\u00e8s le d\u00e9c\u00e8s d\u2019un chef d\u2019Etat. De fa\u00e7on plus pr\u00e9cise, il s\u2019agit, ici, de pr\u00e9sidents qui remplissent les conditions suivantes. Ils dirigent des pays qui ont d\u00e9j\u00e0 connu une alternance (un changement de pr\u00e9sident de la R\u00e9publique) par \u00e9lection. Ils ont, eux-m\u00eames, \u00e9t\u00e9 \u00e9lus pr\u00e9sidents de la R\u00e9publique. Ils n\u2019ont pas encore totalis\u00e9 dix ans au pouvoir, \u00e9tant donc \u00e0 leur premier ou deuxi\u00e8me mandat ; et ils n\u2019ont pas \u00e9t\u00e9 assassin\u00e9s (i.e. qu\u2019ils sont d\u00e9c\u00e9d\u00e9s au pouvoir, certes, mais de mort naturelle ou par maladie).A titre d\u2019exemple, on peut citer les cas des pr\u00e9sidents Levy Mwanawasa (2002-2008) et Michael Sata de la Zambie morts, respectivement, apr\u00e8s 6 ans et 3 ans au pouvoir. L\u2019on peut citer \u00e9galement les cas des pr\u00e9sidents Umaru Musa Yar\u2019Adua (2007-2010) du Nig\u00e9ria et Bingu Wa Mutharika (2004-2012) du Malawi disparus apr\u00e8s, respectivement, 3 ans et 8 ans de pouvoir. Enfin, on peut encore mentionner les cas des pr\u00e9sidents John Atta Mills (2009-2012) du Ghana, John Magufuli (2015-2021) de la Tanzanie et Hage Geingob (2015-2024) de la Namibie, d\u00e9c\u00e9d\u00e9s apr\u00e8s, respectivement, 3 ans, 6 ans et 9 ans au pouvoir. Lorsque l\u2019on consid\u00e8re la cat\u00e9gorie sp\u00e9cifique des pr\u00e9sidents remplissant les conditions mentionn\u00e9es plus haut, le constat est tr\u00e8s clair. Dans la quasi-totalit\u00e9 des cas, contrairement \u00e0 ce qui a \u00e9t\u00e9 observ\u00e9 dans le cas des pr\u00e9sidents qui meurent au pouvoir apr\u00e8s plus de 10 ans de r\u00e8gne, les proc\u00e9dures pr\u00e9vues par les constitutions sont respect\u00e9es et les transitions s\u2019effectuent sans la moindre anicroche. Mieux, ces pays continuent, jusqu\u2019\u00e0 pr\u00e9sent, bon an mal an, leur petit bonhomme de chemin vers les rivages des d\u00e9mocraties consolid\u00e9es. Tout comme si le fait d\u2019avoir eu une alternance imm\u00e9diatement avant augmentait la chance que la transition apr\u00e8s le d\u00e9c\u00e8s d\u2019un pr\u00e9sident en exercice se d\u00e9roule conform\u00e9ment aux proc\u00e9dures l\u00e9gales.<\/p>\n\n\n\n<p>A Suivre \u2026<\/p>\n\n\n\n<p>Mathias HOUNKPE<\/p>\n","protected":false},"excerpt":{"rendered":"<p>Dans ce second article, le politologue Mathias Hounkp\u00e8 revient sur les d\u00e9c\u00e8s de chefs d\u2019Etat au pouvoir et les opportunit\u00e9s d\u2019alternance qu\u2019ils offrent. Lisez.&nbsp; Les pr\u00e9sidents qui d\u00e9c\u00e8dent au pouvoir,&hellip;<\/p>\n","protected":false},"author":5,"featured_media":8491,"comment_status":"open","ping_status":"open","sticky":false,"template":"","format":"standard","meta":{"content-type":"","om_disable_all_campaigns":false,"_monsterinsights_skip_tracking":false,"_monsterinsights_sitenote_active":false,"_monsterinsights_sitenote_note":"","_monsterinsights_sitenote_category":0,"_uf_show_specific_survey":0,"_uf_disable_surveys":false,"footnotes":""},"categories":[26],"tags":[],"class_list":["post-8490","post","type-post","status-publish","format-standard","has-post-thumbnail","hentry","category-politique"],"aioseo_notices":[],"yoast_head":"<!-- This site is optimized with the Yoast SEO plugin v27.5 - https:\/\/yoast.com\/product\/yoast-seo-wordpress\/ -->\n<title>D\u00e9c\u00e8s au pouvoir et alternance d\u00e9mocratique: Les \u00e9clairages de Mathias Hounkp\u00e8 \u00a0\u00a0\u00a0 - Le Patriote<\/title>\n<meta name=\"robots\" content=\"index, follow, max-snippet:-1, max-image-preview:large, max-video-preview:-1\" \/>\n<link rel=\"canonical\" href=\"https:\/\/lepatriotebenin.com\/index.php\/2024\/10\/17\/deces-au-pouvoir-et-alternance-democratique-les-eclairages-de-mathias-hounkpe\/\" \/>\n<meta property=\"og:locale\" content=\"fr_FR\" \/>\n<meta property=\"og:type\" content=\"article\" \/>\n<meta property=\"og:title\" content=\"D\u00e9c\u00e8s au pouvoir et alternance d\u00e9mocratique: Les \u00e9clairages de Mathias Hounkp\u00e8 \u00a0\u00a0\u00a0 - Le Patriote\" \/>\n<meta property=\"og:description\" content=\"Dans ce second article, le politologue Mathias Hounkp\u00e8 revient sur les d\u00e9c\u00e8s de chefs d\u2019Etat au pouvoir et les opportunit\u00e9s d\u2019alternance qu\u2019ils offrent. Lisez.&nbsp; Les pr\u00e9sidents qui d\u00e9c\u00e8dent au pouvoir,&hellip;\" \/>\n<meta property=\"og:url\" content=\"https:\/\/lepatriotebenin.com\/index.php\/2024\/10\/17\/deces-au-pouvoir-et-alternance-democratique-les-eclairages-de-mathias-hounkpe\/\" \/>\n<meta property=\"og:site_name\" content=\"Le Patriote\" \/>\n<meta property=\"article:published_time\" content=\"2024-10-17T00:47:57+00:00\" \/>\n<meta property=\"og:image\" content=\"https:\/\/lepatriotebenin.com\/wp-content\/uploads\/2024\/10\/mathias-hounkpe-1.jpg\" \/>\n\t<meta property=\"og:image:width\" content=\"980\" \/>\n\t<meta property=\"og:image:height\" content=\"551\" \/>\n\t<meta property=\"og:image:type\" content=\"image\/jpeg\" \/>\n<meta name=\"author\" content=\"Redaction\" \/>\n<meta name=\"twitter:card\" content=\"summary_large_image\" \/>\n<meta name=\"twitter:label1\" content=\"\u00c9crit par\" \/>\n\t<meta name=\"twitter:data1\" content=\"Redaction\" \/>\n\t<meta name=\"twitter:label2\" content=\"Dur\u00e9e de lecture estim\u00e9e\" \/>\n\t<meta name=\"twitter:data2\" content=\"3 minutes\" \/>\n<script type=\"application\/ld+json\" class=\"yoast-schema-graph\">{\"@context\":\"https:\\\/\\\/schema.org\",\"@graph\":[{\"@type\":\"Article\",\"@id\":\"https:\\\/\\\/lepatriotebenin.com\\\/index.php\\\/2024\\\/10\\\/17\\\/deces-au-pouvoir-et-alternance-democratique-les-eclairages-de-mathias-hounkpe\\\/#article\",\"isPartOf\":{\"@id\":\"https:\\\/\\\/lepatriotebenin.com\\\/index.php\\\/2024\\\/10\\\/17\\\/deces-au-pouvoir-et-alternance-democratique-les-eclairages-de-mathias-hounkpe\\\/\"},\"author\":{\"name\":\"Redaction\",\"@id\":\"https:\\\/\\\/lepatriotebenin.com\\\/#\\\/schema\\\/person\\\/2e7709b9c9cc313e452d1136af61690f\"},\"headline\":\"D\u00e9c\u00e8s au pouvoir et alternance d\u00e9mocratique: Les \u00e9clairages de Mathias Hounkp\u00e8 \u00a0\u00a0\u00a0\",\"datePublished\":\"2024-10-17T00:47:57+00:00\",\"mainEntityOfPage\":{\"@id\":\"https:\\\/\\\/lepatriotebenin.com\\\/index.php\\\/2024\\\/10\\\/17\\\/deces-au-pouvoir-et-alternance-democratique-les-eclairages-de-mathias-hounkpe\\\/\"},\"wordCount\":490,\"commentCount\":0,\"image\":{\"@id\":\"https:\\\/\\\/lepatriotebenin.com\\\/index.php\\\/2024\\\/10\\\/17\\\/deces-au-pouvoir-et-alternance-democratique-les-eclairages-de-mathias-hounkpe\\\/#primaryimage\"},\"thumbnailUrl\":\"https:\\\/\\\/lepatriotebenin.com\\\/wp-content\\\/uploads\\\/2024\\\/10\\\/mathias-hounkpe-1.jpg\",\"articleSection\":[\"Politique\"],\"inLanguage\":\"fr-FR\",\"potentialAction\":[{\"@type\":\"CommentAction\",\"name\":\"Comment\",\"target\":[\"https:\\\/\\\/lepatriotebenin.com\\\/index.php\\\/2024\\\/10\\\/17\\\/deces-au-pouvoir-et-alternance-democratique-les-eclairages-de-mathias-hounkpe\\\/#respond\"]}]},{\"@type\":\"WebPage\",\"@id\":\"https:\\\/\\\/lepatriotebenin.com\\\/index.php\\\/2024\\\/10\\\/17\\\/deces-au-pouvoir-et-alternance-democratique-les-eclairages-de-mathias-hounkpe\\\/\",\"url\":\"https:\\\/\\\/lepatriotebenin.com\\\/index.php\\\/2024\\\/10\\\/17\\\/deces-au-pouvoir-et-alternance-democratique-les-eclairages-de-mathias-hounkpe\\\/\",\"name\":\"D\u00e9c\u00e8s au pouvoir et alternance d\u00e9mocratique: Les \u00e9clairages de Mathias Hounkp\u00e8 \u00a0\u00a0\u00a0 - Le Patriote\",\"isPartOf\":{\"@id\":\"https:\\\/\\\/lepatriotebenin.com\\\/#website\"},\"primaryImageOfPage\":{\"@id\":\"https:\\\/\\\/lepatriotebenin.com\\\/index.php\\\/2024\\\/10\\\/17\\\/deces-au-pouvoir-et-alternance-democratique-les-eclairages-de-mathias-hounkpe\\\/#primaryimage\"},\"image\":{\"@id\":\"https:\\\/\\\/lepatriotebenin.com\\\/index.php\\\/2024\\\/10\\\/17\\\/deces-au-pouvoir-et-alternance-democratique-les-eclairages-de-mathias-hounkpe\\\/#primaryimage\"},\"thumbnailUrl\":\"https:\\\/\\\/lepatriotebenin.com\\\/wp-content\\\/uploads\\\/2024\\\/10\\\/mathias-hounkpe-1.jpg\",\"datePublished\":\"2024-10-17T00:47:57+00:00\",\"author\":{\"@id\":\"https:\\\/\\\/lepatriotebenin.com\\\/#\\\/schema\\\/person\\\/2e7709b9c9cc313e452d1136af61690f\"},\"breadcrumb\":{\"@id\":\"https:\\\/\\\/lepatriotebenin.com\\\/index.php\\\/2024\\\/10\\\/17\\\/deces-au-pouvoir-et-alternance-democratique-les-eclairages-de-mathias-hounkpe\\\/#breadcrumb\"},\"inLanguage\":\"fr-FR\",\"potentialAction\":[{\"@type\":\"ReadAction\",\"target\":[\"https:\\\/\\\/lepatriotebenin.com\\\/index.php\\\/2024\\\/10\\\/17\\\/deces-au-pouvoir-et-alternance-democratique-les-eclairages-de-mathias-hounkpe\\\/\"]}]},{\"@type\":\"ImageObject\",\"inLanguage\":\"fr-FR\",\"@id\":\"https:\\\/\\\/lepatriotebenin.com\\\/index.php\\\/2024\\\/10\\\/17\\\/deces-au-pouvoir-et-alternance-democratique-les-eclairages-de-mathias-hounkpe\\\/#primaryimage\",\"url\":\"https:\\\/\\\/lepatriotebenin.com\\\/wp-content\\\/uploads\\\/2024\\\/10\\\/mathias-hounkpe-1.jpg\",\"contentUrl\":\"https:\\\/\\\/lepatriotebenin.com\\\/wp-content\\\/uploads\\\/2024\\\/10\\\/mathias-hounkpe-1.jpg\",\"width\":980,\"height\":551},{\"@type\":\"BreadcrumbList\",\"@id\":\"https:\\\/\\\/lepatriotebenin.com\\\/index.php\\\/2024\\\/10\\\/17\\\/deces-au-pouvoir-et-alternance-democratique-les-eclairages-de-mathias-hounkpe\\\/#breadcrumb\",\"itemListElement\":[{\"@type\":\"ListItem\",\"position\":1,\"name\":\"Accueil\",\"item\":\"https:\\\/\\\/lepatriotebenin.com\\\/\"},{\"@type\":\"ListItem\",\"position\":2,\"name\":\"D\u00e9c\u00e8s au pouvoir et alternance d\u00e9mocratique: Les \u00e9clairages de Mathias Hounkp\u00e8 \u00a0\u00a0\u00a0\"}]},{\"@type\":\"WebSite\",\"@id\":\"https:\\\/\\\/lepatriotebenin.com\\\/#website\",\"url\":\"https:\\\/\\\/lepatriotebenin.com\\\/\",\"name\":\"Le Patriote\",\"description\":\"Le Patriote B\u00e9nin\",\"potentialAction\":[{\"@type\":\"SearchAction\",\"target\":{\"@type\":\"EntryPoint\",\"urlTemplate\":\"https:\\\/\\\/lepatriotebenin.com\\\/?s={search_term_string}\"},\"query-input\":{\"@type\":\"PropertyValueSpecification\",\"valueRequired\":true,\"valueName\":\"search_term_string\"}}],\"inLanguage\":\"fr-FR\"},{\"@type\":\"Person\",\"@id\":\"https:\\\/\\\/lepatriotebenin.com\\\/#\\\/schema\\\/person\\\/2e7709b9c9cc313e452d1136af61690f\",\"name\":\"Redaction\",\"image\":{\"@type\":\"ImageObject\",\"inLanguage\":\"fr-FR\",\"@id\":\"https:\\\/\\\/secure.gravatar.com\\\/avatar\\\/c4c509357859ea2ca2cbb6d8812898a73e4ef1ef9934c2e591d7e32face734d1?s=96&d=mm&r=g\",\"url\":\"https:\\\/\\\/secure.gravatar.com\\\/avatar\\\/c4c509357859ea2ca2cbb6d8812898a73e4ef1ef9934c2e591d7e32face734d1?s=96&d=mm&r=g\",\"contentUrl\":\"https:\\\/\\\/secure.gravatar.com\\\/avatar\\\/c4c509357859ea2ca2cbb6d8812898a73e4ef1ef9934c2e591d7e32face734d1?s=96&d=mm&r=g\",\"caption\":\"Redaction\"},\"url\":\"https:\\\/\\\/lepatriotebenin.com\"}]}<\/script>\n<!-- \/ Yoast SEO plugin. -->","yoast_head_json":{"title":"D\u00e9c\u00e8s au pouvoir et alternance d\u00e9mocratique: Les \u00e9clairages de Mathias Hounkp\u00e8 \u00a0\u00a0\u00a0 - Le Patriote","robots":{"index":"index","follow":"follow","max-snippet":"max-snippet:-1","max-image-preview":"max-image-preview:large","max-video-preview":"max-video-preview:-1"},"canonical":"https:\/\/lepatriotebenin.com\/index.php\/2024\/10\/17\/deces-au-pouvoir-et-alternance-democratique-les-eclairages-de-mathias-hounkpe\/","og_locale":"fr_FR","og_type":"article","og_title":"D\u00e9c\u00e8s au pouvoir et alternance d\u00e9mocratique: Les \u00e9clairages de Mathias Hounkp\u00e8 \u00a0\u00a0\u00a0 - Le Patriote","og_description":"Dans ce second article, le politologue Mathias Hounkp\u00e8 revient sur les d\u00e9c\u00e8s de chefs d\u2019Etat au pouvoir et les opportunit\u00e9s d\u2019alternance qu\u2019ils offrent. Lisez.&nbsp; Les pr\u00e9sidents qui d\u00e9c\u00e8dent au pouvoir,&hellip;","og_url":"https:\/\/lepatriotebenin.com\/index.php\/2024\/10\/17\/deces-au-pouvoir-et-alternance-democratique-les-eclairages-de-mathias-hounkpe\/","og_site_name":"Le Patriote","article_published_time":"2024-10-17T00:47:57+00:00","og_image":[{"width":980,"height":551,"url":"https:\/\/lepatriotebenin.com\/wp-content\/uploads\/2024\/10\/mathias-hounkpe-1.jpg","type":"image\/jpeg"}],"author":"Redaction","twitter_card":"summary_large_image","twitter_misc":{"\u00c9crit par":"Redaction","Dur\u00e9e de lecture estim\u00e9e":"3 minutes"},"schema":{"@context":"https:\/\/schema.org","@graph":[{"@type":"Article","@id":"https:\/\/lepatriotebenin.com\/index.php\/2024\/10\/17\/deces-au-pouvoir-et-alternance-democratique-les-eclairages-de-mathias-hounkpe\/#article","isPartOf":{"@id":"https:\/\/lepatriotebenin.com\/index.php\/2024\/10\/17\/deces-au-pouvoir-et-alternance-democratique-les-eclairages-de-mathias-hounkpe\/"},"author":{"name":"Redaction","@id":"https:\/\/lepatriotebenin.com\/#\/schema\/person\/2e7709b9c9cc313e452d1136af61690f"},"headline":"D\u00e9c\u00e8s au pouvoir et alternance d\u00e9mocratique: Les \u00e9clairages de Mathias Hounkp\u00e8 \u00a0\u00a0\u00a0","datePublished":"2024-10-17T00:47:57+00:00","mainEntityOfPage":{"@id":"https:\/\/lepatriotebenin.com\/index.php\/2024\/10\/17\/deces-au-pouvoir-et-alternance-democratique-les-eclairages-de-mathias-hounkpe\/"},"wordCount":490,"commentCount":0,"image":{"@id":"https:\/\/lepatriotebenin.com\/index.php\/2024\/10\/17\/deces-au-pouvoir-et-alternance-democratique-les-eclairages-de-mathias-hounkpe\/#primaryimage"},"thumbnailUrl":"https:\/\/lepatriotebenin.com\/wp-content\/uploads\/2024\/10\/mathias-hounkpe-1.jpg","articleSection":["Politique"],"inLanguage":"fr-FR","potentialAction":[{"@type":"CommentAction","name":"Comment","target":["https:\/\/lepatriotebenin.com\/index.php\/2024\/10\/17\/deces-au-pouvoir-et-alternance-democratique-les-eclairages-de-mathias-hounkpe\/#respond"]}]},{"@type":"WebPage","@id":"https:\/\/lepatriotebenin.com\/index.php\/2024\/10\/17\/deces-au-pouvoir-et-alternance-democratique-les-eclairages-de-mathias-hounkpe\/","url":"https:\/\/lepatriotebenin.com\/index.php\/2024\/10\/17\/deces-au-pouvoir-et-alternance-democratique-les-eclairages-de-mathias-hounkpe\/","name":"D\u00e9c\u00e8s au pouvoir et alternance d\u00e9mocratique: Les \u00e9clairages de Mathias Hounkp\u00e8 \u00a0\u00a0\u00a0 - Le Patriote","isPartOf":{"@id":"https:\/\/lepatriotebenin.com\/#website"},"primaryImageOfPage":{"@id":"https:\/\/lepatriotebenin.com\/index.php\/2024\/10\/17\/deces-au-pouvoir-et-alternance-democratique-les-eclairages-de-mathias-hounkpe\/#primaryimage"},"image":{"@id":"https:\/\/lepatriotebenin.com\/index.php\/2024\/10\/17\/deces-au-pouvoir-et-alternance-democratique-les-eclairages-de-mathias-hounkpe\/#primaryimage"},"thumbnailUrl":"https:\/\/lepatriotebenin.com\/wp-content\/uploads\/2024\/10\/mathias-hounkpe-1.jpg","datePublished":"2024-10-17T00:47:57+00:00","author":{"@id":"https:\/\/lepatriotebenin.com\/#\/schema\/person\/2e7709b9c9cc313e452d1136af61690f"},"breadcrumb":{"@id":"https:\/\/lepatriotebenin.com\/index.php\/2024\/10\/17\/deces-au-pouvoir-et-alternance-democratique-les-eclairages-de-mathias-hounkpe\/#breadcrumb"},"inLanguage":"fr-FR","potentialAction":[{"@type":"ReadAction","target":["https:\/\/lepatriotebenin.com\/index.php\/2024\/10\/17\/deces-au-pouvoir-et-alternance-democratique-les-eclairages-de-mathias-hounkpe\/"]}]},{"@type":"ImageObject","inLanguage":"fr-FR","@id":"https:\/\/lepatriotebenin.com\/index.php\/2024\/10\/17\/deces-au-pouvoir-et-alternance-democratique-les-eclairages-de-mathias-hounkpe\/#primaryimage","url":"https:\/\/lepatriotebenin.com\/wp-content\/uploads\/2024\/10\/mathias-hounkpe-1.jpg","contentUrl":"https:\/\/lepatriotebenin.com\/wp-content\/uploads\/2024\/10\/mathias-hounkpe-1.jpg","width":980,"height":551},{"@type":"BreadcrumbList","@id":"https:\/\/lepatriotebenin.com\/index.php\/2024\/10\/17\/deces-au-pouvoir-et-alternance-democratique-les-eclairages-de-mathias-hounkpe\/#breadcrumb","itemListElement":[{"@type":"ListItem","position":1,"name":"Accueil","item":"https:\/\/lepatriotebenin.com\/"},{"@type":"ListItem","position":2,"name":"D\u00e9c\u00e8s au pouvoir et alternance d\u00e9mocratique: Les \u00e9clairages de Mathias Hounkp\u00e8 \u00a0\u00a0\u00a0"}]},{"@type":"WebSite","@id":"https:\/\/lepatriotebenin.com\/#website","url":"https:\/\/lepatriotebenin.com\/","name":"Le Patriote","description":"Le Patriote B\u00e9nin","potentialAction":[{"@type":"SearchAction","target":{"@type":"EntryPoint","urlTemplate":"https:\/\/lepatriotebenin.com\/?s={search_term_string}"},"query-input":{"@type":"PropertyValueSpecification","valueRequired":true,"valueName":"search_term_string"}}],"inLanguage":"fr-FR"},{"@type":"Person","@id":"https:\/\/lepatriotebenin.com\/#\/schema\/person\/2e7709b9c9cc313e452d1136af61690f","name":"Redaction","image":{"@type":"ImageObject","inLanguage":"fr-FR","@id":"https:\/\/secure.gravatar.com\/avatar\/c4c509357859ea2ca2cbb6d8812898a73e4ef1ef9934c2e591d7e32face734d1?s=96&d=mm&r=g","url":"https:\/\/secure.gravatar.com\/avatar\/c4c509357859ea2ca2cbb6d8812898a73e4ef1ef9934c2e591d7e32face734d1?s=96&d=mm&r=g","contentUrl":"https:\/\/secure.gravatar.com\/avatar\/c4c509357859ea2ca2cbb6d8812898a73e4ef1ef9934c2e591d7e32face734d1?s=96&d=mm&r=g","caption":"Redaction"},"url":"https:\/\/lepatriotebenin.com"}]}},"_links":{"self":[{"href":"https:\/\/lepatriotebenin.com\/index.php\/wp-json\/wp\/v2\/posts\/8490","targetHints":{"allow":["GET"]}}],"collection":[{"href":"https:\/\/lepatriotebenin.com\/index.php\/wp-json\/wp\/v2\/posts"}],"about":[{"href":"https:\/\/lepatriotebenin.com\/index.php\/wp-json\/wp\/v2\/types\/post"}],"author":[{"embeddable":true,"href":"https:\/\/lepatriotebenin.com\/index.php\/wp-json\/wp\/v2\/users\/5"}],"replies":[{"embeddable":true,"href":"https:\/\/lepatriotebenin.com\/index.php\/wp-json\/wp\/v2\/comments?post=8490"}],"version-history":[{"count":1,"href":"https:\/\/lepatriotebenin.com\/index.php\/wp-json\/wp\/v2\/posts\/8490\/revisions"}],"predecessor-version":[{"id":8492,"href":"https:\/\/lepatriotebenin.com\/index.php\/wp-json\/wp\/v2\/posts\/8490\/revisions\/8492"}],"wp:featuredmedia":[{"embeddable":true,"href":"https:\/\/lepatriotebenin.com\/index.php\/wp-json\/wp\/v2\/media\/8491"}],"wp:attachment":[{"href":"https:\/\/lepatriotebenin.com\/index.php\/wp-json\/wp\/v2\/media?parent=8490"}],"wp:term":[{"taxonomy":"category","embeddable":true,"href":"https:\/\/lepatriotebenin.com\/index.php\/wp-json\/wp\/v2\/categories?post=8490"},{"taxonomy":"post_tag","embeddable":true,"href":"https:\/\/lepatriotebenin.com\/index.php\/wp-json\/wp\/v2\/tags?post=8490"}],"curies":[{"name":"wp","href":"https:\/\/api.w.org\/{rel}","templated":true}]}}