{"id":8487,"date":"2024-10-17T02:37:28","date_gmt":"2024-10-17T00:37:28","guid":{"rendered":"https:\/\/lepatriotebenin.com\/?p=8487"},"modified":"2024-10-17T02:37:29","modified_gmt":"2024-10-17T00:37:29","slug":"stade-de-lamitie-general-mathieu-kerekou-le-gouvernement-annonce-sa-rehabilitation","status":"publish","type":"post","link":"https:\/\/lepatriotebenin.com\/index.php\/2024\/10\/17\/stade-de-lamitie-general-mathieu-kerekou-le-gouvernement-annonce-sa-rehabilitation\/","title":{"rendered":"Stade de l\u2019Amiti\u00e9 G\u00e9n\u00e9ral Mathieu K\u00e9r\u00e9kou : \u00a0\u00a0Le gouvernement annonce sa r\u00e9habilitation"},"content":{"rendered":"\n<p>\u00a0 Le\u00a0\u00a0 stade de l\u2019Amiti\u00e9 G\u00e9n\u00e9ral <strong>Mathieu K\u00e9r\u00e9kou<\/strong> a \u00e9t\u00e9 d\u00e9class\u00e9 il y a plusieurs par la Conf\u00e9d\u00e9ration africaine de football (CAF) pour ne pas respecter les exigences des normes internationales. Le d\u00e9classement du stade de l\u2019Amiti\u00e9 emp\u00eache le B\u00e9nin d\u2019accueillir les matchs internationaux notamment ceux des diff\u00e9rentes \u00e9quipes nationales. C\u2019est pour rem\u00e9dier \u00e0 cette situation et\u00a0 satisfaire les observations de l\u2019instance faiti\u00e8re du football africain en vue d\u2019assurer l\u2019homologation de ce stade et lui permettre de recevoir de nouveau des rencontres internationales, le gouvernement, r\u00e9uni ce <strong>mercredi 16 octobre 2024<\/strong> en conseil des ministres sous la pr\u00e9sidence de son excellence le Pr\u00e9sident <strong>Patrice Talon,<\/strong> a d\u00e9cid\u00e9 de r\u00e9habiliter la pelouse du terrain principal et de construire le terrain d\u2019entrainement.\u00a0<\/p>\n\n\n\n<p> Selon le compte rendu du conseil des ministres, les travaux vont prendre en compte la d\u00e9pose de la totalit\u00e9 de la pelouse du terrain principal et la reprise en gazon naturel avec une demie lune, la r\u00e9alisation d\u2019un terrain d\u2019entrainement en gazon synth\u00e9tique et de travaux de cl\u00f4ture du terrain annexe et l\u2019entretien des deux terrains de football avec la fourniture d\u2019une flotte compl\u00e8te d\u2019\u00e9quipements entrant dans ce cadre.<\/p>\n","protected":false},"excerpt":{"rendered":"<p>\u00a0 Le\u00a0\u00a0 stade de l\u2019Amiti\u00e9 G\u00e9n\u00e9ral Mathieu K\u00e9r\u00e9kou a \u00e9t\u00e9 d\u00e9class\u00e9 il y a plusieurs par la Conf\u00e9d\u00e9ration africaine de football (CAF) pour ne pas respecter les exigences des normes&hellip;<\/p>\n","protected":false},"author":6,"featured_media":8488,"comment_status":"open","ping_status":"open","sticky":false,"template":"","format":"standard","meta":{"content-type":"","om_disable_all_campaigns":false,"_monsterinsights_skip_tracking":false,"_monsterinsights_sitenote_active":false,"_monsterinsights_sitenote_note":"","_monsterinsights_sitenote_category":0,"_uf_show_specific_survey":0,"_uf_disable_surveys":false,"footnotes":""},"categories":[8],"tags":[],"class_list":["post-8487","post","type-post","status-publish","format-standard","has-post-thumbnail","hentry","category-sport"],"aioseo_notices":[],"yoast_head":"<!-- This site is optimized with the Yoast SEO plugin v27.5 - https:\/\/yoast.com\/product\/yoast-seo-wordpress\/ -->\n<title>Stade de l\u2019Amiti\u00e9 G\u00e9n\u00e9ral Mathieu K\u00e9r\u00e9kou : \u00a0\u00a0Le gouvernement annonce sa r\u00e9habilitation - Le Patriote<\/title>\n<meta name=\"robots\" content=\"index, follow, max-snippet:-1, max-image-preview:large, max-video-preview:-1\" \/>\n<link rel=\"canonical\" href=\"https:\/\/lepatriotebenin.com\/index.php\/2024\/10\/17\/stade-de-lamitie-general-mathieu-kerekou-le-gouvernement-annonce-sa-rehabilitation\/\" \/>\n<meta property=\"og:locale\" content=\"fr_FR\" \/>\n<meta property=\"og:type\" content=\"article\" \/>\n<meta property=\"og:title\" content=\"Stade de l\u2019Amiti\u00e9 G\u00e9n\u00e9ral Mathieu K\u00e9r\u00e9kou : \u00a0\u00a0Le gouvernement annonce sa r\u00e9habilitation - Le Patriote\" \/>\n<meta property=\"og:description\" content=\"\u00a0 Le\u00a0\u00a0 stade de l\u2019Amiti\u00e9 G\u00e9n\u00e9ral Mathieu K\u00e9r\u00e9kou a \u00e9t\u00e9 d\u00e9class\u00e9 il y a plusieurs par la Conf\u00e9d\u00e9ration africaine de football (CAF) pour ne pas respecter les exigences des normes&hellip;\" \/>\n<meta property=\"og:url\" content=\"https:\/\/lepatriotebenin.com\/index.php\/2024\/10\/17\/stade-de-lamitie-general-mathieu-kerekou-le-gouvernement-annonce-sa-rehabilitation\/\" \/>\n<meta property=\"og:site_name\" content=\"Le Patriote\" \/>\n<meta property=\"article:published_time\" content=\"2024-10-17T00:37:28+00:00\" \/>\n<meta property=\"article:modified_time\" content=\"2024-10-17T00:37:29+00:00\" \/>\n<meta property=\"og:image\" content=\"https:\/\/lepatriotebenin.com\/wp-content\/uploads\/2024\/10\/stadeamitie.jpg\" \/>\n\t<meta property=\"og:image:width\" content=\"720\" \/>\n\t<meta property=\"og:image:height\" content=\"540\" \/>\n\t<meta property=\"og:image:type\" content=\"image\/jpeg\" \/>\n<meta name=\"author\" content=\"Roland AFFANOU\" \/>\n<meta name=\"twitter:card\" content=\"summary_large_image\" \/>\n<meta name=\"twitter:label1\" content=\"\u00c9crit par\" \/>\n\t<meta name=\"twitter:data1\" content=\"Roland AFFANOU\" \/>\n\t<meta name=\"twitter:label2\" content=\"Dur\u00e9e de lecture estim\u00e9e\" \/>\n\t<meta name=\"twitter:data2\" content=\"1 minute\" \/>\n<script type=\"application\/ld+json\" class=\"yoast-schema-graph\">{\"@context\":\"https:\\\/\\\/schema.org\",\"@graph\":[{\"@type\":\"Article\",\"@id\":\"https:\\\/\\\/lepatriotebenin.com\\\/index.php\\\/2024\\\/10\\\/17\\\/stade-de-lamitie-general-mathieu-kerekou-le-gouvernement-annonce-sa-rehabilitation\\\/#article\",\"isPartOf\":{\"@id\":\"https:\\\/\\\/lepatriotebenin.com\\\/index.php\\\/2024\\\/10\\\/17\\\/stade-de-lamitie-general-mathieu-kerekou-le-gouvernement-annonce-sa-rehabilitation\\\/\"},\"author\":{\"name\":\"Roland AFFANOU\",\"@id\":\"https:\\\/\\\/lepatriotebenin.com\\\/#\\\/schema\\\/person\\\/4a9b67216c97d04045e01405c534c91f\"},\"headline\":\"Stade de l\u2019Amiti\u00e9 G\u00e9n\u00e9ral Mathieu K\u00e9r\u00e9kou : \u00a0\u00a0Le gouvernement annonce sa r\u00e9habilitation\",\"datePublished\":\"2024-10-17T00:37:28+00:00\",\"dateModified\":\"2024-10-17T00:37:29+00:00\",\"mainEntityOfPage\":{\"@id\":\"https:\\\/\\\/lepatriotebenin.com\\\/index.php\\\/2024\\\/10\\\/17\\\/stade-de-lamitie-general-mathieu-kerekou-le-gouvernement-annonce-sa-rehabilitation\\\/\"},\"wordCount\":238,\"commentCount\":0,\"image\":{\"@id\":\"https:\\\/\\\/lepatriotebenin.com\\\/index.php\\\/2024\\\/10\\\/17\\\/stade-de-lamitie-general-mathieu-kerekou-le-gouvernement-annonce-sa-rehabilitation\\\/#primaryimage\"},\"thumbnailUrl\":\"https:\\\/\\\/lepatriotebenin.com\\\/wp-content\\\/uploads\\\/2024\\\/10\\\/stadeamitie.jpg\",\"articleSection\":[\"Sport\"],\"inLanguage\":\"fr-FR\",\"potentialAction\":[{\"@type\":\"CommentAction\",\"name\":\"Comment\",\"target\":[\"https:\\\/\\\/lepatriotebenin.com\\\/index.php\\\/2024\\\/10\\\/17\\\/stade-de-lamitie-general-mathieu-kerekou-le-gouvernement-annonce-sa-rehabilitation\\\/#respond\"]}]},{\"@type\":\"WebPage\",\"@id\":\"https:\\\/\\\/lepatriotebenin.com\\\/index.php\\\/2024\\\/10\\\/17\\\/stade-de-lamitie-general-mathieu-kerekou-le-gouvernement-annonce-sa-rehabilitation\\\/\",\"url\":\"https:\\\/\\\/lepatriotebenin.com\\\/index.php\\\/2024\\\/10\\\/17\\\/stade-de-lamitie-general-mathieu-kerekou-le-gouvernement-annonce-sa-rehabilitation\\\/\",\"name\":\"Stade de l\u2019Amiti\u00e9 G\u00e9n\u00e9ral Mathieu K\u00e9r\u00e9kou : \u00a0\u00a0Le gouvernement annonce sa r\u00e9habilitation - Le Patriote\",\"isPartOf\":{\"@id\":\"https:\\\/\\\/lepatriotebenin.com\\\/#website\"},\"primaryImageOfPage\":{\"@id\":\"https:\\\/\\\/lepatriotebenin.com\\\/index.php\\\/2024\\\/10\\\/17\\\/stade-de-lamitie-general-mathieu-kerekou-le-gouvernement-annonce-sa-rehabilitation\\\/#primaryimage\"},\"image\":{\"@id\":\"https:\\\/\\\/lepatriotebenin.com\\\/index.php\\\/2024\\\/10\\\/17\\\/stade-de-lamitie-general-mathieu-kerekou-le-gouvernement-annonce-sa-rehabilitation\\\/#primaryimage\"},\"thumbnailUrl\":\"https:\\\/\\\/lepatriotebenin.com\\\/wp-content\\\/uploads\\\/2024\\\/10\\\/stadeamitie.jpg\",\"datePublished\":\"2024-10-17T00:37:28+00:00\",\"dateModified\":\"2024-10-17T00:37:29+00:00\",\"author\":{\"@id\":\"https:\\\/\\\/lepatriotebenin.com\\\/#\\\/schema\\\/person\\\/4a9b67216c97d04045e01405c534c91f\"},\"breadcrumb\":{\"@id\":\"https:\\\/\\\/lepatriotebenin.com\\\/index.php\\\/2024\\\/10\\\/17\\\/stade-de-lamitie-general-mathieu-kerekou-le-gouvernement-annonce-sa-rehabilitation\\\/#breadcrumb\"},\"inLanguage\":\"fr-FR\",\"potentialAction\":[{\"@type\":\"ReadAction\",\"target\":[\"https:\\\/\\\/lepatriotebenin.com\\\/index.php\\\/2024\\\/10\\\/17\\\/stade-de-lamitie-general-mathieu-kerekou-le-gouvernement-annonce-sa-rehabilitation\\\/\"]}]},{\"@type\":\"ImageObject\",\"inLanguage\":\"fr-FR\",\"@id\":\"https:\\\/\\\/lepatriotebenin.com\\\/index.php\\\/2024\\\/10\\\/17\\\/stade-de-lamitie-general-mathieu-kerekou-le-gouvernement-annonce-sa-rehabilitation\\\/#primaryimage\",\"url\":\"https:\\\/\\\/lepatriotebenin.com\\\/wp-content\\\/uploads\\\/2024\\\/10\\\/stadeamitie.jpg\",\"contentUrl\":\"https:\\\/\\\/lepatriotebenin.com\\\/wp-content\\\/uploads\\\/2024\\\/10\\\/stadeamitie.jpg\",\"width\":720,\"height\":540},{\"@type\":\"BreadcrumbList\",\"@id\":\"https:\\\/\\\/lepatriotebenin.com\\\/index.php\\\/2024\\\/10\\\/17\\\/stade-de-lamitie-general-mathieu-kerekou-le-gouvernement-annonce-sa-rehabilitation\\\/#breadcrumb\",\"itemListElement\":[{\"@type\":\"ListItem\",\"position\":1,\"name\":\"Accueil\",\"item\":\"https:\\\/\\\/lepatriotebenin.com\\\/\"},{\"@type\":\"ListItem\",\"position\":2,\"name\":\"Stade de l\u2019Amiti\u00e9 G\u00e9n\u00e9ral Mathieu K\u00e9r\u00e9kou : \u00a0\u00a0Le gouvernement annonce sa r\u00e9habilitation\"}]},{\"@type\":\"WebSite\",\"@id\":\"https:\\\/\\\/lepatriotebenin.com\\\/#website\",\"url\":\"https:\\\/\\\/lepatriotebenin.com\\\/\",\"name\":\"Le Patriote\",\"description\":\"Le Patriote B\u00e9nin\",\"potentialAction\":[{\"@type\":\"SearchAction\",\"target\":{\"@type\":\"EntryPoint\",\"urlTemplate\":\"https:\\\/\\\/lepatriotebenin.com\\\/?s={search_term_string}\"},\"query-input\":{\"@type\":\"PropertyValueSpecification\",\"valueRequired\":true,\"valueName\":\"search_term_string\"}}],\"inLanguage\":\"fr-FR\"},{\"@type\":\"Person\",\"@id\":\"https:\\\/\\\/lepatriotebenin.com\\\/#\\\/schema\\\/person\\\/4a9b67216c97d04045e01405c534c91f\",\"name\":\"Roland AFFANOU\",\"image\":{\"@type\":\"ImageObject\",\"inLanguage\":\"fr-FR\",\"@id\":\"https:\\\/\\\/secure.gravatar.com\\\/avatar\\\/7209d3f6d2d47ea4d0c67e14d3effb61feb10ae540a4381280c66265de5bd643?s=96&d=mm&r=g\",\"url\":\"https:\\\/\\\/secure.gravatar.com\\\/avatar\\\/7209d3f6d2d47ea4d0c67e14d3effb61feb10ae540a4381280c66265de5bd643?s=96&d=mm&r=g\",\"contentUrl\":\"https:\\\/\\\/secure.gravatar.com\\\/avatar\\\/7209d3f6d2d47ea4d0c67e14d3effb61feb10ae540a4381280c66265de5bd643?s=96&d=mm&r=g\",\"caption\":\"Roland AFFANOU\"},\"url\":\"https:\\\/\\\/lepatriotebenin.com\"}]}<\/script>\n<!-- \/ Yoast SEO plugin. -->","yoast_head_json":{"title":"Stade de l\u2019Amiti\u00e9 G\u00e9n\u00e9ral Mathieu K\u00e9r\u00e9kou : \u00a0\u00a0Le gouvernement annonce sa r\u00e9habilitation - Le Patriote","robots":{"index":"index","follow":"follow","max-snippet":"max-snippet:-1","max-image-preview":"max-image-preview:large","max-video-preview":"max-video-preview:-1"},"canonical":"https:\/\/lepatriotebenin.com\/index.php\/2024\/10\/17\/stade-de-lamitie-general-mathieu-kerekou-le-gouvernement-annonce-sa-rehabilitation\/","og_locale":"fr_FR","og_type":"article","og_title":"Stade de l\u2019Amiti\u00e9 G\u00e9n\u00e9ral Mathieu K\u00e9r\u00e9kou : \u00a0\u00a0Le gouvernement annonce sa r\u00e9habilitation - Le Patriote","og_description":"\u00a0 Le\u00a0\u00a0 stade de l\u2019Amiti\u00e9 G\u00e9n\u00e9ral Mathieu K\u00e9r\u00e9kou a \u00e9t\u00e9 d\u00e9class\u00e9 il y a plusieurs par la Conf\u00e9d\u00e9ration africaine de football (CAF) pour ne pas respecter les exigences des normes&hellip;","og_url":"https:\/\/lepatriotebenin.com\/index.php\/2024\/10\/17\/stade-de-lamitie-general-mathieu-kerekou-le-gouvernement-annonce-sa-rehabilitation\/","og_site_name":"Le Patriote","article_published_time":"2024-10-17T00:37:28+00:00","article_modified_time":"2024-10-17T00:37:29+00:00","og_image":[{"width":720,"height":540,"url":"https:\/\/lepatriotebenin.com\/wp-content\/uploads\/2024\/10\/stadeamitie.jpg","type":"image\/jpeg"}],"author":"Roland AFFANOU","twitter_card":"summary_large_image","twitter_misc":{"\u00c9crit par":"Roland AFFANOU","Dur\u00e9e de lecture estim\u00e9e":"1 minute"},"schema":{"@context":"https:\/\/schema.org","@graph":[{"@type":"Article","@id":"https:\/\/lepatriotebenin.com\/index.php\/2024\/10\/17\/stade-de-lamitie-general-mathieu-kerekou-le-gouvernement-annonce-sa-rehabilitation\/#article","isPartOf":{"@id":"https:\/\/lepatriotebenin.com\/index.php\/2024\/10\/17\/stade-de-lamitie-general-mathieu-kerekou-le-gouvernement-annonce-sa-rehabilitation\/"},"author":{"name":"Roland AFFANOU","@id":"https:\/\/lepatriotebenin.com\/#\/schema\/person\/4a9b67216c97d04045e01405c534c91f"},"headline":"Stade de l\u2019Amiti\u00e9 G\u00e9n\u00e9ral Mathieu K\u00e9r\u00e9kou : \u00a0\u00a0Le gouvernement annonce sa r\u00e9habilitation","datePublished":"2024-10-17T00:37:28+00:00","dateModified":"2024-10-17T00:37:29+00:00","mainEntityOfPage":{"@id":"https:\/\/lepatriotebenin.com\/index.php\/2024\/10\/17\/stade-de-lamitie-general-mathieu-kerekou-le-gouvernement-annonce-sa-rehabilitation\/"},"wordCount":238,"commentCount":0,"image":{"@id":"https:\/\/lepatriotebenin.com\/index.php\/2024\/10\/17\/stade-de-lamitie-general-mathieu-kerekou-le-gouvernement-annonce-sa-rehabilitation\/#primaryimage"},"thumbnailUrl":"https:\/\/lepatriotebenin.com\/wp-content\/uploads\/2024\/10\/stadeamitie.jpg","articleSection":["Sport"],"inLanguage":"fr-FR","potentialAction":[{"@type":"CommentAction","name":"Comment","target":["https:\/\/lepatriotebenin.com\/index.php\/2024\/10\/17\/stade-de-lamitie-general-mathieu-kerekou-le-gouvernement-annonce-sa-rehabilitation\/#respond"]}]},{"@type":"WebPage","@id":"https:\/\/lepatriotebenin.com\/index.php\/2024\/10\/17\/stade-de-lamitie-general-mathieu-kerekou-le-gouvernement-annonce-sa-rehabilitation\/","url":"https:\/\/lepatriotebenin.com\/index.php\/2024\/10\/17\/stade-de-lamitie-general-mathieu-kerekou-le-gouvernement-annonce-sa-rehabilitation\/","name":"Stade de l\u2019Amiti\u00e9 G\u00e9n\u00e9ral Mathieu K\u00e9r\u00e9kou : \u00a0\u00a0Le gouvernement annonce sa r\u00e9habilitation - Le Patriote","isPartOf":{"@id":"https:\/\/lepatriotebenin.com\/#website"},"primaryImageOfPage":{"@id":"https:\/\/lepatriotebenin.com\/index.php\/2024\/10\/17\/stade-de-lamitie-general-mathieu-kerekou-le-gouvernement-annonce-sa-rehabilitation\/#primaryimage"},"image":{"@id":"https:\/\/lepatriotebenin.com\/index.php\/2024\/10\/17\/stade-de-lamitie-general-mathieu-kerekou-le-gouvernement-annonce-sa-rehabilitation\/#primaryimage"},"thumbnailUrl":"https:\/\/lepatriotebenin.com\/wp-content\/uploads\/2024\/10\/stadeamitie.jpg","datePublished":"2024-10-17T00:37:28+00:00","dateModified":"2024-10-17T00:37:29+00:00","author":{"@id":"https:\/\/lepatriotebenin.com\/#\/schema\/person\/4a9b67216c97d04045e01405c534c91f"},"breadcrumb":{"@id":"https:\/\/lepatriotebenin.com\/index.php\/2024\/10\/17\/stade-de-lamitie-general-mathieu-kerekou-le-gouvernement-annonce-sa-rehabilitation\/#breadcrumb"},"inLanguage":"fr-FR","potentialAction":[{"@type":"ReadAction","target":["https:\/\/lepatriotebenin.com\/index.php\/2024\/10\/17\/stade-de-lamitie-general-mathieu-kerekou-le-gouvernement-annonce-sa-rehabilitation\/"]}]},{"@type":"ImageObject","inLanguage":"fr-FR","@id":"https:\/\/lepatriotebenin.com\/index.php\/2024\/10\/17\/stade-de-lamitie-general-mathieu-kerekou-le-gouvernement-annonce-sa-rehabilitation\/#primaryimage","url":"https:\/\/lepatriotebenin.com\/wp-content\/uploads\/2024\/10\/stadeamitie.jpg","contentUrl":"https:\/\/lepatriotebenin.com\/wp-content\/uploads\/2024\/10\/stadeamitie.jpg","width":720,"height":540},{"@type":"BreadcrumbList","@id":"https:\/\/lepatriotebenin.com\/index.php\/2024\/10\/17\/stade-de-lamitie-general-mathieu-kerekou-le-gouvernement-annonce-sa-rehabilitation\/#breadcrumb","itemListElement":[{"@type":"ListItem","position":1,"name":"Accueil","item":"https:\/\/lepatriotebenin.com\/"},{"@type":"ListItem","position":2,"name":"Stade de l\u2019Amiti\u00e9 G\u00e9n\u00e9ral Mathieu K\u00e9r\u00e9kou : \u00a0\u00a0Le gouvernement annonce sa r\u00e9habilitation"}]},{"@type":"WebSite","@id":"https:\/\/lepatriotebenin.com\/#website","url":"https:\/\/lepatriotebenin.com\/","name":"Le Patriote","description":"Le Patriote B\u00e9nin","potentialAction":[{"@type":"SearchAction","target":{"@type":"EntryPoint","urlTemplate":"https:\/\/lepatriotebenin.com\/?s={search_term_string}"},"query-input":{"@type":"PropertyValueSpecification","valueRequired":true,"valueName":"search_term_string"}}],"inLanguage":"fr-FR"},{"@type":"Person","@id":"https:\/\/lepatriotebenin.com\/#\/schema\/person\/4a9b67216c97d04045e01405c534c91f","name":"Roland AFFANOU","image":{"@type":"ImageObject","inLanguage":"fr-FR","@id":"https:\/\/secure.gravatar.com\/avatar\/7209d3f6d2d47ea4d0c67e14d3effb61feb10ae540a4381280c66265de5bd643?s=96&d=mm&r=g","url":"https:\/\/secure.gravatar.com\/avatar\/7209d3f6d2d47ea4d0c67e14d3effb61feb10ae540a4381280c66265de5bd643?s=96&d=mm&r=g","contentUrl":"https:\/\/secure.gravatar.com\/avatar\/7209d3f6d2d47ea4d0c67e14d3effb61feb10ae540a4381280c66265de5bd643?s=96&d=mm&r=g","caption":"Roland AFFANOU"},"url":"https:\/\/lepatriotebenin.com"}]}},"_links":{"self":[{"href":"https:\/\/lepatriotebenin.com\/index.php\/wp-json\/wp\/v2\/posts\/8487","targetHints":{"allow":["GET"]}}],"collection":[{"href":"https:\/\/lepatriotebenin.com\/index.php\/wp-json\/wp\/v2\/posts"}],"about":[{"href":"https:\/\/lepatriotebenin.com\/index.php\/wp-json\/wp\/v2\/types\/post"}],"author":[{"embeddable":true,"href":"https:\/\/lepatriotebenin.com\/index.php\/wp-json\/wp\/v2\/users\/6"}],"replies":[{"embeddable":true,"href":"https:\/\/lepatriotebenin.com\/index.php\/wp-json\/wp\/v2\/comments?post=8487"}],"version-history":[{"count":1,"href":"https:\/\/lepatriotebenin.com\/index.php\/wp-json\/wp\/v2\/posts\/8487\/revisions"}],"predecessor-version":[{"id":8489,"href":"https:\/\/lepatriotebenin.com\/index.php\/wp-json\/wp\/v2\/posts\/8487\/revisions\/8489"}],"wp:featuredmedia":[{"embeddable":true,"href":"https:\/\/lepatriotebenin.com\/index.php\/wp-json\/wp\/v2\/media\/8488"}],"wp:attachment":[{"href":"https:\/\/lepatriotebenin.com\/index.php\/wp-json\/wp\/v2\/media?parent=8487"}],"wp:term":[{"taxonomy":"category","embeddable":true,"href":"https:\/\/lepatriotebenin.com\/index.php\/wp-json\/wp\/v2\/categories?post=8487"},{"taxonomy":"post_tag","embeddable":true,"href":"https:\/\/lepatriotebenin.com\/index.php\/wp-json\/wp\/v2\/tags?post=8487"}],"curies":[{"name":"wp","href":"https:\/\/api.w.org\/{rel}","templated":true}]}}