{"id":8482,"date":"2024-10-17T02:34:48","date_gmt":"2024-10-17T00:34:48","guid":{"rendered":"https:\/\/lepatriotebenin.com\/?p=8482"},"modified":"2024-10-17T02:34:49","modified_gmt":"2024-10-17T00:34:49","slug":"rentree-scolaire-2024-2025-le-cdfl-et-lhonorable-adechokan-assistent-les-handicapes-de-xlacodji","status":"publish","type":"post","link":"https:\/\/lepatriotebenin.com\/index.php\/2024\/10\/17\/rentree-scolaire-2024-2025-le-cdfl-et-lhonorable-adechokan-assistent-les-handicapes-de-xlacodji\/","title":{"rendered":"Rentr\u00e9e scolaire 2024-2025 : Le CDFL et l\u2019honorable Ad\u00e9chokan assistent les handicap\u00e9s de Xlacodji"},"content":{"rendered":"\n<p><br><br><strong>Ils sont plus de cinquante enfants de parents portant des handicaps \u00e0 recevoir dans l\u2019apr\u00e8s midi de ce mercredi 16 Octobre 2024, des kits scolaires du Comit\u00e9 de D\u00e9veloppement des Femmes du Littoral (CDFL).<\/strong> <\/p>\n\n\n\n<p>Avec le soutien et l\u2019accompagnement de l\u2019honorable <strong>Gafari Ad\u00e9chokan,<\/strong> \u00e9lu d\u00e9mocrate de la 15\u00e8me circonscription \u00e9lectorale, le CDFL a organis\u00e9 en collaboration avec le Guichet Unique du Centre de Promotion Sociale (GUPS) de Xlacodj, la distribution de Kits scolaires aux enfants des parents portant des handicaps et des enfants handicap\u00e9s du Centre de Promotion Sociale de <strong>Xlacodji. <\/strong>La c\u00e9r\u00e9monie de distribution a eu lieu au Centre\u00a0 de Promotion Sociale de Xlacodji dans le 5\u00e8me arrondissement de Cotonou et plus pr\u00e9cis\u00e9ment \u00e0 <strong>Gbogbanou.<\/strong> Tous joyeux, les b\u00e9n\u00e9ficiaires ont t\u00e9moign\u00e9 leurs reconnaissances aux donateurs qui ont vu juste les besoins de ces enfants en ces temps difficiles pour les parents surtout portant des handicaps. \u00ab Plusieurs de nos enfants n\u2019ont pas pu commencer v\u00e9ritablement la rentr\u00e9e \u00e0 cause du manque de moyens pour acheter les fournitures. Votre geste d\u2019aujourd\u2019hui vient donc soulager une grande peine que nous parents vivons depuis la rentr\u00e9e des classes. Dieu vous b\u00e9nisse, madame la pr\u00e9sidente.\u00bb, se r\u00e9jouit le p\u00e8re d\u2019un \u00e9colier b\u00e9n\u00e9ficiaire des Kits scolaires. Les b\u00e9n\u00e9ficiaires ont \u00e9galement, tr\u00e8s\u00a0 joyeux, remerci\u00e9 l\u2019honorable Gafari Ad\u00e9chokan\u00a0 qui ne cesse de multiplier de ces bonnes actions envers les populations et surtout au profit des couches les plus vuln\u00e9rables. \u00abC\u2019est un r\u00e9el plaisir pour nous de faire ce geste noble \u00e0 l\u2019endroit de nos enfants qui sont les \u00e9lites de notre nation. Le CDFL avec l\u2019aide de notre Papa bonheur, l\u2019honorable Gafari Ad\u00e9chokan, par ma voix souhaite que l\u2019ann\u00e9e scolaire 2024-2025 soit prosp\u00e8re pour nos enfants\u2026\u00bb, pr\u00e9cise la pr\u00e9sidente du CDFL Madame Souhouratou Lawani, \u00e0 l\u2019occasion de la distribution des Kits.<\/p>\n\n\n\n<p><br><\/p>\n\n\n\n<figure class=\"wp-block-image size-large\"><img fetchpriority=\"high\" decoding=\"async\" width=\"461\" height=\"1024\" src=\"https:\/\/lepatriotebenin.com\/wp-content\/uploads\/2024\/10\/2-461x1024.jpg\" alt=\"\" class=\"wp-image-8484\" srcset=\"https:\/\/lepatriotebenin.com\/wp-content\/uploads\/2024\/10\/2-461x1024.jpg 461w, https:\/\/lepatriotebenin.com\/wp-content\/uploads\/2024\/10\/2-135x300.jpg 135w, https:\/\/lepatriotebenin.com\/wp-content\/uploads\/2024\/10\/2.jpg 486w\" sizes=\"(max-width: 461px) 100vw, 461px\" \/><\/figure>\n\n\n\n<figure class=\"wp-block-image size-large\"><img decoding=\"async\" width=\"461\" height=\"1024\" src=\"https:\/\/lepatriotebenin.com\/wp-content\/uploads\/2024\/10\/3-461x1024.jpg\" alt=\"\" class=\"wp-image-8485\" srcset=\"https:\/\/lepatriotebenin.com\/wp-content\/uploads\/2024\/10\/3-461x1024.jpg 461w, https:\/\/lepatriotebenin.com\/wp-content\/uploads\/2024\/10\/3-135x300.jpg 135w, https:\/\/lepatriotebenin.com\/wp-content\/uploads\/2024\/10\/3.jpg 486w\" sizes=\"(max-width: 461px) 100vw, 461px\" \/><\/figure>\n","protected":false},"excerpt":{"rendered":"<p>Ils sont plus de cinquante enfants de parents portant des handicaps \u00e0 recevoir dans l\u2019apr\u00e8s midi de ce mercredi 16 Octobre 2024, des kits scolaires du Comit\u00e9 de D\u00e9veloppement des&hellip;<\/p>\n","protected":false},"author":12,"featured_media":8483,"comment_status":"open","ping_status":"open","sticky":false,"template":"","format":"standard","meta":{"content-type":"","om_disable_all_campaigns":false,"_monsterinsights_skip_tracking":false,"_monsterinsights_sitenote_active":false,"_monsterinsights_sitenote_note":"","_monsterinsights_sitenote_category":0,"_uf_show_specific_survey":0,"_uf_disable_surveys":false,"footnotes":""},"categories":[26],"tags":[],"class_list":["post-8482","post","type-post","status-publish","format-standard","has-post-thumbnail","hentry","category-politique"],"aioseo_notices":[],"yoast_head":"<!-- This site is optimized with the Yoast SEO plugin v27.5 - https:\/\/yoast.com\/product\/yoast-seo-wordpress\/ -->\n<title>Rentr\u00e9e scolaire 2024-2025 : Le CDFL et l\u2019honorable Ad\u00e9chokan assistent les handicap\u00e9s de Xlacodji - Le Patriote<\/title>\n<meta name=\"robots\" content=\"index, follow, max-snippet:-1, max-image-preview:large, max-video-preview:-1\" \/>\n<link rel=\"canonical\" href=\"https:\/\/lepatriotebenin.com\/index.php\/2024\/10\/17\/rentree-scolaire-2024-2025-le-cdfl-et-lhonorable-adechokan-assistent-les-handicapes-de-xlacodji\/\" \/>\n<meta property=\"og:locale\" content=\"fr_FR\" \/>\n<meta property=\"og:type\" content=\"article\" \/>\n<meta property=\"og:title\" content=\"Rentr\u00e9e scolaire 2024-2025 : Le CDFL et l\u2019honorable Ad\u00e9chokan assistent les handicap\u00e9s de Xlacodji - Le Patriote\" \/>\n<meta property=\"og:description\" content=\"Ils sont plus de cinquante enfants de parents portant des handicaps \u00e0 recevoir dans l\u2019apr\u00e8s midi de ce mercredi 16 Octobre 2024, des kits scolaires du Comit\u00e9 de D\u00e9veloppement des&hellip;\" \/>\n<meta property=\"og:url\" content=\"https:\/\/lepatriotebenin.com\/index.php\/2024\/10\/17\/rentree-scolaire-2024-2025-le-cdfl-et-lhonorable-adechokan-assistent-les-handicapes-de-xlacodji\/\" \/>\n<meta property=\"og:site_name\" content=\"Le Patriote\" \/>\n<meta property=\"article:published_time\" content=\"2024-10-17T00:34:48+00:00\" \/>\n<meta property=\"article:modified_time\" content=\"2024-10-17T00:34:49+00:00\" \/>\n<meta property=\"og:image\" content=\"https:\/\/lepatriotebenin.com\/wp-content\/uploads\/2024\/10\/1-1.jpg\" \/>\n\t<meta property=\"og:image:width\" content=\"1080\" \/>\n\t<meta property=\"og:image:height\" content=\"486\" \/>\n\t<meta property=\"og:image:type\" content=\"image\/jpeg\" \/>\n<meta name=\"author\" content=\"Comlan Paul ODAH\" \/>\n<meta name=\"twitter:card\" content=\"summary_large_image\" \/>\n<meta name=\"twitter:label1\" content=\"\u00c9crit par\" \/>\n\t<meta name=\"twitter:data1\" content=\"Comlan Paul ODAH\" \/>\n\t<meta name=\"twitter:label2\" content=\"Dur\u00e9e de lecture estim\u00e9e\" \/>\n\t<meta name=\"twitter:data2\" content=\"2 minutes\" \/>\n<script type=\"application\/ld+json\" class=\"yoast-schema-graph\">{\"@context\":\"https:\\\/\\\/schema.org\",\"@graph\":[{\"@type\":\"Article\",\"@id\":\"https:\\\/\\\/lepatriotebenin.com\\\/index.php\\\/2024\\\/10\\\/17\\\/rentree-scolaire-2024-2025-le-cdfl-et-lhonorable-adechokan-assistent-les-handicapes-de-xlacodji\\\/#article\",\"isPartOf\":{\"@id\":\"https:\\\/\\\/lepatriotebenin.com\\\/index.php\\\/2024\\\/10\\\/17\\\/rentree-scolaire-2024-2025-le-cdfl-et-lhonorable-adechokan-assistent-les-handicapes-de-xlacodji\\\/\"},\"author\":{\"name\":\"Comlan Paul ODAH\",\"@id\":\"https:\\\/\\\/lepatriotebenin.com\\\/#\\\/schema\\\/person\\\/6486fa44ec286eee49816deb241bcbbf\"},\"headline\":\"Rentr\u00e9e scolaire 2024-2025 : Le CDFL et l\u2019honorable Ad\u00e9chokan assistent les handicap\u00e9s de Xlacodji\",\"datePublished\":\"2024-10-17T00:34:48+00:00\",\"dateModified\":\"2024-10-17T00:34:49+00:00\",\"mainEntityOfPage\":{\"@id\":\"https:\\\/\\\/lepatriotebenin.com\\\/index.php\\\/2024\\\/10\\\/17\\\/rentree-scolaire-2024-2025-le-cdfl-et-lhonorable-adechokan-assistent-les-handicapes-de-xlacodji\\\/\"},\"wordCount\":350,\"commentCount\":0,\"image\":{\"@id\":\"https:\\\/\\\/lepatriotebenin.com\\\/index.php\\\/2024\\\/10\\\/17\\\/rentree-scolaire-2024-2025-le-cdfl-et-lhonorable-adechokan-assistent-les-handicapes-de-xlacodji\\\/#primaryimage\"},\"thumbnailUrl\":\"https:\\\/\\\/lepatriotebenin.com\\\/wp-content\\\/uploads\\\/2024\\\/10\\\/1-1.jpg\",\"articleSection\":[\"Politique\"],\"inLanguage\":\"fr-FR\",\"potentialAction\":[{\"@type\":\"CommentAction\",\"name\":\"Comment\",\"target\":[\"https:\\\/\\\/lepatriotebenin.com\\\/index.php\\\/2024\\\/10\\\/17\\\/rentree-scolaire-2024-2025-le-cdfl-et-lhonorable-adechokan-assistent-les-handicapes-de-xlacodji\\\/#respond\"]}]},{\"@type\":\"WebPage\",\"@id\":\"https:\\\/\\\/lepatriotebenin.com\\\/index.php\\\/2024\\\/10\\\/17\\\/rentree-scolaire-2024-2025-le-cdfl-et-lhonorable-adechokan-assistent-les-handicapes-de-xlacodji\\\/\",\"url\":\"https:\\\/\\\/lepatriotebenin.com\\\/index.php\\\/2024\\\/10\\\/17\\\/rentree-scolaire-2024-2025-le-cdfl-et-lhonorable-adechokan-assistent-les-handicapes-de-xlacodji\\\/\",\"name\":\"Rentr\u00e9e scolaire 2024-2025 : Le CDFL et l\u2019honorable Ad\u00e9chokan assistent les handicap\u00e9s de Xlacodji - Le Patriote\",\"isPartOf\":{\"@id\":\"https:\\\/\\\/lepatriotebenin.com\\\/#website\"},\"primaryImageOfPage\":{\"@id\":\"https:\\\/\\\/lepatriotebenin.com\\\/index.php\\\/2024\\\/10\\\/17\\\/rentree-scolaire-2024-2025-le-cdfl-et-lhonorable-adechokan-assistent-les-handicapes-de-xlacodji\\\/#primaryimage\"},\"image\":{\"@id\":\"https:\\\/\\\/lepatriotebenin.com\\\/index.php\\\/2024\\\/10\\\/17\\\/rentree-scolaire-2024-2025-le-cdfl-et-lhonorable-adechokan-assistent-les-handicapes-de-xlacodji\\\/#primaryimage\"},\"thumbnailUrl\":\"https:\\\/\\\/lepatriotebenin.com\\\/wp-content\\\/uploads\\\/2024\\\/10\\\/1-1.jpg\",\"datePublished\":\"2024-10-17T00:34:48+00:00\",\"dateModified\":\"2024-10-17T00:34:49+00:00\",\"author\":{\"@id\":\"https:\\\/\\\/lepatriotebenin.com\\\/#\\\/schema\\\/person\\\/6486fa44ec286eee49816deb241bcbbf\"},\"breadcrumb\":{\"@id\":\"https:\\\/\\\/lepatriotebenin.com\\\/index.php\\\/2024\\\/10\\\/17\\\/rentree-scolaire-2024-2025-le-cdfl-et-lhonorable-adechokan-assistent-les-handicapes-de-xlacodji\\\/#breadcrumb\"},\"inLanguage\":\"fr-FR\",\"potentialAction\":[{\"@type\":\"ReadAction\",\"target\":[\"https:\\\/\\\/lepatriotebenin.com\\\/index.php\\\/2024\\\/10\\\/17\\\/rentree-scolaire-2024-2025-le-cdfl-et-lhonorable-adechokan-assistent-les-handicapes-de-xlacodji\\\/\"]}]},{\"@type\":\"ImageObject\",\"inLanguage\":\"fr-FR\",\"@id\":\"https:\\\/\\\/lepatriotebenin.com\\\/index.php\\\/2024\\\/10\\\/17\\\/rentree-scolaire-2024-2025-le-cdfl-et-lhonorable-adechokan-assistent-les-handicapes-de-xlacodji\\\/#primaryimage\",\"url\":\"https:\\\/\\\/lepatriotebenin.com\\\/wp-content\\\/uploads\\\/2024\\\/10\\\/1-1.jpg\",\"contentUrl\":\"https:\\\/\\\/lepatriotebenin.com\\\/wp-content\\\/uploads\\\/2024\\\/10\\\/1-1.jpg\",\"width\":1080,\"height\":486},{\"@type\":\"BreadcrumbList\",\"@id\":\"https:\\\/\\\/lepatriotebenin.com\\\/index.php\\\/2024\\\/10\\\/17\\\/rentree-scolaire-2024-2025-le-cdfl-et-lhonorable-adechokan-assistent-les-handicapes-de-xlacodji\\\/#breadcrumb\",\"itemListElement\":[{\"@type\":\"ListItem\",\"position\":1,\"name\":\"Accueil\",\"item\":\"https:\\\/\\\/lepatriotebenin.com\\\/\"},{\"@type\":\"ListItem\",\"position\":2,\"name\":\"Rentr\u00e9e scolaire 2024-2025 : Le CDFL et l\u2019honorable Ad\u00e9chokan assistent les handicap\u00e9s de Xlacodji\"}]},{\"@type\":\"WebSite\",\"@id\":\"https:\\\/\\\/lepatriotebenin.com\\\/#website\",\"url\":\"https:\\\/\\\/lepatriotebenin.com\\\/\",\"name\":\"Le Patriote\",\"description\":\"Le Patriote B\u00e9nin\",\"potentialAction\":[{\"@type\":\"SearchAction\",\"target\":{\"@type\":\"EntryPoint\",\"urlTemplate\":\"https:\\\/\\\/lepatriotebenin.com\\\/?s={search_term_string}\"},\"query-input\":{\"@type\":\"PropertyValueSpecification\",\"valueRequired\":true,\"valueName\":\"search_term_string\"}}],\"inLanguage\":\"fr-FR\"},{\"@type\":\"Person\",\"@id\":\"https:\\\/\\\/lepatriotebenin.com\\\/#\\\/schema\\\/person\\\/6486fa44ec286eee49816deb241bcbbf\",\"name\":\"Comlan Paul ODAH\",\"image\":{\"@type\":\"ImageObject\",\"inLanguage\":\"fr-FR\",\"@id\":\"https:\\\/\\\/secure.gravatar.com\\\/avatar\\\/c45cf8a86d3cde8c562d63858f4ea8947664bd10708ad75990c2938897d9dbe1?s=96&d=mm&r=g\",\"url\":\"https:\\\/\\\/secure.gravatar.com\\\/avatar\\\/c45cf8a86d3cde8c562d63858f4ea8947664bd10708ad75990c2938897d9dbe1?s=96&d=mm&r=g\",\"contentUrl\":\"https:\\\/\\\/secure.gravatar.com\\\/avatar\\\/c45cf8a86d3cde8c562d63858f4ea8947664bd10708ad75990c2938897d9dbe1?s=96&d=mm&r=g\",\"caption\":\"Comlan Paul ODAH\"},\"url\":\"https:\\\/\\\/lepatriotebenin.com\"}]}<\/script>\n<!-- \/ Yoast SEO plugin. -->","yoast_head_json":{"title":"Rentr\u00e9e scolaire 2024-2025 : Le CDFL et l\u2019honorable Ad\u00e9chokan assistent les handicap\u00e9s de Xlacodji - Le Patriote","robots":{"index":"index","follow":"follow","max-snippet":"max-snippet:-1","max-image-preview":"max-image-preview:large","max-video-preview":"max-video-preview:-1"},"canonical":"https:\/\/lepatriotebenin.com\/index.php\/2024\/10\/17\/rentree-scolaire-2024-2025-le-cdfl-et-lhonorable-adechokan-assistent-les-handicapes-de-xlacodji\/","og_locale":"fr_FR","og_type":"article","og_title":"Rentr\u00e9e scolaire 2024-2025 : Le CDFL et l\u2019honorable Ad\u00e9chokan assistent les handicap\u00e9s de Xlacodji - Le Patriote","og_description":"Ils sont plus de cinquante enfants de parents portant des handicaps \u00e0 recevoir dans l\u2019apr\u00e8s midi de ce mercredi 16 Octobre 2024, des kits scolaires du Comit\u00e9 de D\u00e9veloppement des&hellip;","og_url":"https:\/\/lepatriotebenin.com\/index.php\/2024\/10\/17\/rentree-scolaire-2024-2025-le-cdfl-et-lhonorable-adechokan-assistent-les-handicapes-de-xlacodji\/","og_site_name":"Le Patriote","article_published_time":"2024-10-17T00:34:48+00:00","article_modified_time":"2024-10-17T00:34:49+00:00","og_image":[{"width":1080,"height":486,"url":"https:\/\/lepatriotebenin.com\/wp-content\/uploads\/2024\/10\/1-1.jpg","type":"image\/jpeg"}],"author":"Comlan Paul ODAH","twitter_card":"summary_large_image","twitter_misc":{"\u00c9crit par":"Comlan Paul ODAH","Dur\u00e9e de lecture estim\u00e9e":"2 minutes"},"schema":{"@context":"https:\/\/schema.org","@graph":[{"@type":"Article","@id":"https:\/\/lepatriotebenin.com\/index.php\/2024\/10\/17\/rentree-scolaire-2024-2025-le-cdfl-et-lhonorable-adechokan-assistent-les-handicapes-de-xlacodji\/#article","isPartOf":{"@id":"https:\/\/lepatriotebenin.com\/index.php\/2024\/10\/17\/rentree-scolaire-2024-2025-le-cdfl-et-lhonorable-adechokan-assistent-les-handicapes-de-xlacodji\/"},"author":{"name":"Comlan Paul ODAH","@id":"https:\/\/lepatriotebenin.com\/#\/schema\/person\/6486fa44ec286eee49816deb241bcbbf"},"headline":"Rentr\u00e9e scolaire 2024-2025 : Le CDFL et l\u2019honorable Ad\u00e9chokan assistent les handicap\u00e9s de Xlacodji","datePublished":"2024-10-17T00:34:48+00:00","dateModified":"2024-10-17T00:34:49+00:00","mainEntityOfPage":{"@id":"https:\/\/lepatriotebenin.com\/index.php\/2024\/10\/17\/rentree-scolaire-2024-2025-le-cdfl-et-lhonorable-adechokan-assistent-les-handicapes-de-xlacodji\/"},"wordCount":350,"commentCount":0,"image":{"@id":"https:\/\/lepatriotebenin.com\/index.php\/2024\/10\/17\/rentree-scolaire-2024-2025-le-cdfl-et-lhonorable-adechokan-assistent-les-handicapes-de-xlacodji\/#primaryimage"},"thumbnailUrl":"https:\/\/lepatriotebenin.com\/wp-content\/uploads\/2024\/10\/1-1.jpg","articleSection":["Politique"],"inLanguage":"fr-FR","potentialAction":[{"@type":"CommentAction","name":"Comment","target":["https:\/\/lepatriotebenin.com\/index.php\/2024\/10\/17\/rentree-scolaire-2024-2025-le-cdfl-et-lhonorable-adechokan-assistent-les-handicapes-de-xlacodji\/#respond"]}]},{"@type":"WebPage","@id":"https:\/\/lepatriotebenin.com\/index.php\/2024\/10\/17\/rentree-scolaire-2024-2025-le-cdfl-et-lhonorable-adechokan-assistent-les-handicapes-de-xlacodji\/","url":"https:\/\/lepatriotebenin.com\/index.php\/2024\/10\/17\/rentree-scolaire-2024-2025-le-cdfl-et-lhonorable-adechokan-assistent-les-handicapes-de-xlacodji\/","name":"Rentr\u00e9e scolaire 2024-2025 : Le CDFL et l\u2019honorable Ad\u00e9chokan assistent les handicap\u00e9s de Xlacodji - Le Patriote","isPartOf":{"@id":"https:\/\/lepatriotebenin.com\/#website"},"primaryImageOfPage":{"@id":"https:\/\/lepatriotebenin.com\/index.php\/2024\/10\/17\/rentree-scolaire-2024-2025-le-cdfl-et-lhonorable-adechokan-assistent-les-handicapes-de-xlacodji\/#primaryimage"},"image":{"@id":"https:\/\/lepatriotebenin.com\/index.php\/2024\/10\/17\/rentree-scolaire-2024-2025-le-cdfl-et-lhonorable-adechokan-assistent-les-handicapes-de-xlacodji\/#primaryimage"},"thumbnailUrl":"https:\/\/lepatriotebenin.com\/wp-content\/uploads\/2024\/10\/1-1.jpg","datePublished":"2024-10-17T00:34:48+00:00","dateModified":"2024-10-17T00:34:49+00:00","author":{"@id":"https:\/\/lepatriotebenin.com\/#\/schema\/person\/6486fa44ec286eee49816deb241bcbbf"},"breadcrumb":{"@id":"https:\/\/lepatriotebenin.com\/index.php\/2024\/10\/17\/rentree-scolaire-2024-2025-le-cdfl-et-lhonorable-adechokan-assistent-les-handicapes-de-xlacodji\/#breadcrumb"},"inLanguage":"fr-FR","potentialAction":[{"@type":"ReadAction","target":["https:\/\/lepatriotebenin.com\/index.php\/2024\/10\/17\/rentree-scolaire-2024-2025-le-cdfl-et-lhonorable-adechokan-assistent-les-handicapes-de-xlacodji\/"]}]},{"@type":"ImageObject","inLanguage":"fr-FR","@id":"https:\/\/lepatriotebenin.com\/index.php\/2024\/10\/17\/rentree-scolaire-2024-2025-le-cdfl-et-lhonorable-adechokan-assistent-les-handicapes-de-xlacodji\/#primaryimage","url":"https:\/\/lepatriotebenin.com\/wp-content\/uploads\/2024\/10\/1-1.jpg","contentUrl":"https:\/\/lepatriotebenin.com\/wp-content\/uploads\/2024\/10\/1-1.jpg","width":1080,"height":486},{"@type":"BreadcrumbList","@id":"https:\/\/lepatriotebenin.com\/index.php\/2024\/10\/17\/rentree-scolaire-2024-2025-le-cdfl-et-lhonorable-adechokan-assistent-les-handicapes-de-xlacodji\/#breadcrumb","itemListElement":[{"@type":"ListItem","position":1,"name":"Accueil","item":"https:\/\/lepatriotebenin.com\/"},{"@type":"ListItem","position":2,"name":"Rentr\u00e9e scolaire 2024-2025 : Le CDFL et l\u2019honorable Ad\u00e9chokan assistent les handicap\u00e9s de Xlacodji"}]},{"@type":"WebSite","@id":"https:\/\/lepatriotebenin.com\/#website","url":"https:\/\/lepatriotebenin.com\/","name":"Le Patriote","description":"Le Patriote B\u00e9nin","potentialAction":[{"@type":"SearchAction","target":{"@type":"EntryPoint","urlTemplate":"https:\/\/lepatriotebenin.com\/?s={search_term_string}"},"query-input":{"@type":"PropertyValueSpecification","valueRequired":true,"valueName":"search_term_string"}}],"inLanguage":"fr-FR"},{"@type":"Person","@id":"https:\/\/lepatriotebenin.com\/#\/schema\/person\/6486fa44ec286eee49816deb241bcbbf","name":"Comlan Paul ODAH","image":{"@type":"ImageObject","inLanguage":"fr-FR","@id":"https:\/\/secure.gravatar.com\/avatar\/c45cf8a86d3cde8c562d63858f4ea8947664bd10708ad75990c2938897d9dbe1?s=96&d=mm&r=g","url":"https:\/\/secure.gravatar.com\/avatar\/c45cf8a86d3cde8c562d63858f4ea8947664bd10708ad75990c2938897d9dbe1?s=96&d=mm&r=g","contentUrl":"https:\/\/secure.gravatar.com\/avatar\/c45cf8a86d3cde8c562d63858f4ea8947664bd10708ad75990c2938897d9dbe1?s=96&d=mm&r=g","caption":"Comlan Paul ODAH"},"url":"https:\/\/lepatriotebenin.com"}]}},"_links":{"self":[{"href":"https:\/\/lepatriotebenin.com\/index.php\/wp-json\/wp\/v2\/posts\/8482","targetHints":{"allow":["GET"]}}],"collection":[{"href":"https:\/\/lepatriotebenin.com\/index.php\/wp-json\/wp\/v2\/posts"}],"about":[{"href":"https:\/\/lepatriotebenin.com\/index.php\/wp-json\/wp\/v2\/types\/post"}],"author":[{"embeddable":true,"href":"https:\/\/lepatriotebenin.com\/index.php\/wp-json\/wp\/v2\/users\/12"}],"replies":[{"embeddable":true,"href":"https:\/\/lepatriotebenin.com\/index.php\/wp-json\/wp\/v2\/comments?post=8482"}],"version-history":[{"count":1,"href":"https:\/\/lepatriotebenin.com\/index.php\/wp-json\/wp\/v2\/posts\/8482\/revisions"}],"predecessor-version":[{"id":8486,"href":"https:\/\/lepatriotebenin.com\/index.php\/wp-json\/wp\/v2\/posts\/8482\/revisions\/8486"}],"wp:featuredmedia":[{"embeddable":true,"href":"https:\/\/lepatriotebenin.com\/index.php\/wp-json\/wp\/v2\/media\/8483"}],"wp:attachment":[{"href":"https:\/\/lepatriotebenin.com\/index.php\/wp-json\/wp\/v2\/media?parent=8482"}],"wp:term":[{"taxonomy":"category","embeddable":true,"href":"https:\/\/lepatriotebenin.com\/index.php\/wp-json\/wp\/v2\/categories?post=8482"},{"taxonomy":"post_tag","embeddable":true,"href":"https:\/\/lepatriotebenin.com\/index.php\/wp-json\/wp\/v2\/tags?post=8482"}],"curies":[{"name":"wp","href":"https:\/\/api.w.org\/{rel}","templated":true}]}}