{"id":8420,"date":"2024-10-14T02:46:16","date_gmt":"2024-10-14T00:46:16","guid":{"rendered":"https:\/\/lepatriotebenin.com\/?p=8420"},"modified":"2024-10-14T02:46:18","modified_gmt":"2024-10-14T00:46:18","slug":"duree-de-pouvoir-fin-de-mandat-et-democratie-les-10-reflexions-de-mathias-hounkpe","status":"publish","type":"post","link":"https:\/\/lepatriotebenin.com\/index.php\/2024\/10\/14\/duree-de-pouvoir-fin-de-mandat-et-democratie-les-10-reflexions-de-mathias-hounkpe\/","title":{"rendered":"Dur\u00e9e de pouvoir, fin de mandat et  d\u00e9mocratie\u00a0: Les 10 r\u00e9flexions de Mathias Hounkp\u00e8"},"content":{"rendered":"\n<p><strong><em>Politologue \u00e0 la r\u00e9flexion lumineuse et aux id\u00e9es fortes, Mathias Hounkp\u00e8 a publi\u00e9 sur son profil Linkedln, une dizaine de r\u00e9flexions ayant trait au mandat pr\u00e9sidentiel, \u00e0 la dur\u00e9e au pouvoir, \u00e0 la fin des r\u00e9gimes et leur contribution \u00e0 la d\u00e9mocratie. Essentiellement port\u00e9es sur l\u2019Afrique, ces r\u00e9flexions inspirent autant qu\u2019elles enseignent. L\u2019auteur n\u2019y apostrophe personne, ne tire aucune conclusion mais attire, en bon intellectuel, l\u2019attention sur des d\u00e9tails importants. Dans ce premier article, il aborde la long\u00e9vit\u00e9 au pouvoir et la fin, parfois tragique, de leurs auteurs avec des statistiques qui font froid dans le dos. Lisez.<\/em><\/strong><\/p>\n\n\n\n<p>La n\u00e9cessit\u00e9 et\/ou la pertinence de la limitation des mandats fait partie des d\u00e9bats en cours en Afrique par rapport la d\u00e9mocratie et sa mise en \u0153uvre sur le continent.<br>Je propose une s\u00e9rie de r\u00e9flexions courtes sur les facteurs qui pourraient \u00eatres pris en compte dans le cadre desdits d\u00e9bats. Il s&rsquo;agit de fa\u00e7on sp\u00e9cifique, de passer en revue, dans une premi\u00e8re partie&nbsp;( compos\u00e9e de 10 petits papiers), ce que nous enseigne l&rsquo;histoire politique r\u00e9cente de l&rsquo;Afrique sur la dur\u00e9e au pouvoir. Il s&rsquo;agira de tirer des le\u00e7ons des cons\u00e9quences de la dur\u00e9e au pouvoir pour la stabilit\u00e9 politique du continent.<\/p>\n\n\n\n<p><strong>Pr\u00e9sidents assassin\u00e9s vs. Pr\u00e9sidents morts naturellement<\/strong><\/p>\n\n\n\n<p>Les derniers papiers publi\u00e9s ont vis\u00e9 \u00e0 mettre en exergue l\u2019impact que peut avoir la mort au pouvoir d\u2019un pr\u00e9sident selon la dur\u00e9e de son r\u00e8gne, d\u2019une part, et selon que l\u2019alternance a d\u00e9j\u00e0 eu lieu dans le pays consid\u00e9r\u00e9 ou non, d\u2019autre part. Dans ce papier, je voudrais me concentrer sur les causes des d\u00e9c\u00e8s des pr\u00e9sidents qui sont d\u00e9c\u00e9d\u00e9s au pouvoir, en Afrique, entre 1960 et 2024. En passant en revue les causes desdits d\u00e9c\u00e8s, quelques curiosit\u00e9s se sont r\u00e9v\u00e9l\u00e9es \u00e0 moi que je voudrais partager avec vous. Premi\u00e8re curiosit\u00e9, de 1960 \u00e0 2024, l\u2019assassinat appara\u00eet comme la cause du d\u00e9c\u00e8s au pouvoir pour un pourcentage plut\u00f4t \u00e9lev\u00e9 de pr\u00e9sidents en Afrique. En effet, 23 des 53 pr\u00e9sidents morts au pouvoir pendant cette p\u00e9riode ont \u00e9t\u00e9 assassin\u00e9s, soit environ 43%. Il s\u2019agit, par exemple, de pr\u00e9sidents tu\u00e9s par un commando d\u2019ex\u00e9cution ou des hommes arm\u00e9s (par exemple, Anouar El Sadate d\u2019Egypte \u2013 1969 \/ 1970, Samuel Doe du Liberia \u2013 1980 \/ 1990, Ibrahim Bar\u00e9 Mainassara du Niger &#8211; 1996 \/ 1999, Laurent-D\u00e9sir\u00e9 Kabila de la RDC &#8211; 1997 \/ 2001) ou m\u00eame au front (comme Idriss D\u00e9by), etc. Deuxi\u00e8me curiosit\u00e9, on constate que le taux d\u2019assassinats de pr\u00e9sidents au pouvoir a diminu\u00e9 de mani\u00e8re substantielle depuis le d\u00e9but des ann\u00e9es 1990. En effet, entre 1960 et 1990, 13 pr\u00e9sidents ont \u00e9t\u00e9 assassin\u00e9s sur un total de 26 pr\u00e9sidents d\u00e9c\u00e9d\u00e9s au pouvoir, soit environ 50%. Or, entre 1991 et 2024, on d\u00e9nombre 10 pr\u00e9sidents assassin\u00e9s sur un total de 27 morts au pouvoir, soit environ 37%. C\u2019est tout comme si l\u2019effort de d\u00e9mocratisation dans nos pays avait r\u00e9duit, d\u2019une certaine mani\u00e8re ou bien dans une certaine mesure, le recours \u00e0 l\u2019assassinat comme moyen de se d\u00e9barrasser des pr\u00e9sidents. Troisi\u00e8me curiosit\u00e9, la crise cardiaque apparait comme une source de plusieurs d\u00e9c\u00e8s de pr\u00e9sidents en Afrique. En effet, de l\u2019ensemble des 30 pr\u00e9sidents morts au pouvoir de mort naturelle entre 1960 et 2024, au moins 13 ont perdu la vie des suites d\u2019une crise cardiaque (du moins selon les versions officielles). Autrement dit, environ 43% des pr\u00e9sidents d\u00e9c\u00e9d\u00e9s de mort naturelle l\u2019ont \u00e9t\u00e9 \u00e0 la suite d\u2019une crise cardiaque. C\u2019est \u00e0 se demander pourquoi des personnes, ayant d\u00e9j\u00e0 atteint un certain \u00e2ge, insistent pour s\u2019accrocher \u00e0 une fonction qui tue aussi facilement par crise cardiaque.<\/p>\n\n\n\n<p><strong>A Suivre \u2026<\/strong><\/p>\n\n\n\n<p><strong>Mathias HOUNKPE<\/strong><\/p>\n","protected":false},"excerpt":{"rendered":"<p>Politologue \u00e0 la r\u00e9flexion lumineuse et aux id\u00e9es fortes, Mathias Hounkp\u00e8 a publi\u00e9 sur son profil Linkedln, une dizaine de r\u00e9flexions ayant trait au mandat pr\u00e9sidentiel, \u00e0 la dur\u00e9e au&hellip;<\/p>\n","protected":false},"author":6,"featured_media":8421,"comment_status":"open","ping_status":"open","sticky":false,"template":"","format":"standard","meta":{"content-type":"","om_disable_all_campaigns":false,"_monsterinsights_skip_tracking":false,"_monsterinsights_sitenote_active":false,"_monsterinsights_sitenote_note":"","_monsterinsights_sitenote_category":0,"_uf_show_specific_survey":0,"_uf_disable_surveys":false,"footnotes":""},"categories":[26],"tags":[],"class_list":["post-8420","post","type-post","status-publish","format-standard","has-post-thumbnail","hentry","category-politique"],"aioseo_notices":[],"yoast_head":"<!-- This site is optimized with the Yoast SEO plugin v27.5 - https:\/\/yoast.com\/product\/yoast-seo-wordpress\/ -->\n<title>Dur\u00e9e de pouvoir, fin de mandat et d\u00e9mocratie\u00a0: Les 10 r\u00e9flexions de Mathias Hounkp\u00e8 - Le Patriote<\/title>\n<meta name=\"robots\" content=\"index, follow, max-snippet:-1, max-image-preview:large, max-video-preview:-1\" \/>\n<link rel=\"canonical\" href=\"https:\/\/lepatriotebenin.com\/index.php\/2024\/10\/14\/duree-de-pouvoir-fin-de-mandat-et-democratie-les-10-reflexions-de-mathias-hounkpe\/\" \/>\n<meta property=\"og:locale\" content=\"fr_FR\" \/>\n<meta property=\"og:type\" content=\"article\" \/>\n<meta property=\"og:title\" content=\"Dur\u00e9e de pouvoir, fin de mandat et d\u00e9mocratie\u00a0: Les 10 r\u00e9flexions de Mathias Hounkp\u00e8 - Le Patriote\" \/>\n<meta property=\"og:description\" content=\"Politologue \u00e0 la r\u00e9flexion lumineuse et aux id\u00e9es fortes, Mathias Hounkp\u00e8 a publi\u00e9 sur son profil Linkedln, une dizaine de r\u00e9flexions ayant trait au mandat pr\u00e9sidentiel, \u00e0 la dur\u00e9e au&hellip;\" \/>\n<meta property=\"og:url\" content=\"https:\/\/lepatriotebenin.com\/index.php\/2024\/10\/14\/duree-de-pouvoir-fin-de-mandat-et-democratie-les-10-reflexions-de-mathias-hounkpe\/\" \/>\n<meta property=\"og:site_name\" content=\"Le Patriote\" \/>\n<meta property=\"article:published_time\" content=\"2024-10-14T00:46:16+00:00\" \/>\n<meta property=\"article:modified_time\" content=\"2024-10-14T00:46:18+00:00\" \/>\n<meta property=\"og:image\" content=\"https:\/\/lepatriotebenin.com\/wp-content\/uploads\/2024\/10\/mathias-hounkpe.jpg\" \/>\n\t<meta property=\"og:image:width\" content=\"980\" \/>\n\t<meta property=\"og:image:height\" content=\"551\" \/>\n\t<meta property=\"og:image:type\" content=\"image\/jpeg\" \/>\n<meta name=\"author\" content=\"Roland AFFANOU\" \/>\n<meta name=\"twitter:card\" content=\"summary_large_image\" \/>\n<meta name=\"twitter:label1\" content=\"\u00c9crit par\" \/>\n\t<meta name=\"twitter:data1\" content=\"Roland AFFANOU\" \/>\n\t<meta name=\"twitter:label2\" content=\"Dur\u00e9e de lecture estim\u00e9e\" \/>\n\t<meta name=\"twitter:data2\" content=\"4 minutes\" \/>\n<script type=\"application\/ld+json\" class=\"yoast-schema-graph\">{\"@context\":\"https:\\\/\\\/schema.org\",\"@graph\":[{\"@type\":\"Article\",\"@id\":\"https:\\\/\\\/lepatriotebenin.com\\\/index.php\\\/2024\\\/10\\\/14\\\/duree-de-pouvoir-fin-de-mandat-et-democratie-les-10-reflexions-de-mathias-hounkpe\\\/#article\",\"isPartOf\":{\"@id\":\"https:\\\/\\\/lepatriotebenin.com\\\/index.php\\\/2024\\\/10\\\/14\\\/duree-de-pouvoir-fin-de-mandat-et-democratie-les-10-reflexions-de-mathias-hounkpe\\\/\"},\"author\":{\"name\":\"Roland AFFANOU\",\"@id\":\"https:\\\/\\\/lepatriotebenin.com\\\/#\\\/schema\\\/person\\\/4a9b67216c97d04045e01405c534c91f\"},\"headline\":\"Dur\u00e9e de pouvoir, fin de mandat et d\u00e9mocratie\u00a0: Les 10 r\u00e9flexions de Mathias Hounkp\u00e8\",\"datePublished\":\"2024-10-14T00:46:16+00:00\",\"dateModified\":\"2024-10-14T00:46:18+00:00\",\"mainEntityOfPage\":{\"@id\":\"https:\\\/\\\/lepatriotebenin.com\\\/index.php\\\/2024\\\/10\\\/14\\\/duree-de-pouvoir-fin-de-mandat-et-democratie-les-10-reflexions-de-mathias-hounkpe\\\/\"},\"wordCount\":685,\"commentCount\":0,\"image\":{\"@id\":\"https:\\\/\\\/lepatriotebenin.com\\\/index.php\\\/2024\\\/10\\\/14\\\/duree-de-pouvoir-fin-de-mandat-et-democratie-les-10-reflexions-de-mathias-hounkpe\\\/#primaryimage\"},\"thumbnailUrl\":\"https:\\\/\\\/lepatriotebenin.com\\\/wp-content\\\/uploads\\\/2024\\\/10\\\/mathias-hounkpe.jpg\",\"articleSection\":[\"Politique\"],\"inLanguage\":\"fr-FR\",\"potentialAction\":[{\"@type\":\"CommentAction\",\"name\":\"Comment\",\"target\":[\"https:\\\/\\\/lepatriotebenin.com\\\/index.php\\\/2024\\\/10\\\/14\\\/duree-de-pouvoir-fin-de-mandat-et-democratie-les-10-reflexions-de-mathias-hounkpe\\\/#respond\"]}]},{\"@type\":\"WebPage\",\"@id\":\"https:\\\/\\\/lepatriotebenin.com\\\/index.php\\\/2024\\\/10\\\/14\\\/duree-de-pouvoir-fin-de-mandat-et-democratie-les-10-reflexions-de-mathias-hounkpe\\\/\",\"url\":\"https:\\\/\\\/lepatriotebenin.com\\\/index.php\\\/2024\\\/10\\\/14\\\/duree-de-pouvoir-fin-de-mandat-et-democratie-les-10-reflexions-de-mathias-hounkpe\\\/\",\"name\":\"Dur\u00e9e de pouvoir, fin de mandat et d\u00e9mocratie\u00a0: Les 10 r\u00e9flexions de Mathias Hounkp\u00e8 - Le Patriote\",\"isPartOf\":{\"@id\":\"https:\\\/\\\/lepatriotebenin.com\\\/#website\"},\"primaryImageOfPage\":{\"@id\":\"https:\\\/\\\/lepatriotebenin.com\\\/index.php\\\/2024\\\/10\\\/14\\\/duree-de-pouvoir-fin-de-mandat-et-democratie-les-10-reflexions-de-mathias-hounkpe\\\/#primaryimage\"},\"image\":{\"@id\":\"https:\\\/\\\/lepatriotebenin.com\\\/index.php\\\/2024\\\/10\\\/14\\\/duree-de-pouvoir-fin-de-mandat-et-democratie-les-10-reflexions-de-mathias-hounkpe\\\/#primaryimage\"},\"thumbnailUrl\":\"https:\\\/\\\/lepatriotebenin.com\\\/wp-content\\\/uploads\\\/2024\\\/10\\\/mathias-hounkpe.jpg\",\"datePublished\":\"2024-10-14T00:46:16+00:00\",\"dateModified\":\"2024-10-14T00:46:18+00:00\",\"author\":{\"@id\":\"https:\\\/\\\/lepatriotebenin.com\\\/#\\\/schema\\\/person\\\/4a9b67216c97d04045e01405c534c91f\"},\"breadcrumb\":{\"@id\":\"https:\\\/\\\/lepatriotebenin.com\\\/index.php\\\/2024\\\/10\\\/14\\\/duree-de-pouvoir-fin-de-mandat-et-democratie-les-10-reflexions-de-mathias-hounkpe\\\/#breadcrumb\"},\"inLanguage\":\"fr-FR\",\"potentialAction\":[{\"@type\":\"ReadAction\",\"target\":[\"https:\\\/\\\/lepatriotebenin.com\\\/index.php\\\/2024\\\/10\\\/14\\\/duree-de-pouvoir-fin-de-mandat-et-democratie-les-10-reflexions-de-mathias-hounkpe\\\/\"]}]},{\"@type\":\"ImageObject\",\"inLanguage\":\"fr-FR\",\"@id\":\"https:\\\/\\\/lepatriotebenin.com\\\/index.php\\\/2024\\\/10\\\/14\\\/duree-de-pouvoir-fin-de-mandat-et-democratie-les-10-reflexions-de-mathias-hounkpe\\\/#primaryimage\",\"url\":\"https:\\\/\\\/lepatriotebenin.com\\\/wp-content\\\/uploads\\\/2024\\\/10\\\/mathias-hounkpe.jpg\",\"contentUrl\":\"https:\\\/\\\/lepatriotebenin.com\\\/wp-content\\\/uploads\\\/2024\\\/10\\\/mathias-hounkpe.jpg\",\"width\":980,\"height\":551},{\"@type\":\"BreadcrumbList\",\"@id\":\"https:\\\/\\\/lepatriotebenin.com\\\/index.php\\\/2024\\\/10\\\/14\\\/duree-de-pouvoir-fin-de-mandat-et-democratie-les-10-reflexions-de-mathias-hounkpe\\\/#breadcrumb\",\"itemListElement\":[{\"@type\":\"ListItem\",\"position\":1,\"name\":\"Accueil\",\"item\":\"https:\\\/\\\/lepatriotebenin.com\\\/\"},{\"@type\":\"ListItem\",\"position\":2,\"name\":\"Dur\u00e9e de pouvoir, fin de mandat et d\u00e9mocratie\u00a0: Les 10 r\u00e9flexions de Mathias Hounkp\u00e8\"}]},{\"@type\":\"WebSite\",\"@id\":\"https:\\\/\\\/lepatriotebenin.com\\\/#website\",\"url\":\"https:\\\/\\\/lepatriotebenin.com\\\/\",\"name\":\"Le Patriote\",\"description\":\"Le Patriote B\u00e9nin\",\"potentialAction\":[{\"@type\":\"SearchAction\",\"target\":{\"@type\":\"EntryPoint\",\"urlTemplate\":\"https:\\\/\\\/lepatriotebenin.com\\\/?s={search_term_string}\"},\"query-input\":{\"@type\":\"PropertyValueSpecification\",\"valueRequired\":true,\"valueName\":\"search_term_string\"}}],\"inLanguage\":\"fr-FR\"},{\"@type\":\"Person\",\"@id\":\"https:\\\/\\\/lepatriotebenin.com\\\/#\\\/schema\\\/person\\\/4a9b67216c97d04045e01405c534c91f\",\"name\":\"Roland AFFANOU\",\"image\":{\"@type\":\"ImageObject\",\"inLanguage\":\"fr-FR\",\"@id\":\"https:\\\/\\\/secure.gravatar.com\\\/avatar\\\/7209d3f6d2d47ea4d0c67e14d3effb61feb10ae540a4381280c66265de5bd643?s=96&d=mm&r=g\",\"url\":\"https:\\\/\\\/secure.gravatar.com\\\/avatar\\\/7209d3f6d2d47ea4d0c67e14d3effb61feb10ae540a4381280c66265de5bd643?s=96&d=mm&r=g\",\"contentUrl\":\"https:\\\/\\\/secure.gravatar.com\\\/avatar\\\/7209d3f6d2d47ea4d0c67e14d3effb61feb10ae540a4381280c66265de5bd643?s=96&d=mm&r=g\",\"caption\":\"Roland AFFANOU\"},\"url\":\"https:\\\/\\\/lepatriotebenin.com\"}]}<\/script>\n<!-- \/ Yoast SEO plugin. -->","yoast_head_json":{"title":"Dur\u00e9e de pouvoir, fin de mandat et d\u00e9mocratie\u00a0: Les 10 r\u00e9flexions de Mathias Hounkp\u00e8 - Le Patriote","robots":{"index":"index","follow":"follow","max-snippet":"max-snippet:-1","max-image-preview":"max-image-preview:large","max-video-preview":"max-video-preview:-1"},"canonical":"https:\/\/lepatriotebenin.com\/index.php\/2024\/10\/14\/duree-de-pouvoir-fin-de-mandat-et-democratie-les-10-reflexions-de-mathias-hounkpe\/","og_locale":"fr_FR","og_type":"article","og_title":"Dur\u00e9e de pouvoir, fin de mandat et d\u00e9mocratie\u00a0: Les 10 r\u00e9flexions de Mathias Hounkp\u00e8 - Le Patriote","og_description":"Politologue \u00e0 la r\u00e9flexion lumineuse et aux id\u00e9es fortes, Mathias Hounkp\u00e8 a publi\u00e9 sur son profil Linkedln, une dizaine de r\u00e9flexions ayant trait au mandat pr\u00e9sidentiel, \u00e0 la dur\u00e9e au&hellip;","og_url":"https:\/\/lepatriotebenin.com\/index.php\/2024\/10\/14\/duree-de-pouvoir-fin-de-mandat-et-democratie-les-10-reflexions-de-mathias-hounkpe\/","og_site_name":"Le Patriote","article_published_time":"2024-10-14T00:46:16+00:00","article_modified_time":"2024-10-14T00:46:18+00:00","og_image":[{"width":980,"height":551,"url":"https:\/\/lepatriotebenin.com\/wp-content\/uploads\/2024\/10\/mathias-hounkpe.jpg","type":"image\/jpeg"}],"author":"Roland AFFANOU","twitter_card":"summary_large_image","twitter_misc":{"\u00c9crit par":"Roland AFFANOU","Dur\u00e9e de lecture estim\u00e9e":"4 minutes"},"schema":{"@context":"https:\/\/schema.org","@graph":[{"@type":"Article","@id":"https:\/\/lepatriotebenin.com\/index.php\/2024\/10\/14\/duree-de-pouvoir-fin-de-mandat-et-democratie-les-10-reflexions-de-mathias-hounkpe\/#article","isPartOf":{"@id":"https:\/\/lepatriotebenin.com\/index.php\/2024\/10\/14\/duree-de-pouvoir-fin-de-mandat-et-democratie-les-10-reflexions-de-mathias-hounkpe\/"},"author":{"name":"Roland AFFANOU","@id":"https:\/\/lepatriotebenin.com\/#\/schema\/person\/4a9b67216c97d04045e01405c534c91f"},"headline":"Dur\u00e9e de pouvoir, fin de mandat et d\u00e9mocratie\u00a0: Les 10 r\u00e9flexions de Mathias Hounkp\u00e8","datePublished":"2024-10-14T00:46:16+00:00","dateModified":"2024-10-14T00:46:18+00:00","mainEntityOfPage":{"@id":"https:\/\/lepatriotebenin.com\/index.php\/2024\/10\/14\/duree-de-pouvoir-fin-de-mandat-et-democratie-les-10-reflexions-de-mathias-hounkpe\/"},"wordCount":685,"commentCount":0,"image":{"@id":"https:\/\/lepatriotebenin.com\/index.php\/2024\/10\/14\/duree-de-pouvoir-fin-de-mandat-et-democratie-les-10-reflexions-de-mathias-hounkpe\/#primaryimage"},"thumbnailUrl":"https:\/\/lepatriotebenin.com\/wp-content\/uploads\/2024\/10\/mathias-hounkpe.jpg","articleSection":["Politique"],"inLanguage":"fr-FR","potentialAction":[{"@type":"CommentAction","name":"Comment","target":["https:\/\/lepatriotebenin.com\/index.php\/2024\/10\/14\/duree-de-pouvoir-fin-de-mandat-et-democratie-les-10-reflexions-de-mathias-hounkpe\/#respond"]}]},{"@type":"WebPage","@id":"https:\/\/lepatriotebenin.com\/index.php\/2024\/10\/14\/duree-de-pouvoir-fin-de-mandat-et-democratie-les-10-reflexions-de-mathias-hounkpe\/","url":"https:\/\/lepatriotebenin.com\/index.php\/2024\/10\/14\/duree-de-pouvoir-fin-de-mandat-et-democratie-les-10-reflexions-de-mathias-hounkpe\/","name":"Dur\u00e9e de pouvoir, fin de mandat et d\u00e9mocratie\u00a0: Les 10 r\u00e9flexions de Mathias Hounkp\u00e8 - Le Patriote","isPartOf":{"@id":"https:\/\/lepatriotebenin.com\/#website"},"primaryImageOfPage":{"@id":"https:\/\/lepatriotebenin.com\/index.php\/2024\/10\/14\/duree-de-pouvoir-fin-de-mandat-et-democratie-les-10-reflexions-de-mathias-hounkpe\/#primaryimage"},"image":{"@id":"https:\/\/lepatriotebenin.com\/index.php\/2024\/10\/14\/duree-de-pouvoir-fin-de-mandat-et-democratie-les-10-reflexions-de-mathias-hounkpe\/#primaryimage"},"thumbnailUrl":"https:\/\/lepatriotebenin.com\/wp-content\/uploads\/2024\/10\/mathias-hounkpe.jpg","datePublished":"2024-10-14T00:46:16+00:00","dateModified":"2024-10-14T00:46:18+00:00","author":{"@id":"https:\/\/lepatriotebenin.com\/#\/schema\/person\/4a9b67216c97d04045e01405c534c91f"},"breadcrumb":{"@id":"https:\/\/lepatriotebenin.com\/index.php\/2024\/10\/14\/duree-de-pouvoir-fin-de-mandat-et-democratie-les-10-reflexions-de-mathias-hounkpe\/#breadcrumb"},"inLanguage":"fr-FR","potentialAction":[{"@type":"ReadAction","target":["https:\/\/lepatriotebenin.com\/index.php\/2024\/10\/14\/duree-de-pouvoir-fin-de-mandat-et-democratie-les-10-reflexions-de-mathias-hounkpe\/"]}]},{"@type":"ImageObject","inLanguage":"fr-FR","@id":"https:\/\/lepatriotebenin.com\/index.php\/2024\/10\/14\/duree-de-pouvoir-fin-de-mandat-et-democratie-les-10-reflexions-de-mathias-hounkpe\/#primaryimage","url":"https:\/\/lepatriotebenin.com\/wp-content\/uploads\/2024\/10\/mathias-hounkpe.jpg","contentUrl":"https:\/\/lepatriotebenin.com\/wp-content\/uploads\/2024\/10\/mathias-hounkpe.jpg","width":980,"height":551},{"@type":"BreadcrumbList","@id":"https:\/\/lepatriotebenin.com\/index.php\/2024\/10\/14\/duree-de-pouvoir-fin-de-mandat-et-democratie-les-10-reflexions-de-mathias-hounkpe\/#breadcrumb","itemListElement":[{"@type":"ListItem","position":1,"name":"Accueil","item":"https:\/\/lepatriotebenin.com\/"},{"@type":"ListItem","position":2,"name":"Dur\u00e9e de pouvoir, fin de mandat et d\u00e9mocratie\u00a0: Les 10 r\u00e9flexions de Mathias Hounkp\u00e8"}]},{"@type":"WebSite","@id":"https:\/\/lepatriotebenin.com\/#website","url":"https:\/\/lepatriotebenin.com\/","name":"Le Patriote","description":"Le Patriote B\u00e9nin","potentialAction":[{"@type":"SearchAction","target":{"@type":"EntryPoint","urlTemplate":"https:\/\/lepatriotebenin.com\/?s={search_term_string}"},"query-input":{"@type":"PropertyValueSpecification","valueRequired":true,"valueName":"search_term_string"}}],"inLanguage":"fr-FR"},{"@type":"Person","@id":"https:\/\/lepatriotebenin.com\/#\/schema\/person\/4a9b67216c97d04045e01405c534c91f","name":"Roland AFFANOU","image":{"@type":"ImageObject","inLanguage":"fr-FR","@id":"https:\/\/secure.gravatar.com\/avatar\/7209d3f6d2d47ea4d0c67e14d3effb61feb10ae540a4381280c66265de5bd643?s=96&d=mm&r=g","url":"https:\/\/secure.gravatar.com\/avatar\/7209d3f6d2d47ea4d0c67e14d3effb61feb10ae540a4381280c66265de5bd643?s=96&d=mm&r=g","contentUrl":"https:\/\/secure.gravatar.com\/avatar\/7209d3f6d2d47ea4d0c67e14d3effb61feb10ae540a4381280c66265de5bd643?s=96&d=mm&r=g","caption":"Roland AFFANOU"},"url":"https:\/\/lepatriotebenin.com"}]}},"_links":{"self":[{"href":"https:\/\/lepatriotebenin.com\/index.php\/wp-json\/wp\/v2\/posts\/8420","targetHints":{"allow":["GET"]}}],"collection":[{"href":"https:\/\/lepatriotebenin.com\/index.php\/wp-json\/wp\/v2\/posts"}],"about":[{"href":"https:\/\/lepatriotebenin.com\/index.php\/wp-json\/wp\/v2\/types\/post"}],"author":[{"embeddable":true,"href":"https:\/\/lepatriotebenin.com\/index.php\/wp-json\/wp\/v2\/users\/6"}],"replies":[{"embeddable":true,"href":"https:\/\/lepatriotebenin.com\/index.php\/wp-json\/wp\/v2\/comments?post=8420"}],"version-history":[{"count":1,"href":"https:\/\/lepatriotebenin.com\/index.php\/wp-json\/wp\/v2\/posts\/8420\/revisions"}],"predecessor-version":[{"id":8422,"href":"https:\/\/lepatriotebenin.com\/index.php\/wp-json\/wp\/v2\/posts\/8420\/revisions\/8422"}],"wp:featuredmedia":[{"embeddable":true,"href":"https:\/\/lepatriotebenin.com\/index.php\/wp-json\/wp\/v2\/media\/8421"}],"wp:attachment":[{"href":"https:\/\/lepatriotebenin.com\/index.php\/wp-json\/wp\/v2\/media?parent=8420"}],"wp:term":[{"taxonomy":"category","embeddable":true,"href":"https:\/\/lepatriotebenin.com\/index.php\/wp-json\/wp\/v2\/categories?post=8420"},{"taxonomy":"post_tag","embeddable":true,"href":"https:\/\/lepatriotebenin.com\/index.php\/wp-json\/wp\/v2\/tags?post=8420"}],"curies":[{"name":"wp","href":"https:\/\/api.w.org\/{rel}","templated":true}]}}