{"id":8417,"date":"2024-10-14T02:40:13","date_gmt":"2024-10-14T00:40:13","guid":{"rendered":"https:\/\/lepatriotebenin.com\/?p=8417"},"modified":"2024-10-14T02:40:14","modified_gmt":"2024-10-14T00:40:14","slug":"affaire-faleti-la-justice-elle-meme-sest-mordue-la-queue-dixit-kolawole-ogbon","status":"publish","type":"post","link":"https:\/\/lepatriotebenin.com\/index.php\/2024\/10\/14\/affaire-faleti-la-justice-elle-meme-sest-mordue-la-queue-dixit-kolawole-ogbon\/","title":{"rendered":"Affaire Fal\u00e9ti\u00a0: \u00ab\u00a0La justice elle-m\u00eame s&rsquo;est mordue la queue\u00a0\u00bb dixit Kolawol\u00e9 Ogbon"},"content":{"rendered":"\n<p><strong><em>La justice a lib\u00e9r\u00e9 un peu moins d\u2019une dizaine de personnes dans le dossier Faletti. Toutes originaires de&nbsp; Sav\u00e8, elles ont \u00e9t\u00e9 incarc\u00e9r\u00e9s pendant plusieurs mois avant d\u2019\u00eatre lib\u00e9r\u00e9es apr\u00e8s un \u00ab&nbsp;on lieu&nbsp;\u00bb. Ce qui remet en cause une fois de plus l&rsquo;efficacit\u00e9 de la justice b\u00e9ninoise. Sur l&rsquo;\u00e9mission Grand Angle de ce dimanche 13 octobre 2024, le d\u00e9put\u00e9 du parti Les D\u00e9mocrates Kolawol\u00e9 Ogbon, a donn\u00e9 son appr\u00e9ciation sur les faits<\/em><\/strong><em>.<\/em><\/p>\n\n\n\n<p>Pour un non-lieu dans le dossier g\u00e9n\u00e9ral Fal\u00e9ti, 9 habitants de Sav\u00e8 ont recouvr\u00e9 la libert\u00e9 le 30 septembre 2024. Ces derniers ayant fait la prison pour rien n&rsquo;avaient quasiment pas de relation ou de lien avec Fal\u00e9ti. C&rsquo;est ce que pense le d\u00e9put\u00e9 LD de la 10\u00e8 circonscription \u00e9lectorale, Kolawol\u00e9 Ogbon qui s&rsquo;est beaucoup impliqu\u00e9 pour cette lib\u00e9ration. Pour lui, la justice b\u00e9ninoise elle-m\u00eame s&rsquo;est mordue la queue dans cette affaire. \u00ab&nbsp;Le s\u00e9jour carc\u00e9ral de ces personnes s&rsquo;est sold\u00e9 par un non-lieu ce qui veut dire qu&rsquo;il n&rsquo;y avait pas de charges contre eux d&rsquo;autant puisqu&rsquo;ils n&rsquo;avaient pas de lien avec le g\u00e9n\u00e9ral. De ce fait, il faut avouer que la justice elle-m\u00eame s&rsquo;est mordue la queue&nbsp;\u00bb, a fait savoir Kolawol\u00e9 Ogbon. \u00c0 l&rsquo;en, ce sont juste des citoyens lambda de Sav\u00e8 qui ont \u00e9t\u00e9 arr\u00eat\u00e9s parce que la justice veut co\u00fbte que co\u00fbte avoir des prisonniers.&nbsp;\u00ab&nbsp;Il y a des tailleurs, des chauffeurs et des \u00e9tudiants parmi ceux qui sont lib\u00e9r\u00e9s. D&rsquo;autres dormaient chez eux, et ils ont \u00e9t\u00e9 arr\u00eat\u00e9s. Donc \u00e7a peut arriver \u00e0 n&rsquo;importe quelle personne. C&rsquo;\u00e9taient des arrestations arbitraires. Ils veulent co\u00fbte que co\u00fbte avoir des prisonniers&nbsp;\u00bb, fait-il savoir. Prenant en compte la gravit\u00e9 de la situation, il s&rsquo;est livr\u00e9 \u00e0 une confidence. \u00ab&nbsp;Il y a un Monsieur \u00e0 Sav\u00e8 qui me disait qu&rsquo;il \u00e9tait entrain de dormir et ils ont d\u00e9fonc\u00e9 sa porte. Ils l&rsquo;ont fait marcher sur les genoux sur une longue distance. De m\u00eame, deux jeunes ont \u00e9t\u00e9 tu\u00e9s alors qu&rsquo;ils \u00e9taient simplement sur moto lors de l&rsquo;arrestation de Fal\u00e9ti en 2020. La s\u00e9paration des pouvoirs au B\u00e9nin n&rsquo;existe pas. Une arm\u00e9e qui est cens\u00e9e prot\u00e9ger la population tire encore \u00e0 balle r\u00e9elle sur elle&#8230;c&rsquo;est aberrant&nbsp;\u00bb, a-t-il confi\u00e9.<\/p>\n\n\n\n<p>Dans le dossier g\u00e9n\u00e9ral Fal\u00e9ti, le d\u00e9put\u00e9 explique qu&rsquo;il y a toujours de d\u00e9tenus. \u00ab\u00a0Il reste encore 5 personnes incarc\u00e9r\u00e9es. Huit personnes ont \u00e9t\u00e9 lib\u00e9r\u00e9es et il y a une personne qui avait d\u00e9nonc\u00e9 la d\u00e9gradation de la sant\u00e9 de Radji Latif \u00e0 travers les r\u00e9seaux sociaux et il doit r\u00e9pondre encore de \u00e7a. Raison pour laquelle il est toujours en prison alors qu&rsquo;il est cens\u00e9 \u00eatre d\u00e9j\u00e0 libre\u00a0\u00bb<\/p>\n\n\n\n<p>S&rsquo;appuyant sur les investigations du journaliste Marcel Zoum\u00e8nou, Directeur de Publication du quotidien Le Patriote sur la sant\u00e9 d\u00e9gradante de ces d\u00e9tenus politiques lib\u00e9r\u00e9s, le d\u00e9put\u00e9 exprime son d\u00e9sarroi. \u00ab\u00a0Moi je suis inquiet parce qu&rsquo;il y a des fr\u00e8res qui ont litt\u00e9ralement fondu.Il leur faut des bilans de sant\u00e9. L&rsquo;\u00c9tat a l&rsquo;obligation de soigner les d\u00e9tenus politiques mais rien ne se fait. C&rsquo;est ce qui a conduit \u00e0 la mort de Radji Latif puisque le parti Les D\u00e9mocrates a d\u00e9pos\u00e9 de l&rsquo;argent pour sa prise en charge.&nbsp;\u00ab&nbsp; Mais malheureusement c&rsquo;\u00e9tait d\u00e9j\u00e0 trop tard&nbsp;\u00bb, a laiss\u00e9 entendre Kolawol\u00e9 Ogbon. Pour le reste des d\u00e9tenus politiques, il mart\u00e8le que le parti LD fera encore de son mieux. \u00ab&nbsp;Pour le reste, nous ferons l&rsquo;effort pour qu&rsquo;ils s\u2019en sortent. Les D\u00e9mocrates font ce qu&rsquo;ils peuvent faire. Et il faut que tout le monde se sente concern\u00e9&nbsp;\u00bb, a-t-il conclu.<\/p>\n\n\n\n<p>Gildas AHOGNI<\/p>\n","protected":false},"excerpt":{"rendered":"<p>La justice a lib\u00e9r\u00e9 un peu moins d\u2019une dizaine de personnes dans le dossier Faletti. Toutes originaires de&nbsp; Sav\u00e8, elles ont \u00e9t\u00e9 incarc\u00e9r\u00e9s pendant plusieurs mois avant d\u2019\u00eatre lib\u00e9r\u00e9es apr\u00e8s&hellip;<\/p>\n","protected":false},"author":5,"featured_media":8418,"comment_status":"open","ping_status":"open","sticky":false,"template":"","format":"standard","meta":{"content-type":"","om_disable_all_campaigns":false,"_monsterinsights_skip_tracking":false,"_monsterinsights_sitenote_active":false,"_monsterinsights_sitenote_note":"","_monsterinsights_sitenote_category":0,"_uf_show_specific_survey":0,"_uf_disable_surveys":false,"footnotes":""},"categories":[26],"tags":[],"class_list":["post-8417","post","type-post","status-publish","format-standard","has-post-thumbnail","hentry","category-politique"],"aioseo_notices":[],"yoast_head":"<!-- This site is optimized with the Yoast SEO plugin v27.5 - https:\/\/yoast.com\/product\/yoast-seo-wordpress\/ -->\n<title>Affaire Fal\u00e9ti\u00a0: \u00ab\u00a0La justice elle-m\u00eame s&#039;est mordue la queue\u00a0\u00bb dixit Kolawol\u00e9 Ogbon - Le Patriote<\/title>\n<meta name=\"robots\" content=\"index, follow, max-snippet:-1, max-image-preview:large, max-video-preview:-1\" \/>\n<link rel=\"canonical\" href=\"https:\/\/lepatriotebenin.com\/index.php\/2024\/10\/14\/affaire-faleti-la-justice-elle-meme-sest-mordue-la-queue-dixit-kolawole-ogbon\/\" \/>\n<meta property=\"og:locale\" content=\"fr_FR\" \/>\n<meta property=\"og:type\" content=\"article\" \/>\n<meta property=\"og:title\" content=\"Affaire Fal\u00e9ti\u00a0: \u00ab\u00a0La justice elle-m\u00eame s&#039;est mordue la queue\u00a0\u00bb dixit Kolawol\u00e9 Ogbon - Le Patriote\" \/>\n<meta property=\"og:description\" content=\"La justice a lib\u00e9r\u00e9 un peu moins d\u2019une dizaine de personnes dans le dossier Faletti. Toutes originaires de&nbsp; Sav\u00e8, elles ont \u00e9t\u00e9 incarc\u00e9r\u00e9s pendant plusieurs mois avant d\u2019\u00eatre lib\u00e9r\u00e9es apr\u00e8s&hellip;\" \/>\n<meta property=\"og:url\" content=\"https:\/\/lepatriotebenin.com\/index.php\/2024\/10\/14\/affaire-faleti-la-justice-elle-meme-sest-mordue-la-queue-dixit-kolawole-ogbon\/\" \/>\n<meta property=\"og:site_name\" content=\"Le Patriote\" \/>\n<meta property=\"article:published_time\" content=\"2024-10-14T00:40:13+00:00\" \/>\n<meta property=\"article:modified_time\" content=\"2024-10-14T00:40:14+00:00\" \/>\n<meta property=\"og:image\" content=\"https:\/\/lepatriotebenin.com\/wp-content\/uploads\/2024\/10\/ogbon-1.jpeg\" \/>\n\t<meta property=\"og:image:width\" content=\"770\" \/>\n\t<meta property=\"og:image:height\" content=\"470\" \/>\n\t<meta property=\"og:image:type\" content=\"image\/jpeg\" \/>\n<meta name=\"author\" content=\"Redaction\" \/>\n<meta name=\"twitter:card\" content=\"summary_large_image\" \/>\n<meta name=\"twitter:label1\" content=\"\u00c9crit par\" \/>\n\t<meta name=\"twitter:data1\" content=\"Redaction\" \/>\n\t<meta name=\"twitter:label2\" content=\"Dur\u00e9e de lecture estim\u00e9e\" \/>\n\t<meta name=\"twitter:data2\" content=\"3 minutes\" \/>\n<script type=\"application\/ld+json\" class=\"yoast-schema-graph\">{\"@context\":\"https:\\\/\\\/schema.org\",\"@graph\":[{\"@type\":\"Article\",\"@id\":\"https:\\\/\\\/lepatriotebenin.com\\\/index.php\\\/2024\\\/10\\\/14\\\/affaire-faleti-la-justice-elle-meme-sest-mordue-la-queue-dixit-kolawole-ogbon\\\/#article\",\"isPartOf\":{\"@id\":\"https:\\\/\\\/lepatriotebenin.com\\\/index.php\\\/2024\\\/10\\\/14\\\/affaire-faleti-la-justice-elle-meme-sest-mordue-la-queue-dixit-kolawole-ogbon\\\/\"},\"author\":{\"name\":\"Redaction\",\"@id\":\"https:\\\/\\\/lepatriotebenin.com\\\/#\\\/schema\\\/person\\\/2e7709b9c9cc313e452d1136af61690f\"},\"headline\":\"Affaire Fal\u00e9ti\u00a0: \u00ab\u00a0La justice elle-m\u00eame s&rsquo;est mordue la queue\u00a0\u00bb dixit Kolawol\u00e9 Ogbon\",\"datePublished\":\"2024-10-14T00:40:13+00:00\",\"dateModified\":\"2024-10-14T00:40:14+00:00\",\"mainEntityOfPage\":{\"@id\":\"https:\\\/\\\/lepatriotebenin.com\\\/index.php\\\/2024\\\/10\\\/14\\\/affaire-faleti-la-justice-elle-meme-sest-mordue-la-queue-dixit-kolawole-ogbon\\\/\"},\"wordCount\":702,\"commentCount\":0,\"image\":{\"@id\":\"https:\\\/\\\/lepatriotebenin.com\\\/index.php\\\/2024\\\/10\\\/14\\\/affaire-faleti-la-justice-elle-meme-sest-mordue-la-queue-dixit-kolawole-ogbon\\\/#primaryimage\"},\"thumbnailUrl\":\"https:\\\/\\\/lepatriotebenin.com\\\/wp-content\\\/uploads\\\/2024\\\/10\\\/ogbon-1.jpeg\",\"articleSection\":[\"Politique\"],\"inLanguage\":\"fr-FR\",\"potentialAction\":[{\"@type\":\"CommentAction\",\"name\":\"Comment\",\"target\":[\"https:\\\/\\\/lepatriotebenin.com\\\/index.php\\\/2024\\\/10\\\/14\\\/affaire-faleti-la-justice-elle-meme-sest-mordue-la-queue-dixit-kolawole-ogbon\\\/#respond\"]}]},{\"@type\":\"WebPage\",\"@id\":\"https:\\\/\\\/lepatriotebenin.com\\\/index.php\\\/2024\\\/10\\\/14\\\/affaire-faleti-la-justice-elle-meme-sest-mordue-la-queue-dixit-kolawole-ogbon\\\/\",\"url\":\"https:\\\/\\\/lepatriotebenin.com\\\/index.php\\\/2024\\\/10\\\/14\\\/affaire-faleti-la-justice-elle-meme-sest-mordue-la-queue-dixit-kolawole-ogbon\\\/\",\"name\":\"Affaire Fal\u00e9ti\u00a0: \u00ab\u00a0La justice elle-m\u00eame s'est mordue la queue\u00a0\u00bb dixit Kolawol\u00e9 Ogbon - Le Patriote\",\"isPartOf\":{\"@id\":\"https:\\\/\\\/lepatriotebenin.com\\\/#website\"},\"primaryImageOfPage\":{\"@id\":\"https:\\\/\\\/lepatriotebenin.com\\\/index.php\\\/2024\\\/10\\\/14\\\/affaire-faleti-la-justice-elle-meme-sest-mordue-la-queue-dixit-kolawole-ogbon\\\/#primaryimage\"},\"image\":{\"@id\":\"https:\\\/\\\/lepatriotebenin.com\\\/index.php\\\/2024\\\/10\\\/14\\\/affaire-faleti-la-justice-elle-meme-sest-mordue-la-queue-dixit-kolawole-ogbon\\\/#primaryimage\"},\"thumbnailUrl\":\"https:\\\/\\\/lepatriotebenin.com\\\/wp-content\\\/uploads\\\/2024\\\/10\\\/ogbon-1.jpeg\",\"datePublished\":\"2024-10-14T00:40:13+00:00\",\"dateModified\":\"2024-10-14T00:40:14+00:00\",\"author\":{\"@id\":\"https:\\\/\\\/lepatriotebenin.com\\\/#\\\/schema\\\/person\\\/2e7709b9c9cc313e452d1136af61690f\"},\"breadcrumb\":{\"@id\":\"https:\\\/\\\/lepatriotebenin.com\\\/index.php\\\/2024\\\/10\\\/14\\\/affaire-faleti-la-justice-elle-meme-sest-mordue-la-queue-dixit-kolawole-ogbon\\\/#breadcrumb\"},\"inLanguage\":\"fr-FR\",\"potentialAction\":[{\"@type\":\"ReadAction\",\"target\":[\"https:\\\/\\\/lepatriotebenin.com\\\/index.php\\\/2024\\\/10\\\/14\\\/affaire-faleti-la-justice-elle-meme-sest-mordue-la-queue-dixit-kolawole-ogbon\\\/\"]}]},{\"@type\":\"ImageObject\",\"inLanguage\":\"fr-FR\",\"@id\":\"https:\\\/\\\/lepatriotebenin.com\\\/index.php\\\/2024\\\/10\\\/14\\\/affaire-faleti-la-justice-elle-meme-sest-mordue-la-queue-dixit-kolawole-ogbon\\\/#primaryimage\",\"url\":\"https:\\\/\\\/lepatriotebenin.com\\\/wp-content\\\/uploads\\\/2024\\\/10\\\/ogbon-1.jpeg\",\"contentUrl\":\"https:\\\/\\\/lepatriotebenin.com\\\/wp-content\\\/uploads\\\/2024\\\/10\\\/ogbon-1.jpeg\",\"width\":770,\"height\":470},{\"@type\":\"BreadcrumbList\",\"@id\":\"https:\\\/\\\/lepatriotebenin.com\\\/index.php\\\/2024\\\/10\\\/14\\\/affaire-faleti-la-justice-elle-meme-sest-mordue-la-queue-dixit-kolawole-ogbon\\\/#breadcrumb\",\"itemListElement\":[{\"@type\":\"ListItem\",\"position\":1,\"name\":\"Accueil\",\"item\":\"https:\\\/\\\/lepatriotebenin.com\\\/\"},{\"@type\":\"ListItem\",\"position\":2,\"name\":\"Affaire Fal\u00e9ti\u00a0: \u00ab\u00a0La justice elle-m\u00eame s&rsquo;est mordue la queue\u00a0\u00bb dixit Kolawol\u00e9 Ogbon\"}]},{\"@type\":\"WebSite\",\"@id\":\"https:\\\/\\\/lepatriotebenin.com\\\/#website\",\"url\":\"https:\\\/\\\/lepatriotebenin.com\\\/\",\"name\":\"Le Patriote\",\"description\":\"Le Patriote B\u00e9nin\",\"potentialAction\":[{\"@type\":\"SearchAction\",\"target\":{\"@type\":\"EntryPoint\",\"urlTemplate\":\"https:\\\/\\\/lepatriotebenin.com\\\/?s={search_term_string}\"},\"query-input\":{\"@type\":\"PropertyValueSpecification\",\"valueRequired\":true,\"valueName\":\"search_term_string\"}}],\"inLanguage\":\"fr-FR\"},{\"@type\":\"Person\",\"@id\":\"https:\\\/\\\/lepatriotebenin.com\\\/#\\\/schema\\\/person\\\/2e7709b9c9cc313e452d1136af61690f\",\"name\":\"Redaction\",\"image\":{\"@type\":\"ImageObject\",\"inLanguage\":\"fr-FR\",\"@id\":\"https:\\\/\\\/secure.gravatar.com\\\/avatar\\\/c4c509357859ea2ca2cbb6d8812898a73e4ef1ef9934c2e591d7e32face734d1?s=96&d=mm&r=g\",\"url\":\"https:\\\/\\\/secure.gravatar.com\\\/avatar\\\/c4c509357859ea2ca2cbb6d8812898a73e4ef1ef9934c2e591d7e32face734d1?s=96&d=mm&r=g\",\"contentUrl\":\"https:\\\/\\\/secure.gravatar.com\\\/avatar\\\/c4c509357859ea2ca2cbb6d8812898a73e4ef1ef9934c2e591d7e32face734d1?s=96&d=mm&r=g\",\"caption\":\"Redaction\"},\"url\":\"https:\\\/\\\/lepatriotebenin.com\"}]}<\/script>\n<!-- \/ Yoast SEO plugin. -->","yoast_head_json":{"title":"Affaire Fal\u00e9ti\u00a0: \u00ab\u00a0La justice elle-m\u00eame s'est mordue la queue\u00a0\u00bb dixit Kolawol\u00e9 Ogbon - Le Patriote","robots":{"index":"index","follow":"follow","max-snippet":"max-snippet:-1","max-image-preview":"max-image-preview:large","max-video-preview":"max-video-preview:-1"},"canonical":"https:\/\/lepatriotebenin.com\/index.php\/2024\/10\/14\/affaire-faleti-la-justice-elle-meme-sest-mordue-la-queue-dixit-kolawole-ogbon\/","og_locale":"fr_FR","og_type":"article","og_title":"Affaire Fal\u00e9ti\u00a0: \u00ab\u00a0La justice elle-m\u00eame s'est mordue la queue\u00a0\u00bb dixit Kolawol\u00e9 Ogbon - Le Patriote","og_description":"La justice a lib\u00e9r\u00e9 un peu moins d\u2019une dizaine de personnes dans le dossier Faletti. Toutes originaires de&nbsp; Sav\u00e8, elles ont \u00e9t\u00e9 incarc\u00e9r\u00e9s pendant plusieurs mois avant d\u2019\u00eatre lib\u00e9r\u00e9es apr\u00e8s&hellip;","og_url":"https:\/\/lepatriotebenin.com\/index.php\/2024\/10\/14\/affaire-faleti-la-justice-elle-meme-sest-mordue-la-queue-dixit-kolawole-ogbon\/","og_site_name":"Le Patriote","article_published_time":"2024-10-14T00:40:13+00:00","article_modified_time":"2024-10-14T00:40:14+00:00","og_image":[{"width":770,"height":470,"url":"https:\/\/lepatriotebenin.com\/wp-content\/uploads\/2024\/10\/ogbon-1.jpeg","type":"image\/jpeg"}],"author":"Redaction","twitter_card":"summary_large_image","twitter_misc":{"\u00c9crit par":"Redaction","Dur\u00e9e de lecture estim\u00e9e":"3 minutes"},"schema":{"@context":"https:\/\/schema.org","@graph":[{"@type":"Article","@id":"https:\/\/lepatriotebenin.com\/index.php\/2024\/10\/14\/affaire-faleti-la-justice-elle-meme-sest-mordue-la-queue-dixit-kolawole-ogbon\/#article","isPartOf":{"@id":"https:\/\/lepatriotebenin.com\/index.php\/2024\/10\/14\/affaire-faleti-la-justice-elle-meme-sest-mordue-la-queue-dixit-kolawole-ogbon\/"},"author":{"name":"Redaction","@id":"https:\/\/lepatriotebenin.com\/#\/schema\/person\/2e7709b9c9cc313e452d1136af61690f"},"headline":"Affaire Fal\u00e9ti\u00a0: \u00ab\u00a0La justice elle-m\u00eame s&rsquo;est mordue la queue\u00a0\u00bb dixit Kolawol\u00e9 Ogbon","datePublished":"2024-10-14T00:40:13+00:00","dateModified":"2024-10-14T00:40:14+00:00","mainEntityOfPage":{"@id":"https:\/\/lepatriotebenin.com\/index.php\/2024\/10\/14\/affaire-faleti-la-justice-elle-meme-sest-mordue-la-queue-dixit-kolawole-ogbon\/"},"wordCount":702,"commentCount":0,"image":{"@id":"https:\/\/lepatriotebenin.com\/index.php\/2024\/10\/14\/affaire-faleti-la-justice-elle-meme-sest-mordue-la-queue-dixit-kolawole-ogbon\/#primaryimage"},"thumbnailUrl":"https:\/\/lepatriotebenin.com\/wp-content\/uploads\/2024\/10\/ogbon-1.jpeg","articleSection":["Politique"],"inLanguage":"fr-FR","potentialAction":[{"@type":"CommentAction","name":"Comment","target":["https:\/\/lepatriotebenin.com\/index.php\/2024\/10\/14\/affaire-faleti-la-justice-elle-meme-sest-mordue-la-queue-dixit-kolawole-ogbon\/#respond"]}]},{"@type":"WebPage","@id":"https:\/\/lepatriotebenin.com\/index.php\/2024\/10\/14\/affaire-faleti-la-justice-elle-meme-sest-mordue-la-queue-dixit-kolawole-ogbon\/","url":"https:\/\/lepatriotebenin.com\/index.php\/2024\/10\/14\/affaire-faleti-la-justice-elle-meme-sest-mordue-la-queue-dixit-kolawole-ogbon\/","name":"Affaire Fal\u00e9ti\u00a0: \u00ab\u00a0La justice elle-m\u00eame s'est mordue la queue\u00a0\u00bb dixit Kolawol\u00e9 Ogbon - Le Patriote","isPartOf":{"@id":"https:\/\/lepatriotebenin.com\/#website"},"primaryImageOfPage":{"@id":"https:\/\/lepatriotebenin.com\/index.php\/2024\/10\/14\/affaire-faleti-la-justice-elle-meme-sest-mordue-la-queue-dixit-kolawole-ogbon\/#primaryimage"},"image":{"@id":"https:\/\/lepatriotebenin.com\/index.php\/2024\/10\/14\/affaire-faleti-la-justice-elle-meme-sest-mordue-la-queue-dixit-kolawole-ogbon\/#primaryimage"},"thumbnailUrl":"https:\/\/lepatriotebenin.com\/wp-content\/uploads\/2024\/10\/ogbon-1.jpeg","datePublished":"2024-10-14T00:40:13+00:00","dateModified":"2024-10-14T00:40:14+00:00","author":{"@id":"https:\/\/lepatriotebenin.com\/#\/schema\/person\/2e7709b9c9cc313e452d1136af61690f"},"breadcrumb":{"@id":"https:\/\/lepatriotebenin.com\/index.php\/2024\/10\/14\/affaire-faleti-la-justice-elle-meme-sest-mordue-la-queue-dixit-kolawole-ogbon\/#breadcrumb"},"inLanguage":"fr-FR","potentialAction":[{"@type":"ReadAction","target":["https:\/\/lepatriotebenin.com\/index.php\/2024\/10\/14\/affaire-faleti-la-justice-elle-meme-sest-mordue-la-queue-dixit-kolawole-ogbon\/"]}]},{"@type":"ImageObject","inLanguage":"fr-FR","@id":"https:\/\/lepatriotebenin.com\/index.php\/2024\/10\/14\/affaire-faleti-la-justice-elle-meme-sest-mordue-la-queue-dixit-kolawole-ogbon\/#primaryimage","url":"https:\/\/lepatriotebenin.com\/wp-content\/uploads\/2024\/10\/ogbon-1.jpeg","contentUrl":"https:\/\/lepatriotebenin.com\/wp-content\/uploads\/2024\/10\/ogbon-1.jpeg","width":770,"height":470},{"@type":"BreadcrumbList","@id":"https:\/\/lepatriotebenin.com\/index.php\/2024\/10\/14\/affaire-faleti-la-justice-elle-meme-sest-mordue-la-queue-dixit-kolawole-ogbon\/#breadcrumb","itemListElement":[{"@type":"ListItem","position":1,"name":"Accueil","item":"https:\/\/lepatriotebenin.com\/"},{"@type":"ListItem","position":2,"name":"Affaire Fal\u00e9ti\u00a0: \u00ab\u00a0La justice elle-m\u00eame s&rsquo;est mordue la queue\u00a0\u00bb dixit Kolawol\u00e9 Ogbon"}]},{"@type":"WebSite","@id":"https:\/\/lepatriotebenin.com\/#website","url":"https:\/\/lepatriotebenin.com\/","name":"Le Patriote","description":"Le Patriote B\u00e9nin","potentialAction":[{"@type":"SearchAction","target":{"@type":"EntryPoint","urlTemplate":"https:\/\/lepatriotebenin.com\/?s={search_term_string}"},"query-input":{"@type":"PropertyValueSpecification","valueRequired":true,"valueName":"search_term_string"}}],"inLanguage":"fr-FR"},{"@type":"Person","@id":"https:\/\/lepatriotebenin.com\/#\/schema\/person\/2e7709b9c9cc313e452d1136af61690f","name":"Redaction","image":{"@type":"ImageObject","inLanguage":"fr-FR","@id":"https:\/\/secure.gravatar.com\/avatar\/c4c509357859ea2ca2cbb6d8812898a73e4ef1ef9934c2e591d7e32face734d1?s=96&d=mm&r=g","url":"https:\/\/secure.gravatar.com\/avatar\/c4c509357859ea2ca2cbb6d8812898a73e4ef1ef9934c2e591d7e32face734d1?s=96&d=mm&r=g","contentUrl":"https:\/\/secure.gravatar.com\/avatar\/c4c509357859ea2ca2cbb6d8812898a73e4ef1ef9934c2e591d7e32face734d1?s=96&d=mm&r=g","caption":"Redaction"},"url":"https:\/\/lepatriotebenin.com"}]}},"_links":{"self":[{"href":"https:\/\/lepatriotebenin.com\/index.php\/wp-json\/wp\/v2\/posts\/8417","targetHints":{"allow":["GET"]}}],"collection":[{"href":"https:\/\/lepatriotebenin.com\/index.php\/wp-json\/wp\/v2\/posts"}],"about":[{"href":"https:\/\/lepatriotebenin.com\/index.php\/wp-json\/wp\/v2\/types\/post"}],"author":[{"embeddable":true,"href":"https:\/\/lepatriotebenin.com\/index.php\/wp-json\/wp\/v2\/users\/5"}],"replies":[{"embeddable":true,"href":"https:\/\/lepatriotebenin.com\/index.php\/wp-json\/wp\/v2\/comments?post=8417"}],"version-history":[{"count":1,"href":"https:\/\/lepatriotebenin.com\/index.php\/wp-json\/wp\/v2\/posts\/8417\/revisions"}],"predecessor-version":[{"id":8419,"href":"https:\/\/lepatriotebenin.com\/index.php\/wp-json\/wp\/v2\/posts\/8417\/revisions\/8419"}],"wp:featuredmedia":[{"embeddable":true,"href":"https:\/\/lepatriotebenin.com\/index.php\/wp-json\/wp\/v2\/media\/8418"}],"wp:attachment":[{"href":"https:\/\/lepatriotebenin.com\/index.php\/wp-json\/wp\/v2\/media?parent=8417"}],"wp:term":[{"taxonomy":"category","embeddable":true,"href":"https:\/\/lepatriotebenin.com\/index.php\/wp-json\/wp\/v2\/categories?post=8417"},{"taxonomy":"post_tag","embeddable":true,"href":"https:\/\/lepatriotebenin.com\/index.php\/wp-json\/wp\/v2\/tags?post=8417"}],"curies":[{"name":"wp","href":"https:\/\/api.w.org\/{rel}","templated":true}]}}