{"id":8413,"date":"2024-10-14T02:38:54","date_gmt":"2024-10-14T00:38:54","guid":{"rendered":"https:\/\/lepatriotebenin.com\/?p=8413"},"modified":"2024-10-14T02:38:55","modified_gmt":"2024-10-14T00:38:55","slug":"pour-leurs-differents-soutiens-les-anciens-prisonniers-politiques-remercient-les-democrates","status":"publish","type":"post","link":"https:\/\/lepatriotebenin.com\/index.php\/2024\/10\/14\/pour-leurs-differents-soutiens-les-anciens-prisonniers-politiques-remercient-les-democrates\/","title":{"rendered":"Pour leurs diff\u00e9rents soutiens: Les anciens prisonniers politiques remercient Les D\u00e9mocrates."},"content":{"rendered":"\n<p><strong>Ce samedi 12 octobre, des anciens prisonniers politiques se sont r\u00e9unis \u00e0 Parakou pour remercier les responsables du parti Les D\u00e9mocrates apr\u00e8s les soutiens qu\u2019ils&nbsp; ont apport\u00e9s pour beaucoup d\u2019entre eux pour faire face \u00e0 diverses difficult\u00e9s, surtout les ennuis de sant\u00e9.<\/strong><\/p>\n\n\n\n<p>Apr\u00e8s les diff\u00e9rents soutiens dont ils ont b\u00e9n\u00e9fici\u00e9s, les anciens prisonniers ont tenu \u00e0 dire \u00ab&nbsp;merci&nbsp;\u00bb aux responsables du parti Les D\u00e9mocrates. En effet, ces derniers les ont assist\u00e9 financi\u00e8rement pour faire face aux diff\u00e9rentes difficult\u00e9s qu\u2019ils ont depuis leurs sorties de prison. En effet, plusieurs parmi eux trainent des maladies pour lesquelles ils ont besoin de soins urgents. Les responsables du parti ont mobilis\u00e9 des ressources pour les aider \u00e0 faire face \u00e0 ces probl\u00e8mes. De fa\u00e7on strat\u00e9gique,&nbsp;le parti a mis en place un programme d&rsquo;accompagnement pour aider les prisonniers politiques&nbsp; \u00e0 se r\u00e9ins\u00e9rer dans la vie civile. Selon plusieurs prisonniers politiques que nous avons rencontr\u00e9s, le parti ne les avait pas abandonn\u00e9s.&nbsp; \u00ab&nbsp;Ils ont fait ce qu&rsquo;ils peuvent&nbsp; faire,&nbsp; quand nous \u00e9tions en prison au moins ils&nbsp; envoyaient p\u00e9riodiquement un peu d\u2019argent pour qu&rsquo;on puisse se nourrir, &nbsp; ce n\u2019est&nbsp; pas beaucoup, mais c&rsquo;est d\u00e9j\u00e0 quelque chose&nbsp;\u00bb a confi\u00e9 l\u2019un d\u2019eux. Le parti a \u00e9galement men\u00e9 plusieurs actions de plaidoirie aupr\u00e8s du pouvoir actuel du B\u00e9nin, des institutions nationales et internationales pour la lib\u00e9ration des prisonniers politiques au B\u00e9nin. Pour leur d\u00e9fense, le parti a \u00e9galement mobilis\u00e9 un coll\u00e8ge d&rsquo;avocats pour les accompagner pendant leurs proc\u00e8s. Ce soutien substantiel provenait des mobilisations financi\u00e8res p\u00e9riodiques organis\u00e9es au sein du parti pour rester solidaires avec les prisonniers politiques. Le parti soutient et r\u00e9affirme son engagement pour la lib\u00e9ration de tous les prisonniers politiques et le retour des exil\u00e9s politiques.<\/p>\n","protected":false},"excerpt":{"rendered":"<p>Ce samedi 12 octobre, des anciens prisonniers politiques se sont r\u00e9unis \u00e0 Parakou pour remercier les responsables du parti Les D\u00e9mocrates apr\u00e8s les soutiens qu\u2019ils&nbsp; ont apport\u00e9s pour beaucoup d\u2019entre&hellip;<\/p>\n","protected":false},"author":2,"featured_media":8415,"comment_status":"open","ping_status":"open","sticky":false,"template":"","format":"standard","meta":{"content-type":"","om_disable_all_campaigns":false,"_monsterinsights_skip_tracking":false,"_monsterinsights_sitenote_active":false,"_monsterinsights_sitenote_note":"","_monsterinsights_sitenote_category":0,"_uf_show_specific_survey":0,"_uf_disable_surveys":false,"footnotes":""},"categories":[26],"tags":[],"class_list":["post-8413","post","type-post","status-publish","format-standard","has-post-thumbnail","hentry","category-politique"],"aioseo_notices":[],"yoast_head":"<!-- This site is optimized with the Yoast SEO plugin v27.5 - https:\/\/yoast.com\/product\/yoast-seo-wordpress\/ -->\n<title>Pour leurs diff\u00e9rents soutiens: Les anciens prisonniers politiques remercient Les D\u00e9mocrates. - Le Patriote<\/title>\n<meta name=\"robots\" content=\"index, follow, max-snippet:-1, max-image-preview:large, max-video-preview:-1\" \/>\n<link rel=\"canonical\" href=\"https:\/\/lepatriotebenin.com\/index.php\/2024\/10\/14\/pour-leurs-differents-soutiens-les-anciens-prisonniers-politiques-remercient-les-democrates\/\" \/>\n<meta property=\"og:locale\" content=\"fr_FR\" \/>\n<meta property=\"og:type\" content=\"article\" \/>\n<meta property=\"og:title\" content=\"Pour leurs diff\u00e9rents soutiens: Les anciens prisonniers politiques remercient Les D\u00e9mocrates. - Le Patriote\" \/>\n<meta property=\"og:description\" content=\"Ce samedi 12 octobre, des anciens prisonniers politiques se sont r\u00e9unis \u00e0 Parakou pour remercier les responsables du parti Les D\u00e9mocrates apr\u00e8s les soutiens qu\u2019ils&nbsp; ont apport\u00e9s pour beaucoup d\u2019entre&hellip;\" \/>\n<meta property=\"og:url\" content=\"https:\/\/lepatriotebenin.com\/index.php\/2024\/10\/14\/pour-leurs-differents-soutiens-les-anciens-prisonniers-politiques-remercient-les-democrates\/\" \/>\n<meta property=\"og:site_name\" content=\"Le Patriote\" \/>\n<meta property=\"article:published_time\" content=\"2024-10-14T00:38:54+00:00\" \/>\n<meta property=\"article:modified_time\" content=\"2024-10-14T00:38:55+00:00\" \/>\n<meta property=\"og:image\" content=\"https:\/\/lepatriotebenin.com\/wp-content\/uploads\/2024\/10\/pri.jpg\" \/>\n\t<meta property=\"og:image:width\" content=\"864\" \/>\n\t<meta property=\"og:image:height\" content=\"1152\" \/>\n\t<meta property=\"og:image:type\" content=\"image\/jpeg\" \/>\n<meta name=\"author\" content=\"Marcel ZOUMENOU\" \/>\n<meta name=\"twitter:card\" content=\"summary_large_image\" \/>\n<meta name=\"twitter:label1\" content=\"\u00c9crit par\" \/>\n\t<meta name=\"twitter:data1\" content=\"Marcel ZOUMENOU\" \/>\n\t<meta name=\"twitter:label2\" content=\"Dur\u00e9e de lecture estim\u00e9e\" \/>\n\t<meta name=\"twitter:data2\" content=\"2 minutes\" \/>\n<script type=\"application\/ld+json\" class=\"yoast-schema-graph\">{\"@context\":\"https:\\\/\\\/schema.org\",\"@graph\":[{\"@type\":\"Article\",\"@id\":\"https:\\\/\\\/lepatriotebenin.com\\\/index.php\\\/2024\\\/10\\\/14\\\/pour-leurs-differents-soutiens-les-anciens-prisonniers-politiques-remercient-les-democrates\\\/#article\",\"isPartOf\":{\"@id\":\"https:\\\/\\\/lepatriotebenin.com\\\/index.php\\\/2024\\\/10\\\/14\\\/pour-leurs-differents-soutiens-les-anciens-prisonniers-politiques-remercient-les-democrates\\\/\"},\"author\":{\"name\":\"Marcel ZOUMENOU\",\"@id\":\"https:\\\/\\\/lepatriotebenin.com\\\/#\\\/schema\\\/person\\\/bc185387219a73c6f2f8698114720c49\"},\"headline\":\"Pour leurs diff\u00e9rents soutiens: Les anciens prisonniers politiques remercient Les D\u00e9mocrates.\",\"datePublished\":\"2024-10-14T00:38:54+00:00\",\"dateModified\":\"2024-10-14T00:38:55+00:00\",\"mainEntityOfPage\":{\"@id\":\"https:\\\/\\\/lepatriotebenin.com\\\/index.php\\\/2024\\\/10\\\/14\\\/pour-leurs-differents-soutiens-les-anciens-prisonniers-politiques-remercient-les-democrates\\\/\"},\"wordCount\":348,\"commentCount\":0,\"image\":{\"@id\":\"https:\\\/\\\/lepatriotebenin.com\\\/index.php\\\/2024\\\/10\\\/14\\\/pour-leurs-differents-soutiens-les-anciens-prisonniers-politiques-remercient-les-democrates\\\/#primaryimage\"},\"thumbnailUrl\":\"https:\\\/\\\/lepatriotebenin.com\\\/wp-content\\\/uploads\\\/2024\\\/10\\\/pri.jpg\",\"articleSection\":[\"Politique\"],\"inLanguage\":\"fr-FR\",\"potentialAction\":[{\"@type\":\"CommentAction\",\"name\":\"Comment\",\"target\":[\"https:\\\/\\\/lepatriotebenin.com\\\/index.php\\\/2024\\\/10\\\/14\\\/pour-leurs-differents-soutiens-les-anciens-prisonniers-politiques-remercient-les-democrates\\\/#respond\"]}]},{\"@type\":\"WebPage\",\"@id\":\"https:\\\/\\\/lepatriotebenin.com\\\/index.php\\\/2024\\\/10\\\/14\\\/pour-leurs-differents-soutiens-les-anciens-prisonniers-politiques-remercient-les-democrates\\\/\",\"url\":\"https:\\\/\\\/lepatriotebenin.com\\\/index.php\\\/2024\\\/10\\\/14\\\/pour-leurs-differents-soutiens-les-anciens-prisonniers-politiques-remercient-les-democrates\\\/\",\"name\":\"Pour leurs diff\u00e9rents soutiens: Les anciens prisonniers politiques remercient Les D\u00e9mocrates. - Le Patriote\",\"isPartOf\":{\"@id\":\"https:\\\/\\\/lepatriotebenin.com\\\/#website\"},\"primaryImageOfPage\":{\"@id\":\"https:\\\/\\\/lepatriotebenin.com\\\/index.php\\\/2024\\\/10\\\/14\\\/pour-leurs-differents-soutiens-les-anciens-prisonniers-politiques-remercient-les-democrates\\\/#primaryimage\"},\"image\":{\"@id\":\"https:\\\/\\\/lepatriotebenin.com\\\/index.php\\\/2024\\\/10\\\/14\\\/pour-leurs-differents-soutiens-les-anciens-prisonniers-politiques-remercient-les-democrates\\\/#primaryimage\"},\"thumbnailUrl\":\"https:\\\/\\\/lepatriotebenin.com\\\/wp-content\\\/uploads\\\/2024\\\/10\\\/pri.jpg\",\"datePublished\":\"2024-10-14T00:38:54+00:00\",\"dateModified\":\"2024-10-14T00:38:55+00:00\",\"author\":{\"@id\":\"https:\\\/\\\/lepatriotebenin.com\\\/#\\\/schema\\\/person\\\/bc185387219a73c6f2f8698114720c49\"},\"breadcrumb\":{\"@id\":\"https:\\\/\\\/lepatriotebenin.com\\\/index.php\\\/2024\\\/10\\\/14\\\/pour-leurs-differents-soutiens-les-anciens-prisonniers-politiques-remercient-les-democrates\\\/#breadcrumb\"},\"inLanguage\":\"fr-FR\",\"potentialAction\":[{\"@type\":\"ReadAction\",\"target\":[\"https:\\\/\\\/lepatriotebenin.com\\\/index.php\\\/2024\\\/10\\\/14\\\/pour-leurs-differents-soutiens-les-anciens-prisonniers-politiques-remercient-les-democrates\\\/\"]}]},{\"@type\":\"ImageObject\",\"inLanguage\":\"fr-FR\",\"@id\":\"https:\\\/\\\/lepatriotebenin.com\\\/index.php\\\/2024\\\/10\\\/14\\\/pour-leurs-differents-soutiens-les-anciens-prisonniers-politiques-remercient-les-democrates\\\/#primaryimage\",\"url\":\"https:\\\/\\\/lepatriotebenin.com\\\/wp-content\\\/uploads\\\/2024\\\/10\\\/pri.jpg\",\"contentUrl\":\"https:\\\/\\\/lepatriotebenin.com\\\/wp-content\\\/uploads\\\/2024\\\/10\\\/pri.jpg\",\"width\":864,\"height\":1152},{\"@type\":\"BreadcrumbList\",\"@id\":\"https:\\\/\\\/lepatriotebenin.com\\\/index.php\\\/2024\\\/10\\\/14\\\/pour-leurs-differents-soutiens-les-anciens-prisonniers-politiques-remercient-les-democrates\\\/#breadcrumb\",\"itemListElement\":[{\"@type\":\"ListItem\",\"position\":1,\"name\":\"Accueil\",\"item\":\"https:\\\/\\\/lepatriotebenin.com\\\/\"},{\"@type\":\"ListItem\",\"position\":2,\"name\":\"Pour leurs diff\u00e9rents soutiens: Les anciens prisonniers politiques remercient Les D\u00e9mocrates.\"}]},{\"@type\":\"WebSite\",\"@id\":\"https:\\\/\\\/lepatriotebenin.com\\\/#website\",\"url\":\"https:\\\/\\\/lepatriotebenin.com\\\/\",\"name\":\"Le Patriote\",\"description\":\"Le Patriote B\u00e9nin\",\"potentialAction\":[{\"@type\":\"SearchAction\",\"target\":{\"@type\":\"EntryPoint\",\"urlTemplate\":\"https:\\\/\\\/lepatriotebenin.com\\\/?s={search_term_string}\"},\"query-input\":{\"@type\":\"PropertyValueSpecification\",\"valueRequired\":true,\"valueName\":\"search_term_string\"}}],\"inLanguage\":\"fr-FR\"},{\"@type\":\"Person\",\"@id\":\"https:\\\/\\\/lepatriotebenin.com\\\/#\\\/schema\\\/person\\\/bc185387219a73c6f2f8698114720c49\",\"name\":\"Marcel ZOUMENOU\",\"image\":{\"@type\":\"ImageObject\",\"inLanguage\":\"fr-FR\",\"@id\":\"https:\\\/\\\/secure.gravatar.com\\\/avatar\\\/55e60188ee1ca2050a14675489f7856c575861edc734548164d100bdb6565472?s=96&d=mm&r=g\",\"url\":\"https:\\\/\\\/secure.gravatar.com\\\/avatar\\\/55e60188ee1ca2050a14675489f7856c575861edc734548164d100bdb6565472?s=96&d=mm&r=g\",\"contentUrl\":\"https:\\\/\\\/secure.gravatar.com\\\/avatar\\\/55e60188ee1ca2050a14675489f7856c575861edc734548164d100bdb6565472?s=96&d=mm&r=g\",\"caption\":\"Marcel ZOUMENOU\"},\"url\":\"https:\\\/\\\/lepatriotebenin.com\"}]}<\/script>\n<!-- \/ Yoast SEO plugin. -->","yoast_head_json":{"title":"Pour leurs diff\u00e9rents soutiens: Les anciens prisonniers politiques remercient Les D\u00e9mocrates. - Le Patriote","robots":{"index":"index","follow":"follow","max-snippet":"max-snippet:-1","max-image-preview":"max-image-preview:large","max-video-preview":"max-video-preview:-1"},"canonical":"https:\/\/lepatriotebenin.com\/index.php\/2024\/10\/14\/pour-leurs-differents-soutiens-les-anciens-prisonniers-politiques-remercient-les-democrates\/","og_locale":"fr_FR","og_type":"article","og_title":"Pour leurs diff\u00e9rents soutiens: Les anciens prisonniers politiques remercient Les D\u00e9mocrates. - Le Patriote","og_description":"Ce samedi 12 octobre, des anciens prisonniers politiques se sont r\u00e9unis \u00e0 Parakou pour remercier les responsables du parti Les D\u00e9mocrates apr\u00e8s les soutiens qu\u2019ils&nbsp; ont apport\u00e9s pour beaucoup d\u2019entre&hellip;","og_url":"https:\/\/lepatriotebenin.com\/index.php\/2024\/10\/14\/pour-leurs-differents-soutiens-les-anciens-prisonniers-politiques-remercient-les-democrates\/","og_site_name":"Le Patriote","article_published_time":"2024-10-14T00:38:54+00:00","article_modified_time":"2024-10-14T00:38:55+00:00","og_image":[{"width":864,"height":1152,"url":"https:\/\/lepatriotebenin.com\/wp-content\/uploads\/2024\/10\/pri.jpg","type":"image\/jpeg"}],"author":"Marcel ZOUMENOU","twitter_card":"summary_large_image","twitter_misc":{"\u00c9crit par":"Marcel ZOUMENOU","Dur\u00e9e de lecture estim\u00e9e":"2 minutes"},"schema":{"@context":"https:\/\/schema.org","@graph":[{"@type":"Article","@id":"https:\/\/lepatriotebenin.com\/index.php\/2024\/10\/14\/pour-leurs-differents-soutiens-les-anciens-prisonniers-politiques-remercient-les-democrates\/#article","isPartOf":{"@id":"https:\/\/lepatriotebenin.com\/index.php\/2024\/10\/14\/pour-leurs-differents-soutiens-les-anciens-prisonniers-politiques-remercient-les-democrates\/"},"author":{"name":"Marcel ZOUMENOU","@id":"https:\/\/lepatriotebenin.com\/#\/schema\/person\/bc185387219a73c6f2f8698114720c49"},"headline":"Pour leurs diff\u00e9rents soutiens: Les anciens prisonniers politiques remercient Les D\u00e9mocrates.","datePublished":"2024-10-14T00:38:54+00:00","dateModified":"2024-10-14T00:38:55+00:00","mainEntityOfPage":{"@id":"https:\/\/lepatriotebenin.com\/index.php\/2024\/10\/14\/pour-leurs-differents-soutiens-les-anciens-prisonniers-politiques-remercient-les-democrates\/"},"wordCount":348,"commentCount":0,"image":{"@id":"https:\/\/lepatriotebenin.com\/index.php\/2024\/10\/14\/pour-leurs-differents-soutiens-les-anciens-prisonniers-politiques-remercient-les-democrates\/#primaryimage"},"thumbnailUrl":"https:\/\/lepatriotebenin.com\/wp-content\/uploads\/2024\/10\/pri.jpg","articleSection":["Politique"],"inLanguage":"fr-FR","potentialAction":[{"@type":"CommentAction","name":"Comment","target":["https:\/\/lepatriotebenin.com\/index.php\/2024\/10\/14\/pour-leurs-differents-soutiens-les-anciens-prisonniers-politiques-remercient-les-democrates\/#respond"]}]},{"@type":"WebPage","@id":"https:\/\/lepatriotebenin.com\/index.php\/2024\/10\/14\/pour-leurs-differents-soutiens-les-anciens-prisonniers-politiques-remercient-les-democrates\/","url":"https:\/\/lepatriotebenin.com\/index.php\/2024\/10\/14\/pour-leurs-differents-soutiens-les-anciens-prisonniers-politiques-remercient-les-democrates\/","name":"Pour leurs diff\u00e9rents soutiens: Les anciens prisonniers politiques remercient Les D\u00e9mocrates. - Le Patriote","isPartOf":{"@id":"https:\/\/lepatriotebenin.com\/#website"},"primaryImageOfPage":{"@id":"https:\/\/lepatriotebenin.com\/index.php\/2024\/10\/14\/pour-leurs-differents-soutiens-les-anciens-prisonniers-politiques-remercient-les-democrates\/#primaryimage"},"image":{"@id":"https:\/\/lepatriotebenin.com\/index.php\/2024\/10\/14\/pour-leurs-differents-soutiens-les-anciens-prisonniers-politiques-remercient-les-democrates\/#primaryimage"},"thumbnailUrl":"https:\/\/lepatriotebenin.com\/wp-content\/uploads\/2024\/10\/pri.jpg","datePublished":"2024-10-14T00:38:54+00:00","dateModified":"2024-10-14T00:38:55+00:00","author":{"@id":"https:\/\/lepatriotebenin.com\/#\/schema\/person\/bc185387219a73c6f2f8698114720c49"},"breadcrumb":{"@id":"https:\/\/lepatriotebenin.com\/index.php\/2024\/10\/14\/pour-leurs-differents-soutiens-les-anciens-prisonniers-politiques-remercient-les-democrates\/#breadcrumb"},"inLanguage":"fr-FR","potentialAction":[{"@type":"ReadAction","target":["https:\/\/lepatriotebenin.com\/index.php\/2024\/10\/14\/pour-leurs-differents-soutiens-les-anciens-prisonniers-politiques-remercient-les-democrates\/"]}]},{"@type":"ImageObject","inLanguage":"fr-FR","@id":"https:\/\/lepatriotebenin.com\/index.php\/2024\/10\/14\/pour-leurs-differents-soutiens-les-anciens-prisonniers-politiques-remercient-les-democrates\/#primaryimage","url":"https:\/\/lepatriotebenin.com\/wp-content\/uploads\/2024\/10\/pri.jpg","contentUrl":"https:\/\/lepatriotebenin.com\/wp-content\/uploads\/2024\/10\/pri.jpg","width":864,"height":1152},{"@type":"BreadcrumbList","@id":"https:\/\/lepatriotebenin.com\/index.php\/2024\/10\/14\/pour-leurs-differents-soutiens-les-anciens-prisonniers-politiques-remercient-les-democrates\/#breadcrumb","itemListElement":[{"@type":"ListItem","position":1,"name":"Accueil","item":"https:\/\/lepatriotebenin.com\/"},{"@type":"ListItem","position":2,"name":"Pour leurs diff\u00e9rents soutiens: Les anciens prisonniers politiques remercient Les D\u00e9mocrates."}]},{"@type":"WebSite","@id":"https:\/\/lepatriotebenin.com\/#website","url":"https:\/\/lepatriotebenin.com\/","name":"Le Patriote","description":"Le Patriote B\u00e9nin","potentialAction":[{"@type":"SearchAction","target":{"@type":"EntryPoint","urlTemplate":"https:\/\/lepatriotebenin.com\/?s={search_term_string}"},"query-input":{"@type":"PropertyValueSpecification","valueRequired":true,"valueName":"search_term_string"}}],"inLanguage":"fr-FR"},{"@type":"Person","@id":"https:\/\/lepatriotebenin.com\/#\/schema\/person\/bc185387219a73c6f2f8698114720c49","name":"Marcel ZOUMENOU","image":{"@type":"ImageObject","inLanguage":"fr-FR","@id":"https:\/\/secure.gravatar.com\/avatar\/55e60188ee1ca2050a14675489f7856c575861edc734548164d100bdb6565472?s=96&d=mm&r=g","url":"https:\/\/secure.gravatar.com\/avatar\/55e60188ee1ca2050a14675489f7856c575861edc734548164d100bdb6565472?s=96&d=mm&r=g","contentUrl":"https:\/\/secure.gravatar.com\/avatar\/55e60188ee1ca2050a14675489f7856c575861edc734548164d100bdb6565472?s=96&d=mm&r=g","caption":"Marcel ZOUMENOU"},"url":"https:\/\/lepatriotebenin.com"}]}},"_links":{"self":[{"href":"https:\/\/lepatriotebenin.com\/index.php\/wp-json\/wp\/v2\/posts\/8413","targetHints":{"allow":["GET"]}}],"collection":[{"href":"https:\/\/lepatriotebenin.com\/index.php\/wp-json\/wp\/v2\/posts"}],"about":[{"href":"https:\/\/lepatriotebenin.com\/index.php\/wp-json\/wp\/v2\/types\/post"}],"author":[{"embeddable":true,"href":"https:\/\/lepatriotebenin.com\/index.php\/wp-json\/wp\/v2\/users\/2"}],"replies":[{"embeddable":true,"href":"https:\/\/lepatriotebenin.com\/index.php\/wp-json\/wp\/v2\/comments?post=8413"}],"version-history":[{"count":1,"href":"https:\/\/lepatriotebenin.com\/index.php\/wp-json\/wp\/v2\/posts\/8413\/revisions"}],"predecessor-version":[{"id":8416,"href":"https:\/\/lepatriotebenin.com\/index.php\/wp-json\/wp\/v2\/posts\/8413\/revisions\/8416"}],"wp:featuredmedia":[{"embeddable":true,"href":"https:\/\/lepatriotebenin.com\/index.php\/wp-json\/wp\/v2\/media\/8415"}],"wp:attachment":[{"href":"https:\/\/lepatriotebenin.com\/index.php\/wp-json\/wp\/v2\/media?parent=8413"}],"wp:term":[{"taxonomy":"category","embeddable":true,"href":"https:\/\/lepatriotebenin.com\/index.php\/wp-json\/wp\/v2\/categories?post=8413"},{"taxonomy":"post_tag","embeddable":true,"href":"https:\/\/lepatriotebenin.com\/index.php\/wp-json\/wp\/v2\/tags?post=8413"}],"curies":[{"name":"wp","href":"https:\/\/api.w.org\/{rel}","templated":true}]}}