{"id":8400,"date":"2024-10-12T20:12:38","date_gmt":"2024-10-12T18:12:38","guid":{"rendered":"https:\/\/lepatriotebenin.com\/?p=8400"},"modified":"2024-10-12T20:12:50","modified_gmt":"2024-10-12T18:12:50","slug":"crise-securitaire-au-liban-le-gouvernement-algerien-rapatrie-ses-ressortissants","status":"publish","type":"post","link":"https:\/\/lepatriotebenin.com\/index.php\/2024\/10\/12\/crise-securitaire-au-liban-le-gouvernement-algerien-rapatrie-ses-ressortissants\/","title":{"rendered":"Crise s\u00e9curitaire\u00a0au Liban :Le gouvernement alg\u00e9rien rapatrie ses ressortissants"},"content":{"rendered":"\n<p><strong>L&rsquo;Alg\u00e9rie a entam\u00e9, ce vendredi 11 octobre 2024 , l&rsquo;op\u00e9ration de rapatriement de ses ressortissants \u00e9tablis au Liban. Selon plusieurs sources alg\u00e9riennes, c&rsquo;est le minist\u00e8re alg\u00e9rien des Affaires \u00e9trang\u00e8res qui a rendu public cette operation de rapatriement \u00a0\u00a0dans \u00a0un communiqu\u00e9.<\/strong><\/p>\n\n\n\n<p><strong>Trois-cent-six (306)<\/strong> ressortissants alg\u00e9riens rapatri\u00e9s du Liban ont foul\u00e9 le sol alg\u00e9rien , ce vendredi \u00e0 l&rsquo;A\u00e9roport international <strong>Houari Boumediene (<\/strong>Alger). Il s&rsquo;agit d&rsquo;une d\u00e9cision qu&rsquo;a prise le Pr\u00e9sident de la R\u00e9publique alg\u00e9rienne, M. <strong>Abdelmadjid Tebboune<\/strong> afin de preserver la vie de ses compatriots vivant au Liban o\u00f9 s\u00e9vit actuellement une escalade&nbsp; militaire sans pr\u00e9c\u00e9dent.<\/p>\n\n\n\n<p>Selon le plan de l&rsquo;op\u00e9ration de rapatriement annonc\u00e9 \u00e0 travers le communiqu\u00e9, les ressortissants alg\u00e9riens ont \u00e9t\u00e9 transf\u00e9r\u00e9s de l&rsquo;a\u00e9roport international <strong>Rafic Hariri<\/strong> de <strong>Beyrouth<\/strong> vers l&rsquo;a\u00e9roport international du <strong>Caire<\/strong>, en <strong>Egypte,<\/strong> \u00e0 bord de deux vols sp\u00e9cialement mobilis\u00e9s pour cette op\u00e9ration<em>.\u00abLa compagnie a\u00e9rienne Air Alg\u00e9rie assurera ult\u00e9rieurement leur transport vers l&rsquo;Alg\u00e9rie \u00bb<\/em>, indique le communiqu\u00e9.<\/p>\n\n\n\n<p>Aussi, en vue de tranquilliser les familles &nbsp;des Alg\u00e9riens au Liban,le document du d\u00e9partement de <strong>Ahmed Attaf<\/strong>, ministre des affaires \u00e9trang\u00e8res alg\u00e9rien, a rassur\u00e9 qu\u2019\u00ab<em>en application des instructions du pr\u00e9sident alg\u00e9rien, Abdelmadjid Tebboune, concernant la prise en charge des membres de la communaut\u00e9 alg\u00e9rienne \u00e9tablie dans ce pays, le minist\u00e8re des Affaires \u00e9trang\u00e8res et de la Communaut\u00e9 nationale \u00e0 l\u2019\u00e9tranger<\/em>\u00bb, la repr\u00e9sentation diplomatique au Liban,<em>\u00abne m\u00e9nagera aucun effort pour se tenir aux c\u00f4t\u00e9s de ses enfants \u00e0 l\u2019\u00e9tranger dans les moments de joie ou de peine<\/em>\u00bb.<\/p>\n\n\n\n<p><em>\u00abTous les moyens ont \u00e9t\u00e9 mobilis\u00e9s pour assurer le succ\u00e8s de cette op\u00e9ration et permettre aux membres de notre communaut\u00e9 de regagner le pays dans les meilleures conditions<\/em> \u00bb, a indiqu\u00e9 &nbsp;le minist\u00e8re alg\u00e9rien, ajoutant que d\u2019autres op\u00e9rations de rapatriement seront organis\u00e9es, si besoin est.<\/p>\n\n\n\n<p>Par ailleurs, <em>\u00ab l\u2019Alg\u00e9rie esp\u00e8re sinc\u00e8rement que la situation en Palestine et au Liban conna\u00eetra prochainement un d\u00e9nouement positif et que la paix et la stabilit\u00e9 reviendront dans ces r\u00e9gions ch\u00e8res \u00e0 tous les Alg\u00e9riens \u00bb, a soulign\u00e9 la meme source <\/em>.<\/p>\n\n\n\n<p><strong>Ez\u00e9chiel D. Padonou<\/strong><\/p>\n","protected":false},"excerpt":{"rendered":"<p>L&rsquo;Alg\u00e9rie a entam\u00e9, ce vendredi 11 octobre 2024 , l&rsquo;op\u00e9ration de rapatriement de ses ressortissants \u00e9tablis au Liban. Selon plusieurs sources alg\u00e9riennes, c&rsquo;est le minist\u00e8re alg\u00e9rien des Affaires \u00e9trang\u00e8res qui&hellip;<\/p>\n","protected":false},"author":5,"featured_media":8401,"comment_status":"open","ping_status":"open","sticky":false,"template":"","format":"standard","meta":{"content-type":"","om_disable_all_campaigns":false,"_monsterinsights_skip_tracking":false,"_monsterinsights_sitenote_active":false,"_monsterinsights_sitenote_note":"","_monsterinsights_sitenote_category":0,"_uf_show_specific_survey":0,"_uf_disable_surveys":false,"footnotes":""},"categories":[9],"tags":[],"class_list":["post-8400","post","type-post","status-publish","format-standard","has-post-thumbnail","hentry","category-uncategorized"],"aioseo_notices":[],"yoast_head":"<!-- This site is optimized with the Yoast SEO plugin v27.5 - https:\/\/yoast.com\/product\/yoast-seo-wordpress\/ -->\n<title>Crise s\u00e9curitaire\u00a0au Liban :Le gouvernement alg\u00e9rien rapatrie ses ressortissants - Le Patriote<\/title>\n<meta name=\"robots\" content=\"index, follow, max-snippet:-1, max-image-preview:large, max-video-preview:-1\" \/>\n<link rel=\"canonical\" href=\"https:\/\/lepatriotebenin.com\/index.php\/2024\/10\/12\/crise-securitaire-au-liban-le-gouvernement-algerien-rapatrie-ses-ressortissants\/\" \/>\n<meta property=\"og:locale\" content=\"fr_FR\" \/>\n<meta property=\"og:type\" content=\"article\" \/>\n<meta property=\"og:title\" content=\"Crise s\u00e9curitaire\u00a0au Liban :Le gouvernement alg\u00e9rien rapatrie ses ressortissants - Le Patriote\" \/>\n<meta property=\"og:description\" content=\"L&rsquo;Alg\u00e9rie a entam\u00e9, ce vendredi 11 octobre 2024 , l&rsquo;op\u00e9ration de rapatriement de ses ressortissants \u00e9tablis au Liban. Selon plusieurs sources alg\u00e9riennes, c&rsquo;est le minist\u00e8re alg\u00e9rien des Affaires \u00e9trang\u00e8res qui&hellip;\" \/>\n<meta property=\"og:url\" content=\"https:\/\/lepatriotebenin.com\/index.php\/2024\/10\/12\/crise-securitaire-au-liban-le-gouvernement-algerien-rapatrie-ses-ressortissants\/\" \/>\n<meta property=\"og:site_name\" content=\"Le Patriote\" \/>\n<meta property=\"article:published_time\" content=\"2024-10-12T18:12:38+00:00\" \/>\n<meta property=\"article:modified_time\" content=\"2024-10-12T18:12:50+00:00\" \/>\n<meta property=\"og:image\" content=\"https:\/\/lepatriotebenin.com\/wp-content\/uploads\/2024\/10\/algerie.jpeg\" \/>\n\t<meta property=\"og:image:width\" content=\"640\" \/>\n\t<meta property=\"og:image:height\" content=\"359\" \/>\n\t<meta property=\"og:image:type\" content=\"image\/jpeg\" \/>\n<meta name=\"author\" content=\"Redaction\" \/>\n<meta name=\"twitter:card\" content=\"summary_large_image\" \/>\n<meta name=\"twitter:label1\" content=\"\u00c9crit par\" \/>\n\t<meta name=\"twitter:data1\" content=\"Redaction\" \/>\n\t<meta name=\"twitter:label2\" content=\"Dur\u00e9e de lecture estim\u00e9e\" \/>\n\t<meta name=\"twitter:data2\" content=\"2 minutes\" \/>\n<script type=\"application\/ld+json\" class=\"yoast-schema-graph\">{\"@context\":\"https:\\\/\\\/schema.org\",\"@graph\":[{\"@type\":\"Article\",\"@id\":\"https:\\\/\\\/lepatriotebenin.com\\\/index.php\\\/2024\\\/10\\\/12\\\/crise-securitaire-au-liban-le-gouvernement-algerien-rapatrie-ses-ressortissants\\\/#article\",\"isPartOf\":{\"@id\":\"https:\\\/\\\/lepatriotebenin.com\\\/index.php\\\/2024\\\/10\\\/12\\\/crise-securitaire-au-liban-le-gouvernement-algerien-rapatrie-ses-ressortissants\\\/\"},\"author\":{\"name\":\"Redaction\",\"@id\":\"https:\\\/\\\/lepatriotebenin.com\\\/#\\\/schema\\\/person\\\/2e7709b9c9cc313e452d1136af61690f\"},\"headline\":\"Crise s\u00e9curitaire\u00a0au Liban :Le gouvernement alg\u00e9rien rapatrie ses ressortissants\",\"datePublished\":\"2024-10-12T18:12:38+00:00\",\"dateModified\":\"2024-10-12T18:12:50+00:00\",\"mainEntityOfPage\":{\"@id\":\"https:\\\/\\\/lepatriotebenin.com\\\/index.php\\\/2024\\\/10\\\/12\\\/crise-securitaire-au-liban-le-gouvernement-algerien-rapatrie-ses-ressortissants\\\/\"},\"wordCount\":404,\"commentCount\":0,\"image\":{\"@id\":\"https:\\\/\\\/lepatriotebenin.com\\\/index.php\\\/2024\\\/10\\\/12\\\/crise-securitaire-au-liban-le-gouvernement-algerien-rapatrie-ses-ressortissants\\\/#primaryimage\"},\"thumbnailUrl\":\"https:\\\/\\\/lepatriotebenin.com\\\/wp-content\\\/uploads\\\/2024\\\/10\\\/algerie.jpeg\",\"articleSection\":[\"Uncategorized\"],\"inLanguage\":\"fr-FR\",\"potentialAction\":[{\"@type\":\"CommentAction\",\"name\":\"Comment\",\"target\":[\"https:\\\/\\\/lepatriotebenin.com\\\/index.php\\\/2024\\\/10\\\/12\\\/crise-securitaire-au-liban-le-gouvernement-algerien-rapatrie-ses-ressortissants\\\/#respond\"]}]},{\"@type\":\"WebPage\",\"@id\":\"https:\\\/\\\/lepatriotebenin.com\\\/index.php\\\/2024\\\/10\\\/12\\\/crise-securitaire-au-liban-le-gouvernement-algerien-rapatrie-ses-ressortissants\\\/\",\"url\":\"https:\\\/\\\/lepatriotebenin.com\\\/index.php\\\/2024\\\/10\\\/12\\\/crise-securitaire-au-liban-le-gouvernement-algerien-rapatrie-ses-ressortissants\\\/\",\"name\":\"Crise s\u00e9curitaire\u00a0au Liban :Le gouvernement alg\u00e9rien rapatrie ses ressortissants - Le Patriote\",\"isPartOf\":{\"@id\":\"https:\\\/\\\/lepatriotebenin.com\\\/#website\"},\"primaryImageOfPage\":{\"@id\":\"https:\\\/\\\/lepatriotebenin.com\\\/index.php\\\/2024\\\/10\\\/12\\\/crise-securitaire-au-liban-le-gouvernement-algerien-rapatrie-ses-ressortissants\\\/#primaryimage\"},\"image\":{\"@id\":\"https:\\\/\\\/lepatriotebenin.com\\\/index.php\\\/2024\\\/10\\\/12\\\/crise-securitaire-au-liban-le-gouvernement-algerien-rapatrie-ses-ressortissants\\\/#primaryimage\"},\"thumbnailUrl\":\"https:\\\/\\\/lepatriotebenin.com\\\/wp-content\\\/uploads\\\/2024\\\/10\\\/algerie.jpeg\",\"datePublished\":\"2024-10-12T18:12:38+00:00\",\"dateModified\":\"2024-10-12T18:12:50+00:00\",\"author\":{\"@id\":\"https:\\\/\\\/lepatriotebenin.com\\\/#\\\/schema\\\/person\\\/2e7709b9c9cc313e452d1136af61690f\"},\"breadcrumb\":{\"@id\":\"https:\\\/\\\/lepatriotebenin.com\\\/index.php\\\/2024\\\/10\\\/12\\\/crise-securitaire-au-liban-le-gouvernement-algerien-rapatrie-ses-ressortissants\\\/#breadcrumb\"},\"inLanguage\":\"fr-FR\",\"potentialAction\":[{\"@type\":\"ReadAction\",\"target\":[\"https:\\\/\\\/lepatriotebenin.com\\\/index.php\\\/2024\\\/10\\\/12\\\/crise-securitaire-au-liban-le-gouvernement-algerien-rapatrie-ses-ressortissants\\\/\"]}]},{\"@type\":\"ImageObject\",\"inLanguage\":\"fr-FR\",\"@id\":\"https:\\\/\\\/lepatriotebenin.com\\\/index.php\\\/2024\\\/10\\\/12\\\/crise-securitaire-au-liban-le-gouvernement-algerien-rapatrie-ses-ressortissants\\\/#primaryimage\",\"url\":\"https:\\\/\\\/lepatriotebenin.com\\\/wp-content\\\/uploads\\\/2024\\\/10\\\/algerie.jpeg\",\"contentUrl\":\"https:\\\/\\\/lepatriotebenin.com\\\/wp-content\\\/uploads\\\/2024\\\/10\\\/algerie.jpeg\",\"width\":640,\"height\":359},{\"@type\":\"BreadcrumbList\",\"@id\":\"https:\\\/\\\/lepatriotebenin.com\\\/index.php\\\/2024\\\/10\\\/12\\\/crise-securitaire-au-liban-le-gouvernement-algerien-rapatrie-ses-ressortissants\\\/#breadcrumb\",\"itemListElement\":[{\"@type\":\"ListItem\",\"position\":1,\"name\":\"Accueil\",\"item\":\"https:\\\/\\\/lepatriotebenin.com\\\/\"},{\"@type\":\"ListItem\",\"position\":2,\"name\":\"Crise s\u00e9curitaire\u00a0au Liban :Le gouvernement alg\u00e9rien rapatrie ses ressortissants\"}]},{\"@type\":\"WebSite\",\"@id\":\"https:\\\/\\\/lepatriotebenin.com\\\/#website\",\"url\":\"https:\\\/\\\/lepatriotebenin.com\\\/\",\"name\":\"Le Patriote\",\"description\":\"Le Patriote B\u00e9nin\",\"potentialAction\":[{\"@type\":\"SearchAction\",\"target\":{\"@type\":\"EntryPoint\",\"urlTemplate\":\"https:\\\/\\\/lepatriotebenin.com\\\/?s={search_term_string}\"},\"query-input\":{\"@type\":\"PropertyValueSpecification\",\"valueRequired\":true,\"valueName\":\"search_term_string\"}}],\"inLanguage\":\"fr-FR\"},{\"@type\":\"Person\",\"@id\":\"https:\\\/\\\/lepatriotebenin.com\\\/#\\\/schema\\\/person\\\/2e7709b9c9cc313e452d1136af61690f\",\"name\":\"Redaction\",\"image\":{\"@type\":\"ImageObject\",\"inLanguage\":\"fr-FR\",\"@id\":\"https:\\\/\\\/secure.gravatar.com\\\/avatar\\\/c4c509357859ea2ca2cbb6d8812898a73e4ef1ef9934c2e591d7e32face734d1?s=96&d=mm&r=g\",\"url\":\"https:\\\/\\\/secure.gravatar.com\\\/avatar\\\/c4c509357859ea2ca2cbb6d8812898a73e4ef1ef9934c2e591d7e32face734d1?s=96&d=mm&r=g\",\"contentUrl\":\"https:\\\/\\\/secure.gravatar.com\\\/avatar\\\/c4c509357859ea2ca2cbb6d8812898a73e4ef1ef9934c2e591d7e32face734d1?s=96&d=mm&r=g\",\"caption\":\"Redaction\"},\"url\":\"https:\\\/\\\/lepatriotebenin.com\"}]}<\/script>\n<!-- \/ Yoast SEO plugin. -->","yoast_head_json":{"title":"Crise s\u00e9curitaire\u00a0au Liban :Le gouvernement alg\u00e9rien rapatrie ses ressortissants - Le Patriote","robots":{"index":"index","follow":"follow","max-snippet":"max-snippet:-1","max-image-preview":"max-image-preview:large","max-video-preview":"max-video-preview:-1"},"canonical":"https:\/\/lepatriotebenin.com\/index.php\/2024\/10\/12\/crise-securitaire-au-liban-le-gouvernement-algerien-rapatrie-ses-ressortissants\/","og_locale":"fr_FR","og_type":"article","og_title":"Crise s\u00e9curitaire\u00a0au Liban :Le gouvernement alg\u00e9rien rapatrie ses ressortissants - Le Patriote","og_description":"L&rsquo;Alg\u00e9rie a entam\u00e9, ce vendredi 11 octobre 2024 , l&rsquo;op\u00e9ration de rapatriement de ses ressortissants \u00e9tablis au Liban. Selon plusieurs sources alg\u00e9riennes, c&rsquo;est le minist\u00e8re alg\u00e9rien des Affaires \u00e9trang\u00e8res qui&hellip;","og_url":"https:\/\/lepatriotebenin.com\/index.php\/2024\/10\/12\/crise-securitaire-au-liban-le-gouvernement-algerien-rapatrie-ses-ressortissants\/","og_site_name":"Le Patriote","article_published_time":"2024-10-12T18:12:38+00:00","article_modified_time":"2024-10-12T18:12:50+00:00","og_image":[{"width":640,"height":359,"url":"https:\/\/lepatriotebenin.com\/wp-content\/uploads\/2024\/10\/algerie.jpeg","type":"image\/jpeg"}],"author":"Redaction","twitter_card":"summary_large_image","twitter_misc":{"\u00c9crit par":"Redaction","Dur\u00e9e de lecture estim\u00e9e":"2 minutes"},"schema":{"@context":"https:\/\/schema.org","@graph":[{"@type":"Article","@id":"https:\/\/lepatriotebenin.com\/index.php\/2024\/10\/12\/crise-securitaire-au-liban-le-gouvernement-algerien-rapatrie-ses-ressortissants\/#article","isPartOf":{"@id":"https:\/\/lepatriotebenin.com\/index.php\/2024\/10\/12\/crise-securitaire-au-liban-le-gouvernement-algerien-rapatrie-ses-ressortissants\/"},"author":{"name":"Redaction","@id":"https:\/\/lepatriotebenin.com\/#\/schema\/person\/2e7709b9c9cc313e452d1136af61690f"},"headline":"Crise s\u00e9curitaire\u00a0au Liban :Le gouvernement alg\u00e9rien rapatrie ses ressortissants","datePublished":"2024-10-12T18:12:38+00:00","dateModified":"2024-10-12T18:12:50+00:00","mainEntityOfPage":{"@id":"https:\/\/lepatriotebenin.com\/index.php\/2024\/10\/12\/crise-securitaire-au-liban-le-gouvernement-algerien-rapatrie-ses-ressortissants\/"},"wordCount":404,"commentCount":0,"image":{"@id":"https:\/\/lepatriotebenin.com\/index.php\/2024\/10\/12\/crise-securitaire-au-liban-le-gouvernement-algerien-rapatrie-ses-ressortissants\/#primaryimage"},"thumbnailUrl":"https:\/\/lepatriotebenin.com\/wp-content\/uploads\/2024\/10\/algerie.jpeg","articleSection":["Uncategorized"],"inLanguage":"fr-FR","potentialAction":[{"@type":"CommentAction","name":"Comment","target":["https:\/\/lepatriotebenin.com\/index.php\/2024\/10\/12\/crise-securitaire-au-liban-le-gouvernement-algerien-rapatrie-ses-ressortissants\/#respond"]}]},{"@type":"WebPage","@id":"https:\/\/lepatriotebenin.com\/index.php\/2024\/10\/12\/crise-securitaire-au-liban-le-gouvernement-algerien-rapatrie-ses-ressortissants\/","url":"https:\/\/lepatriotebenin.com\/index.php\/2024\/10\/12\/crise-securitaire-au-liban-le-gouvernement-algerien-rapatrie-ses-ressortissants\/","name":"Crise s\u00e9curitaire\u00a0au Liban :Le gouvernement alg\u00e9rien rapatrie ses ressortissants - Le Patriote","isPartOf":{"@id":"https:\/\/lepatriotebenin.com\/#website"},"primaryImageOfPage":{"@id":"https:\/\/lepatriotebenin.com\/index.php\/2024\/10\/12\/crise-securitaire-au-liban-le-gouvernement-algerien-rapatrie-ses-ressortissants\/#primaryimage"},"image":{"@id":"https:\/\/lepatriotebenin.com\/index.php\/2024\/10\/12\/crise-securitaire-au-liban-le-gouvernement-algerien-rapatrie-ses-ressortissants\/#primaryimage"},"thumbnailUrl":"https:\/\/lepatriotebenin.com\/wp-content\/uploads\/2024\/10\/algerie.jpeg","datePublished":"2024-10-12T18:12:38+00:00","dateModified":"2024-10-12T18:12:50+00:00","author":{"@id":"https:\/\/lepatriotebenin.com\/#\/schema\/person\/2e7709b9c9cc313e452d1136af61690f"},"breadcrumb":{"@id":"https:\/\/lepatriotebenin.com\/index.php\/2024\/10\/12\/crise-securitaire-au-liban-le-gouvernement-algerien-rapatrie-ses-ressortissants\/#breadcrumb"},"inLanguage":"fr-FR","potentialAction":[{"@type":"ReadAction","target":["https:\/\/lepatriotebenin.com\/index.php\/2024\/10\/12\/crise-securitaire-au-liban-le-gouvernement-algerien-rapatrie-ses-ressortissants\/"]}]},{"@type":"ImageObject","inLanguage":"fr-FR","@id":"https:\/\/lepatriotebenin.com\/index.php\/2024\/10\/12\/crise-securitaire-au-liban-le-gouvernement-algerien-rapatrie-ses-ressortissants\/#primaryimage","url":"https:\/\/lepatriotebenin.com\/wp-content\/uploads\/2024\/10\/algerie.jpeg","contentUrl":"https:\/\/lepatriotebenin.com\/wp-content\/uploads\/2024\/10\/algerie.jpeg","width":640,"height":359},{"@type":"BreadcrumbList","@id":"https:\/\/lepatriotebenin.com\/index.php\/2024\/10\/12\/crise-securitaire-au-liban-le-gouvernement-algerien-rapatrie-ses-ressortissants\/#breadcrumb","itemListElement":[{"@type":"ListItem","position":1,"name":"Accueil","item":"https:\/\/lepatriotebenin.com\/"},{"@type":"ListItem","position":2,"name":"Crise s\u00e9curitaire\u00a0au Liban :Le gouvernement alg\u00e9rien rapatrie ses ressortissants"}]},{"@type":"WebSite","@id":"https:\/\/lepatriotebenin.com\/#website","url":"https:\/\/lepatriotebenin.com\/","name":"Le Patriote","description":"Le Patriote B\u00e9nin","potentialAction":[{"@type":"SearchAction","target":{"@type":"EntryPoint","urlTemplate":"https:\/\/lepatriotebenin.com\/?s={search_term_string}"},"query-input":{"@type":"PropertyValueSpecification","valueRequired":true,"valueName":"search_term_string"}}],"inLanguage":"fr-FR"},{"@type":"Person","@id":"https:\/\/lepatriotebenin.com\/#\/schema\/person\/2e7709b9c9cc313e452d1136af61690f","name":"Redaction","image":{"@type":"ImageObject","inLanguage":"fr-FR","@id":"https:\/\/secure.gravatar.com\/avatar\/c4c509357859ea2ca2cbb6d8812898a73e4ef1ef9934c2e591d7e32face734d1?s=96&d=mm&r=g","url":"https:\/\/secure.gravatar.com\/avatar\/c4c509357859ea2ca2cbb6d8812898a73e4ef1ef9934c2e591d7e32face734d1?s=96&d=mm&r=g","contentUrl":"https:\/\/secure.gravatar.com\/avatar\/c4c509357859ea2ca2cbb6d8812898a73e4ef1ef9934c2e591d7e32face734d1?s=96&d=mm&r=g","caption":"Redaction"},"url":"https:\/\/lepatriotebenin.com"}]}},"_links":{"self":[{"href":"https:\/\/lepatriotebenin.com\/index.php\/wp-json\/wp\/v2\/posts\/8400","targetHints":{"allow":["GET"]}}],"collection":[{"href":"https:\/\/lepatriotebenin.com\/index.php\/wp-json\/wp\/v2\/posts"}],"about":[{"href":"https:\/\/lepatriotebenin.com\/index.php\/wp-json\/wp\/v2\/types\/post"}],"author":[{"embeddable":true,"href":"https:\/\/lepatriotebenin.com\/index.php\/wp-json\/wp\/v2\/users\/5"}],"replies":[{"embeddable":true,"href":"https:\/\/lepatriotebenin.com\/index.php\/wp-json\/wp\/v2\/comments?post=8400"}],"version-history":[{"count":2,"href":"https:\/\/lepatriotebenin.com\/index.php\/wp-json\/wp\/v2\/posts\/8400\/revisions"}],"predecessor-version":[{"id":8403,"href":"https:\/\/lepatriotebenin.com\/index.php\/wp-json\/wp\/v2\/posts\/8400\/revisions\/8403"}],"wp:featuredmedia":[{"embeddable":true,"href":"https:\/\/lepatriotebenin.com\/index.php\/wp-json\/wp\/v2\/media\/8401"}],"wp:attachment":[{"href":"https:\/\/lepatriotebenin.com\/index.php\/wp-json\/wp\/v2\/media?parent=8400"}],"wp:term":[{"taxonomy":"category","embeddable":true,"href":"https:\/\/lepatriotebenin.com\/index.php\/wp-json\/wp\/v2\/categories?post=8400"},{"taxonomy":"post_tag","embeddable":true,"href":"https:\/\/lepatriotebenin.com\/index.php\/wp-json\/wp\/v2\/tags?post=8400"}],"curies":[{"name":"wp","href":"https:\/\/api.w.org\/{rel}","templated":true}]}}