{"id":8391,"date":"2024-10-12T16:50:31","date_gmt":"2024-10-12T14:50:31","guid":{"rendered":"https:\/\/lepatriotebenin.com\/?p=8391"},"modified":"2024-10-12T17:04:15","modified_gmt":"2024-10-12T15:04:15","slug":"1er-congres-ordinaire-de-lapp-aujourdhui-le-benin-notre-chere-patrie-est-dans-labime-dixit-le-pr-philippe-noudjenoume","status":"publish","type":"post","link":"https:\/\/lepatriotebenin.com\/index.php\/2024\/10\/12\/1er-congres-ordinaire-de-lapp-aujourdhui-le-benin-notre-chere-patrie-est-dans-labime-dixit-le-pr-philippe-noudjenoume\/","title":{"rendered":"\u00a01er Congr\u00e8s ordinaire de l\u2019APP : \u201cAujourd\u2019hui le B\u00e9nin, notre ch\u00e8re patrie est dans l\u2019ab\u00eeme\u201d, dixit le Pr Philippe Noudj\u00e8noum\u00e8"},"content":{"rendered":"\n<p><strong><em>\u201c\u0152uvrons de toutes nos forces pour l\u2019av\u00e8nement d\u2019un pouvoir patriotique et d\u00e9mocratique pour un d\u00e9veloppement rapide et harmonieux du B\u00e9nin\u201d.<\/em><\/strong> Tel est le th\u00e8me autour duquel les participants au 1er congr\u00e8s ordinaire de l\u2019Alliance Pour la Patrie (APP)  vont se pencher durant deux jours. &nbsp;Le 1er congr\u00e8s ordinaire de l\u2019Alliance Pour la Patrie (APP) s\u2019est ouvert ce <strong>samedi 12 octobre 2024<\/strong> \u00e0 la bourse du travail de Cotonou devant les congressistes qui ont effectu\u00e9 massivement le d\u00e9placement.<\/p>\n\n\n\n<p>Dans son discours d\u2019ouverture, le Pr\u00e9sident de l\u2019Alliance Pour la Patrie<strong>, Philippe Noudj\u00e8noum\u00e8<\/strong> a rappel\u00e9 que le parti qu\u2019il dirige actuellement a vu le jour lors  d\u2019une Assembl\u00e9e G\u00e9n\u00e9rale constitutive qui s\u2019est tenue \u00e0 Cotonou, au Centre Codiam le <strong>7 Janvier 2021.<\/strong>&nbsp; Selon le Pr\u00e9sident de l\u2019APP, \u201c<em>si cette Assembl\u00e9e G\u00e9n\u00e9rale a donn\u00e9 naissance\u201d<\/em> \u00e0 leur \u201c<em>Alliance, elle n\u2019en a que jet\u00e9 les bases, les objectifs et fix\u00e9 les Orientations\u201d.<\/em> C\u2019est pourquoi selon lui, \u201c<em>l\u2019actuel Premier Congr\u00e8s Ordinaire peut \u00eatre consid\u00e9r\u00e9 comme l\u2019Assise de Consolidation, de Structuration et d\u2019Organisation de l\u2019Alliance Pour la Patrie et constitue partie int\u00e9grante des Instances Constitutives de l\u2019APP<\/em>\u201d.<\/p>\n\n\n\n<p>En rappelant le contexte international de la cr\u00e9ation et de l\u2019existence de l\u2019Alliance, le Premier responsable de l\u2019Alliance Pour la Patrie a d\u00e9clar\u00e9 que \u201c <em>deux camps s\u2019affrontent actuellement&nbsp;; d\u2019une part, le camp de l\u2019OTAN avec toutes ses politiques de soumission et d\u2019agression contre les peuples et de l\u2019autre, le camp des BRICS+ qui globalement, avec des pouvoirs patriotiques, se place en d\u00e9fenseur des peuples<\/em>\u201d. Il a expliqu\u00e9 que \u201c<em>pendant que les \u00e9l\u00e9ments du groupe de l\u2019OTAN sont tous en crise&nbsp;(crise du dollar, crise \u00e9conomique avec flamb\u00e9e de l\u2019endettement g\u00e9n\u00e9ral, crise sociale touchant tous les pays de l\u2019Union europ\u00e9enne&nbsp;: la France avec la crise au sein de son empire colonial, l\u2019Allemagne&nbsp;; la Grande-Bretagne etc.), ceux du groupe des BRICS+ globalement se renforcent<\/em>\u201d. &nbsp;Il a r\u00e9v\u00e9l\u00e9 qu\u2019 \u201c<em>aujourd\u2019hui, une notion n\u2019est plus \u00e0 n\u00e9gliger&nbsp;: celle du Sud Global et de Nord-Global. C\u2019est des notions qui ne recouvrent pas toujours des contenus g\u00e9ographiques<\/em>\u201d.<\/p>\n\n\n\n<p>Par rapport en ce qui concerne le contexte national de la cr\u00e9ation et de l\u2019existence de l\u2019Alliance, le Pr\u00e9sident de l\u2019Alliance Pour la Patrie a affirm\u00e9 que \u201c<em>d\u00e8s le 06 avril 2016, le Pr\u00e9sident Patrice Talon&nbsp; s\u2019est&nbsp; vite mis en \u0153uvre et \u00e0 pas de charge, au plan \u00e9conomique, de transformer par des lois et r\u00e8glements, tout le patrimoine national en une propri\u00e9t\u00e9 quasi priv\u00e9e o\u00f9 tous les secteurs productifs sont accapar\u00e9s par Talon et son groupe, \u00e0 travers des&nbsp; privatisations sauvages des entreprises publiques, des march\u00e9s de gr\u00e9 \u00e0 gr\u00e9 ill\u00e9gaux, des emprunts obligataires par fourn\u00e9e effectu\u00e9s dans l\u2019opacit\u00e9 totale etc. Il prit \u00e0 cet effet des mesures l\u00e9gislatives et r\u00e9glementaires pour l\u00e9galiser ce pillage et hold-up jamais r\u00e9alis\u00e9 dans notre pays<\/em>\u201d.<\/p>\n\n\n\n<p>Au plan social, indique le Professeur Philippe Noudj\u00e8noum\u00e8, \u201c<em>le Pr\u00e9sident Talon r\u00e9duisit la population(tant de l\u2019administration que du priv\u00e9) \u00e0 un ensemble de producteurs \u00e0 sa solde, &nbsp;des ouvriers charg\u00e9s de produire des profits \u00e0 la machine capitaliste appartenant au Chef, des producteurs priv\u00e9s de tous les droits \u00e9l\u00e9mentaires (d\u2019association, et de gr\u00e8ve) affam\u00e9s et accabl\u00e9s par des taxes et imp\u00f4ts divers<\/em>\u201d. Le Pr\u00e9sident de l\u2019APP a fait savoir que <em>\u201cpour prot\u00e9ger tout cet empire financier acquis sur le dos et contre le peuple\u201d, le<\/em> Chef de l\u2019\u00c9tat actuel selon lui, \u201c<em>s\u2019est mis en \u0153uvre d\u2019\u00e9difier, une armature juridique pour s\u00e9curiser l\u2019\u00e9norme butin<\/em>\u201d. \u201c<em>Ainsi il proc\u00e9da m\u00e9thodiquement \u00e0 la destruction des libert\u00e9s d\u00e9mocratiques et \u00e0 l\u2019instauration d\u2019un pouvoir despotique de type monarchique avec comme seul rep\u00e8re le Chef&nbsp;et consacr\u00e9 par une Constitution. Il verrouille toutes les issues d\u00e9mocratiques pouvant permettre le d\u00e9roulement d\u2019une \u00e9lection transparente et inclusive&nbsp;au B\u00e9nin\u2026 Le pouvoir de Talon s\u2019inscrit dans une \u00e9volution logique, celle appel\u00e9e \u00ab&nbsp;Fran\u00e7afrique&nbsp;\u00bb&nbsp;; avec la face caricaturale et significative des p\u00e9rip\u00e9ties d\u00e9crites par Robert Bourgi dans son dernier livre auto-biographique<\/em>\u201d a -t-il laiss\u00e9 entendre avant de conclure que <em>\u201c aujourd\u2019hui le B\u00e9nin, notre ch\u00e8re patrie est dans l\u2019ab\u00eeme<\/em>\u201d. &nbsp;Faut-il le signaler ce 1er Congr\u00e8s ordinaire de l\u2019APP s\u2019ach\u00e8ve ce dimanche<strong> 13 octobre 2024.<\/strong><\/p>\n\n\n\n<figure class=\"wp-block-image size-large\"><img fetchpriority=\"high\" decoding=\"async\" width=\"1024\" height=\"1024\" src=\"https:\/\/lepatriotebenin.com\/wp-content\/uploads\/2024\/10\/app-1-1024x1024.jpg\" alt=\"\" class=\"wp-image-8394\" srcset=\"https:\/\/lepatriotebenin.com\/wp-content\/uploads\/2024\/10\/app-1-1024x1024.jpg 1024w, https:\/\/lepatriotebenin.com\/wp-content\/uploads\/2024\/10\/app-1-300x300.jpg 300w, https:\/\/lepatriotebenin.com\/wp-content\/uploads\/2024\/10\/app-1-150x150.jpg 150w, https:\/\/lepatriotebenin.com\/wp-content\/uploads\/2024\/10\/app-1-768x768.jpg 768w, https:\/\/lepatriotebenin.com\/wp-content\/uploads\/2024\/10\/app-1-585x585.jpg 585w, https:\/\/lepatriotebenin.com\/wp-content\/uploads\/2024\/10\/app-1.jpg 1080w\" sizes=\"(max-width: 1024px) 100vw, 1024px\" \/><\/figure>\n","protected":false},"excerpt":{"rendered":"<p>\u201c\u0152uvrons de toutes nos forces pour l\u2019av\u00e8nement d\u2019un pouvoir patriotique et d\u00e9mocratique pour un d\u00e9veloppement rapide et harmonieux du B\u00e9nin\u201d. Tel est le th\u00e8me autour duquel les participants au 1er&hellip;<\/p>\n","protected":false},"author":6,"featured_media":8393,"comment_status":"open","ping_status":"open","sticky":false,"template":"","format":"standard","meta":{"content-type":"","om_disable_all_campaigns":false,"_monsterinsights_skip_tracking":false,"_monsterinsights_sitenote_active":false,"_monsterinsights_sitenote_note":"","_monsterinsights_sitenote_category":0,"_uf_show_specific_survey":0,"_uf_disable_surveys":false,"footnotes":""},"categories":[26],"tags":[],"class_list":["post-8391","post","type-post","status-publish","format-standard","has-post-thumbnail","hentry","category-politique"],"aioseo_notices":[],"yoast_head":"<!-- This site is optimized with the Yoast SEO plugin v27.5 - https:\/\/yoast.com\/product\/yoast-seo-wordpress\/ -->\n<title>\u00a01er Congr\u00e8s ordinaire de l\u2019APP : \u201cAujourd\u2019hui le B\u00e9nin, notre ch\u00e8re patrie est dans l\u2019ab\u00eeme\u201d, dixit le Pr Philippe Noudj\u00e8noum\u00e8 - Le Patriote<\/title>\n<meta name=\"robots\" content=\"index, follow, max-snippet:-1, max-image-preview:large, max-video-preview:-1\" \/>\n<link rel=\"canonical\" href=\"https:\/\/lepatriotebenin.com\/index.php\/2024\/10\/12\/1er-congres-ordinaire-de-lapp-aujourdhui-le-benin-notre-chere-patrie-est-dans-labime-dixit-le-pr-philippe-noudjenoume\/\" \/>\n<meta property=\"og:locale\" content=\"fr_FR\" \/>\n<meta property=\"og:type\" content=\"article\" \/>\n<meta property=\"og:title\" content=\"\u00a01er Congr\u00e8s ordinaire de l\u2019APP : \u201cAujourd\u2019hui le B\u00e9nin, notre ch\u00e8re patrie est dans l\u2019ab\u00eeme\u201d, dixit le Pr Philippe Noudj\u00e8noum\u00e8 - Le Patriote\" \/>\n<meta property=\"og:description\" content=\"\u201c\u0152uvrons de toutes nos forces pour l\u2019av\u00e8nement d\u2019un pouvoir patriotique et d\u00e9mocratique pour un d\u00e9veloppement rapide et harmonieux du B\u00e9nin\u201d. Tel est le th\u00e8me autour duquel les participants au 1er&hellip;\" \/>\n<meta property=\"og:url\" content=\"https:\/\/lepatriotebenin.com\/index.php\/2024\/10\/12\/1er-congres-ordinaire-de-lapp-aujourdhui-le-benin-notre-chere-patrie-est-dans-labime-dixit-le-pr-philippe-noudjenoume\/\" \/>\n<meta property=\"og:site_name\" content=\"Le Patriote\" \/>\n<meta property=\"article:published_time\" content=\"2024-10-12T14:50:31+00:00\" \/>\n<meta property=\"article:modified_time\" content=\"2024-10-12T15:04:15+00:00\" \/>\n<meta property=\"og:image\" content=\"https:\/\/lepatriotebenin.com\/wp-content\/uploads\/2024\/10\/noudjenoum7.jpg\" \/>\n\t<meta property=\"og:image:width\" content=\"810\" \/>\n\t<meta property=\"og:image:height\" content=\"1080\" \/>\n\t<meta property=\"og:image:type\" content=\"image\/jpeg\" \/>\n<meta name=\"author\" content=\"Roland AFFANOU\" \/>\n<meta name=\"twitter:card\" content=\"summary_large_image\" \/>\n<meta name=\"twitter:label1\" content=\"\u00c9crit par\" \/>\n\t<meta name=\"twitter:data1\" content=\"Roland AFFANOU\" \/>\n\t<meta name=\"twitter:label2\" content=\"Dur\u00e9e de lecture estim\u00e9e\" \/>\n\t<meta name=\"twitter:data2\" content=\"4 minutes\" \/>\n<script type=\"application\/ld+json\" class=\"yoast-schema-graph\">{\"@context\":\"https:\\\/\\\/schema.org\",\"@graph\":[{\"@type\":\"Article\",\"@id\":\"https:\\\/\\\/lepatriotebenin.com\\\/index.php\\\/2024\\\/10\\\/12\\\/1er-congres-ordinaire-de-lapp-aujourdhui-le-benin-notre-chere-patrie-est-dans-labime-dixit-le-pr-philippe-noudjenoume\\\/#article\",\"isPartOf\":{\"@id\":\"https:\\\/\\\/lepatriotebenin.com\\\/index.php\\\/2024\\\/10\\\/12\\\/1er-congres-ordinaire-de-lapp-aujourdhui-le-benin-notre-chere-patrie-est-dans-labime-dixit-le-pr-philippe-noudjenoume\\\/\"},\"author\":{\"name\":\"Roland AFFANOU\",\"@id\":\"https:\\\/\\\/lepatriotebenin.com\\\/#\\\/schema\\\/person\\\/4a9b67216c97d04045e01405c534c91f\"},\"headline\":\"\u00a01er Congr\u00e8s ordinaire de l\u2019APP : \u201cAujourd\u2019hui le B\u00e9nin, notre ch\u00e8re patrie est dans l\u2019ab\u00eeme\u201d, dixit le Pr Philippe Noudj\u00e8noum\u00e8\",\"datePublished\":\"2024-10-12T14:50:31+00:00\",\"dateModified\":\"2024-10-12T15:04:15+00:00\",\"mainEntityOfPage\":{\"@id\":\"https:\\\/\\\/lepatriotebenin.com\\\/index.php\\\/2024\\\/10\\\/12\\\/1er-congres-ordinaire-de-lapp-aujourdhui-le-benin-notre-chere-patrie-est-dans-labime-dixit-le-pr-philippe-noudjenoume\\\/\"},\"wordCount\":822,\"commentCount\":0,\"image\":{\"@id\":\"https:\\\/\\\/lepatriotebenin.com\\\/index.php\\\/2024\\\/10\\\/12\\\/1er-congres-ordinaire-de-lapp-aujourdhui-le-benin-notre-chere-patrie-est-dans-labime-dixit-le-pr-philippe-noudjenoume\\\/#primaryimage\"},\"thumbnailUrl\":\"https:\\\/\\\/lepatriotebenin.com\\\/wp-content\\\/uploads\\\/2024\\\/10\\\/noudjenoum7.jpg\",\"articleSection\":[\"Politique\"],\"inLanguage\":\"fr-FR\",\"potentialAction\":[{\"@type\":\"CommentAction\",\"name\":\"Comment\",\"target\":[\"https:\\\/\\\/lepatriotebenin.com\\\/index.php\\\/2024\\\/10\\\/12\\\/1er-congres-ordinaire-de-lapp-aujourdhui-le-benin-notre-chere-patrie-est-dans-labime-dixit-le-pr-philippe-noudjenoume\\\/#respond\"]}]},{\"@type\":\"WebPage\",\"@id\":\"https:\\\/\\\/lepatriotebenin.com\\\/index.php\\\/2024\\\/10\\\/12\\\/1er-congres-ordinaire-de-lapp-aujourdhui-le-benin-notre-chere-patrie-est-dans-labime-dixit-le-pr-philippe-noudjenoume\\\/\",\"url\":\"https:\\\/\\\/lepatriotebenin.com\\\/index.php\\\/2024\\\/10\\\/12\\\/1er-congres-ordinaire-de-lapp-aujourdhui-le-benin-notre-chere-patrie-est-dans-labime-dixit-le-pr-philippe-noudjenoume\\\/\",\"name\":\"\u00a01er Congr\u00e8s ordinaire de l\u2019APP : \u201cAujourd\u2019hui le B\u00e9nin, notre ch\u00e8re patrie est dans l\u2019ab\u00eeme\u201d, dixit le Pr Philippe Noudj\u00e8noum\u00e8 - Le Patriote\",\"isPartOf\":{\"@id\":\"https:\\\/\\\/lepatriotebenin.com\\\/#website\"},\"primaryImageOfPage\":{\"@id\":\"https:\\\/\\\/lepatriotebenin.com\\\/index.php\\\/2024\\\/10\\\/12\\\/1er-congres-ordinaire-de-lapp-aujourdhui-le-benin-notre-chere-patrie-est-dans-labime-dixit-le-pr-philippe-noudjenoume\\\/#primaryimage\"},\"image\":{\"@id\":\"https:\\\/\\\/lepatriotebenin.com\\\/index.php\\\/2024\\\/10\\\/12\\\/1er-congres-ordinaire-de-lapp-aujourdhui-le-benin-notre-chere-patrie-est-dans-labime-dixit-le-pr-philippe-noudjenoume\\\/#primaryimage\"},\"thumbnailUrl\":\"https:\\\/\\\/lepatriotebenin.com\\\/wp-content\\\/uploads\\\/2024\\\/10\\\/noudjenoum7.jpg\",\"datePublished\":\"2024-10-12T14:50:31+00:00\",\"dateModified\":\"2024-10-12T15:04:15+00:00\",\"author\":{\"@id\":\"https:\\\/\\\/lepatriotebenin.com\\\/#\\\/schema\\\/person\\\/4a9b67216c97d04045e01405c534c91f\"},\"breadcrumb\":{\"@id\":\"https:\\\/\\\/lepatriotebenin.com\\\/index.php\\\/2024\\\/10\\\/12\\\/1er-congres-ordinaire-de-lapp-aujourdhui-le-benin-notre-chere-patrie-est-dans-labime-dixit-le-pr-philippe-noudjenoume\\\/#breadcrumb\"},\"inLanguage\":\"fr-FR\",\"potentialAction\":[{\"@type\":\"ReadAction\",\"target\":[\"https:\\\/\\\/lepatriotebenin.com\\\/index.php\\\/2024\\\/10\\\/12\\\/1er-congres-ordinaire-de-lapp-aujourdhui-le-benin-notre-chere-patrie-est-dans-labime-dixit-le-pr-philippe-noudjenoume\\\/\"]}]},{\"@type\":\"ImageObject\",\"inLanguage\":\"fr-FR\",\"@id\":\"https:\\\/\\\/lepatriotebenin.com\\\/index.php\\\/2024\\\/10\\\/12\\\/1er-congres-ordinaire-de-lapp-aujourdhui-le-benin-notre-chere-patrie-est-dans-labime-dixit-le-pr-philippe-noudjenoume\\\/#primaryimage\",\"url\":\"https:\\\/\\\/lepatriotebenin.com\\\/wp-content\\\/uploads\\\/2024\\\/10\\\/noudjenoum7.jpg\",\"contentUrl\":\"https:\\\/\\\/lepatriotebenin.com\\\/wp-content\\\/uploads\\\/2024\\\/10\\\/noudjenoum7.jpg\",\"width\":810,\"height\":1080},{\"@type\":\"BreadcrumbList\",\"@id\":\"https:\\\/\\\/lepatriotebenin.com\\\/index.php\\\/2024\\\/10\\\/12\\\/1er-congres-ordinaire-de-lapp-aujourdhui-le-benin-notre-chere-patrie-est-dans-labime-dixit-le-pr-philippe-noudjenoume\\\/#breadcrumb\",\"itemListElement\":[{\"@type\":\"ListItem\",\"position\":1,\"name\":\"Accueil\",\"item\":\"https:\\\/\\\/lepatriotebenin.com\\\/\"},{\"@type\":\"ListItem\",\"position\":2,\"name\":\"\u00a01er Congr\u00e8s ordinaire de l\u2019APP : \u201cAujourd\u2019hui le B\u00e9nin, notre ch\u00e8re patrie est dans l\u2019ab\u00eeme\u201d, dixit le Pr Philippe Noudj\u00e8noum\u00e8\"}]},{\"@type\":\"WebSite\",\"@id\":\"https:\\\/\\\/lepatriotebenin.com\\\/#website\",\"url\":\"https:\\\/\\\/lepatriotebenin.com\\\/\",\"name\":\"Le Patriote\",\"description\":\"Le Patriote B\u00e9nin\",\"potentialAction\":[{\"@type\":\"SearchAction\",\"target\":{\"@type\":\"EntryPoint\",\"urlTemplate\":\"https:\\\/\\\/lepatriotebenin.com\\\/?s={search_term_string}\"},\"query-input\":{\"@type\":\"PropertyValueSpecification\",\"valueRequired\":true,\"valueName\":\"search_term_string\"}}],\"inLanguage\":\"fr-FR\"},{\"@type\":\"Person\",\"@id\":\"https:\\\/\\\/lepatriotebenin.com\\\/#\\\/schema\\\/person\\\/4a9b67216c97d04045e01405c534c91f\",\"name\":\"Roland AFFANOU\",\"image\":{\"@type\":\"ImageObject\",\"inLanguage\":\"fr-FR\",\"@id\":\"https:\\\/\\\/secure.gravatar.com\\\/avatar\\\/7209d3f6d2d47ea4d0c67e14d3effb61feb10ae540a4381280c66265de5bd643?s=96&d=mm&r=g\",\"url\":\"https:\\\/\\\/secure.gravatar.com\\\/avatar\\\/7209d3f6d2d47ea4d0c67e14d3effb61feb10ae540a4381280c66265de5bd643?s=96&d=mm&r=g\",\"contentUrl\":\"https:\\\/\\\/secure.gravatar.com\\\/avatar\\\/7209d3f6d2d47ea4d0c67e14d3effb61feb10ae540a4381280c66265de5bd643?s=96&d=mm&r=g\",\"caption\":\"Roland AFFANOU\"},\"url\":\"https:\\\/\\\/lepatriotebenin.com\"}]}<\/script>\n<!-- \/ Yoast SEO plugin. -->","yoast_head_json":{"title":"\u00a01er Congr\u00e8s ordinaire de l\u2019APP : \u201cAujourd\u2019hui le B\u00e9nin, notre ch\u00e8re patrie est dans l\u2019ab\u00eeme\u201d, dixit le Pr Philippe Noudj\u00e8noum\u00e8 - Le Patriote","robots":{"index":"index","follow":"follow","max-snippet":"max-snippet:-1","max-image-preview":"max-image-preview:large","max-video-preview":"max-video-preview:-1"},"canonical":"https:\/\/lepatriotebenin.com\/index.php\/2024\/10\/12\/1er-congres-ordinaire-de-lapp-aujourdhui-le-benin-notre-chere-patrie-est-dans-labime-dixit-le-pr-philippe-noudjenoume\/","og_locale":"fr_FR","og_type":"article","og_title":"\u00a01er Congr\u00e8s ordinaire de l\u2019APP : \u201cAujourd\u2019hui le B\u00e9nin, notre ch\u00e8re patrie est dans l\u2019ab\u00eeme\u201d, dixit le Pr Philippe Noudj\u00e8noum\u00e8 - Le Patriote","og_description":"\u201c\u0152uvrons de toutes nos forces pour l\u2019av\u00e8nement d\u2019un pouvoir patriotique et d\u00e9mocratique pour un d\u00e9veloppement rapide et harmonieux du B\u00e9nin\u201d. Tel est le th\u00e8me autour duquel les participants au 1er&hellip;","og_url":"https:\/\/lepatriotebenin.com\/index.php\/2024\/10\/12\/1er-congres-ordinaire-de-lapp-aujourdhui-le-benin-notre-chere-patrie-est-dans-labime-dixit-le-pr-philippe-noudjenoume\/","og_site_name":"Le Patriote","article_published_time":"2024-10-12T14:50:31+00:00","article_modified_time":"2024-10-12T15:04:15+00:00","og_image":[{"width":810,"height":1080,"url":"https:\/\/lepatriotebenin.com\/wp-content\/uploads\/2024\/10\/noudjenoum7.jpg","type":"image\/jpeg"}],"author":"Roland AFFANOU","twitter_card":"summary_large_image","twitter_misc":{"\u00c9crit par":"Roland AFFANOU","Dur\u00e9e de lecture estim\u00e9e":"4 minutes"},"schema":{"@context":"https:\/\/schema.org","@graph":[{"@type":"Article","@id":"https:\/\/lepatriotebenin.com\/index.php\/2024\/10\/12\/1er-congres-ordinaire-de-lapp-aujourdhui-le-benin-notre-chere-patrie-est-dans-labime-dixit-le-pr-philippe-noudjenoume\/#article","isPartOf":{"@id":"https:\/\/lepatriotebenin.com\/index.php\/2024\/10\/12\/1er-congres-ordinaire-de-lapp-aujourdhui-le-benin-notre-chere-patrie-est-dans-labime-dixit-le-pr-philippe-noudjenoume\/"},"author":{"name":"Roland AFFANOU","@id":"https:\/\/lepatriotebenin.com\/#\/schema\/person\/4a9b67216c97d04045e01405c534c91f"},"headline":"\u00a01er Congr\u00e8s ordinaire de l\u2019APP : \u201cAujourd\u2019hui le B\u00e9nin, notre ch\u00e8re patrie est dans l\u2019ab\u00eeme\u201d, dixit le Pr Philippe Noudj\u00e8noum\u00e8","datePublished":"2024-10-12T14:50:31+00:00","dateModified":"2024-10-12T15:04:15+00:00","mainEntityOfPage":{"@id":"https:\/\/lepatriotebenin.com\/index.php\/2024\/10\/12\/1er-congres-ordinaire-de-lapp-aujourdhui-le-benin-notre-chere-patrie-est-dans-labime-dixit-le-pr-philippe-noudjenoume\/"},"wordCount":822,"commentCount":0,"image":{"@id":"https:\/\/lepatriotebenin.com\/index.php\/2024\/10\/12\/1er-congres-ordinaire-de-lapp-aujourdhui-le-benin-notre-chere-patrie-est-dans-labime-dixit-le-pr-philippe-noudjenoume\/#primaryimage"},"thumbnailUrl":"https:\/\/lepatriotebenin.com\/wp-content\/uploads\/2024\/10\/noudjenoum7.jpg","articleSection":["Politique"],"inLanguage":"fr-FR","potentialAction":[{"@type":"CommentAction","name":"Comment","target":["https:\/\/lepatriotebenin.com\/index.php\/2024\/10\/12\/1er-congres-ordinaire-de-lapp-aujourdhui-le-benin-notre-chere-patrie-est-dans-labime-dixit-le-pr-philippe-noudjenoume\/#respond"]}]},{"@type":"WebPage","@id":"https:\/\/lepatriotebenin.com\/index.php\/2024\/10\/12\/1er-congres-ordinaire-de-lapp-aujourdhui-le-benin-notre-chere-patrie-est-dans-labime-dixit-le-pr-philippe-noudjenoume\/","url":"https:\/\/lepatriotebenin.com\/index.php\/2024\/10\/12\/1er-congres-ordinaire-de-lapp-aujourdhui-le-benin-notre-chere-patrie-est-dans-labime-dixit-le-pr-philippe-noudjenoume\/","name":"\u00a01er Congr\u00e8s ordinaire de l\u2019APP : \u201cAujourd\u2019hui le B\u00e9nin, notre ch\u00e8re patrie est dans l\u2019ab\u00eeme\u201d, dixit le Pr Philippe Noudj\u00e8noum\u00e8 - Le Patriote","isPartOf":{"@id":"https:\/\/lepatriotebenin.com\/#website"},"primaryImageOfPage":{"@id":"https:\/\/lepatriotebenin.com\/index.php\/2024\/10\/12\/1er-congres-ordinaire-de-lapp-aujourdhui-le-benin-notre-chere-patrie-est-dans-labime-dixit-le-pr-philippe-noudjenoume\/#primaryimage"},"image":{"@id":"https:\/\/lepatriotebenin.com\/index.php\/2024\/10\/12\/1er-congres-ordinaire-de-lapp-aujourdhui-le-benin-notre-chere-patrie-est-dans-labime-dixit-le-pr-philippe-noudjenoume\/#primaryimage"},"thumbnailUrl":"https:\/\/lepatriotebenin.com\/wp-content\/uploads\/2024\/10\/noudjenoum7.jpg","datePublished":"2024-10-12T14:50:31+00:00","dateModified":"2024-10-12T15:04:15+00:00","author":{"@id":"https:\/\/lepatriotebenin.com\/#\/schema\/person\/4a9b67216c97d04045e01405c534c91f"},"breadcrumb":{"@id":"https:\/\/lepatriotebenin.com\/index.php\/2024\/10\/12\/1er-congres-ordinaire-de-lapp-aujourdhui-le-benin-notre-chere-patrie-est-dans-labime-dixit-le-pr-philippe-noudjenoume\/#breadcrumb"},"inLanguage":"fr-FR","potentialAction":[{"@type":"ReadAction","target":["https:\/\/lepatriotebenin.com\/index.php\/2024\/10\/12\/1er-congres-ordinaire-de-lapp-aujourdhui-le-benin-notre-chere-patrie-est-dans-labime-dixit-le-pr-philippe-noudjenoume\/"]}]},{"@type":"ImageObject","inLanguage":"fr-FR","@id":"https:\/\/lepatriotebenin.com\/index.php\/2024\/10\/12\/1er-congres-ordinaire-de-lapp-aujourdhui-le-benin-notre-chere-patrie-est-dans-labime-dixit-le-pr-philippe-noudjenoume\/#primaryimage","url":"https:\/\/lepatriotebenin.com\/wp-content\/uploads\/2024\/10\/noudjenoum7.jpg","contentUrl":"https:\/\/lepatriotebenin.com\/wp-content\/uploads\/2024\/10\/noudjenoum7.jpg","width":810,"height":1080},{"@type":"BreadcrumbList","@id":"https:\/\/lepatriotebenin.com\/index.php\/2024\/10\/12\/1er-congres-ordinaire-de-lapp-aujourdhui-le-benin-notre-chere-patrie-est-dans-labime-dixit-le-pr-philippe-noudjenoume\/#breadcrumb","itemListElement":[{"@type":"ListItem","position":1,"name":"Accueil","item":"https:\/\/lepatriotebenin.com\/"},{"@type":"ListItem","position":2,"name":"\u00a01er Congr\u00e8s ordinaire de l\u2019APP : \u201cAujourd\u2019hui le B\u00e9nin, notre ch\u00e8re patrie est dans l\u2019ab\u00eeme\u201d, dixit le Pr Philippe Noudj\u00e8noum\u00e8"}]},{"@type":"WebSite","@id":"https:\/\/lepatriotebenin.com\/#website","url":"https:\/\/lepatriotebenin.com\/","name":"Le Patriote","description":"Le Patriote B\u00e9nin","potentialAction":[{"@type":"SearchAction","target":{"@type":"EntryPoint","urlTemplate":"https:\/\/lepatriotebenin.com\/?s={search_term_string}"},"query-input":{"@type":"PropertyValueSpecification","valueRequired":true,"valueName":"search_term_string"}}],"inLanguage":"fr-FR"},{"@type":"Person","@id":"https:\/\/lepatriotebenin.com\/#\/schema\/person\/4a9b67216c97d04045e01405c534c91f","name":"Roland AFFANOU","image":{"@type":"ImageObject","inLanguage":"fr-FR","@id":"https:\/\/secure.gravatar.com\/avatar\/7209d3f6d2d47ea4d0c67e14d3effb61feb10ae540a4381280c66265de5bd643?s=96&d=mm&r=g","url":"https:\/\/secure.gravatar.com\/avatar\/7209d3f6d2d47ea4d0c67e14d3effb61feb10ae540a4381280c66265de5bd643?s=96&d=mm&r=g","contentUrl":"https:\/\/secure.gravatar.com\/avatar\/7209d3f6d2d47ea4d0c67e14d3effb61feb10ae540a4381280c66265de5bd643?s=96&d=mm&r=g","caption":"Roland AFFANOU"},"url":"https:\/\/lepatriotebenin.com"}]}},"_links":{"self":[{"href":"https:\/\/lepatriotebenin.com\/index.php\/wp-json\/wp\/v2\/posts\/8391","targetHints":{"allow":["GET"]}}],"collection":[{"href":"https:\/\/lepatriotebenin.com\/index.php\/wp-json\/wp\/v2\/posts"}],"about":[{"href":"https:\/\/lepatriotebenin.com\/index.php\/wp-json\/wp\/v2\/types\/post"}],"author":[{"embeddable":true,"href":"https:\/\/lepatriotebenin.com\/index.php\/wp-json\/wp\/v2\/users\/6"}],"replies":[{"embeddable":true,"href":"https:\/\/lepatriotebenin.com\/index.php\/wp-json\/wp\/v2\/comments?post=8391"}],"version-history":[{"count":5,"href":"https:\/\/lepatriotebenin.com\/index.php\/wp-json\/wp\/v2\/posts\/8391\/revisions"}],"predecessor-version":[{"id":8399,"href":"https:\/\/lepatriotebenin.com\/index.php\/wp-json\/wp\/v2\/posts\/8391\/revisions\/8399"}],"wp:featuredmedia":[{"embeddable":true,"href":"https:\/\/lepatriotebenin.com\/index.php\/wp-json\/wp\/v2\/media\/8393"}],"wp:attachment":[{"href":"https:\/\/lepatriotebenin.com\/index.php\/wp-json\/wp\/v2\/media?parent=8391"}],"wp:term":[{"taxonomy":"category","embeddable":true,"href":"https:\/\/lepatriotebenin.com\/index.php\/wp-json\/wp\/v2\/categories?post=8391"},{"taxonomy":"post_tag","embeddable":true,"href":"https:\/\/lepatriotebenin.com\/index.php\/wp-json\/wp\/v2\/tags?post=8391"}],"curies":[{"name":"wp","href":"https:\/\/api.w.org\/{rel}","templated":true}]}}