{"id":8383,"date":"2024-10-12T10:20:24","date_gmt":"2024-10-12T08:20:24","guid":{"rendered":"https:\/\/lepatriotebenin.com\/?p=8383"},"modified":"2024-10-12T10:20:25","modified_gmt":"2024-10-12T08:20:25","slug":"repression-politique-ob26-reclame-la-liberation-de-hosee-houngnibo","status":"publish","type":"post","link":"https:\/\/lepatriotebenin.com\/index.php\/2024\/10\/12\/repression-politique-ob26-reclame-la-liberation-de-hosee-houngnibo\/","title":{"rendered":"R\u00e9pression politique\u00a0: OB26 r\u00e9clame la lib\u00e9ration de Hos\u00e9e Houngnibo"},"content":{"rendered":"\n<p><strong><em>OB26 r\u00e9agit avec force \u00e0 l&rsquo;arrestation de Hos\u00e9e Houngnibo, coordonnateur des r\u00e9seaux de soutien d&rsquo;Olivier Boko. Selon le mouvement, cette arrestation s\u2019inscrit dans une vague de r\u00e9pression visant les partisans et les soutiens de Olivier Boko et de Oswald Homeky. OB26 d\u00e9nonce une atteinte flagrante aux droits constitutionnels garantis \u00e0 chaque citoyen b\u00e9ninois, en particulier la libert\u00e9 d&rsquo;expression et d&rsquo;opinion. Le mouvement appelle les autorit\u00e9s \u00e0 mettre fin \u00e0 ces intimidations et exige la lib\u00e9ration imm\u00e9diate et sans condition de Houngnibo<\/em><\/strong><\/p>\n\n\n\n<p>OB26 exprime sa profonde indignation face \u00e0 l\u2019arrestation de Hos\u00e9e<br>Houngnibo, coordonnateur des r\u00e9seaux Olivier Boko. Nous d\u00e9non\u00e7ons<br>fermement cette interpellation que nous consid\u00e9rons comme une<br>atteinte flagrante aux droits fondamentaux garantis par la<br>Constitution du B\u00e9nin, notamment \u00e0 la libert\u00e9 d\u2019opinion et<br>d\u2019expression.<br>Selon l\u2019article 23 de la Constitution du B\u00e9nin, \u00ab\u00a0toute personne a droit<br>\u00e0 la libert\u00e9 de pens\u00e9e, de conscience, de religion, de culte, d\u2019opinion et<br>d\u2019expression dans le respect de l\u2019ordre public \u00e9tabli par la loi et les<br>r\u00e8glements.\u00a0\u00bb Les accusations port\u00e9es contre Hos\u00e9e Houngnibo, en<br>raison de ses d\u00e9clarations publiques et de son soutien affich\u00e9 \u00e0 Olivier<br>Boko, sont contraires \u00e0 cet engagement constitutionnel. Elles<br>s\u2019inscrivent dans une logique de r\u00e9pression politique visant \u00e0 faire<br>taire les voix dissidentes et \u00e0 limiter le droit \u00e0 l\u2019expression libre.<br>Nous rappelons que la d\u00e9mocratie repose sur le respect des droits et<br>libert\u00e9s fondamentaux. Toute tentative de r\u00e9duire au silence les<br>citoyens par des mesures d\u2019intimidation constitue une violation des<br>principes sur lesquels notre R\u00e9publique est fond\u00e9e.<br>Les critiques envers le gouvernement et le soutien \u00e0 Olivier Boko et<br>Oswald Homeky dans la suppos\u00e9e affaire de Coup d\u2019Etat , ne peuvent<br>en aucun cas \u00eatre criminalis\u00e9s ou donner lieu \u00e0 des poursuites<br>judiciaires motiv\u00e9es politiquement.<br>OB26 exige la lib\u00e9ration imm\u00e9diate et inconditionnelle de Hos\u00e9e<br>Houngnibo et appelle les autorit\u00e9s \u00e0 mettre fin aux pratiques qui<br>compromettent les droits garantis par la Constitution. Nous restons<br>vigilants quant au respect des droits humains dans notre pays et nous<br>nous tenons aux c\u00f4t\u00e9s de tous ceux qui, malgr\u00e9 les menaces,<br>continuent \u00e0 d\u00e9fendre la d\u00e9mocratie et la libert\u00e9.<br>LE BUREAU NATIONAL<\/p>\n\n\n\n<div data-wp-interactive=\"core\/file\" class=\"wp-block-file\"><object data-wp-bind--hidden=\"!state.hasPdfPreview\" hidden class=\"wp-block-file__embed\" data=\"https:\/\/lepatriotebenin.com\/wp-content\/uploads\/2024\/10\/communique-repression-politique-1.pdf\" type=\"application\/pdf\" style=\"width:100%;height:600px\" aria-label=\"Contenu embarqu\u00e9 communique-repression-politique-1.\"><\/object><a id=\"wp-block-file--media-612589db-d60b-458f-bd84-84212f4d1ec6\" href=\"https:\/\/lepatriotebenin.com\/wp-content\/uploads\/2024\/10\/communique-repression-politique-1.pdf\">communique-repression-politique-1<\/a><a href=\"https:\/\/lepatriotebenin.com\/wp-content\/uploads\/2024\/10\/communique-repression-politique-1.pdf\" class=\"wp-block-file__button wp-element-button\" download aria-describedby=\"wp-block-file--media-612589db-d60b-458f-bd84-84212f4d1ec6\">T\u00e9l\u00e9charger<\/a><\/div>\n","protected":false},"excerpt":{"rendered":"<p>OB26 r\u00e9agit avec force \u00e0 l&rsquo;arrestation de Hos\u00e9e Houngnibo, coordonnateur des r\u00e9seaux de soutien d&rsquo;Olivier Boko. Selon le mouvement, cette arrestation s\u2019inscrit dans une vague de r\u00e9pression visant les partisans&hellip;<\/p>\n","protected":false},"author":15,"featured_media":8385,"comment_status":"open","ping_status":"open","sticky":false,"template":"","format":"standard","meta":{"content-type":"","om_disable_all_campaigns":false,"_monsterinsights_skip_tracking":false,"_monsterinsights_sitenote_active":false,"_monsterinsights_sitenote_note":"","_monsterinsights_sitenote_category":0,"_uf_show_specific_survey":0,"_uf_disable_surveys":false,"footnotes":""},"categories":[26],"tags":[],"class_list":["post-8383","post","type-post","status-publish","format-standard","has-post-thumbnail","hentry","category-politique"],"aioseo_notices":[],"yoast_head":"<!-- This site is optimized with the Yoast SEO plugin v27.5 - https:\/\/yoast.com\/product\/yoast-seo-wordpress\/ -->\n<title>R\u00e9pression politique\u00a0: OB26 r\u00e9clame la lib\u00e9ration de Hos\u00e9e Houngnibo - Le Patriote<\/title>\n<meta name=\"robots\" content=\"index, follow, max-snippet:-1, max-image-preview:large, max-video-preview:-1\" \/>\n<link rel=\"canonical\" href=\"https:\/\/lepatriotebenin.com\/index.php\/2024\/10\/12\/repression-politique-ob26-reclame-la-liberation-de-hosee-houngnibo\/\" \/>\n<meta property=\"og:locale\" content=\"fr_FR\" \/>\n<meta property=\"og:type\" content=\"article\" \/>\n<meta property=\"og:title\" content=\"R\u00e9pression politique\u00a0: OB26 r\u00e9clame la lib\u00e9ration de Hos\u00e9e Houngnibo - Le Patriote\" \/>\n<meta property=\"og:description\" content=\"OB26 r\u00e9agit avec force \u00e0 l&rsquo;arrestation de Hos\u00e9e Houngnibo, coordonnateur des r\u00e9seaux de soutien d&rsquo;Olivier Boko. Selon le mouvement, cette arrestation s\u2019inscrit dans une vague de r\u00e9pression visant les partisans&hellip;\" \/>\n<meta property=\"og:url\" content=\"https:\/\/lepatriotebenin.com\/index.php\/2024\/10\/12\/repression-politique-ob26-reclame-la-liberation-de-hosee-houngnibo\/\" \/>\n<meta property=\"og:site_name\" content=\"Le Patriote\" \/>\n<meta property=\"article:published_time\" content=\"2024-10-12T08:20:24+00:00\" \/>\n<meta property=\"article:modified_time\" content=\"2024-10-12T08:20:25+00:00\" \/>\n<meta property=\"og:image\" content=\"https:\/\/lepatriotebenin.com\/wp-content\/uploads\/2024\/10\/ob26.jpg\" \/>\n\t<meta property=\"og:image:width\" content=\"1600\" \/>\n\t<meta property=\"og:image:height\" content=\"1059\" \/>\n\t<meta property=\"og:image:type\" content=\"image\/jpeg\" \/>\n<meta name=\"author\" content=\"Marcel ZOUMENOU\" \/>\n<meta name=\"twitter:card\" content=\"summary_large_image\" \/>\n<meta name=\"twitter:label1\" content=\"\u00c9crit par\" \/>\n\t<meta name=\"twitter:data1\" content=\"Marcel ZOUMENOU\" \/>\n\t<meta name=\"twitter:label2\" content=\"Dur\u00e9e de lecture estim\u00e9e\" \/>\n\t<meta name=\"twitter:data2\" content=\"2 minutes\" \/>\n<script type=\"application\/ld+json\" class=\"yoast-schema-graph\">{\"@context\":\"https:\\\/\\\/schema.org\",\"@graph\":[{\"@type\":\"Article\",\"@id\":\"https:\\\/\\\/lepatriotebenin.com\\\/index.php\\\/2024\\\/10\\\/12\\\/repression-politique-ob26-reclame-la-liberation-de-hosee-houngnibo\\\/#article\",\"isPartOf\":{\"@id\":\"https:\\\/\\\/lepatriotebenin.com\\\/index.php\\\/2024\\\/10\\\/12\\\/repression-politique-ob26-reclame-la-liberation-de-hosee-houngnibo\\\/\"},\"author\":{\"name\":\"Marcel ZOUMENOU\",\"@id\":\"https:\\\/\\\/lepatriotebenin.com\\\/#\\\/schema\\\/person\\\/431e5eef55c02ebf1428603ce8959de6\"},\"headline\":\"R\u00e9pression politique\u00a0: OB26 r\u00e9clame la lib\u00e9ration de Hos\u00e9e Houngnibo\",\"datePublished\":\"2024-10-12T08:20:24+00:00\",\"dateModified\":\"2024-10-12T08:20:25+00:00\",\"mainEntityOfPage\":{\"@id\":\"https:\\\/\\\/lepatriotebenin.com\\\/index.php\\\/2024\\\/10\\\/12\\\/repression-politique-ob26-reclame-la-liberation-de-hosee-houngnibo\\\/\"},\"wordCount\":383,\"commentCount\":1,\"image\":{\"@id\":\"https:\\\/\\\/lepatriotebenin.com\\\/index.php\\\/2024\\\/10\\\/12\\\/repression-politique-ob26-reclame-la-liberation-de-hosee-houngnibo\\\/#primaryimage\"},\"thumbnailUrl\":\"https:\\\/\\\/lepatriotebenin.com\\\/wp-content\\\/uploads\\\/2024\\\/10\\\/ob26.jpg\",\"articleSection\":[\"Politique\"],\"inLanguage\":\"fr-FR\",\"potentialAction\":[{\"@type\":\"CommentAction\",\"name\":\"Comment\",\"target\":[\"https:\\\/\\\/lepatriotebenin.com\\\/index.php\\\/2024\\\/10\\\/12\\\/repression-politique-ob26-reclame-la-liberation-de-hosee-houngnibo\\\/#respond\"]}]},{\"@type\":\"WebPage\",\"@id\":\"https:\\\/\\\/lepatriotebenin.com\\\/index.php\\\/2024\\\/10\\\/12\\\/repression-politique-ob26-reclame-la-liberation-de-hosee-houngnibo\\\/\",\"url\":\"https:\\\/\\\/lepatriotebenin.com\\\/index.php\\\/2024\\\/10\\\/12\\\/repression-politique-ob26-reclame-la-liberation-de-hosee-houngnibo\\\/\",\"name\":\"R\u00e9pression politique\u00a0: OB26 r\u00e9clame la lib\u00e9ration de Hos\u00e9e Houngnibo - Le Patriote\",\"isPartOf\":{\"@id\":\"https:\\\/\\\/lepatriotebenin.com\\\/#website\"},\"primaryImageOfPage\":{\"@id\":\"https:\\\/\\\/lepatriotebenin.com\\\/index.php\\\/2024\\\/10\\\/12\\\/repression-politique-ob26-reclame-la-liberation-de-hosee-houngnibo\\\/#primaryimage\"},\"image\":{\"@id\":\"https:\\\/\\\/lepatriotebenin.com\\\/index.php\\\/2024\\\/10\\\/12\\\/repression-politique-ob26-reclame-la-liberation-de-hosee-houngnibo\\\/#primaryimage\"},\"thumbnailUrl\":\"https:\\\/\\\/lepatriotebenin.com\\\/wp-content\\\/uploads\\\/2024\\\/10\\\/ob26.jpg\",\"datePublished\":\"2024-10-12T08:20:24+00:00\",\"dateModified\":\"2024-10-12T08:20:25+00:00\",\"author\":{\"@id\":\"https:\\\/\\\/lepatriotebenin.com\\\/#\\\/schema\\\/person\\\/431e5eef55c02ebf1428603ce8959de6\"},\"breadcrumb\":{\"@id\":\"https:\\\/\\\/lepatriotebenin.com\\\/index.php\\\/2024\\\/10\\\/12\\\/repression-politique-ob26-reclame-la-liberation-de-hosee-houngnibo\\\/#breadcrumb\"},\"inLanguage\":\"fr-FR\",\"potentialAction\":[{\"@type\":\"ReadAction\",\"target\":[\"https:\\\/\\\/lepatriotebenin.com\\\/index.php\\\/2024\\\/10\\\/12\\\/repression-politique-ob26-reclame-la-liberation-de-hosee-houngnibo\\\/\"]}]},{\"@type\":\"ImageObject\",\"inLanguage\":\"fr-FR\",\"@id\":\"https:\\\/\\\/lepatriotebenin.com\\\/index.php\\\/2024\\\/10\\\/12\\\/repression-politique-ob26-reclame-la-liberation-de-hosee-houngnibo\\\/#primaryimage\",\"url\":\"https:\\\/\\\/lepatriotebenin.com\\\/wp-content\\\/uploads\\\/2024\\\/10\\\/ob26.jpg\",\"contentUrl\":\"https:\\\/\\\/lepatriotebenin.com\\\/wp-content\\\/uploads\\\/2024\\\/10\\\/ob26.jpg\",\"width\":1600,\"height\":1059},{\"@type\":\"BreadcrumbList\",\"@id\":\"https:\\\/\\\/lepatriotebenin.com\\\/index.php\\\/2024\\\/10\\\/12\\\/repression-politique-ob26-reclame-la-liberation-de-hosee-houngnibo\\\/#breadcrumb\",\"itemListElement\":[{\"@type\":\"ListItem\",\"position\":1,\"name\":\"Accueil\",\"item\":\"https:\\\/\\\/lepatriotebenin.com\\\/\"},{\"@type\":\"ListItem\",\"position\":2,\"name\":\"R\u00e9pression politique\u00a0: OB26 r\u00e9clame la lib\u00e9ration de Hos\u00e9e Houngnibo\"}]},{\"@type\":\"WebSite\",\"@id\":\"https:\\\/\\\/lepatriotebenin.com\\\/#website\",\"url\":\"https:\\\/\\\/lepatriotebenin.com\\\/\",\"name\":\"Le Patriote\",\"description\":\"Le Patriote B\u00e9nin\",\"potentialAction\":[{\"@type\":\"SearchAction\",\"target\":{\"@type\":\"EntryPoint\",\"urlTemplate\":\"https:\\\/\\\/lepatriotebenin.com\\\/?s={search_term_string}\"},\"query-input\":{\"@type\":\"PropertyValueSpecification\",\"valueRequired\":true,\"valueName\":\"search_term_string\"}}],\"inLanguage\":\"fr-FR\"},{\"@type\":\"Person\",\"@id\":\"https:\\\/\\\/lepatriotebenin.com\\\/#\\\/schema\\\/person\\\/431e5eef55c02ebf1428603ce8959de6\",\"name\":\"Marcel ZOUMENOU\",\"image\":{\"@type\":\"ImageObject\",\"inLanguage\":\"fr-FR\",\"@id\":\"https:\\\/\\\/secure.gravatar.com\\\/avatar\\\/a986fe63c7fe32322b74e5137cdd4e12d90613a42644cebed7e2d46d8fc58cd4?s=96&d=mm&r=g\",\"url\":\"https:\\\/\\\/secure.gravatar.com\\\/avatar\\\/a986fe63c7fe32322b74e5137cdd4e12d90613a42644cebed7e2d46d8fc58cd4?s=96&d=mm&r=g\",\"contentUrl\":\"https:\\\/\\\/secure.gravatar.com\\\/avatar\\\/a986fe63c7fe32322b74e5137cdd4e12d90613a42644cebed7e2d46d8fc58cd4?s=96&d=mm&r=g\",\"caption\":\"Marcel ZOUMENOU\"},\"url\":\"https:\\\/\\\/lepatriotebenin.com\"}]}<\/script>\n<!-- \/ Yoast SEO plugin. -->","yoast_head_json":{"title":"R\u00e9pression politique\u00a0: OB26 r\u00e9clame la lib\u00e9ration de Hos\u00e9e Houngnibo - Le Patriote","robots":{"index":"index","follow":"follow","max-snippet":"max-snippet:-1","max-image-preview":"max-image-preview:large","max-video-preview":"max-video-preview:-1"},"canonical":"https:\/\/lepatriotebenin.com\/index.php\/2024\/10\/12\/repression-politique-ob26-reclame-la-liberation-de-hosee-houngnibo\/","og_locale":"fr_FR","og_type":"article","og_title":"R\u00e9pression politique\u00a0: OB26 r\u00e9clame la lib\u00e9ration de Hos\u00e9e Houngnibo - Le Patriote","og_description":"OB26 r\u00e9agit avec force \u00e0 l&rsquo;arrestation de Hos\u00e9e Houngnibo, coordonnateur des r\u00e9seaux de soutien d&rsquo;Olivier Boko. Selon le mouvement, cette arrestation s\u2019inscrit dans une vague de r\u00e9pression visant les partisans&hellip;","og_url":"https:\/\/lepatriotebenin.com\/index.php\/2024\/10\/12\/repression-politique-ob26-reclame-la-liberation-de-hosee-houngnibo\/","og_site_name":"Le Patriote","article_published_time":"2024-10-12T08:20:24+00:00","article_modified_time":"2024-10-12T08:20:25+00:00","og_image":[{"width":1600,"height":1059,"url":"https:\/\/lepatriotebenin.com\/wp-content\/uploads\/2024\/10\/ob26.jpg","type":"image\/jpeg"}],"author":"Marcel ZOUMENOU","twitter_card":"summary_large_image","twitter_misc":{"\u00c9crit par":"Marcel ZOUMENOU","Dur\u00e9e de lecture estim\u00e9e":"2 minutes"},"schema":{"@context":"https:\/\/schema.org","@graph":[{"@type":"Article","@id":"https:\/\/lepatriotebenin.com\/index.php\/2024\/10\/12\/repression-politique-ob26-reclame-la-liberation-de-hosee-houngnibo\/#article","isPartOf":{"@id":"https:\/\/lepatriotebenin.com\/index.php\/2024\/10\/12\/repression-politique-ob26-reclame-la-liberation-de-hosee-houngnibo\/"},"author":{"name":"Marcel ZOUMENOU","@id":"https:\/\/lepatriotebenin.com\/#\/schema\/person\/431e5eef55c02ebf1428603ce8959de6"},"headline":"R\u00e9pression politique\u00a0: OB26 r\u00e9clame la lib\u00e9ration de Hos\u00e9e Houngnibo","datePublished":"2024-10-12T08:20:24+00:00","dateModified":"2024-10-12T08:20:25+00:00","mainEntityOfPage":{"@id":"https:\/\/lepatriotebenin.com\/index.php\/2024\/10\/12\/repression-politique-ob26-reclame-la-liberation-de-hosee-houngnibo\/"},"wordCount":383,"commentCount":1,"image":{"@id":"https:\/\/lepatriotebenin.com\/index.php\/2024\/10\/12\/repression-politique-ob26-reclame-la-liberation-de-hosee-houngnibo\/#primaryimage"},"thumbnailUrl":"https:\/\/lepatriotebenin.com\/wp-content\/uploads\/2024\/10\/ob26.jpg","articleSection":["Politique"],"inLanguage":"fr-FR","potentialAction":[{"@type":"CommentAction","name":"Comment","target":["https:\/\/lepatriotebenin.com\/index.php\/2024\/10\/12\/repression-politique-ob26-reclame-la-liberation-de-hosee-houngnibo\/#respond"]}]},{"@type":"WebPage","@id":"https:\/\/lepatriotebenin.com\/index.php\/2024\/10\/12\/repression-politique-ob26-reclame-la-liberation-de-hosee-houngnibo\/","url":"https:\/\/lepatriotebenin.com\/index.php\/2024\/10\/12\/repression-politique-ob26-reclame-la-liberation-de-hosee-houngnibo\/","name":"R\u00e9pression politique\u00a0: OB26 r\u00e9clame la lib\u00e9ration de Hos\u00e9e Houngnibo - Le Patriote","isPartOf":{"@id":"https:\/\/lepatriotebenin.com\/#website"},"primaryImageOfPage":{"@id":"https:\/\/lepatriotebenin.com\/index.php\/2024\/10\/12\/repression-politique-ob26-reclame-la-liberation-de-hosee-houngnibo\/#primaryimage"},"image":{"@id":"https:\/\/lepatriotebenin.com\/index.php\/2024\/10\/12\/repression-politique-ob26-reclame-la-liberation-de-hosee-houngnibo\/#primaryimage"},"thumbnailUrl":"https:\/\/lepatriotebenin.com\/wp-content\/uploads\/2024\/10\/ob26.jpg","datePublished":"2024-10-12T08:20:24+00:00","dateModified":"2024-10-12T08:20:25+00:00","author":{"@id":"https:\/\/lepatriotebenin.com\/#\/schema\/person\/431e5eef55c02ebf1428603ce8959de6"},"breadcrumb":{"@id":"https:\/\/lepatriotebenin.com\/index.php\/2024\/10\/12\/repression-politique-ob26-reclame-la-liberation-de-hosee-houngnibo\/#breadcrumb"},"inLanguage":"fr-FR","potentialAction":[{"@type":"ReadAction","target":["https:\/\/lepatriotebenin.com\/index.php\/2024\/10\/12\/repression-politique-ob26-reclame-la-liberation-de-hosee-houngnibo\/"]}]},{"@type":"ImageObject","inLanguage":"fr-FR","@id":"https:\/\/lepatriotebenin.com\/index.php\/2024\/10\/12\/repression-politique-ob26-reclame-la-liberation-de-hosee-houngnibo\/#primaryimage","url":"https:\/\/lepatriotebenin.com\/wp-content\/uploads\/2024\/10\/ob26.jpg","contentUrl":"https:\/\/lepatriotebenin.com\/wp-content\/uploads\/2024\/10\/ob26.jpg","width":1600,"height":1059},{"@type":"BreadcrumbList","@id":"https:\/\/lepatriotebenin.com\/index.php\/2024\/10\/12\/repression-politique-ob26-reclame-la-liberation-de-hosee-houngnibo\/#breadcrumb","itemListElement":[{"@type":"ListItem","position":1,"name":"Accueil","item":"https:\/\/lepatriotebenin.com\/"},{"@type":"ListItem","position":2,"name":"R\u00e9pression politique\u00a0: OB26 r\u00e9clame la lib\u00e9ration de Hos\u00e9e Houngnibo"}]},{"@type":"WebSite","@id":"https:\/\/lepatriotebenin.com\/#website","url":"https:\/\/lepatriotebenin.com\/","name":"Le Patriote","description":"Le Patriote B\u00e9nin","potentialAction":[{"@type":"SearchAction","target":{"@type":"EntryPoint","urlTemplate":"https:\/\/lepatriotebenin.com\/?s={search_term_string}"},"query-input":{"@type":"PropertyValueSpecification","valueRequired":true,"valueName":"search_term_string"}}],"inLanguage":"fr-FR"},{"@type":"Person","@id":"https:\/\/lepatriotebenin.com\/#\/schema\/person\/431e5eef55c02ebf1428603ce8959de6","name":"Marcel ZOUMENOU","image":{"@type":"ImageObject","inLanguage":"fr-FR","@id":"https:\/\/secure.gravatar.com\/avatar\/a986fe63c7fe32322b74e5137cdd4e12d90613a42644cebed7e2d46d8fc58cd4?s=96&d=mm&r=g","url":"https:\/\/secure.gravatar.com\/avatar\/a986fe63c7fe32322b74e5137cdd4e12d90613a42644cebed7e2d46d8fc58cd4?s=96&d=mm&r=g","contentUrl":"https:\/\/secure.gravatar.com\/avatar\/a986fe63c7fe32322b74e5137cdd4e12d90613a42644cebed7e2d46d8fc58cd4?s=96&d=mm&r=g","caption":"Marcel ZOUMENOU"},"url":"https:\/\/lepatriotebenin.com"}]}},"_links":{"self":[{"href":"https:\/\/lepatriotebenin.com\/index.php\/wp-json\/wp\/v2\/posts\/8383","targetHints":{"allow":["GET"]}}],"collection":[{"href":"https:\/\/lepatriotebenin.com\/index.php\/wp-json\/wp\/v2\/posts"}],"about":[{"href":"https:\/\/lepatriotebenin.com\/index.php\/wp-json\/wp\/v2\/types\/post"}],"author":[{"embeddable":true,"href":"https:\/\/lepatriotebenin.com\/index.php\/wp-json\/wp\/v2\/users\/15"}],"replies":[{"embeddable":true,"href":"https:\/\/lepatriotebenin.com\/index.php\/wp-json\/wp\/v2\/comments?post=8383"}],"version-history":[{"count":1,"href":"https:\/\/lepatriotebenin.com\/index.php\/wp-json\/wp\/v2\/posts\/8383\/revisions"}],"predecessor-version":[{"id":8386,"href":"https:\/\/lepatriotebenin.com\/index.php\/wp-json\/wp\/v2\/posts\/8383\/revisions\/8386"}],"wp:featuredmedia":[{"embeddable":true,"href":"https:\/\/lepatriotebenin.com\/index.php\/wp-json\/wp\/v2\/media\/8385"}],"wp:attachment":[{"href":"https:\/\/lepatriotebenin.com\/index.php\/wp-json\/wp\/v2\/media?parent=8383"}],"wp:term":[{"taxonomy":"category","embeddable":true,"href":"https:\/\/lepatriotebenin.com\/index.php\/wp-json\/wp\/v2\/categories?post=8383"},{"taxonomy":"post_tag","embeddable":true,"href":"https:\/\/lepatriotebenin.com\/index.php\/wp-json\/wp\/v2\/tags?post=8383"}],"curies":[{"name":"wp","href":"https:\/\/api.w.org\/{rel}","templated":true}]}}