{"id":8373,"date":"2024-10-11T21:01:39","date_gmt":"2024-10-11T19:01:39","guid":{"rendered":"https:\/\/lepatriotebenin.com\/?p=8373"},"modified":"2024-10-11T21:10:29","modified_gmt":"2024-10-11T19:10:29","slug":"eliminatoires-can-maroc-2025-le-benin-domine-le-rwanda-et-conserve-sa-2eme-place","status":"publish","type":"post","link":"https:\/\/lepatriotebenin.com\/index.php\/2024\/10\/11\/eliminatoires-can-maroc-2025-le-benin-domine-le-rwanda-et-conserve-sa-2eme-place\/","title":{"rendered":"\u00a0\u00c9liminatoires Can Maroc 2025 : Le B\u00e9nin domine le Rwanda et conserve sa 2\u00e8me place"},"content":{"rendered":"\n<p>&nbsp;Dans le cadre de la 3\u00e8me journ\u00e9e des \u00e9liminatoires de la Coupe d\u2019Afrique des Nations (Can Maroc 2025), les <strong>Gu\u00e9pards <\/strong>du<strong> B\u00e9nin<\/strong> ont battu, dans la soir\u00e9e de ce <strong>vendredi 11 octobre 2024<\/strong> au stade <strong>F\u00e9lix Houphou\u00ebt<\/strong> d\u2019<strong>Abidjan <\/strong>en <strong>Cote d\u2019Ivoire<\/strong>, les <strong>Amavubi <\/strong>du<strong> Rwanda<\/strong> par le score de 3 buts \u00e0 0. Les trois b\u00e9ninois ont \u00e9t\u00e9 respectivement marqu\u00e9s par le capitaine <strong>Steve Mouni\u00e9<\/strong> \u00e0 la<strong> 7\u00e8me<\/strong> minute, <strong>Andr\u00e9as Hountondji<\/strong> \u00e0 la <strong>66\u00e8me<\/strong> minute et<strong> Imourane Hassane<\/strong> \u00e0 la <strong>70 \u00e8me<\/strong> minute. &nbsp;<\/p>\n\n\n\n<p>En ce qui concerne le match <strong>Nigeria #Libye,<\/strong> les <strong>Super Eagles<\/strong> du Nigeria se sont impos\u00e9s, \u00e0 <strong>Uyo,<\/strong> aux Crocodiles de la M\u00e9diterran\u00e9e de la Libye sur un score \u00e9triqu\u00e9 de 1 but \u00e0 0. Avec ces r\u00e9sultats, le Nigeria conserve sa premi\u00e8re place avec 7 points et quant au B\u00e9nin, il consolide sa 2\u00e8me place avec 6 points. \u00a0Pour la prochaine sortie de la s\u00e9lection nationale du B\u00e9nin, elle croisera, le <strong>mardi 15 octobre 2024<\/strong> \u00e0<strong> Kigali<\/strong> dans le cadre de la 4\u00e8me journ\u00e9e de la Can Maroc 2025, les crampons avec ce m\u00eame Rwanda. \u00a0Le Nigeria, pour sa part, fera un d\u00e9placement p\u00e9rilleux dans la tani\u00e8re de la Libye.\u00a0<\/p>\n\n\n\n<p>Quelques images du match <\/p>\n\n\n\n<figure class=\"wp-block-image size-large\"><img fetchpriority=\"high\" decoding=\"async\" width=\"1024\" height=\"682\" src=\"https:\/\/lepatriotebenin.com\/wp-content\/uploads\/2024\/10\/guepards-1024x682.jpg\" alt=\"\" class=\"wp-image-8376\" srcset=\"https:\/\/lepatriotebenin.com\/wp-content\/uploads\/2024\/10\/guepards-1024x682.jpg 1024w, https:\/\/lepatriotebenin.com\/wp-content\/uploads\/2024\/10\/guepards-300x200.jpg 300w, https:\/\/lepatriotebenin.com\/wp-content\/uploads\/2024\/10\/guepards-768x512.jpg 768w, https:\/\/lepatriotebenin.com\/wp-content\/uploads\/2024\/10\/guepards-1536x1024.jpg 1536w, https:\/\/lepatriotebenin.com\/wp-content\/uploads\/2024\/10\/guepards-2048x1365.jpg 2048w, https:\/\/lepatriotebenin.com\/wp-content\/uploads\/2024\/10\/guepards-1920x1280.jpg 1920w, https:\/\/lepatriotebenin.com\/wp-content\/uploads\/2024\/10\/guepards-1170x780.jpg 1170w, https:\/\/lepatriotebenin.com\/wp-content\/uploads\/2024\/10\/guepards-585x390.jpg 585w, https:\/\/lepatriotebenin.com\/wp-content\/uploads\/2024\/10\/guepards-263x175.jpg 263w\" sizes=\"(max-width: 1024px) 100vw, 1024px\" \/><\/figure>\n\n\n\n<figure class=\"wp-block-image size-large\"><img decoding=\"async\" width=\"1024\" height=\"830\" src=\"https:\/\/lepatriotebenin.com\/wp-content\/uploads\/2024\/10\/gu3-1024x830.jpg\" alt=\"\" class=\"wp-image-8378\" srcset=\"https:\/\/lepatriotebenin.com\/wp-content\/uploads\/2024\/10\/gu3-1024x830.jpg 1024w, https:\/\/lepatriotebenin.com\/wp-content\/uploads\/2024\/10\/gu3-300x243.jpg 300w, https:\/\/lepatriotebenin.com\/wp-content\/uploads\/2024\/10\/gu3-768x623.jpg 768w, https:\/\/lepatriotebenin.com\/wp-content\/uploads\/2024\/10\/gu3-1536x1245.jpg 1536w, https:\/\/lepatriotebenin.com\/wp-content\/uploads\/2024\/10\/gu3-2048x1660.jpg 2048w, https:\/\/lepatriotebenin.com\/wp-content\/uploads\/2024\/10\/gu3-1920x1556.jpg 1920w, https:\/\/lepatriotebenin.com\/wp-content\/uploads\/2024\/10\/gu3-1170x948.jpg 1170w, https:\/\/lepatriotebenin.com\/wp-content\/uploads\/2024\/10\/gu3-585x474.jpg 585w\" sizes=\"(max-width: 1024px) 100vw, 1024px\" \/><\/figure>\n\n\n\n<figure class=\"wp-block-image size-large\"><img decoding=\"async\" width=\"1024\" height=\"752\" src=\"https:\/\/lepatriotebenin.com\/wp-content\/uploads\/2024\/10\/gue-1-1024x752.jpg\" alt=\"\" class=\"wp-image-8379\" srcset=\"https:\/\/lepatriotebenin.com\/wp-content\/uploads\/2024\/10\/gue-1-1024x752.jpg 1024w, https:\/\/lepatriotebenin.com\/wp-content\/uploads\/2024\/10\/gue-1-300x220.jpg 300w, https:\/\/lepatriotebenin.com\/wp-content\/uploads\/2024\/10\/gue-1-768x564.jpg 768w, https:\/\/lepatriotebenin.com\/wp-content\/uploads\/2024\/10\/gue-1-1536x1129.jpg 1536w, https:\/\/lepatriotebenin.com\/wp-content\/uploads\/2024\/10\/gue-1-2048x1505.jpg 2048w, https:\/\/lepatriotebenin.com\/wp-content\/uploads\/2024\/10\/gue-1-1920x1411.jpg 1920w, https:\/\/lepatriotebenin.com\/wp-content\/uploads\/2024\/10\/gue-1-1170x860.jpg 1170w, https:\/\/lepatriotebenin.com\/wp-content\/uploads\/2024\/10\/gue-1-585x430.jpg 585w\" sizes=\"(max-width: 1024px) 100vw, 1024px\" \/><\/figure>\n\n\n\n<figure class=\"wp-block-image size-large\"><img loading=\"lazy\" decoding=\"async\" width=\"1024\" height=\"781\" src=\"https:\/\/lepatriotebenin.com\/wp-content\/uploads\/2024\/10\/gue-2-1024x781.jpg\" alt=\"\" class=\"wp-image-8380\" srcset=\"https:\/\/lepatriotebenin.com\/wp-content\/uploads\/2024\/10\/gue-2-1024x781.jpg 1024w, https:\/\/lepatriotebenin.com\/wp-content\/uploads\/2024\/10\/gue-2-300x229.jpg 300w, https:\/\/lepatriotebenin.com\/wp-content\/uploads\/2024\/10\/gue-2-768x586.jpg 768w, https:\/\/lepatriotebenin.com\/wp-content\/uploads\/2024\/10\/gue-2-1536x1172.jpg 1536w, https:\/\/lepatriotebenin.com\/wp-content\/uploads\/2024\/10\/gue-2-2048x1562.jpg 2048w, https:\/\/lepatriotebenin.com\/wp-content\/uploads\/2024\/10\/gue-2-1920x1465.jpg 1920w, https:\/\/lepatriotebenin.com\/wp-content\/uploads\/2024\/10\/gue-2-1170x893.jpg 1170w, https:\/\/lepatriotebenin.com\/wp-content\/uploads\/2024\/10\/gue-2-585x446.jpg 585w\" sizes=\"(max-width: 1024px) 100vw, 1024px\" \/><\/figure>\n\n\n\n<figure class=\"wp-block-image size-large\"><img loading=\"lazy\" decoding=\"async\" width=\"1024\" height=\"969\" src=\"https:\/\/lepatriotebenin.com\/wp-content\/uploads\/2024\/10\/gue-4-1024x969.jpg\" alt=\"\" class=\"wp-image-8381\" srcset=\"https:\/\/lepatriotebenin.com\/wp-content\/uploads\/2024\/10\/gue-4-1024x969.jpg 1024w, https:\/\/lepatriotebenin.com\/wp-content\/uploads\/2024\/10\/gue-4-300x284.jpg 300w, https:\/\/lepatriotebenin.com\/wp-content\/uploads\/2024\/10\/gue-4-768x727.jpg 768w, https:\/\/lepatriotebenin.com\/wp-content\/uploads\/2024\/10\/gue-4-1536x1453.jpg 1536w, https:\/\/lepatriotebenin.com\/wp-content\/uploads\/2024\/10\/gue-4-2048x1938.jpg 2048w, https:\/\/lepatriotebenin.com\/wp-content\/uploads\/2024\/10\/gue-4-1920x1817.jpg 1920w, https:\/\/lepatriotebenin.com\/wp-content\/uploads\/2024\/10\/gue-4-1170x1107.jpg 1170w, https:\/\/lepatriotebenin.com\/wp-content\/uploads\/2024\/10\/gue-4-585x553.jpg 585w\" sizes=\"(max-width: 1024px) 100vw, 1024px\" \/><\/figure>\n","protected":false},"excerpt":{"rendered":"<p>&nbsp;Dans le cadre de la 3\u00e8me journ\u00e9e des \u00e9liminatoires de la Coupe d\u2019Afrique des Nations (Can Maroc 2025), les Gu\u00e9pards du B\u00e9nin ont battu, dans la soir\u00e9e de ce vendredi&hellip;<\/p>\n","protected":false},"author":6,"featured_media":8374,"comment_status":"open","ping_status":"open","sticky":false,"template":"","format":"standard","meta":{"content-type":"","om_disable_all_campaigns":false,"_monsterinsights_skip_tracking":false,"_monsterinsights_sitenote_active":false,"_monsterinsights_sitenote_note":"","_monsterinsights_sitenote_category":0,"_uf_show_specific_survey":0,"_uf_disable_surveys":false,"footnotes":""},"categories":[8],"tags":[],"class_list":["post-8373","post","type-post","status-publish","format-standard","has-post-thumbnail","hentry","category-sport"],"aioseo_notices":[],"yoast_head":"<!-- This site is optimized with the Yoast SEO plugin v27.5 - https:\/\/yoast.com\/product\/yoast-seo-wordpress\/ -->\n<title>\u00a0\u00c9liminatoires Can Maroc 2025 : Le B\u00e9nin domine le Rwanda et conserve sa 2\u00e8me place - Le Patriote<\/title>\n<meta name=\"robots\" content=\"index, follow, max-snippet:-1, max-image-preview:large, max-video-preview:-1\" \/>\n<link rel=\"canonical\" href=\"https:\/\/lepatriotebenin.com\/index.php\/2024\/10\/11\/eliminatoires-can-maroc-2025-le-benin-domine-le-rwanda-et-conserve-sa-2eme-place\/\" \/>\n<meta property=\"og:locale\" content=\"fr_FR\" \/>\n<meta property=\"og:type\" content=\"article\" \/>\n<meta property=\"og:title\" content=\"\u00a0\u00c9liminatoires Can Maroc 2025 : Le B\u00e9nin domine le Rwanda et conserve sa 2\u00e8me place - Le Patriote\" \/>\n<meta property=\"og:description\" content=\"&nbsp;Dans le cadre de la 3\u00e8me journ\u00e9e des \u00e9liminatoires de la Coupe d\u2019Afrique des Nations (Can Maroc 2025), les Gu\u00e9pards du B\u00e9nin ont battu, dans la soir\u00e9e de ce vendredi&hellip;\" \/>\n<meta property=\"og:url\" content=\"https:\/\/lepatriotebenin.com\/index.php\/2024\/10\/11\/eliminatoires-can-maroc-2025-le-benin-domine-le-rwanda-et-conserve-sa-2eme-place\/\" \/>\n<meta property=\"og:site_name\" content=\"Le Patriote\" \/>\n<meta property=\"article:published_time\" content=\"2024-10-11T19:01:39+00:00\" \/>\n<meta property=\"article:modified_time\" content=\"2024-10-11T19:10:29+00:00\" \/>\n<meta property=\"og:image\" content=\"https:\/\/lepatriotebenin.com\/wp-content\/uploads\/2024\/10\/les-guepards-1-768x512-1.jpg\" \/>\n\t<meta property=\"og:image:width\" content=\"768\" \/>\n\t<meta property=\"og:image:height\" content=\"512\" \/>\n\t<meta property=\"og:image:type\" content=\"image\/jpeg\" \/>\n<meta name=\"author\" content=\"Roland AFFANOU\" \/>\n<meta name=\"twitter:card\" content=\"summary_large_image\" \/>\n<meta name=\"twitter:label1\" content=\"\u00c9crit par\" \/>\n\t<meta name=\"twitter:data1\" content=\"Roland AFFANOU\" \/>\n\t<meta name=\"twitter:label2\" content=\"Dur\u00e9e de lecture estim\u00e9e\" \/>\n\t<meta name=\"twitter:data2\" content=\"3 minutes\" \/>\n<script type=\"application\/ld+json\" class=\"yoast-schema-graph\">{\"@context\":\"https:\\\/\\\/schema.org\",\"@graph\":[{\"@type\":\"Article\",\"@id\":\"https:\\\/\\\/lepatriotebenin.com\\\/index.php\\\/2024\\\/10\\\/11\\\/eliminatoires-can-maroc-2025-le-benin-domine-le-rwanda-et-conserve-sa-2eme-place\\\/#article\",\"isPartOf\":{\"@id\":\"https:\\\/\\\/lepatriotebenin.com\\\/index.php\\\/2024\\\/10\\\/11\\\/eliminatoires-can-maroc-2025-le-benin-domine-le-rwanda-et-conserve-sa-2eme-place\\\/\"},\"author\":{\"name\":\"Roland AFFANOU\",\"@id\":\"https:\\\/\\\/lepatriotebenin.com\\\/#\\\/schema\\\/person\\\/4a9b67216c97d04045e01405c534c91f\"},\"headline\":\"\u00a0\u00c9liminatoires Can Maroc 2025 : Le B\u00e9nin domine le Rwanda et conserve sa 2\u00e8me place\",\"datePublished\":\"2024-10-11T19:01:39+00:00\",\"dateModified\":\"2024-10-11T19:10:29+00:00\",\"mainEntityOfPage\":{\"@id\":\"https:\\\/\\\/lepatriotebenin.com\\\/index.php\\\/2024\\\/10\\\/11\\\/eliminatoires-can-maroc-2025-le-benin-domine-le-rwanda-et-conserve-sa-2eme-place\\\/\"},\"wordCount\":219,\"commentCount\":0,\"image\":{\"@id\":\"https:\\\/\\\/lepatriotebenin.com\\\/index.php\\\/2024\\\/10\\\/11\\\/eliminatoires-can-maroc-2025-le-benin-domine-le-rwanda-et-conserve-sa-2eme-place\\\/#primaryimage\"},\"thumbnailUrl\":\"https:\\\/\\\/lepatriotebenin.com\\\/wp-content\\\/uploads\\\/2024\\\/10\\\/les-guepards-1-768x512-1.jpg\",\"articleSection\":[\"Sport\"],\"inLanguage\":\"fr-FR\",\"potentialAction\":[{\"@type\":\"CommentAction\",\"name\":\"Comment\",\"target\":[\"https:\\\/\\\/lepatriotebenin.com\\\/index.php\\\/2024\\\/10\\\/11\\\/eliminatoires-can-maroc-2025-le-benin-domine-le-rwanda-et-conserve-sa-2eme-place\\\/#respond\"]}]},{\"@type\":\"WebPage\",\"@id\":\"https:\\\/\\\/lepatriotebenin.com\\\/index.php\\\/2024\\\/10\\\/11\\\/eliminatoires-can-maroc-2025-le-benin-domine-le-rwanda-et-conserve-sa-2eme-place\\\/\",\"url\":\"https:\\\/\\\/lepatriotebenin.com\\\/index.php\\\/2024\\\/10\\\/11\\\/eliminatoires-can-maroc-2025-le-benin-domine-le-rwanda-et-conserve-sa-2eme-place\\\/\",\"name\":\"\u00a0\u00c9liminatoires Can Maroc 2025 : Le B\u00e9nin domine le Rwanda et conserve sa 2\u00e8me place - Le Patriote\",\"isPartOf\":{\"@id\":\"https:\\\/\\\/lepatriotebenin.com\\\/#website\"},\"primaryImageOfPage\":{\"@id\":\"https:\\\/\\\/lepatriotebenin.com\\\/index.php\\\/2024\\\/10\\\/11\\\/eliminatoires-can-maroc-2025-le-benin-domine-le-rwanda-et-conserve-sa-2eme-place\\\/#primaryimage\"},\"image\":{\"@id\":\"https:\\\/\\\/lepatriotebenin.com\\\/index.php\\\/2024\\\/10\\\/11\\\/eliminatoires-can-maroc-2025-le-benin-domine-le-rwanda-et-conserve-sa-2eme-place\\\/#primaryimage\"},\"thumbnailUrl\":\"https:\\\/\\\/lepatriotebenin.com\\\/wp-content\\\/uploads\\\/2024\\\/10\\\/les-guepards-1-768x512-1.jpg\",\"datePublished\":\"2024-10-11T19:01:39+00:00\",\"dateModified\":\"2024-10-11T19:10:29+00:00\",\"author\":{\"@id\":\"https:\\\/\\\/lepatriotebenin.com\\\/#\\\/schema\\\/person\\\/4a9b67216c97d04045e01405c534c91f\"},\"breadcrumb\":{\"@id\":\"https:\\\/\\\/lepatriotebenin.com\\\/index.php\\\/2024\\\/10\\\/11\\\/eliminatoires-can-maroc-2025-le-benin-domine-le-rwanda-et-conserve-sa-2eme-place\\\/#breadcrumb\"},\"inLanguage\":\"fr-FR\",\"potentialAction\":[{\"@type\":\"ReadAction\",\"target\":[\"https:\\\/\\\/lepatriotebenin.com\\\/index.php\\\/2024\\\/10\\\/11\\\/eliminatoires-can-maroc-2025-le-benin-domine-le-rwanda-et-conserve-sa-2eme-place\\\/\"]}]},{\"@type\":\"ImageObject\",\"inLanguage\":\"fr-FR\",\"@id\":\"https:\\\/\\\/lepatriotebenin.com\\\/index.php\\\/2024\\\/10\\\/11\\\/eliminatoires-can-maroc-2025-le-benin-domine-le-rwanda-et-conserve-sa-2eme-place\\\/#primaryimage\",\"url\":\"https:\\\/\\\/lepatriotebenin.com\\\/wp-content\\\/uploads\\\/2024\\\/10\\\/les-guepards-1-768x512-1.jpg\",\"contentUrl\":\"https:\\\/\\\/lepatriotebenin.com\\\/wp-content\\\/uploads\\\/2024\\\/10\\\/les-guepards-1-768x512-1.jpg\",\"width\":768,\"height\":512},{\"@type\":\"BreadcrumbList\",\"@id\":\"https:\\\/\\\/lepatriotebenin.com\\\/index.php\\\/2024\\\/10\\\/11\\\/eliminatoires-can-maroc-2025-le-benin-domine-le-rwanda-et-conserve-sa-2eme-place\\\/#breadcrumb\",\"itemListElement\":[{\"@type\":\"ListItem\",\"position\":1,\"name\":\"Accueil\",\"item\":\"https:\\\/\\\/lepatriotebenin.com\\\/\"},{\"@type\":\"ListItem\",\"position\":2,\"name\":\"\u00a0\u00c9liminatoires Can Maroc 2025 : Le B\u00e9nin domine le Rwanda et conserve sa 2\u00e8me place\"}]},{\"@type\":\"WebSite\",\"@id\":\"https:\\\/\\\/lepatriotebenin.com\\\/#website\",\"url\":\"https:\\\/\\\/lepatriotebenin.com\\\/\",\"name\":\"Le Patriote\",\"description\":\"Le Patriote B\u00e9nin\",\"potentialAction\":[{\"@type\":\"SearchAction\",\"target\":{\"@type\":\"EntryPoint\",\"urlTemplate\":\"https:\\\/\\\/lepatriotebenin.com\\\/?s={search_term_string}\"},\"query-input\":{\"@type\":\"PropertyValueSpecification\",\"valueRequired\":true,\"valueName\":\"search_term_string\"}}],\"inLanguage\":\"fr-FR\"},{\"@type\":\"Person\",\"@id\":\"https:\\\/\\\/lepatriotebenin.com\\\/#\\\/schema\\\/person\\\/4a9b67216c97d04045e01405c534c91f\",\"name\":\"Roland AFFANOU\",\"image\":{\"@type\":\"ImageObject\",\"inLanguage\":\"fr-FR\",\"@id\":\"https:\\\/\\\/secure.gravatar.com\\\/avatar\\\/7209d3f6d2d47ea4d0c67e14d3effb61feb10ae540a4381280c66265de5bd643?s=96&d=mm&r=g\",\"url\":\"https:\\\/\\\/secure.gravatar.com\\\/avatar\\\/7209d3f6d2d47ea4d0c67e14d3effb61feb10ae540a4381280c66265de5bd643?s=96&d=mm&r=g\",\"contentUrl\":\"https:\\\/\\\/secure.gravatar.com\\\/avatar\\\/7209d3f6d2d47ea4d0c67e14d3effb61feb10ae540a4381280c66265de5bd643?s=96&d=mm&r=g\",\"caption\":\"Roland AFFANOU\"},\"url\":\"https:\\\/\\\/lepatriotebenin.com\"}]}<\/script>\n<!-- \/ Yoast SEO plugin. -->","yoast_head_json":{"title":"\u00a0\u00c9liminatoires Can Maroc 2025 : Le B\u00e9nin domine le Rwanda et conserve sa 2\u00e8me place - Le Patriote","robots":{"index":"index","follow":"follow","max-snippet":"max-snippet:-1","max-image-preview":"max-image-preview:large","max-video-preview":"max-video-preview:-1"},"canonical":"https:\/\/lepatriotebenin.com\/index.php\/2024\/10\/11\/eliminatoires-can-maroc-2025-le-benin-domine-le-rwanda-et-conserve-sa-2eme-place\/","og_locale":"fr_FR","og_type":"article","og_title":"\u00a0\u00c9liminatoires Can Maroc 2025 : Le B\u00e9nin domine le Rwanda et conserve sa 2\u00e8me place - Le Patriote","og_description":"&nbsp;Dans le cadre de la 3\u00e8me journ\u00e9e des \u00e9liminatoires de la Coupe d\u2019Afrique des Nations (Can Maroc 2025), les Gu\u00e9pards du B\u00e9nin ont battu, dans la soir\u00e9e de ce vendredi&hellip;","og_url":"https:\/\/lepatriotebenin.com\/index.php\/2024\/10\/11\/eliminatoires-can-maroc-2025-le-benin-domine-le-rwanda-et-conserve-sa-2eme-place\/","og_site_name":"Le Patriote","article_published_time":"2024-10-11T19:01:39+00:00","article_modified_time":"2024-10-11T19:10:29+00:00","og_image":[{"width":768,"height":512,"url":"https:\/\/lepatriotebenin.com\/wp-content\/uploads\/2024\/10\/les-guepards-1-768x512-1.jpg","type":"image\/jpeg"}],"author":"Roland AFFANOU","twitter_card":"summary_large_image","twitter_misc":{"\u00c9crit par":"Roland AFFANOU","Dur\u00e9e de lecture estim\u00e9e":"3 minutes"},"schema":{"@context":"https:\/\/schema.org","@graph":[{"@type":"Article","@id":"https:\/\/lepatriotebenin.com\/index.php\/2024\/10\/11\/eliminatoires-can-maroc-2025-le-benin-domine-le-rwanda-et-conserve-sa-2eme-place\/#article","isPartOf":{"@id":"https:\/\/lepatriotebenin.com\/index.php\/2024\/10\/11\/eliminatoires-can-maroc-2025-le-benin-domine-le-rwanda-et-conserve-sa-2eme-place\/"},"author":{"name":"Roland AFFANOU","@id":"https:\/\/lepatriotebenin.com\/#\/schema\/person\/4a9b67216c97d04045e01405c534c91f"},"headline":"\u00a0\u00c9liminatoires Can Maroc 2025 : Le B\u00e9nin domine le Rwanda et conserve sa 2\u00e8me place","datePublished":"2024-10-11T19:01:39+00:00","dateModified":"2024-10-11T19:10:29+00:00","mainEntityOfPage":{"@id":"https:\/\/lepatriotebenin.com\/index.php\/2024\/10\/11\/eliminatoires-can-maroc-2025-le-benin-domine-le-rwanda-et-conserve-sa-2eme-place\/"},"wordCount":219,"commentCount":0,"image":{"@id":"https:\/\/lepatriotebenin.com\/index.php\/2024\/10\/11\/eliminatoires-can-maroc-2025-le-benin-domine-le-rwanda-et-conserve-sa-2eme-place\/#primaryimage"},"thumbnailUrl":"https:\/\/lepatriotebenin.com\/wp-content\/uploads\/2024\/10\/les-guepards-1-768x512-1.jpg","articleSection":["Sport"],"inLanguage":"fr-FR","potentialAction":[{"@type":"CommentAction","name":"Comment","target":["https:\/\/lepatriotebenin.com\/index.php\/2024\/10\/11\/eliminatoires-can-maroc-2025-le-benin-domine-le-rwanda-et-conserve-sa-2eme-place\/#respond"]}]},{"@type":"WebPage","@id":"https:\/\/lepatriotebenin.com\/index.php\/2024\/10\/11\/eliminatoires-can-maroc-2025-le-benin-domine-le-rwanda-et-conserve-sa-2eme-place\/","url":"https:\/\/lepatriotebenin.com\/index.php\/2024\/10\/11\/eliminatoires-can-maroc-2025-le-benin-domine-le-rwanda-et-conserve-sa-2eme-place\/","name":"\u00a0\u00c9liminatoires Can Maroc 2025 : Le B\u00e9nin domine le Rwanda et conserve sa 2\u00e8me place - Le Patriote","isPartOf":{"@id":"https:\/\/lepatriotebenin.com\/#website"},"primaryImageOfPage":{"@id":"https:\/\/lepatriotebenin.com\/index.php\/2024\/10\/11\/eliminatoires-can-maroc-2025-le-benin-domine-le-rwanda-et-conserve-sa-2eme-place\/#primaryimage"},"image":{"@id":"https:\/\/lepatriotebenin.com\/index.php\/2024\/10\/11\/eliminatoires-can-maroc-2025-le-benin-domine-le-rwanda-et-conserve-sa-2eme-place\/#primaryimage"},"thumbnailUrl":"https:\/\/lepatriotebenin.com\/wp-content\/uploads\/2024\/10\/les-guepards-1-768x512-1.jpg","datePublished":"2024-10-11T19:01:39+00:00","dateModified":"2024-10-11T19:10:29+00:00","author":{"@id":"https:\/\/lepatriotebenin.com\/#\/schema\/person\/4a9b67216c97d04045e01405c534c91f"},"breadcrumb":{"@id":"https:\/\/lepatriotebenin.com\/index.php\/2024\/10\/11\/eliminatoires-can-maroc-2025-le-benin-domine-le-rwanda-et-conserve-sa-2eme-place\/#breadcrumb"},"inLanguage":"fr-FR","potentialAction":[{"@type":"ReadAction","target":["https:\/\/lepatriotebenin.com\/index.php\/2024\/10\/11\/eliminatoires-can-maroc-2025-le-benin-domine-le-rwanda-et-conserve-sa-2eme-place\/"]}]},{"@type":"ImageObject","inLanguage":"fr-FR","@id":"https:\/\/lepatriotebenin.com\/index.php\/2024\/10\/11\/eliminatoires-can-maroc-2025-le-benin-domine-le-rwanda-et-conserve-sa-2eme-place\/#primaryimage","url":"https:\/\/lepatriotebenin.com\/wp-content\/uploads\/2024\/10\/les-guepards-1-768x512-1.jpg","contentUrl":"https:\/\/lepatriotebenin.com\/wp-content\/uploads\/2024\/10\/les-guepards-1-768x512-1.jpg","width":768,"height":512},{"@type":"BreadcrumbList","@id":"https:\/\/lepatriotebenin.com\/index.php\/2024\/10\/11\/eliminatoires-can-maroc-2025-le-benin-domine-le-rwanda-et-conserve-sa-2eme-place\/#breadcrumb","itemListElement":[{"@type":"ListItem","position":1,"name":"Accueil","item":"https:\/\/lepatriotebenin.com\/"},{"@type":"ListItem","position":2,"name":"\u00a0\u00c9liminatoires Can Maroc 2025 : Le B\u00e9nin domine le Rwanda et conserve sa 2\u00e8me place"}]},{"@type":"WebSite","@id":"https:\/\/lepatriotebenin.com\/#website","url":"https:\/\/lepatriotebenin.com\/","name":"Le Patriote","description":"Le Patriote B\u00e9nin","potentialAction":[{"@type":"SearchAction","target":{"@type":"EntryPoint","urlTemplate":"https:\/\/lepatriotebenin.com\/?s={search_term_string}"},"query-input":{"@type":"PropertyValueSpecification","valueRequired":true,"valueName":"search_term_string"}}],"inLanguage":"fr-FR"},{"@type":"Person","@id":"https:\/\/lepatriotebenin.com\/#\/schema\/person\/4a9b67216c97d04045e01405c534c91f","name":"Roland AFFANOU","image":{"@type":"ImageObject","inLanguage":"fr-FR","@id":"https:\/\/secure.gravatar.com\/avatar\/7209d3f6d2d47ea4d0c67e14d3effb61feb10ae540a4381280c66265de5bd643?s=96&d=mm&r=g","url":"https:\/\/secure.gravatar.com\/avatar\/7209d3f6d2d47ea4d0c67e14d3effb61feb10ae540a4381280c66265de5bd643?s=96&d=mm&r=g","contentUrl":"https:\/\/secure.gravatar.com\/avatar\/7209d3f6d2d47ea4d0c67e14d3effb61feb10ae540a4381280c66265de5bd643?s=96&d=mm&r=g","caption":"Roland AFFANOU"},"url":"https:\/\/lepatriotebenin.com"}]}},"_links":{"self":[{"href":"https:\/\/lepatriotebenin.com\/index.php\/wp-json\/wp\/v2\/posts\/8373","targetHints":{"allow":["GET"]}}],"collection":[{"href":"https:\/\/lepatriotebenin.com\/index.php\/wp-json\/wp\/v2\/posts"}],"about":[{"href":"https:\/\/lepatriotebenin.com\/index.php\/wp-json\/wp\/v2\/types\/post"}],"author":[{"embeddable":true,"href":"https:\/\/lepatriotebenin.com\/index.php\/wp-json\/wp\/v2\/users\/6"}],"replies":[{"embeddable":true,"href":"https:\/\/lepatriotebenin.com\/index.php\/wp-json\/wp\/v2\/comments?post=8373"}],"version-history":[{"count":2,"href":"https:\/\/lepatriotebenin.com\/index.php\/wp-json\/wp\/v2\/posts\/8373\/revisions"}],"predecessor-version":[{"id":8382,"href":"https:\/\/lepatriotebenin.com\/index.php\/wp-json\/wp\/v2\/posts\/8373\/revisions\/8382"}],"wp:featuredmedia":[{"embeddable":true,"href":"https:\/\/lepatriotebenin.com\/index.php\/wp-json\/wp\/v2\/media\/8374"}],"wp:attachment":[{"href":"https:\/\/lepatriotebenin.com\/index.php\/wp-json\/wp\/v2\/media?parent=8373"}],"wp:term":[{"taxonomy":"category","embeddable":true,"href":"https:\/\/lepatriotebenin.com\/index.php\/wp-json\/wp\/v2\/categories?post=8373"},{"taxonomy":"post_tag","embeddable":true,"href":"https:\/\/lepatriotebenin.com\/index.php\/wp-json\/wp\/v2\/tags?post=8373"}],"curies":[{"name":"wp","href":"https:\/\/api.w.org\/{rel}","templated":true}]}}