{"id":8363,"date":"2024-10-11T14:40:06","date_gmt":"2024-10-11T12:40:06","guid":{"rendered":"https:\/\/lepatriotebenin.com\/?p=8363"},"modified":"2024-10-12T12:26:58","modified_gmt":"2024-10-12T10:26:58","slug":"fin-de-carriere-de-rafael-nadal-ces-trois-meilleurs-footballeurs-lui-rendent-hommage","status":"publish","type":"post","link":"https:\/\/lepatriotebenin.com\/index.php\/2024\/10\/11\/fin-de-carriere-de-rafael-nadal-ces-trois-meilleurs-footballeurs-lui-rendent-hommage\/","title":{"rendered":"Fin de carri\u00e8re de Rafael Nadal: Trois c\u00e9l\u00e8bres footballeurs lui rendent\u00a0hommage"},"content":{"rendered":"\n<p><em><strong>Apr\u00e8s que le c\u00e9l\u00e8bre tennisman Rafael Nadal a annonc\u00e9 la fin de sa carri\u00e8re, ce jeudi 10 octobre, des t\u00e9moignages ne cessent de remplir la toile, venant de toutes les cat\u00e9gories de sportifs. L&rsquo;international fran\u00e7ais Kilian M&rsquo;bapp\u00e9, le plus titr\u00e9 du Ballon \u00a0d\u2019or Lionel Messi, et l&rsquo;international portugais Christiano Ronaldo ont publiquement rendu hommage \u00e0 la star du tennis.<\/strong><\/em><\/p>\n\n\n\n<p>Les trois c\u00e9l\u00e8bres footballeurs que sont Messi, Ronaldo et M&rsquo;bapp\u00e9 ont \u00a0fait\u00a0 chacun de vibrant \u00a0t\u00e9moignage \u00e0 Rafael Nadal via les r\u00e9seaux sociaux. Kylian M&rsquo;bapp\u00e9 sur sa page Instagram, a \u00a0salu\u00e9 le \u00a0parcours exceptionnel \u00a0dont \u00a0Rafael Nadal a fait montre tout au long de sa carri\u00e8re. <em>\u00ab F\u00e9licitations pour ta carri\u00e8re Rafa, tu es un exemple en tant que joueur et en tant que personne. Bonne retraite. Tu seras toujours une l\u00e9gende \u00bb <\/em>a-t-il \u00e9crit.<\/p>\n\n\n\n<p>Quant \u00e0 la star portugaise, Christiano Ronaldo, il a post\u00e9 sur Instagram.: &nbsp;<em>\u00ab Rafa, quelle incroyable carri\u00e8re tu as eu ! Ton d\u00e9vouement, ta passion et ton incroyable talent ont inspir\u00e9 des millions de personnes \u00e0 travers le monde. Ce fut un honneur d\u2019\u00eatre t\u00e9moin de ton voyage et de pouvoir te consid\u00e9rer comme un ami. F\u00e9licitations pour une carri\u00e8re incroyable ! Profite de ta retraite ! \u00bb.<\/em><\/p>\n\n\n\n<p>Dans une vid\u00e9o en langue espagnole,publi\u00e9e par <strong>Laureus,<\/strong> une structure r\u00e9compensant les sportifs \u00e0 travers le monde, Lionel Messi rend hommage \u00e0 l&rsquo;Espagnol. <em>\u00abTu es un exemple pour tout le monde, pour ton travail, pour ta pers\u00e9v\u00e9rance. Tant d\u2019ann\u00e9es au plus haut niveau, je suis un admirateur et je voulais t\u2019envoyer un gros c\u00e2lin \u00bb.<\/em><\/p>\n\n\n\n<p>En effet , le natif de <strong>Majorque<\/strong>, \u00e2g\u00e9 de <strong>38 ans, <\/strong>\u00a0a annonc\u00e9 la\u00a0 fin de\u00a0 sa carri\u00e8re \u00a0ce jeudi 10 octobre \u00a0sur ses r\u00e9seaux sociaux \u00e0 travers\u00a0 une video <strong>.<\/strong> Dans la vid\u00e9o d&rsquo;adieu, il a fait savoir qu\u2019il va prendre sa retraite apr\u00e8s la phase finale de la Coupe Davis qu&rsquo;il disputera avec son pays du<strong> 19 au 24 novembre prochain.<\/strong> Il a \u00e9voqu\u00e9 apr\u00e8s que ses probl\u00e8mes de chocs r\u00e9currents sont \u00e0 la base de sa d\u00e9cision. <em>\u00ab Le probl\u00e8me, c&rsquo;est le corps qui n&rsquo;est plus capable de jouer semaine apr\u00e8s semaine. Je ne suis plus capable de m&rsquo;entra\u00eener, d&rsquo;aimer m&rsquo;entra\u00eener quotidiennement \u00bb, <\/em>a-t-il confi\u00e9.<\/p>\n\n\n\n<p><strong>Le palmar\u00e8s du Taureau de Manacor<\/strong><\/p>\n\n\n\n<p>Surnomm\u00e9 le Taureau de Manacor, Rafel Nadal, a \u00e9t\u00e9 <strong>22 fois<\/strong> champion du Grand Chelem et <strong>5 fois<\/strong> vainqueur du prix Laureus. Selon un palmar\u00e8s publi\u00e9 par Eurosport, l&rsquo;Espagnol de 38 ans, a \u00e0 son <strong>actif 36 Masters 1000,14 Roland-Garros, 92 titres A\u0422\u0420, 4 Us Open, 2 Wimbledon, 2 Open d&rsquo;Australie, 2 titres olympiques simple (2008) double (2016) et 4 coupes Davis.<\/strong> Un riche palmar\u00e8s qui fait de lui le deuxi\u00e8me tennisman le plus titr\u00e9 du moment derri\u00e8re <strong>Novak Djokovic<\/strong> son rival. Selon le classement des vainqueurs par nombre de titres obtenus <strong>1968-2023<\/strong> de Statista, Rafael Nadal est le plus titr\u00e9 de Roland-Garros, avec 14 titres devant le v\u00e9t\u00e9ran su\u00e9dois <strong>Bj\u00f6rn Borg<\/strong> 6 titres.<\/p>\n\n\n\n<p><strong>Ez\u00e9chiel D. Padonou<\/strong><\/p>\n","protected":false},"excerpt":{"rendered":"<p>Apr\u00e8s que le c\u00e9l\u00e8bre tennisman Rafael Nadal a annonc\u00e9 la fin de sa carri\u00e8re, ce jeudi 10 octobre, des t\u00e9moignages ne cessent de remplir la toile, venant de toutes les&hellip;<\/p>\n","protected":false},"author":5,"featured_media":8364,"comment_status":"open","ping_status":"open","sticky":false,"template":"","format":"standard","meta":{"content-type":"","om_disable_all_campaigns":false,"_monsterinsights_skip_tracking":false,"_monsterinsights_sitenote_active":false,"_monsterinsights_sitenote_note":"","_monsterinsights_sitenote_category":0,"_uf_show_specific_survey":0,"_uf_disable_surveys":false,"footnotes":""},"categories":[8],"tags":[],"class_list":["post-8363","post","type-post","status-publish","format-standard","has-post-thumbnail","hentry","category-sport"],"aioseo_notices":[],"yoast_head":"<!-- This site is optimized with the Yoast SEO plugin v27.5 - https:\/\/yoast.com\/product\/yoast-seo-wordpress\/ -->\n<title>Fin de carri\u00e8re de Rafael Nadal: Trois c\u00e9l\u00e8bres footballeurs lui rendent\u00a0hommage - Le Patriote<\/title>\n<meta name=\"robots\" content=\"index, follow, max-snippet:-1, max-image-preview:large, max-video-preview:-1\" \/>\n<link rel=\"canonical\" href=\"https:\/\/lepatriotebenin.com\/index.php\/2024\/10\/11\/fin-de-carriere-de-rafael-nadal-ces-trois-meilleurs-footballeurs-lui-rendent-hommage\/\" \/>\n<meta property=\"og:locale\" content=\"fr_FR\" \/>\n<meta property=\"og:type\" content=\"article\" \/>\n<meta property=\"og:title\" content=\"Fin de carri\u00e8re de Rafael Nadal: Trois c\u00e9l\u00e8bres footballeurs lui rendent\u00a0hommage - Le Patriote\" \/>\n<meta property=\"og:description\" content=\"Apr\u00e8s que le c\u00e9l\u00e8bre tennisman Rafael Nadal a annonc\u00e9 la fin de sa carri\u00e8re, ce jeudi 10 octobre, des t\u00e9moignages ne cessent de remplir la toile, venant de toutes les&hellip;\" \/>\n<meta property=\"og:url\" content=\"https:\/\/lepatriotebenin.com\/index.php\/2024\/10\/11\/fin-de-carriere-de-rafael-nadal-ces-trois-meilleurs-footballeurs-lui-rendent-hommage\/\" \/>\n<meta property=\"og:site_name\" content=\"Le Patriote\" \/>\n<meta property=\"article:published_time\" content=\"2024-10-11T12:40:06+00:00\" \/>\n<meta property=\"article:modified_time\" content=\"2024-10-12T10:26:58+00:00\" \/>\n<meta property=\"og:image\" content=\"https:\/\/lepatriotebenin.com\/wp-content\/uploads\/2024\/10\/nadal.jpg\" \/>\n\t<meta property=\"og:image:width\" content=\"1260\" \/>\n\t<meta property=\"og:image:height\" content=\"708\" \/>\n\t<meta property=\"og:image:type\" content=\"image\/jpeg\" \/>\n<meta name=\"author\" content=\"Redaction\" \/>\n<meta name=\"twitter:card\" content=\"summary_large_image\" \/>\n<meta name=\"twitter:label1\" content=\"\u00c9crit par\" \/>\n\t<meta name=\"twitter:data1\" content=\"Redaction\" \/>\n\t<meta name=\"twitter:label2\" content=\"Dur\u00e9e de lecture estim\u00e9e\" \/>\n\t<meta name=\"twitter:data2\" content=\"3 minutes\" \/>\n<script type=\"application\/ld+json\" class=\"yoast-schema-graph\">{\"@context\":\"https:\\\/\\\/schema.org\",\"@graph\":[{\"@type\":\"Article\",\"@id\":\"https:\\\/\\\/lepatriotebenin.com\\\/index.php\\\/2024\\\/10\\\/11\\\/fin-de-carriere-de-rafael-nadal-ces-trois-meilleurs-footballeurs-lui-rendent-hommage\\\/#article\",\"isPartOf\":{\"@id\":\"https:\\\/\\\/lepatriotebenin.com\\\/index.php\\\/2024\\\/10\\\/11\\\/fin-de-carriere-de-rafael-nadal-ces-trois-meilleurs-footballeurs-lui-rendent-hommage\\\/\"},\"author\":{\"name\":\"Redaction\",\"@id\":\"https:\\\/\\\/lepatriotebenin.com\\\/#\\\/schema\\\/person\\\/2e7709b9c9cc313e452d1136af61690f\"},\"headline\":\"Fin de carri\u00e8re de Rafael Nadal: Trois c\u00e9l\u00e8bres footballeurs lui rendent\u00a0hommage\",\"datePublished\":\"2024-10-11T12:40:06+00:00\",\"dateModified\":\"2024-10-12T10:26:58+00:00\",\"mainEntityOfPage\":{\"@id\":\"https:\\\/\\\/lepatriotebenin.com\\\/index.php\\\/2024\\\/10\\\/11\\\/fin-de-carriere-de-rafael-nadal-ces-trois-meilleurs-footballeurs-lui-rendent-hommage\\\/\"},\"wordCount\":534,\"commentCount\":0,\"image\":{\"@id\":\"https:\\\/\\\/lepatriotebenin.com\\\/index.php\\\/2024\\\/10\\\/11\\\/fin-de-carriere-de-rafael-nadal-ces-trois-meilleurs-footballeurs-lui-rendent-hommage\\\/#primaryimage\"},\"thumbnailUrl\":\"https:\\\/\\\/lepatriotebenin.com\\\/wp-content\\\/uploads\\\/2024\\\/10\\\/nadal.jpg\",\"articleSection\":[\"Sport\"],\"inLanguage\":\"fr-FR\",\"potentialAction\":[{\"@type\":\"CommentAction\",\"name\":\"Comment\",\"target\":[\"https:\\\/\\\/lepatriotebenin.com\\\/index.php\\\/2024\\\/10\\\/11\\\/fin-de-carriere-de-rafael-nadal-ces-trois-meilleurs-footballeurs-lui-rendent-hommage\\\/#respond\"]}]},{\"@type\":\"WebPage\",\"@id\":\"https:\\\/\\\/lepatriotebenin.com\\\/index.php\\\/2024\\\/10\\\/11\\\/fin-de-carriere-de-rafael-nadal-ces-trois-meilleurs-footballeurs-lui-rendent-hommage\\\/\",\"url\":\"https:\\\/\\\/lepatriotebenin.com\\\/index.php\\\/2024\\\/10\\\/11\\\/fin-de-carriere-de-rafael-nadal-ces-trois-meilleurs-footballeurs-lui-rendent-hommage\\\/\",\"name\":\"Fin de carri\u00e8re de Rafael Nadal: Trois c\u00e9l\u00e8bres footballeurs lui rendent\u00a0hommage - Le Patriote\",\"isPartOf\":{\"@id\":\"https:\\\/\\\/lepatriotebenin.com\\\/#website\"},\"primaryImageOfPage\":{\"@id\":\"https:\\\/\\\/lepatriotebenin.com\\\/index.php\\\/2024\\\/10\\\/11\\\/fin-de-carriere-de-rafael-nadal-ces-trois-meilleurs-footballeurs-lui-rendent-hommage\\\/#primaryimage\"},\"image\":{\"@id\":\"https:\\\/\\\/lepatriotebenin.com\\\/index.php\\\/2024\\\/10\\\/11\\\/fin-de-carriere-de-rafael-nadal-ces-trois-meilleurs-footballeurs-lui-rendent-hommage\\\/#primaryimage\"},\"thumbnailUrl\":\"https:\\\/\\\/lepatriotebenin.com\\\/wp-content\\\/uploads\\\/2024\\\/10\\\/nadal.jpg\",\"datePublished\":\"2024-10-11T12:40:06+00:00\",\"dateModified\":\"2024-10-12T10:26:58+00:00\",\"author\":{\"@id\":\"https:\\\/\\\/lepatriotebenin.com\\\/#\\\/schema\\\/person\\\/2e7709b9c9cc313e452d1136af61690f\"},\"breadcrumb\":{\"@id\":\"https:\\\/\\\/lepatriotebenin.com\\\/index.php\\\/2024\\\/10\\\/11\\\/fin-de-carriere-de-rafael-nadal-ces-trois-meilleurs-footballeurs-lui-rendent-hommage\\\/#breadcrumb\"},\"inLanguage\":\"fr-FR\",\"potentialAction\":[{\"@type\":\"ReadAction\",\"target\":[\"https:\\\/\\\/lepatriotebenin.com\\\/index.php\\\/2024\\\/10\\\/11\\\/fin-de-carriere-de-rafael-nadal-ces-trois-meilleurs-footballeurs-lui-rendent-hommage\\\/\"]}]},{\"@type\":\"ImageObject\",\"inLanguage\":\"fr-FR\",\"@id\":\"https:\\\/\\\/lepatriotebenin.com\\\/index.php\\\/2024\\\/10\\\/11\\\/fin-de-carriere-de-rafael-nadal-ces-trois-meilleurs-footballeurs-lui-rendent-hommage\\\/#primaryimage\",\"url\":\"https:\\\/\\\/lepatriotebenin.com\\\/wp-content\\\/uploads\\\/2024\\\/10\\\/nadal.jpg\",\"contentUrl\":\"https:\\\/\\\/lepatriotebenin.com\\\/wp-content\\\/uploads\\\/2024\\\/10\\\/nadal.jpg\",\"width\":1260,\"height\":708},{\"@type\":\"BreadcrumbList\",\"@id\":\"https:\\\/\\\/lepatriotebenin.com\\\/index.php\\\/2024\\\/10\\\/11\\\/fin-de-carriere-de-rafael-nadal-ces-trois-meilleurs-footballeurs-lui-rendent-hommage\\\/#breadcrumb\",\"itemListElement\":[{\"@type\":\"ListItem\",\"position\":1,\"name\":\"Accueil\",\"item\":\"https:\\\/\\\/lepatriotebenin.com\\\/\"},{\"@type\":\"ListItem\",\"position\":2,\"name\":\"Fin de carri\u00e8re de Rafael Nadal: Trois c\u00e9l\u00e8bres footballeurs lui rendent\u00a0hommage\"}]},{\"@type\":\"WebSite\",\"@id\":\"https:\\\/\\\/lepatriotebenin.com\\\/#website\",\"url\":\"https:\\\/\\\/lepatriotebenin.com\\\/\",\"name\":\"Le Patriote\",\"description\":\"Le Patriote B\u00e9nin\",\"potentialAction\":[{\"@type\":\"SearchAction\",\"target\":{\"@type\":\"EntryPoint\",\"urlTemplate\":\"https:\\\/\\\/lepatriotebenin.com\\\/?s={search_term_string}\"},\"query-input\":{\"@type\":\"PropertyValueSpecification\",\"valueRequired\":true,\"valueName\":\"search_term_string\"}}],\"inLanguage\":\"fr-FR\"},{\"@type\":\"Person\",\"@id\":\"https:\\\/\\\/lepatriotebenin.com\\\/#\\\/schema\\\/person\\\/2e7709b9c9cc313e452d1136af61690f\",\"name\":\"Redaction\",\"image\":{\"@type\":\"ImageObject\",\"inLanguage\":\"fr-FR\",\"@id\":\"https:\\\/\\\/secure.gravatar.com\\\/avatar\\\/c4c509357859ea2ca2cbb6d8812898a73e4ef1ef9934c2e591d7e32face734d1?s=96&d=mm&r=g\",\"url\":\"https:\\\/\\\/secure.gravatar.com\\\/avatar\\\/c4c509357859ea2ca2cbb6d8812898a73e4ef1ef9934c2e591d7e32face734d1?s=96&d=mm&r=g\",\"contentUrl\":\"https:\\\/\\\/secure.gravatar.com\\\/avatar\\\/c4c509357859ea2ca2cbb6d8812898a73e4ef1ef9934c2e591d7e32face734d1?s=96&d=mm&r=g\",\"caption\":\"Redaction\"},\"url\":\"https:\\\/\\\/lepatriotebenin.com\"}]}<\/script>\n<!-- \/ Yoast SEO plugin. -->","yoast_head_json":{"title":"Fin de carri\u00e8re de Rafael Nadal: Trois c\u00e9l\u00e8bres footballeurs lui rendent\u00a0hommage - Le Patriote","robots":{"index":"index","follow":"follow","max-snippet":"max-snippet:-1","max-image-preview":"max-image-preview:large","max-video-preview":"max-video-preview:-1"},"canonical":"https:\/\/lepatriotebenin.com\/index.php\/2024\/10\/11\/fin-de-carriere-de-rafael-nadal-ces-trois-meilleurs-footballeurs-lui-rendent-hommage\/","og_locale":"fr_FR","og_type":"article","og_title":"Fin de carri\u00e8re de Rafael Nadal: Trois c\u00e9l\u00e8bres footballeurs lui rendent\u00a0hommage - Le Patriote","og_description":"Apr\u00e8s que le c\u00e9l\u00e8bre tennisman Rafael Nadal a annonc\u00e9 la fin de sa carri\u00e8re, ce jeudi 10 octobre, des t\u00e9moignages ne cessent de remplir la toile, venant de toutes les&hellip;","og_url":"https:\/\/lepatriotebenin.com\/index.php\/2024\/10\/11\/fin-de-carriere-de-rafael-nadal-ces-trois-meilleurs-footballeurs-lui-rendent-hommage\/","og_site_name":"Le Patriote","article_published_time":"2024-10-11T12:40:06+00:00","article_modified_time":"2024-10-12T10:26:58+00:00","og_image":[{"width":1260,"height":708,"url":"https:\/\/lepatriotebenin.com\/wp-content\/uploads\/2024\/10\/nadal.jpg","type":"image\/jpeg"}],"author":"Redaction","twitter_card":"summary_large_image","twitter_misc":{"\u00c9crit par":"Redaction","Dur\u00e9e de lecture estim\u00e9e":"3 minutes"},"schema":{"@context":"https:\/\/schema.org","@graph":[{"@type":"Article","@id":"https:\/\/lepatriotebenin.com\/index.php\/2024\/10\/11\/fin-de-carriere-de-rafael-nadal-ces-trois-meilleurs-footballeurs-lui-rendent-hommage\/#article","isPartOf":{"@id":"https:\/\/lepatriotebenin.com\/index.php\/2024\/10\/11\/fin-de-carriere-de-rafael-nadal-ces-trois-meilleurs-footballeurs-lui-rendent-hommage\/"},"author":{"name":"Redaction","@id":"https:\/\/lepatriotebenin.com\/#\/schema\/person\/2e7709b9c9cc313e452d1136af61690f"},"headline":"Fin de carri\u00e8re de Rafael Nadal: Trois c\u00e9l\u00e8bres footballeurs lui rendent\u00a0hommage","datePublished":"2024-10-11T12:40:06+00:00","dateModified":"2024-10-12T10:26:58+00:00","mainEntityOfPage":{"@id":"https:\/\/lepatriotebenin.com\/index.php\/2024\/10\/11\/fin-de-carriere-de-rafael-nadal-ces-trois-meilleurs-footballeurs-lui-rendent-hommage\/"},"wordCount":534,"commentCount":0,"image":{"@id":"https:\/\/lepatriotebenin.com\/index.php\/2024\/10\/11\/fin-de-carriere-de-rafael-nadal-ces-trois-meilleurs-footballeurs-lui-rendent-hommage\/#primaryimage"},"thumbnailUrl":"https:\/\/lepatriotebenin.com\/wp-content\/uploads\/2024\/10\/nadal.jpg","articleSection":["Sport"],"inLanguage":"fr-FR","potentialAction":[{"@type":"CommentAction","name":"Comment","target":["https:\/\/lepatriotebenin.com\/index.php\/2024\/10\/11\/fin-de-carriere-de-rafael-nadal-ces-trois-meilleurs-footballeurs-lui-rendent-hommage\/#respond"]}]},{"@type":"WebPage","@id":"https:\/\/lepatriotebenin.com\/index.php\/2024\/10\/11\/fin-de-carriere-de-rafael-nadal-ces-trois-meilleurs-footballeurs-lui-rendent-hommage\/","url":"https:\/\/lepatriotebenin.com\/index.php\/2024\/10\/11\/fin-de-carriere-de-rafael-nadal-ces-trois-meilleurs-footballeurs-lui-rendent-hommage\/","name":"Fin de carri\u00e8re de Rafael Nadal: Trois c\u00e9l\u00e8bres footballeurs lui rendent\u00a0hommage - Le Patriote","isPartOf":{"@id":"https:\/\/lepatriotebenin.com\/#website"},"primaryImageOfPage":{"@id":"https:\/\/lepatriotebenin.com\/index.php\/2024\/10\/11\/fin-de-carriere-de-rafael-nadal-ces-trois-meilleurs-footballeurs-lui-rendent-hommage\/#primaryimage"},"image":{"@id":"https:\/\/lepatriotebenin.com\/index.php\/2024\/10\/11\/fin-de-carriere-de-rafael-nadal-ces-trois-meilleurs-footballeurs-lui-rendent-hommage\/#primaryimage"},"thumbnailUrl":"https:\/\/lepatriotebenin.com\/wp-content\/uploads\/2024\/10\/nadal.jpg","datePublished":"2024-10-11T12:40:06+00:00","dateModified":"2024-10-12T10:26:58+00:00","author":{"@id":"https:\/\/lepatriotebenin.com\/#\/schema\/person\/2e7709b9c9cc313e452d1136af61690f"},"breadcrumb":{"@id":"https:\/\/lepatriotebenin.com\/index.php\/2024\/10\/11\/fin-de-carriere-de-rafael-nadal-ces-trois-meilleurs-footballeurs-lui-rendent-hommage\/#breadcrumb"},"inLanguage":"fr-FR","potentialAction":[{"@type":"ReadAction","target":["https:\/\/lepatriotebenin.com\/index.php\/2024\/10\/11\/fin-de-carriere-de-rafael-nadal-ces-trois-meilleurs-footballeurs-lui-rendent-hommage\/"]}]},{"@type":"ImageObject","inLanguage":"fr-FR","@id":"https:\/\/lepatriotebenin.com\/index.php\/2024\/10\/11\/fin-de-carriere-de-rafael-nadal-ces-trois-meilleurs-footballeurs-lui-rendent-hommage\/#primaryimage","url":"https:\/\/lepatriotebenin.com\/wp-content\/uploads\/2024\/10\/nadal.jpg","contentUrl":"https:\/\/lepatriotebenin.com\/wp-content\/uploads\/2024\/10\/nadal.jpg","width":1260,"height":708},{"@type":"BreadcrumbList","@id":"https:\/\/lepatriotebenin.com\/index.php\/2024\/10\/11\/fin-de-carriere-de-rafael-nadal-ces-trois-meilleurs-footballeurs-lui-rendent-hommage\/#breadcrumb","itemListElement":[{"@type":"ListItem","position":1,"name":"Accueil","item":"https:\/\/lepatriotebenin.com\/"},{"@type":"ListItem","position":2,"name":"Fin de carri\u00e8re de Rafael Nadal: Trois c\u00e9l\u00e8bres footballeurs lui rendent\u00a0hommage"}]},{"@type":"WebSite","@id":"https:\/\/lepatriotebenin.com\/#website","url":"https:\/\/lepatriotebenin.com\/","name":"Le Patriote","description":"Le Patriote B\u00e9nin","potentialAction":[{"@type":"SearchAction","target":{"@type":"EntryPoint","urlTemplate":"https:\/\/lepatriotebenin.com\/?s={search_term_string}"},"query-input":{"@type":"PropertyValueSpecification","valueRequired":true,"valueName":"search_term_string"}}],"inLanguage":"fr-FR"},{"@type":"Person","@id":"https:\/\/lepatriotebenin.com\/#\/schema\/person\/2e7709b9c9cc313e452d1136af61690f","name":"Redaction","image":{"@type":"ImageObject","inLanguage":"fr-FR","@id":"https:\/\/secure.gravatar.com\/avatar\/c4c509357859ea2ca2cbb6d8812898a73e4ef1ef9934c2e591d7e32face734d1?s=96&d=mm&r=g","url":"https:\/\/secure.gravatar.com\/avatar\/c4c509357859ea2ca2cbb6d8812898a73e4ef1ef9934c2e591d7e32face734d1?s=96&d=mm&r=g","contentUrl":"https:\/\/secure.gravatar.com\/avatar\/c4c509357859ea2ca2cbb6d8812898a73e4ef1ef9934c2e591d7e32face734d1?s=96&d=mm&r=g","caption":"Redaction"},"url":"https:\/\/lepatriotebenin.com"}]}},"_links":{"self":[{"href":"https:\/\/lepatriotebenin.com\/index.php\/wp-json\/wp\/v2\/posts\/8363","targetHints":{"allow":["GET"]}}],"collection":[{"href":"https:\/\/lepatriotebenin.com\/index.php\/wp-json\/wp\/v2\/posts"}],"about":[{"href":"https:\/\/lepatriotebenin.com\/index.php\/wp-json\/wp\/v2\/types\/post"}],"author":[{"embeddable":true,"href":"https:\/\/lepatriotebenin.com\/index.php\/wp-json\/wp\/v2\/users\/5"}],"replies":[{"embeddable":true,"href":"https:\/\/lepatriotebenin.com\/index.php\/wp-json\/wp\/v2\/comments?post=8363"}],"version-history":[{"count":2,"href":"https:\/\/lepatriotebenin.com\/index.php\/wp-json\/wp\/v2\/posts\/8363\/revisions"}],"predecessor-version":[{"id":8390,"href":"https:\/\/lepatriotebenin.com\/index.php\/wp-json\/wp\/v2\/posts\/8363\/revisions\/8390"}],"wp:featuredmedia":[{"embeddable":true,"href":"https:\/\/lepatriotebenin.com\/index.php\/wp-json\/wp\/v2\/media\/8364"}],"wp:attachment":[{"href":"https:\/\/lepatriotebenin.com\/index.php\/wp-json\/wp\/v2\/media?parent=8363"}],"wp:term":[{"taxonomy":"category","embeddable":true,"href":"https:\/\/lepatriotebenin.com\/index.php\/wp-json\/wp\/v2\/categories?post=8363"},{"taxonomy":"post_tag","embeddable":true,"href":"https:\/\/lepatriotebenin.com\/index.php\/wp-json\/wp\/v2\/tags?post=8363"}],"curies":[{"name":"wp","href":"https:\/\/api.w.org\/{rel}","templated":true}]}}