{"id":8169,"date":"2024-10-01T18:49:40","date_gmt":"2024-10-01T16:49:40","guid":{"rendered":"https:\/\/lepatriotebenin.com\/?p=8169"},"modified":"2024-10-01T18:49:41","modified_gmt":"2024-10-01T16:49:41","slug":"apres-leur-audition-par-le-procureur-special-de-la-criet-boko-homeky-et-tevoedjre-devant-la-commission-dinstruction","status":"publish","type":"post","link":"https:\/\/lepatriotebenin.com\/index.php\/2024\/10\/01\/apres-leur-audition-par-le-procureur-special-de-la-criet-boko-homeky-et-tevoedjre-devant-la-commission-dinstruction\/","title":{"rendered":"Apr\u00e8s leur audition par le procureur sp\u00e9cial de la Criet : Boko, Homeky et T\u00e9voedjr\u00e8 devant la commission d\u2019instruction"},"content":{"rendered":"\n<p>Arr\u00eat\u00e9s dans une affaire de tentative de coup d\u2019Etat contre le Pr\u00e9sident Patrice<strong> Talon,<\/strong> l\u2019homme d\u2019affaires <strong>Olivier Boko<\/strong>, l\u2019ex-ministre <strong>Oswald Homeky<\/strong> et le colonel <strong>Dieudonn\u00e9 T\u00e9vo\u00e9djr\u00e8,<\/strong> commandant de la garde r\u00e9publicaine, ont \u00e9t\u00e9 auditionn\u00e9s par le procureur sp\u00e9cial la Cour de r\u00e9pression des infractions \u00e9conomiques et du terrorisme (CRIET), <strong>Mario M\u00e8tonou<\/strong> ce <strong>mardi 1er octobre 2024, <\/strong>Apr\u00e8s avoir \u00e9t\u00e9 entendus par le Procureur Sp\u00e9cial de la Criet, ces derniers vont passer ensuite devant la commission d&rsquo;instruction.<\/p>\n\n\n\n<p>Selon les informations rapport\u00e9es par <strong>BIP Radio<\/strong>, les deux personnalit\u00e9s mises en cause dans une proc\u00e9dure de tentative de coup d\u2019Etat, Oswald Homeky et Olivier Boko, \u00e9taient toujours dans les locaux de la CRIET.&nbsp; Le m\u00eame m\u00e9dia fait savoir que d\u2019autres personnes sont pr\u00e9sent\u00e9es avec eux mais le commandant de la garde r\u00e9publicaine ne fait pas partie des personnes conduites au parquet sp\u00e9cial. Un dispositif policier est d\u00e9ploy\u00e9 autour de la Criet depuis ce mardi matin.<\/p>\n\n\n\n<p>&nbsp;Devant le Procureur Sp\u00e9cial de la CRIET et loin de tous les regards, , Olivier Boko et Oswald Homeky ont certainement donn\u00e9&nbsp; leur part&nbsp; de v\u00e9rit\u00e9 dans cette affaire de tentative&nbsp; de coup d\u2019Etat. Faut-il le rappeler \u00e0 l\u2019exception de l\u2019homme d\u2019affaire Olivier Boko et l\u2019ex-ministre Oswald Homeky plac\u00e9s en garde \u00e0 vue depuis leur interpellation, le commandant de la garde r\u00e9publicaine, le Colonel T\u00e9vo\u00e9djr\u00e8 n&rsquo;est point d\u00e9tenu dans cette affaire.&nbsp; Il a \u00e9t\u00e9 remis en libert\u00e9 apr\u00e8s son audition \u00e0 la brigade criminelle mais est plac\u00e9 sous convocation.&nbsp;<\/p>\n","protected":false},"excerpt":{"rendered":"<p>Arr\u00eat\u00e9s dans une affaire de tentative de coup d\u2019Etat contre le Pr\u00e9sident Patrice Talon, l\u2019homme d\u2019affaires Olivier Boko, l\u2019ex-ministre Oswald Homeky et le colonel Dieudonn\u00e9 T\u00e9vo\u00e9djr\u00e8, commandant de la garde&hellip;<\/p>\n","protected":false},"author":6,"featured_media":8170,"comment_status":"open","ping_status":"open","sticky":false,"template":"","format":"standard","meta":{"content-type":"","om_disable_all_campaigns":false,"_monsterinsights_skip_tracking":false,"_monsterinsights_sitenote_active":false,"_monsterinsights_sitenote_note":"","_monsterinsights_sitenote_category":0,"_uf_show_specific_survey":0,"_uf_disable_surveys":false,"footnotes":""},"categories":[20],"tags":[],"class_list":["post-8169","post","type-post","status-publish","format-standard","has-post-thumbnail","hentry","category-societe"],"aioseo_notices":[],"yoast_head":"<!-- This site is optimized with the Yoast SEO plugin v27.5 - https:\/\/yoast.com\/product\/yoast-seo-wordpress\/ -->\n<title>Apr\u00e8s leur audition par le procureur sp\u00e9cial de la Criet : Boko, Homeky et T\u00e9voedjr\u00e8 devant la commission d\u2019instruction - Le Patriote<\/title>\n<meta name=\"robots\" content=\"index, follow, max-snippet:-1, max-image-preview:large, max-video-preview:-1\" \/>\n<link rel=\"canonical\" href=\"https:\/\/lepatriotebenin.com\/index.php\/2024\/10\/01\/apres-leur-audition-par-le-procureur-special-de-la-criet-boko-homeky-et-tevoedjre-devant-la-commission-dinstruction\/\" \/>\n<meta property=\"og:locale\" content=\"fr_FR\" \/>\n<meta property=\"og:type\" content=\"article\" \/>\n<meta property=\"og:title\" content=\"Apr\u00e8s leur audition par le procureur sp\u00e9cial de la Criet : Boko, Homeky et T\u00e9voedjr\u00e8 devant la commission d\u2019instruction - Le Patriote\" \/>\n<meta property=\"og:description\" content=\"Arr\u00eat\u00e9s dans une affaire de tentative de coup d\u2019Etat contre le Pr\u00e9sident Patrice Talon, l\u2019homme d\u2019affaires Olivier Boko, l\u2019ex-ministre Oswald Homeky et le colonel Dieudonn\u00e9 T\u00e9vo\u00e9djr\u00e8, commandant de la garde&hellip;\" \/>\n<meta property=\"og:url\" content=\"https:\/\/lepatriotebenin.com\/index.php\/2024\/10\/01\/apres-leur-audition-par-le-procureur-special-de-la-criet-boko-homeky-et-tevoedjre-devant-la-commission-dinstruction\/\" \/>\n<meta property=\"og:site_name\" content=\"Le Patriote\" \/>\n<meta property=\"article:published_time\" content=\"2024-10-01T16:49:40+00:00\" \/>\n<meta property=\"article:modified_time\" content=\"2024-10-01T16:49:41+00:00\" \/>\n<meta property=\"og:image\" content=\"https:\/\/lepatriotebenin.com\/wp-content\/uploads\/2024\/10\/boco-homeky.jpg\" \/>\n\t<meta property=\"og:image:width\" content=\"378\" \/>\n\t<meta property=\"og:image:height\" content=\"319\" \/>\n\t<meta property=\"og:image:type\" content=\"image\/jpeg\" \/>\n<meta name=\"author\" content=\"Roland AFFANOU\" \/>\n<meta name=\"twitter:card\" content=\"summary_large_image\" \/>\n<meta name=\"twitter:label1\" content=\"\u00c9crit par\" \/>\n\t<meta name=\"twitter:data1\" content=\"Roland AFFANOU\" \/>\n\t<meta name=\"twitter:label2\" content=\"Dur\u00e9e de lecture estim\u00e9e\" \/>\n\t<meta name=\"twitter:data2\" content=\"2 minutes\" \/>\n<script type=\"application\/ld+json\" class=\"yoast-schema-graph\">{\"@context\":\"https:\\\/\\\/schema.org\",\"@graph\":[{\"@type\":\"Article\",\"@id\":\"https:\\\/\\\/lepatriotebenin.com\\\/index.php\\\/2024\\\/10\\\/01\\\/apres-leur-audition-par-le-procureur-special-de-la-criet-boko-homeky-et-tevoedjre-devant-la-commission-dinstruction\\\/#article\",\"isPartOf\":{\"@id\":\"https:\\\/\\\/lepatriotebenin.com\\\/index.php\\\/2024\\\/10\\\/01\\\/apres-leur-audition-par-le-procureur-special-de-la-criet-boko-homeky-et-tevoedjre-devant-la-commission-dinstruction\\\/\"},\"author\":{\"name\":\"Roland AFFANOU\",\"@id\":\"https:\\\/\\\/lepatriotebenin.com\\\/#\\\/schema\\\/person\\\/4a9b67216c97d04045e01405c534c91f\"},\"headline\":\"Apr\u00e8s leur audition par le procureur sp\u00e9cial de la Criet : Boko, Homeky et T\u00e9voedjr\u00e8 devant la commission d\u2019instruction\",\"datePublished\":\"2024-10-01T16:49:40+00:00\",\"dateModified\":\"2024-10-01T16:49:41+00:00\",\"mainEntityOfPage\":{\"@id\":\"https:\\\/\\\/lepatriotebenin.com\\\/index.php\\\/2024\\\/10\\\/01\\\/apres-leur-audition-par-le-procureur-special-de-la-criet-boko-homeky-et-tevoedjre-devant-la-commission-dinstruction\\\/\"},\"wordCount\":308,\"commentCount\":0,\"image\":{\"@id\":\"https:\\\/\\\/lepatriotebenin.com\\\/index.php\\\/2024\\\/10\\\/01\\\/apres-leur-audition-par-le-procureur-special-de-la-criet-boko-homeky-et-tevoedjre-devant-la-commission-dinstruction\\\/#primaryimage\"},\"thumbnailUrl\":\"https:\\\/\\\/lepatriotebenin.com\\\/wp-content\\\/uploads\\\/2024\\\/10\\\/boco-homeky.jpg\",\"articleSection\":[\"Soci\u00e9t\u00e9\"],\"inLanguage\":\"fr-FR\",\"potentialAction\":[{\"@type\":\"CommentAction\",\"name\":\"Comment\",\"target\":[\"https:\\\/\\\/lepatriotebenin.com\\\/index.php\\\/2024\\\/10\\\/01\\\/apres-leur-audition-par-le-procureur-special-de-la-criet-boko-homeky-et-tevoedjre-devant-la-commission-dinstruction\\\/#respond\"]}]},{\"@type\":\"WebPage\",\"@id\":\"https:\\\/\\\/lepatriotebenin.com\\\/index.php\\\/2024\\\/10\\\/01\\\/apres-leur-audition-par-le-procureur-special-de-la-criet-boko-homeky-et-tevoedjre-devant-la-commission-dinstruction\\\/\",\"url\":\"https:\\\/\\\/lepatriotebenin.com\\\/index.php\\\/2024\\\/10\\\/01\\\/apres-leur-audition-par-le-procureur-special-de-la-criet-boko-homeky-et-tevoedjre-devant-la-commission-dinstruction\\\/\",\"name\":\"Apr\u00e8s leur audition par le procureur sp\u00e9cial de la Criet : Boko, Homeky et T\u00e9voedjr\u00e8 devant la commission d\u2019instruction - Le Patriote\",\"isPartOf\":{\"@id\":\"https:\\\/\\\/lepatriotebenin.com\\\/#website\"},\"primaryImageOfPage\":{\"@id\":\"https:\\\/\\\/lepatriotebenin.com\\\/index.php\\\/2024\\\/10\\\/01\\\/apres-leur-audition-par-le-procureur-special-de-la-criet-boko-homeky-et-tevoedjre-devant-la-commission-dinstruction\\\/#primaryimage\"},\"image\":{\"@id\":\"https:\\\/\\\/lepatriotebenin.com\\\/index.php\\\/2024\\\/10\\\/01\\\/apres-leur-audition-par-le-procureur-special-de-la-criet-boko-homeky-et-tevoedjre-devant-la-commission-dinstruction\\\/#primaryimage\"},\"thumbnailUrl\":\"https:\\\/\\\/lepatriotebenin.com\\\/wp-content\\\/uploads\\\/2024\\\/10\\\/boco-homeky.jpg\",\"datePublished\":\"2024-10-01T16:49:40+00:00\",\"dateModified\":\"2024-10-01T16:49:41+00:00\",\"author\":{\"@id\":\"https:\\\/\\\/lepatriotebenin.com\\\/#\\\/schema\\\/person\\\/4a9b67216c97d04045e01405c534c91f\"},\"breadcrumb\":{\"@id\":\"https:\\\/\\\/lepatriotebenin.com\\\/index.php\\\/2024\\\/10\\\/01\\\/apres-leur-audition-par-le-procureur-special-de-la-criet-boko-homeky-et-tevoedjre-devant-la-commission-dinstruction\\\/#breadcrumb\"},\"inLanguage\":\"fr-FR\",\"potentialAction\":[{\"@type\":\"ReadAction\",\"target\":[\"https:\\\/\\\/lepatriotebenin.com\\\/index.php\\\/2024\\\/10\\\/01\\\/apres-leur-audition-par-le-procureur-special-de-la-criet-boko-homeky-et-tevoedjre-devant-la-commission-dinstruction\\\/\"]}]},{\"@type\":\"ImageObject\",\"inLanguage\":\"fr-FR\",\"@id\":\"https:\\\/\\\/lepatriotebenin.com\\\/index.php\\\/2024\\\/10\\\/01\\\/apres-leur-audition-par-le-procureur-special-de-la-criet-boko-homeky-et-tevoedjre-devant-la-commission-dinstruction\\\/#primaryimage\",\"url\":\"https:\\\/\\\/lepatriotebenin.com\\\/wp-content\\\/uploads\\\/2024\\\/10\\\/boco-homeky.jpg\",\"contentUrl\":\"https:\\\/\\\/lepatriotebenin.com\\\/wp-content\\\/uploads\\\/2024\\\/10\\\/boco-homeky.jpg\",\"width\":378,\"height\":319},{\"@type\":\"BreadcrumbList\",\"@id\":\"https:\\\/\\\/lepatriotebenin.com\\\/index.php\\\/2024\\\/10\\\/01\\\/apres-leur-audition-par-le-procureur-special-de-la-criet-boko-homeky-et-tevoedjre-devant-la-commission-dinstruction\\\/#breadcrumb\",\"itemListElement\":[{\"@type\":\"ListItem\",\"position\":1,\"name\":\"Accueil\",\"item\":\"https:\\\/\\\/lepatriotebenin.com\\\/\"},{\"@type\":\"ListItem\",\"position\":2,\"name\":\"Apr\u00e8s leur audition par le procureur sp\u00e9cial de la Criet : Boko, Homeky et T\u00e9voedjr\u00e8 devant la commission d\u2019instruction\"}]},{\"@type\":\"WebSite\",\"@id\":\"https:\\\/\\\/lepatriotebenin.com\\\/#website\",\"url\":\"https:\\\/\\\/lepatriotebenin.com\\\/\",\"name\":\"Le Patriote\",\"description\":\"Le Patriote B\u00e9nin\",\"potentialAction\":[{\"@type\":\"SearchAction\",\"target\":{\"@type\":\"EntryPoint\",\"urlTemplate\":\"https:\\\/\\\/lepatriotebenin.com\\\/?s={search_term_string}\"},\"query-input\":{\"@type\":\"PropertyValueSpecification\",\"valueRequired\":true,\"valueName\":\"search_term_string\"}}],\"inLanguage\":\"fr-FR\"},{\"@type\":\"Person\",\"@id\":\"https:\\\/\\\/lepatriotebenin.com\\\/#\\\/schema\\\/person\\\/4a9b67216c97d04045e01405c534c91f\",\"name\":\"Roland AFFANOU\",\"image\":{\"@type\":\"ImageObject\",\"inLanguage\":\"fr-FR\",\"@id\":\"https:\\\/\\\/secure.gravatar.com\\\/avatar\\\/7209d3f6d2d47ea4d0c67e14d3effb61feb10ae540a4381280c66265de5bd643?s=96&d=mm&r=g\",\"url\":\"https:\\\/\\\/secure.gravatar.com\\\/avatar\\\/7209d3f6d2d47ea4d0c67e14d3effb61feb10ae540a4381280c66265de5bd643?s=96&d=mm&r=g\",\"contentUrl\":\"https:\\\/\\\/secure.gravatar.com\\\/avatar\\\/7209d3f6d2d47ea4d0c67e14d3effb61feb10ae540a4381280c66265de5bd643?s=96&d=mm&r=g\",\"caption\":\"Roland AFFANOU\"},\"url\":\"https:\\\/\\\/lepatriotebenin.com\"}]}<\/script>\n<!-- \/ Yoast SEO plugin. -->","yoast_head_json":{"title":"Apr\u00e8s leur audition par le procureur sp\u00e9cial de la Criet : Boko, Homeky et T\u00e9voedjr\u00e8 devant la commission d\u2019instruction - Le Patriote","robots":{"index":"index","follow":"follow","max-snippet":"max-snippet:-1","max-image-preview":"max-image-preview:large","max-video-preview":"max-video-preview:-1"},"canonical":"https:\/\/lepatriotebenin.com\/index.php\/2024\/10\/01\/apres-leur-audition-par-le-procureur-special-de-la-criet-boko-homeky-et-tevoedjre-devant-la-commission-dinstruction\/","og_locale":"fr_FR","og_type":"article","og_title":"Apr\u00e8s leur audition par le procureur sp\u00e9cial de la Criet : Boko, Homeky et T\u00e9voedjr\u00e8 devant la commission d\u2019instruction - Le Patriote","og_description":"Arr\u00eat\u00e9s dans une affaire de tentative de coup d\u2019Etat contre le Pr\u00e9sident Patrice Talon, l\u2019homme d\u2019affaires Olivier Boko, l\u2019ex-ministre Oswald Homeky et le colonel Dieudonn\u00e9 T\u00e9vo\u00e9djr\u00e8, commandant de la garde&hellip;","og_url":"https:\/\/lepatriotebenin.com\/index.php\/2024\/10\/01\/apres-leur-audition-par-le-procureur-special-de-la-criet-boko-homeky-et-tevoedjre-devant-la-commission-dinstruction\/","og_site_name":"Le Patriote","article_published_time":"2024-10-01T16:49:40+00:00","article_modified_time":"2024-10-01T16:49:41+00:00","og_image":[{"width":378,"height":319,"url":"https:\/\/lepatriotebenin.com\/wp-content\/uploads\/2024\/10\/boco-homeky.jpg","type":"image\/jpeg"}],"author":"Roland AFFANOU","twitter_card":"summary_large_image","twitter_misc":{"\u00c9crit par":"Roland AFFANOU","Dur\u00e9e de lecture estim\u00e9e":"2 minutes"},"schema":{"@context":"https:\/\/schema.org","@graph":[{"@type":"Article","@id":"https:\/\/lepatriotebenin.com\/index.php\/2024\/10\/01\/apres-leur-audition-par-le-procureur-special-de-la-criet-boko-homeky-et-tevoedjre-devant-la-commission-dinstruction\/#article","isPartOf":{"@id":"https:\/\/lepatriotebenin.com\/index.php\/2024\/10\/01\/apres-leur-audition-par-le-procureur-special-de-la-criet-boko-homeky-et-tevoedjre-devant-la-commission-dinstruction\/"},"author":{"name":"Roland AFFANOU","@id":"https:\/\/lepatriotebenin.com\/#\/schema\/person\/4a9b67216c97d04045e01405c534c91f"},"headline":"Apr\u00e8s leur audition par le procureur sp\u00e9cial de la Criet : Boko, Homeky et T\u00e9voedjr\u00e8 devant la commission d\u2019instruction","datePublished":"2024-10-01T16:49:40+00:00","dateModified":"2024-10-01T16:49:41+00:00","mainEntityOfPage":{"@id":"https:\/\/lepatriotebenin.com\/index.php\/2024\/10\/01\/apres-leur-audition-par-le-procureur-special-de-la-criet-boko-homeky-et-tevoedjre-devant-la-commission-dinstruction\/"},"wordCount":308,"commentCount":0,"image":{"@id":"https:\/\/lepatriotebenin.com\/index.php\/2024\/10\/01\/apres-leur-audition-par-le-procureur-special-de-la-criet-boko-homeky-et-tevoedjre-devant-la-commission-dinstruction\/#primaryimage"},"thumbnailUrl":"https:\/\/lepatriotebenin.com\/wp-content\/uploads\/2024\/10\/boco-homeky.jpg","articleSection":["Soci\u00e9t\u00e9"],"inLanguage":"fr-FR","potentialAction":[{"@type":"CommentAction","name":"Comment","target":["https:\/\/lepatriotebenin.com\/index.php\/2024\/10\/01\/apres-leur-audition-par-le-procureur-special-de-la-criet-boko-homeky-et-tevoedjre-devant-la-commission-dinstruction\/#respond"]}]},{"@type":"WebPage","@id":"https:\/\/lepatriotebenin.com\/index.php\/2024\/10\/01\/apres-leur-audition-par-le-procureur-special-de-la-criet-boko-homeky-et-tevoedjre-devant-la-commission-dinstruction\/","url":"https:\/\/lepatriotebenin.com\/index.php\/2024\/10\/01\/apres-leur-audition-par-le-procureur-special-de-la-criet-boko-homeky-et-tevoedjre-devant-la-commission-dinstruction\/","name":"Apr\u00e8s leur audition par le procureur sp\u00e9cial de la Criet : Boko, Homeky et T\u00e9voedjr\u00e8 devant la commission d\u2019instruction - Le Patriote","isPartOf":{"@id":"https:\/\/lepatriotebenin.com\/#website"},"primaryImageOfPage":{"@id":"https:\/\/lepatriotebenin.com\/index.php\/2024\/10\/01\/apres-leur-audition-par-le-procureur-special-de-la-criet-boko-homeky-et-tevoedjre-devant-la-commission-dinstruction\/#primaryimage"},"image":{"@id":"https:\/\/lepatriotebenin.com\/index.php\/2024\/10\/01\/apres-leur-audition-par-le-procureur-special-de-la-criet-boko-homeky-et-tevoedjre-devant-la-commission-dinstruction\/#primaryimage"},"thumbnailUrl":"https:\/\/lepatriotebenin.com\/wp-content\/uploads\/2024\/10\/boco-homeky.jpg","datePublished":"2024-10-01T16:49:40+00:00","dateModified":"2024-10-01T16:49:41+00:00","author":{"@id":"https:\/\/lepatriotebenin.com\/#\/schema\/person\/4a9b67216c97d04045e01405c534c91f"},"breadcrumb":{"@id":"https:\/\/lepatriotebenin.com\/index.php\/2024\/10\/01\/apres-leur-audition-par-le-procureur-special-de-la-criet-boko-homeky-et-tevoedjre-devant-la-commission-dinstruction\/#breadcrumb"},"inLanguage":"fr-FR","potentialAction":[{"@type":"ReadAction","target":["https:\/\/lepatriotebenin.com\/index.php\/2024\/10\/01\/apres-leur-audition-par-le-procureur-special-de-la-criet-boko-homeky-et-tevoedjre-devant-la-commission-dinstruction\/"]}]},{"@type":"ImageObject","inLanguage":"fr-FR","@id":"https:\/\/lepatriotebenin.com\/index.php\/2024\/10\/01\/apres-leur-audition-par-le-procureur-special-de-la-criet-boko-homeky-et-tevoedjre-devant-la-commission-dinstruction\/#primaryimage","url":"https:\/\/lepatriotebenin.com\/wp-content\/uploads\/2024\/10\/boco-homeky.jpg","contentUrl":"https:\/\/lepatriotebenin.com\/wp-content\/uploads\/2024\/10\/boco-homeky.jpg","width":378,"height":319},{"@type":"BreadcrumbList","@id":"https:\/\/lepatriotebenin.com\/index.php\/2024\/10\/01\/apres-leur-audition-par-le-procureur-special-de-la-criet-boko-homeky-et-tevoedjre-devant-la-commission-dinstruction\/#breadcrumb","itemListElement":[{"@type":"ListItem","position":1,"name":"Accueil","item":"https:\/\/lepatriotebenin.com\/"},{"@type":"ListItem","position":2,"name":"Apr\u00e8s leur audition par le procureur sp\u00e9cial de la Criet : Boko, Homeky et T\u00e9voedjr\u00e8 devant la commission d\u2019instruction"}]},{"@type":"WebSite","@id":"https:\/\/lepatriotebenin.com\/#website","url":"https:\/\/lepatriotebenin.com\/","name":"Le Patriote","description":"Le Patriote B\u00e9nin","potentialAction":[{"@type":"SearchAction","target":{"@type":"EntryPoint","urlTemplate":"https:\/\/lepatriotebenin.com\/?s={search_term_string}"},"query-input":{"@type":"PropertyValueSpecification","valueRequired":true,"valueName":"search_term_string"}}],"inLanguage":"fr-FR"},{"@type":"Person","@id":"https:\/\/lepatriotebenin.com\/#\/schema\/person\/4a9b67216c97d04045e01405c534c91f","name":"Roland AFFANOU","image":{"@type":"ImageObject","inLanguage":"fr-FR","@id":"https:\/\/secure.gravatar.com\/avatar\/7209d3f6d2d47ea4d0c67e14d3effb61feb10ae540a4381280c66265de5bd643?s=96&d=mm&r=g","url":"https:\/\/secure.gravatar.com\/avatar\/7209d3f6d2d47ea4d0c67e14d3effb61feb10ae540a4381280c66265de5bd643?s=96&d=mm&r=g","contentUrl":"https:\/\/secure.gravatar.com\/avatar\/7209d3f6d2d47ea4d0c67e14d3effb61feb10ae540a4381280c66265de5bd643?s=96&d=mm&r=g","caption":"Roland AFFANOU"},"url":"https:\/\/lepatriotebenin.com"}]}},"_links":{"self":[{"href":"https:\/\/lepatriotebenin.com\/index.php\/wp-json\/wp\/v2\/posts\/8169","targetHints":{"allow":["GET"]}}],"collection":[{"href":"https:\/\/lepatriotebenin.com\/index.php\/wp-json\/wp\/v2\/posts"}],"about":[{"href":"https:\/\/lepatriotebenin.com\/index.php\/wp-json\/wp\/v2\/types\/post"}],"author":[{"embeddable":true,"href":"https:\/\/lepatriotebenin.com\/index.php\/wp-json\/wp\/v2\/users\/6"}],"replies":[{"embeddable":true,"href":"https:\/\/lepatriotebenin.com\/index.php\/wp-json\/wp\/v2\/comments?post=8169"}],"version-history":[{"count":1,"href":"https:\/\/lepatriotebenin.com\/index.php\/wp-json\/wp\/v2\/posts\/8169\/revisions"}],"predecessor-version":[{"id":8171,"href":"https:\/\/lepatriotebenin.com\/index.php\/wp-json\/wp\/v2\/posts\/8169\/revisions\/8171"}],"wp:featuredmedia":[{"embeddable":true,"href":"https:\/\/lepatriotebenin.com\/index.php\/wp-json\/wp\/v2\/media\/8170"}],"wp:attachment":[{"href":"https:\/\/lepatriotebenin.com\/index.php\/wp-json\/wp\/v2\/media?parent=8169"}],"wp:term":[{"taxonomy":"category","embeddable":true,"href":"https:\/\/lepatriotebenin.com\/index.php\/wp-json\/wp\/v2\/categories?post=8169"},{"taxonomy":"post_tag","embeddable":true,"href":"https:\/\/lepatriotebenin.com\/index.php\/wp-json\/wp\/v2\/tags?post=8169"}],"curies":[{"name":"wp","href":"https:\/\/api.w.org\/{rel}","templated":true}]}}