{"id":8163,"date":"2024-10-01T18:02:13","date_gmt":"2024-10-01T16:02:13","guid":{"rendered":"https:\/\/lepatriotebenin.com\/?p=8163"},"modified":"2024-10-01T18:02:13","modified_gmt":"2024-10-01T16:02:13","slug":"fifa-voici-les-raisons-de-la-sanction-de-etoo","status":"publish","type":"post","link":"https:\/\/lepatriotebenin.com\/index.php\/2024\/10\/01\/fifa-voici-les-raisons-de-la-sanction-de-etoo\/","title":{"rendered":"Fifa : Voici les raisons de la sanction de Eto\u2019o"},"content":{"rendered":"\n<p>&nbsp;La F\u00e9d\u00e9ration internationale de football associations (FIFA) ne badine pas avec les r\u00e8gles du fair-play. &nbsp;Il est reproch\u00e9 \u00e0 <strong>Samuel Eto\u2019o<\/strong> , pr\u00e9sident de la F\u00e9d\u00e9ration camerounaise de football (Fecafoot), &nbsp;d\u2019avoir mis la pression sur les officiels lors des 8\u00e8mes de finale perdues par les <strong>Lionnes Indomptables du Cameroun<\/strong> contre le <strong>Br\u00e9sil, 3-1<\/strong> apr\u00e8s prolongation le <strong>11 septembre 2024.<\/strong> Le pr\u00e9sident de la Fecafoot avait notamment contest\u00e9 le penalty d&rsquo;\u00e9galisation des Br\u00e9siliennes. Pour la Fifa, l\u2019ancien international du football camerounais a viol\u00e9 <em>les r\u00e8gles de fair-play notamment deux articles du Code disciplinaire de la FIFA.<\/em><\/p>\n\n\n\n<p>&nbsp;C\u2019est pour cela que la Commission de Discipline de la FIFA, apr\u00e8s avoir examin\u00e9 son cas, lui a inflig\u00e9 <strong>six mois<\/strong> de suspension de tout match impliquant les s\u00e9lections nationales notamment toutes les cat\u00e9gories d\u2019\u00e9quipes masculines et f\u00e9minines du Cameroun. Il est \u00e0 pr\u00e9ciser que la suspension de six mois ne concerne pas les fonctions de pr\u00e9sident de la Fecafoot, La FIFA a indiqu\u00e9 que la sanction entre imm\u00e9diatement en vigueur, d\u00e8s la notification du <strong>30 septembre 2024<\/strong>.<\/p>\n\n\n\n<p>&nbsp;Faut6il rappeler, ce n\u2019est pas la premi\u00e8re fois que Samuel Eto-o est condamn\u00e9 par les instances faiti\u00e8res du football mondial. &nbsp;Accus\u00e9 d\u2019avoir sign\u00e9 un contrat r\u00e9mun\u00e9r\u00e9 avec une soci\u00e9t\u00e9 de paris sportif, l\u2019ex capitaine des Lions Indomptables du Cameroun avait \u00e9cop\u00e9 d&rsquo;une amende de 200 000 dollars. Mais il a fait appel de cette condamnation de l\u2019instance faiti\u00e8re du football africain. \u00c9galement, les acteurs du football de son pays lui ont reproch\u00e9 de trucage et de manipulation des matchs ayant conduit \u00e0 la mont\u00e9e en<strong> 2023<\/strong> en 1\u00e8re <strong>division deVictoria<\/strong> United de L<strong>imb\u00e9<\/strong>.&nbsp; La CAF et la FIFA ayant \u00e9t\u00e9 saisies par ces acteurs du football camerounais, ce dernier a \u00e9t\u00e9 blanchi dans cette affaire en <strong>juillet 2024.<\/strong><\/p>\n","protected":false},"excerpt":{"rendered":"<p>&nbsp;La F\u00e9d\u00e9ration internationale de football associations (FIFA) ne badine pas avec les r\u00e8gles du fair-play. &nbsp;Il est reproch\u00e9 \u00e0 Samuel Eto\u2019o , pr\u00e9sident de la F\u00e9d\u00e9ration camerounaise de football (Fecafoot),&hellip;<\/p>\n","protected":false},"author":6,"featured_media":8164,"comment_status":"open","ping_status":"open","sticky":false,"template":"","format":"standard","meta":{"content-type":"","om_disable_all_campaigns":false,"_monsterinsights_skip_tracking":false,"_monsterinsights_sitenote_active":false,"_monsterinsights_sitenote_note":"","_monsterinsights_sitenote_category":0,"_uf_show_specific_survey":0,"_uf_disable_surveys":false,"footnotes":""},"categories":[8],"tags":[],"class_list":["post-8163","post","type-post","status-publish","format-standard","has-post-thumbnail","hentry","category-sport"],"aioseo_notices":[],"yoast_head":"<!-- This site is optimized with the Yoast SEO plugin v27.5 - https:\/\/yoast.com\/product\/yoast-seo-wordpress\/ -->\n<title>Fifa : Voici les raisons de la sanction de Eto\u2019o - Le Patriote<\/title>\n<meta name=\"robots\" content=\"index, follow, max-snippet:-1, max-image-preview:large, max-video-preview:-1\" \/>\n<link rel=\"canonical\" href=\"https:\/\/lepatriotebenin.com\/index.php\/2024\/10\/01\/fifa-voici-les-raisons-de-la-sanction-de-etoo\/\" \/>\n<meta property=\"og:locale\" content=\"fr_FR\" \/>\n<meta property=\"og:type\" content=\"article\" \/>\n<meta property=\"og:title\" content=\"Fifa : Voici les raisons de la sanction de Eto\u2019o - Le Patriote\" \/>\n<meta property=\"og:description\" content=\"&nbsp;La F\u00e9d\u00e9ration internationale de football associations (FIFA) ne badine pas avec les r\u00e8gles du fair-play. &nbsp;Il est reproch\u00e9 \u00e0 Samuel Eto\u2019o , pr\u00e9sident de la F\u00e9d\u00e9ration camerounaise de football (Fecafoot),&hellip;\" \/>\n<meta property=\"og:url\" content=\"https:\/\/lepatriotebenin.com\/index.php\/2024\/10\/01\/fifa-voici-les-raisons-de-la-sanction-de-etoo\/\" \/>\n<meta property=\"og:site_name\" content=\"Le Patriote\" \/>\n<meta property=\"article:published_time\" content=\"2024-10-01T16:02:13+00:00\" \/>\n<meta property=\"og:image\" content=\"https:\/\/lepatriotebenin.com\/wp-content\/uploads\/2024\/10\/samuel-eto.jpg\" \/>\n\t<meta property=\"og:image:width\" content=\"980\" \/>\n\t<meta property=\"og:image:height\" content=\"551\" \/>\n\t<meta property=\"og:image:type\" content=\"image\/jpeg\" \/>\n<meta name=\"author\" content=\"Roland AFFANOU\" \/>\n<meta name=\"twitter:card\" content=\"summary_large_image\" \/>\n<meta name=\"twitter:label1\" content=\"\u00c9crit par\" \/>\n\t<meta name=\"twitter:data1\" content=\"Roland AFFANOU\" \/>\n\t<meta name=\"twitter:label2\" content=\"Dur\u00e9e de lecture estim\u00e9e\" \/>\n\t<meta name=\"twitter:data2\" content=\"2 minutes\" \/>\n<script type=\"application\/ld+json\" class=\"yoast-schema-graph\">{\"@context\":\"https:\\\/\\\/schema.org\",\"@graph\":[{\"@type\":\"Article\",\"@id\":\"https:\\\/\\\/lepatriotebenin.com\\\/index.php\\\/2024\\\/10\\\/01\\\/fifa-voici-les-raisons-de-la-sanction-de-etoo\\\/#article\",\"isPartOf\":{\"@id\":\"https:\\\/\\\/lepatriotebenin.com\\\/index.php\\\/2024\\\/10\\\/01\\\/fifa-voici-les-raisons-de-la-sanction-de-etoo\\\/\"},\"author\":{\"name\":\"Roland AFFANOU\",\"@id\":\"https:\\\/\\\/lepatriotebenin.com\\\/#\\\/schema\\\/person\\\/4a9b67216c97d04045e01405c534c91f\"},\"headline\":\"Fifa : Voici les raisons de la sanction de Eto\u2019o\",\"datePublished\":\"2024-10-01T16:02:13+00:00\",\"mainEntityOfPage\":{\"@id\":\"https:\\\/\\\/lepatriotebenin.com\\\/index.php\\\/2024\\\/10\\\/01\\\/fifa-voici-les-raisons-de-la-sanction-de-etoo\\\/\"},\"wordCount\":334,\"commentCount\":0,\"image\":{\"@id\":\"https:\\\/\\\/lepatriotebenin.com\\\/index.php\\\/2024\\\/10\\\/01\\\/fifa-voici-les-raisons-de-la-sanction-de-etoo\\\/#primaryimage\"},\"thumbnailUrl\":\"https:\\\/\\\/lepatriotebenin.com\\\/wp-content\\\/uploads\\\/2024\\\/10\\\/samuel-eto.jpg\",\"articleSection\":[\"Sport\"],\"inLanguage\":\"fr-FR\",\"potentialAction\":[{\"@type\":\"CommentAction\",\"name\":\"Comment\",\"target\":[\"https:\\\/\\\/lepatriotebenin.com\\\/index.php\\\/2024\\\/10\\\/01\\\/fifa-voici-les-raisons-de-la-sanction-de-etoo\\\/#respond\"]}]},{\"@type\":\"WebPage\",\"@id\":\"https:\\\/\\\/lepatriotebenin.com\\\/index.php\\\/2024\\\/10\\\/01\\\/fifa-voici-les-raisons-de-la-sanction-de-etoo\\\/\",\"url\":\"https:\\\/\\\/lepatriotebenin.com\\\/index.php\\\/2024\\\/10\\\/01\\\/fifa-voici-les-raisons-de-la-sanction-de-etoo\\\/\",\"name\":\"Fifa : Voici les raisons de la sanction de Eto\u2019o - Le Patriote\",\"isPartOf\":{\"@id\":\"https:\\\/\\\/lepatriotebenin.com\\\/#website\"},\"primaryImageOfPage\":{\"@id\":\"https:\\\/\\\/lepatriotebenin.com\\\/index.php\\\/2024\\\/10\\\/01\\\/fifa-voici-les-raisons-de-la-sanction-de-etoo\\\/#primaryimage\"},\"image\":{\"@id\":\"https:\\\/\\\/lepatriotebenin.com\\\/index.php\\\/2024\\\/10\\\/01\\\/fifa-voici-les-raisons-de-la-sanction-de-etoo\\\/#primaryimage\"},\"thumbnailUrl\":\"https:\\\/\\\/lepatriotebenin.com\\\/wp-content\\\/uploads\\\/2024\\\/10\\\/samuel-eto.jpg\",\"datePublished\":\"2024-10-01T16:02:13+00:00\",\"author\":{\"@id\":\"https:\\\/\\\/lepatriotebenin.com\\\/#\\\/schema\\\/person\\\/4a9b67216c97d04045e01405c534c91f\"},\"breadcrumb\":{\"@id\":\"https:\\\/\\\/lepatriotebenin.com\\\/index.php\\\/2024\\\/10\\\/01\\\/fifa-voici-les-raisons-de-la-sanction-de-etoo\\\/#breadcrumb\"},\"inLanguage\":\"fr-FR\",\"potentialAction\":[{\"@type\":\"ReadAction\",\"target\":[\"https:\\\/\\\/lepatriotebenin.com\\\/index.php\\\/2024\\\/10\\\/01\\\/fifa-voici-les-raisons-de-la-sanction-de-etoo\\\/\"]}]},{\"@type\":\"ImageObject\",\"inLanguage\":\"fr-FR\",\"@id\":\"https:\\\/\\\/lepatriotebenin.com\\\/index.php\\\/2024\\\/10\\\/01\\\/fifa-voici-les-raisons-de-la-sanction-de-etoo\\\/#primaryimage\",\"url\":\"https:\\\/\\\/lepatriotebenin.com\\\/wp-content\\\/uploads\\\/2024\\\/10\\\/samuel-eto.jpg\",\"contentUrl\":\"https:\\\/\\\/lepatriotebenin.com\\\/wp-content\\\/uploads\\\/2024\\\/10\\\/samuel-eto.jpg\",\"width\":980,\"height\":551},{\"@type\":\"BreadcrumbList\",\"@id\":\"https:\\\/\\\/lepatriotebenin.com\\\/index.php\\\/2024\\\/10\\\/01\\\/fifa-voici-les-raisons-de-la-sanction-de-etoo\\\/#breadcrumb\",\"itemListElement\":[{\"@type\":\"ListItem\",\"position\":1,\"name\":\"Accueil\",\"item\":\"https:\\\/\\\/lepatriotebenin.com\\\/\"},{\"@type\":\"ListItem\",\"position\":2,\"name\":\"Fifa : Voici les raisons de la sanction de Eto\u2019o\"}]},{\"@type\":\"WebSite\",\"@id\":\"https:\\\/\\\/lepatriotebenin.com\\\/#website\",\"url\":\"https:\\\/\\\/lepatriotebenin.com\\\/\",\"name\":\"Le Patriote\",\"description\":\"Le Patriote B\u00e9nin\",\"potentialAction\":[{\"@type\":\"SearchAction\",\"target\":{\"@type\":\"EntryPoint\",\"urlTemplate\":\"https:\\\/\\\/lepatriotebenin.com\\\/?s={search_term_string}\"},\"query-input\":{\"@type\":\"PropertyValueSpecification\",\"valueRequired\":true,\"valueName\":\"search_term_string\"}}],\"inLanguage\":\"fr-FR\"},{\"@type\":\"Person\",\"@id\":\"https:\\\/\\\/lepatriotebenin.com\\\/#\\\/schema\\\/person\\\/4a9b67216c97d04045e01405c534c91f\",\"name\":\"Roland AFFANOU\",\"image\":{\"@type\":\"ImageObject\",\"inLanguage\":\"fr-FR\",\"@id\":\"https:\\\/\\\/secure.gravatar.com\\\/avatar\\\/7209d3f6d2d47ea4d0c67e14d3effb61feb10ae540a4381280c66265de5bd643?s=96&d=mm&r=g\",\"url\":\"https:\\\/\\\/secure.gravatar.com\\\/avatar\\\/7209d3f6d2d47ea4d0c67e14d3effb61feb10ae540a4381280c66265de5bd643?s=96&d=mm&r=g\",\"contentUrl\":\"https:\\\/\\\/secure.gravatar.com\\\/avatar\\\/7209d3f6d2d47ea4d0c67e14d3effb61feb10ae540a4381280c66265de5bd643?s=96&d=mm&r=g\",\"caption\":\"Roland AFFANOU\"},\"url\":\"https:\\\/\\\/lepatriotebenin.com\"}]}<\/script>\n<!-- \/ Yoast SEO plugin. -->","yoast_head_json":{"title":"Fifa : Voici les raisons de la sanction de Eto\u2019o - Le Patriote","robots":{"index":"index","follow":"follow","max-snippet":"max-snippet:-1","max-image-preview":"max-image-preview:large","max-video-preview":"max-video-preview:-1"},"canonical":"https:\/\/lepatriotebenin.com\/index.php\/2024\/10\/01\/fifa-voici-les-raisons-de-la-sanction-de-etoo\/","og_locale":"fr_FR","og_type":"article","og_title":"Fifa : Voici les raisons de la sanction de Eto\u2019o - Le Patriote","og_description":"&nbsp;La F\u00e9d\u00e9ration internationale de football associations (FIFA) ne badine pas avec les r\u00e8gles du fair-play. &nbsp;Il est reproch\u00e9 \u00e0 Samuel Eto\u2019o , pr\u00e9sident de la F\u00e9d\u00e9ration camerounaise de football (Fecafoot),&hellip;","og_url":"https:\/\/lepatriotebenin.com\/index.php\/2024\/10\/01\/fifa-voici-les-raisons-de-la-sanction-de-etoo\/","og_site_name":"Le Patriote","article_published_time":"2024-10-01T16:02:13+00:00","og_image":[{"width":980,"height":551,"url":"https:\/\/lepatriotebenin.com\/wp-content\/uploads\/2024\/10\/samuel-eto.jpg","type":"image\/jpeg"}],"author":"Roland AFFANOU","twitter_card":"summary_large_image","twitter_misc":{"\u00c9crit par":"Roland AFFANOU","Dur\u00e9e de lecture estim\u00e9e":"2 minutes"},"schema":{"@context":"https:\/\/schema.org","@graph":[{"@type":"Article","@id":"https:\/\/lepatriotebenin.com\/index.php\/2024\/10\/01\/fifa-voici-les-raisons-de-la-sanction-de-etoo\/#article","isPartOf":{"@id":"https:\/\/lepatriotebenin.com\/index.php\/2024\/10\/01\/fifa-voici-les-raisons-de-la-sanction-de-etoo\/"},"author":{"name":"Roland AFFANOU","@id":"https:\/\/lepatriotebenin.com\/#\/schema\/person\/4a9b67216c97d04045e01405c534c91f"},"headline":"Fifa : Voici les raisons de la sanction de Eto\u2019o","datePublished":"2024-10-01T16:02:13+00:00","mainEntityOfPage":{"@id":"https:\/\/lepatriotebenin.com\/index.php\/2024\/10\/01\/fifa-voici-les-raisons-de-la-sanction-de-etoo\/"},"wordCount":334,"commentCount":0,"image":{"@id":"https:\/\/lepatriotebenin.com\/index.php\/2024\/10\/01\/fifa-voici-les-raisons-de-la-sanction-de-etoo\/#primaryimage"},"thumbnailUrl":"https:\/\/lepatriotebenin.com\/wp-content\/uploads\/2024\/10\/samuel-eto.jpg","articleSection":["Sport"],"inLanguage":"fr-FR","potentialAction":[{"@type":"CommentAction","name":"Comment","target":["https:\/\/lepatriotebenin.com\/index.php\/2024\/10\/01\/fifa-voici-les-raisons-de-la-sanction-de-etoo\/#respond"]}]},{"@type":"WebPage","@id":"https:\/\/lepatriotebenin.com\/index.php\/2024\/10\/01\/fifa-voici-les-raisons-de-la-sanction-de-etoo\/","url":"https:\/\/lepatriotebenin.com\/index.php\/2024\/10\/01\/fifa-voici-les-raisons-de-la-sanction-de-etoo\/","name":"Fifa : Voici les raisons de la sanction de Eto\u2019o - Le Patriote","isPartOf":{"@id":"https:\/\/lepatriotebenin.com\/#website"},"primaryImageOfPage":{"@id":"https:\/\/lepatriotebenin.com\/index.php\/2024\/10\/01\/fifa-voici-les-raisons-de-la-sanction-de-etoo\/#primaryimage"},"image":{"@id":"https:\/\/lepatriotebenin.com\/index.php\/2024\/10\/01\/fifa-voici-les-raisons-de-la-sanction-de-etoo\/#primaryimage"},"thumbnailUrl":"https:\/\/lepatriotebenin.com\/wp-content\/uploads\/2024\/10\/samuel-eto.jpg","datePublished":"2024-10-01T16:02:13+00:00","author":{"@id":"https:\/\/lepatriotebenin.com\/#\/schema\/person\/4a9b67216c97d04045e01405c534c91f"},"breadcrumb":{"@id":"https:\/\/lepatriotebenin.com\/index.php\/2024\/10\/01\/fifa-voici-les-raisons-de-la-sanction-de-etoo\/#breadcrumb"},"inLanguage":"fr-FR","potentialAction":[{"@type":"ReadAction","target":["https:\/\/lepatriotebenin.com\/index.php\/2024\/10\/01\/fifa-voici-les-raisons-de-la-sanction-de-etoo\/"]}]},{"@type":"ImageObject","inLanguage":"fr-FR","@id":"https:\/\/lepatriotebenin.com\/index.php\/2024\/10\/01\/fifa-voici-les-raisons-de-la-sanction-de-etoo\/#primaryimage","url":"https:\/\/lepatriotebenin.com\/wp-content\/uploads\/2024\/10\/samuel-eto.jpg","contentUrl":"https:\/\/lepatriotebenin.com\/wp-content\/uploads\/2024\/10\/samuel-eto.jpg","width":980,"height":551},{"@type":"BreadcrumbList","@id":"https:\/\/lepatriotebenin.com\/index.php\/2024\/10\/01\/fifa-voici-les-raisons-de-la-sanction-de-etoo\/#breadcrumb","itemListElement":[{"@type":"ListItem","position":1,"name":"Accueil","item":"https:\/\/lepatriotebenin.com\/"},{"@type":"ListItem","position":2,"name":"Fifa : Voici les raisons de la sanction de Eto\u2019o"}]},{"@type":"WebSite","@id":"https:\/\/lepatriotebenin.com\/#website","url":"https:\/\/lepatriotebenin.com\/","name":"Le Patriote","description":"Le Patriote B\u00e9nin","potentialAction":[{"@type":"SearchAction","target":{"@type":"EntryPoint","urlTemplate":"https:\/\/lepatriotebenin.com\/?s={search_term_string}"},"query-input":{"@type":"PropertyValueSpecification","valueRequired":true,"valueName":"search_term_string"}}],"inLanguage":"fr-FR"},{"@type":"Person","@id":"https:\/\/lepatriotebenin.com\/#\/schema\/person\/4a9b67216c97d04045e01405c534c91f","name":"Roland AFFANOU","image":{"@type":"ImageObject","inLanguage":"fr-FR","@id":"https:\/\/secure.gravatar.com\/avatar\/7209d3f6d2d47ea4d0c67e14d3effb61feb10ae540a4381280c66265de5bd643?s=96&d=mm&r=g","url":"https:\/\/secure.gravatar.com\/avatar\/7209d3f6d2d47ea4d0c67e14d3effb61feb10ae540a4381280c66265de5bd643?s=96&d=mm&r=g","contentUrl":"https:\/\/secure.gravatar.com\/avatar\/7209d3f6d2d47ea4d0c67e14d3effb61feb10ae540a4381280c66265de5bd643?s=96&d=mm&r=g","caption":"Roland AFFANOU"},"url":"https:\/\/lepatriotebenin.com"}]}},"_links":{"self":[{"href":"https:\/\/lepatriotebenin.com\/index.php\/wp-json\/wp\/v2\/posts\/8163","targetHints":{"allow":["GET"]}}],"collection":[{"href":"https:\/\/lepatriotebenin.com\/index.php\/wp-json\/wp\/v2\/posts"}],"about":[{"href":"https:\/\/lepatriotebenin.com\/index.php\/wp-json\/wp\/v2\/types\/post"}],"author":[{"embeddable":true,"href":"https:\/\/lepatriotebenin.com\/index.php\/wp-json\/wp\/v2\/users\/6"}],"replies":[{"embeddable":true,"href":"https:\/\/lepatriotebenin.com\/index.php\/wp-json\/wp\/v2\/comments?post=8163"}],"version-history":[{"count":1,"href":"https:\/\/lepatriotebenin.com\/index.php\/wp-json\/wp\/v2\/posts\/8163\/revisions"}],"predecessor-version":[{"id":8165,"href":"https:\/\/lepatriotebenin.com\/index.php\/wp-json\/wp\/v2\/posts\/8163\/revisions\/8165"}],"wp:featuredmedia":[{"embeddable":true,"href":"https:\/\/lepatriotebenin.com\/index.php\/wp-json\/wp\/v2\/media\/8164"}],"wp:attachment":[{"href":"https:\/\/lepatriotebenin.com\/index.php\/wp-json\/wp\/v2\/media?parent=8163"}],"wp:term":[{"taxonomy":"category","embeddable":true,"href":"https:\/\/lepatriotebenin.com\/index.php\/wp-json\/wp\/v2\/categories?post=8163"},{"taxonomy":"post_tag","embeddable":true,"href":"https:\/\/lepatriotebenin.com\/index.php\/wp-json\/wp\/v2\/tags?post=8163"}],"curies":[{"name":"wp","href":"https:\/\/api.w.org\/{rel}","templated":true}]}}