{"id":8158,"date":"2024-09-30T20:39:07","date_gmt":"2024-09-30T18:39:07","guid":{"rendered":"https:\/\/lepatriotebenin.com\/?p=8158"},"modified":"2024-09-30T20:39:33","modified_gmt":"2024-09-30T18:39:33","slug":"football-antoine-griezmann-annonce-sa-retraite-internationale","status":"publish","type":"post","link":"https:\/\/lepatriotebenin.com\/index.php\/2024\/09\/30\/football-antoine-griezmann-annonce-sa-retraite-internationale\/","title":{"rendered":"Football :\u00a0Antoine Griezmann annonce sa retraite internationale"},"content":{"rendered":"\n<p>&nbsp;Coup de tonnerre dans le monde du football fran\u00e7ais et international. &nbsp;Le joueur fran\u00e7ais et vice -capitaine des Bleus, <strong>Antoine Griezmann<\/strong> a annonc\u00e9 \u00e0 la surprise g\u00e9n\u00e9rale sa retraite internationale. Il l\u2019a fait savoir ce <strong>lundi 30 septembre 2024<\/strong> sur les r\u00e9seaux sociaux. <em>\u00ab\u00a0C\u2019est avec le c\u0153ur plein de souvenirs que je clos ce chapitre de ma vie. Merci pour cette magnifique aventure tricolore et \u00e0 bient\u00f4t\u00a0\u00bb,<\/em> a-t-il \u00e9crit sur le r\u00e9seau socia<strong>l X<\/strong> tout en accompagnant son message d&rsquo;une vid\u00e9o de pr\u00e8s de deux minutes o\u00f9 il a remerci\u00e9 notamment les supporters.&nbsp; Dans cette vid\u00e9o, il a laiss\u00e9 entendre ceci : \u00ab\u00a0<em>Aujourd&rsquo;hui, c&rsquo;est avec une profonde \u00e9motion que je vous annonce ma retraite en tant que joueur de l&rsquo;\u00e9quipe de France. Apr\u00e8s dix ann\u00e9es incroyables, marqu\u00e9es par des d\u00e9fis, des succ\u00e8s et des moments inoubliables, il est temps pour <\/em>moi de tourner une page et de laisser place \u00e0 la nouvelle g\u00e9n\u00e9ration\u00a0\u00bb.<\/p>\n\n\n\n<p>&nbsp;Pour le vice-capitaine des Bleus, \u00ab\u00a0<em>porter ce maillot a \u00e9t\u00e9 un honneur et un privil\u00e8ge. Depuis mars 2014 et jusqu&rsquo;\u00e0 septembre dernier, j&rsquo;ai eu la chance de vivre des moments incroyables au c\u00f4t\u00e9 de co\u00e9quipiers exceptionnels. Nous avons partag\u00e9 des victoires qui resteront \u00e0 jamais grav\u00e9es dans nos m\u00e9moires\u201d <\/em>avant de d\u00e9clarer : <em>\u00ab\u00a0Je quitte l&rsquo;\u00c9quipe de France avec un profond sentiment de fiert\u00e9 et de gratitude. J&rsquo;ai eu la chance de vivre des moments extraordinaires comme celui de devenir champion du monde<\/em>\u201d.<\/p>\n\n\n\n<p>\u00c0 33 ans, l&rsquo;homme aux<strong> 137<\/strong> s\u00e9lections et <strong>44 <\/strong>buts sous le maillot de l&rsquo;\u00e9quipe de France raccroche les crampons avec les Bleus mais poursuit sa carri\u00e8re en club \u00e0 <strong>l&rsquo;Atl\u00e9tico Madrid.<\/strong> &nbsp;Le joueur offensif de l\u2019\u00e9quipe de France en mettant un terme \u00e0 sa carri\u00e8re internationale est le 3\u00e8me joueur le plus cap\u00e9 de l&rsquo;histoire des Bleus (avec 137 s\u00e9lections) \u00e0 \u00e9galit\u00e9 avec <strong>Olivier Giroud<\/strong>.&nbsp; Avec les Bleus, en 10 ans, il a \u00e9t\u00e9 champion du monde <strong>2018 <\/strong>et finaliste du Mondial-<strong>2022 <\/strong>et de l&rsquo;Euro-<strong>2016.<\/strong><\/p>\n","protected":false},"excerpt":{"rendered":"<p>&nbsp;Coup de tonnerre dans le monde du football fran\u00e7ais et international. &nbsp;Le joueur fran\u00e7ais et vice -capitaine des Bleus, Antoine Griezmann a annonc\u00e9 \u00e0 la surprise g\u00e9n\u00e9rale sa retraite internationale.&hellip;<\/p>\n","protected":false},"author":6,"featured_media":8159,"comment_status":"open","ping_status":"open","sticky":false,"template":"","format":"standard","meta":{"content-type":"","om_disable_all_campaigns":false,"_monsterinsights_skip_tracking":false,"_monsterinsights_sitenote_active":false,"_monsterinsights_sitenote_note":"","_monsterinsights_sitenote_category":0,"_uf_show_specific_survey":0,"_uf_disable_surveys":false,"footnotes":""},"categories":[8],"tags":[],"class_list":["post-8158","post","type-post","status-publish","format-standard","has-post-thumbnail","hentry","category-sport"],"aioseo_notices":[],"yoast_head":"<!-- This site is optimized with the Yoast SEO plugin v27.5 - https:\/\/yoast.com\/product\/yoast-seo-wordpress\/ -->\n<title>Football :\u00a0Antoine Griezmann annonce sa retraite internationale - Le Patriote<\/title>\n<meta name=\"robots\" content=\"index, follow, max-snippet:-1, max-image-preview:large, max-video-preview:-1\" \/>\n<link rel=\"canonical\" href=\"https:\/\/lepatriotebenin.com\/index.php\/2024\/09\/30\/football-antoine-griezmann-annonce-sa-retraite-internationale\/\" \/>\n<meta property=\"og:locale\" content=\"fr_FR\" \/>\n<meta property=\"og:type\" content=\"article\" \/>\n<meta property=\"og:title\" content=\"Football :\u00a0Antoine Griezmann annonce sa retraite internationale - Le Patriote\" \/>\n<meta property=\"og:description\" content=\"&nbsp;Coup de tonnerre dans le monde du football fran\u00e7ais et international. &nbsp;Le joueur fran\u00e7ais et vice -capitaine des Bleus, Antoine Griezmann a annonc\u00e9 \u00e0 la surprise g\u00e9n\u00e9rale sa retraite internationale.&hellip;\" \/>\n<meta property=\"og:url\" content=\"https:\/\/lepatriotebenin.com\/index.php\/2024\/09\/30\/football-antoine-griezmann-annonce-sa-retraite-internationale\/\" \/>\n<meta property=\"og:site_name\" content=\"Le Patriote\" \/>\n<meta property=\"article:published_time\" content=\"2024-09-30T18:39:07+00:00\" \/>\n<meta property=\"article:modified_time\" content=\"2024-09-30T18:39:33+00:00\" \/>\n<meta property=\"og:image\" content=\"https:\/\/lepatriotebenin.com\/wp-content\/uploads\/2024\/09\/1444x920-antoine-griezmann-le-grand-bleu.jpeg\" \/>\n\t<meta property=\"og:image:width\" content=\"1444\" \/>\n\t<meta property=\"og:image:height\" content=\"920\" \/>\n\t<meta property=\"og:image:type\" content=\"image\/jpeg\" \/>\n<meta name=\"author\" content=\"Roland AFFANOU\" \/>\n<meta name=\"twitter:card\" content=\"summary_large_image\" \/>\n<meta name=\"twitter:label1\" content=\"\u00c9crit par\" \/>\n\t<meta name=\"twitter:data1\" content=\"Roland AFFANOU\" \/>\n\t<meta name=\"twitter:label2\" content=\"Dur\u00e9e de lecture estim\u00e9e\" \/>\n\t<meta name=\"twitter:data2\" content=\"2 minutes\" \/>\n<script type=\"application\/ld+json\" class=\"yoast-schema-graph\">{\"@context\":\"https:\\\/\\\/schema.org\",\"@graph\":[{\"@type\":\"Article\",\"@id\":\"https:\\\/\\\/lepatriotebenin.com\\\/index.php\\\/2024\\\/09\\\/30\\\/football-antoine-griezmann-annonce-sa-retraite-internationale\\\/#article\",\"isPartOf\":{\"@id\":\"https:\\\/\\\/lepatriotebenin.com\\\/index.php\\\/2024\\\/09\\\/30\\\/football-antoine-griezmann-annonce-sa-retraite-internationale\\\/\"},\"author\":{\"name\":\"Roland AFFANOU\",\"@id\":\"https:\\\/\\\/lepatriotebenin.com\\\/#\\\/schema\\\/person\\\/4a9b67216c97d04045e01405c534c91f\"},\"headline\":\"Football :\u00a0Antoine Griezmann annonce sa retraite internationale\",\"datePublished\":\"2024-09-30T18:39:07+00:00\",\"dateModified\":\"2024-09-30T18:39:33+00:00\",\"mainEntityOfPage\":{\"@id\":\"https:\\\/\\\/lepatriotebenin.com\\\/index.php\\\/2024\\\/09\\\/30\\\/football-antoine-griezmann-annonce-sa-retraite-internationale\\\/\"},\"wordCount\":360,\"commentCount\":0,\"image\":{\"@id\":\"https:\\\/\\\/lepatriotebenin.com\\\/index.php\\\/2024\\\/09\\\/30\\\/football-antoine-griezmann-annonce-sa-retraite-internationale\\\/#primaryimage\"},\"thumbnailUrl\":\"https:\\\/\\\/lepatriotebenin.com\\\/wp-content\\\/uploads\\\/2024\\\/09\\\/1444x920-antoine-griezmann-le-grand-bleu.jpeg\",\"articleSection\":[\"Sport\"],\"inLanguage\":\"fr-FR\",\"potentialAction\":[{\"@type\":\"CommentAction\",\"name\":\"Comment\",\"target\":[\"https:\\\/\\\/lepatriotebenin.com\\\/index.php\\\/2024\\\/09\\\/30\\\/football-antoine-griezmann-annonce-sa-retraite-internationale\\\/#respond\"]}]},{\"@type\":\"WebPage\",\"@id\":\"https:\\\/\\\/lepatriotebenin.com\\\/index.php\\\/2024\\\/09\\\/30\\\/football-antoine-griezmann-annonce-sa-retraite-internationale\\\/\",\"url\":\"https:\\\/\\\/lepatriotebenin.com\\\/index.php\\\/2024\\\/09\\\/30\\\/football-antoine-griezmann-annonce-sa-retraite-internationale\\\/\",\"name\":\"Football :\u00a0Antoine Griezmann annonce sa retraite internationale - Le Patriote\",\"isPartOf\":{\"@id\":\"https:\\\/\\\/lepatriotebenin.com\\\/#website\"},\"primaryImageOfPage\":{\"@id\":\"https:\\\/\\\/lepatriotebenin.com\\\/index.php\\\/2024\\\/09\\\/30\\\/football-antoine-griezmann-annonce-sa-retraite-internationale\\\/#primaryimage\"},\"image\":{\"@id\":\"https:\\\/\\\/lepatriotebenin.com\\\/index.php\\\/2024\\\/09\\\/30\\\/football-antoine-griezmann-annonce-sa-retraite-internationale\\\/#primaryimage\"},\"thumbnailUrl\":\"https:\\\/\\\/lepatriotebenin.com\\\/wp-content\\\/uploads\\\/2024\\\/09\\\/1444x920-antoine-griezmann-le-grand-bleu.jpeg\",\"datePublished\":\"2024-09-30T18:39:07+00:00\",\"dateModified\":\"2024-09-30T18:39:33+00:00\",\"author\":{\"@id\":\"https:\\\/\\\/lepatriotebenin.com\\\/#\\\/schema\\\/person\\\/4a9b67216c97d04045e01405c534c91f\"},\"breadcrumb\":{\"@id\":\"https:\\\/\\\/lepatriotebenin.com\\\/index.php\\\/2024\\\/09\\\/30\\\/football-antoine-griezmann-annonce-sa-retraite-internationale\\\/#breadcrumb\"},\"inLanguage\":\"fr-FR\",\"potentialAction\":[{\"@type\":\"ReadAction\",\"target\":[\"https:\\\/\\\/lepatriotebenin.com\\\/index.php\\\/2024\\\/09\\\/30\\\/football-antoine-griezmann-annonce-sa-retraite-internationale\\\/\"]}]},{\"@type\":\"ImageObject\",\"inLanguage\":\"fr-FR\",\"@id\":\"https:\\\/\\\/lepatriotebenin.com\\\/index.php\\\/2024\\\/09\\\/30\\\/football-antoine-griezmann-annonce-sa-retraite-internationale\\\/#primaryimage\",\"url\":\"https:\\\/\\\/lepatriotebenin.com\\\/wp-content\\\/uploads\\\/2024\\\/09\\\/1444x920-antoine-griezmann-le-grand-bleu.jpeg\",\"contentUrl\":\"https:\\\/\\\/lepatriotebenin.com\\\/wp-content\\\/uploads\\\/2024\\\/09\\\/1444x920-antoine-griezmann-le-grand-bleu.jpeg\",\"width\":1444,\"height\":920},{\"@type\":\"BreadcrumbList\",\"@id\":\"https:\\\/\\\/lepatriotebenin.com\\\/index.php\\\/2024\\\/09\\\/30\\\/football-antoine-griezmann-annonce-sa-retraite-internationale\\\/#breadcrumb\",\"itemListElement\":[{\"@type\":\"ListItem\",\"position\":1,\"name\":\"Accueil\",\"item\":\"https:\\\/\\\/lepatriotebenin.com\\\/\"},{\"@type\":\"ListItem\",\"position\":2,\"name\":\"Football :\u00a0Antoine Griezmann annonce sa retraite internationale\"}]},{\"@type\":\"WebSite\",\"@id\":\"https:\\\/\\\/lepatriotebenin.com\\\/#website\",\"url\":\"https:\\\/\\\/lepatriotebenin.com\\\/\",\"name\":\"Le Patriote\",\"description\":\"Le Patriote B\u00e9nin\",\"potentialAction\":[{\"@type\":\"SearchAction\",\"target\":{\"@type\":\"EntryPoint\",\"urlTemplate\":\"https:\\\/\\\/lepatriotebenin.com\\\/?s={search_term_string}\"},\"query-input\":{\"@type\":\"PropertyValueSpecification\",\"valueRequired\":true,\"valueName\":\"search_term_string\"}}],\"inLanguage\":\"fr-FR\"},{\"@type\":\"Person\",\"@id\":\"https:\\\/\\\/lepatriotebenin.com\\\/#\\\/schema\\\/person\\\/4a9b67216c97d04045e01405c534c91f\",\"name\":\"Roland AFFANOU\",\"image\":{\"@type\":\"ImageObject\",\"inLanguage\":\"fr-FR\",\"@id\":\"https:\\\/\\\/secure.gravatar.com\\\/avatar\\\/7209d3f6d2d47ea4d0c67e14d3effb61feb10ae540a4381280c66265de5bd643?s=96&d=mm&r=g\",\"url\":\"https:\\\/\\\/secure.gravatar.com\\\/avatar\\\/7209d3f6d2d47ea4d0c67e14d3effb61feb10ae540a4381280c66265de5bd643?s=96&d=mm&r=g\",\"contentUrl\":\"https:\\\/\\\/secure.gravatar.com\\\/avatar\\\/7209d3f6d2d47ea4d0c67e14d3effb61feb10ae540a4381280c66265de5bd643?s=96&d=mm&r=g\",\"caption\":\"Roland AFFANOU\"},\"url\":\"https:\\\/\\\/lepatriotebenin.com\"}]}<\/script>\n<!-- \/ Yoast SEO plugin. -->","yoast_head_json":{"title":"Football :\u00a0Antoine Griezmann annonce sa retraite internationale - Le Patriote","robots":{"index":"index","follow":"follow","max-snippet":"max-snippet:-1","max-image-preview":"max-image-preview:large","max-video-preview":"max-video-preview:-1"},"canonical":"https:\/\/lepatriotebenin.com\/index.php\/2024\/09\/30\/football-antoine-griezmann-annonce-sa-retraite-internationale\/","og_locale":"fr_FR","og_type":"article","og_title":"Football :\u00a0Antoine Griezmann annonce sa retraite internationale - Le Patriote","og_description":"&nbsp;Coup de tonnerre dans le monde du football fran\u00e7ais et international. &nbsp;Le joueur fran\u00e7ais et vice -capitaine des Bleus, Antoine Griezmann a annonc\u00e9 \u00e0 la surprise g\u00e9n\u00e9rale sa retraite internationale.&hellip;","og_url":"https:\/\/lepatriotebenin.com\/index.php\/2024\/09\/30\/football-antoine-griezmann-annonce-sa-retraite-internationale\/","og_site_name":"Le Patriote","article_published_time":"2024-09-30T18:39:07+00:00","article_modified_time":"2024-09-30T18:39:33+00:00","og_image":[{"width":1444,"height":920,"url":"https:\/\/lepatriotebenin.com\/wp-content\/uploads\/2024\/09\/1444x920-antoine-griezmann-le-grand-bleu.jpeg","type":"image\/jpeg"}],"author":"Roland AFFANOU","twitter_card":"summary_large_image","twitter_misc":{"\u00c9crit par":"Roland AFFANOU","Dur\u00e9e de lecture estim\u00e9e":"2 minutes"},"schema":{"@context":"https:\/\/schema.org","@graph":[{"@type":"Article","@id":"https:\/\/lepatriotebenin.com\/index.php\/2024\/09\/30\/football-antoine-griezmann-annonce-sa-retraite-internationale\/#article","isPartOf":{"@id":"https:\/\/lepatriotebenin.com\/index.php\/2024\/09\/30\/football-antoine-griezmann-annonce-sa-retraite-internationale\/"},"author":{"name":"Roland AFFANOU","@id":"https:\/\/lepatriotebenin.com\/#\/schema\/person\/4a9b67216c97d04045e01405c534c91f"},"headline":"Football :\u00a0Antoine Griezmann annonce sa retraite internationale","datePublished":"2024-09-30T18:39:07+00:00","dateModified":"2024-09-30T18:39:33+00:00","mainEntityOfPage":{"@id":"https:\/\/lepatriotebenin.com\/index.php\/2024\/09\/30\/football-antoine-griezmann-annonce-sa-retraite-internationale\/"},"wordCount":360,"commentCount":0,"image":{"@id":"https:\/\/lepatriotebenin.com\/index.php\/2024\/09\/30\/football-antoine-griezmann-annonce-sa-retraite-internationale\/#primaryimage"},"thumbnailUrl":"https:\/\/lepatriotebenin.com\/wp-content\/uploads\/2024\/09\/1444x920-antoine-griezmann-le-grand-bleu.jpeg","articleSection":["Sport"],"inLanguage":"fr-FR","potentialAction":[{"@type":"CommentAction","name":"Comment","target":["https:\/\/lepatriotebenin.com\/index.php\/2024\/09\/30\/football-antoine-griezmann-annonce-sa-retraite-internationale\/#respond"]}]},{"@type":"WebPage","@id":"https:\/\/lepatriotebenin.com\/index.php\/2024\/09\/30\/football-antoine-griezmann-annonce-sa-retraite-internationale\/","url":"https:\/\/lepatriotebenin.com\/index.php\/2024\/09\/30\/football-antoine-griezmann-annonce-sa-retraite-internationale\/","name":"Football :\u00a0Antoine Griezmann annonce sa retraite internationale - Le Patriote","isPartOf":{"@id":"https:\/\/lepatriotebenin.com\/#website"},"primaryImageOfPage":{"@id":"https:\/\/lepatriotebenin.com\/index.php\/2024\/09\/30\/football-antoine-griezmann-annonce-sa-retraite-internationale\/#primaryimage"},"image":{"@id":"https:\/\/lepatriotebenin.com\/index.php\/2024\/09\/30\/football-antoine-griezmann-annonce-sa-retraite-internationale\/#primaryimage"},"thumbnailUrl":"https:\/\/lepatriotebenin.com\/wp-content\/uploads\/2024\/09\/1444x920-antoine-griezmann-le-grand-bleu.jpeg","datePublished":"2024-09-30T18:39:07+00:00","dateModified":"2024-09-30T18:39:33+00:00","author":{"@id":"https:\/\/lepatriotebenin.com\/#\/schema\/person\/4a9b67216c97d04045e01405c534c91f"},"breadcrumb":{"@id":"https:\/\/lepatriotebenin.com\/index.php\/2024\/09\/30\/football-antoine-griezmann-annonce-sa-retraite-internationale\/#breadcrumb"},"inLanguage":"fr-FR","potentialAction":[{"@type":"ReadAction","target":["https:\/\/lepatriotebenin.com\/index.php\/2024\/09\/30\/football-antoine-griezmann-annonce-sa-retraite-internationale\/"]}]},{"@type":"ImageObject","inLanguage":"fr-FR","@id":"https:\/\/lepatriotebenin.com\/index.php\/2024\/09\/30\/football-antoine-griezmann-annonce-sa-retraite-internationale\/#primaryimage","url":"https:\/\/lepatriotebenin.com\/wp-content\/uploads\/2024\/09\/1444x920-antoine-griezmann-le-grand-bleu.jpeg","contentUrl":"https:\/\/lepatriotebenin.com\/wp-content\/uploads\/2024\/09\/1444x920-antoine-griezmann-le-grand-bleu.jpeg","width":1444,"height":920},{"@type":"BreadcrumbList","@id":"https:\/\/lepatriotebenin.com\/index.php\/2024\/09\/30\/football-antoine-griezmann-annonce-sa-retraite-internationale\/#breadcrumb","itemListElement":[{"@type":"ListItem","position":1,"name":"Accueil","item":"https:\/\/lepatriotebenin.com\/"},{"@type":"ListItem","position":2,"name":"Football :\u00a0Antoine Griezmann annonce sa retraite internationale"}]},{"@type":"WebSite","@id":"https:\/\/lepatriotebenin.com\/#website","url":"https:\/\/lepatriotebenin.com\/","name":"Le Patriote","description":"Le Patriote B\u00e9nin","potentialAction":[{"@type":"SearchAction","target":{"@type":"EntryPoint","urlTemplate":"https:\/\/lepatriotebenin.com\/?s={search_term_string}"},"query-input":{"@type":"PropertyValueSpecification","valueRequired":true,"valueName":"search_term_string"}}],"inLanguage":"fr-FR"},{"@type":"Person","@id":"https:\/\/lepatriotebenin.com\/#\/schema\/person\/4a9b67216c97d04045e01405c534c91f","name":"Roland AFFANOU","image":{"@type":"ImageObject","inLanguage":"fr-FR","@id":"https:\/\/secure.gravatar.com\/avatar\/7209d3f6d2d47ea4d0c67e14d3effb61feb10ae540a4381280c66265de5bd643?s=96&d=mm&r=g","url":"https:\/\/secure.gravatar.com\/avatar\/7209d3f6d2d47ea4d0c67e14d3effb61feb10ae540a4381280c66265de5bd643?s=96&d=mm&r=g","contentUrl":"https:\/\/secure.gravatar.com\/avatar\/7209d3f6d2d47ea4d0c67e14d3effb61feb10ae540a4381280c66265de5bd643?s=96&d=mm&r=g","caption":"Roland AFFANOU"},"url":"https:\/\/lepatriotebenin.com"}]}},"_links":{"self":[{"href":"https:\/\/lepatriotebenin.com\/index.php\/wp-json\/wp\/v2\/posts\/8158","targetHints":{"allow":["GET"]}}],"collection":[{"href":"https:\/\/lepatriotebenin.com\/index.php\/wp-json\/wp\/v2\/posts"}],"about":[{"href":"https:\/\/lepatriotebenin.com\/index.php\/wp-json\/wp\/v2\/types\/post"}],"author":[{"embeddable":true,"href":"https:\/\/lepatriotebenin.com\/index.php\/wp-json\/wp\/v2\/users\/6"}],"replies":[{"embeddable":true,"href":"https:\/\/lepatriotebenin.com\/index.php\/wp-json\/wp\/v2\/comments?post=8158"}],"version-history":[{"count":2,"href":"https:\/\/lepatriotebenin.com\/index.php\/wp-json\/wp\/v2\/posts\/8158\/revisions"}],"predecessor-version":[{"id":8161,"href":"https:\/\/lepatriotebenin.com\/index.php\/wp-json\/wp\/v2\/posts\/8158\/revisions\/8161"}],"wp:featuredmedia":[{"embeddable":true,"href":"https:\/\/lepatriotebenin.com\/index.php\/wp-json\/wp\/v2\/media\/8159"}],"wp:attachment":[{"href":"https:\/\/lepatriotebenin.com\/index.php\/wp-json\/wp\/v2\/media?parent=8158"}],"wp:term":[{"taxonomy":"category","embeddable":true,"href":"https:\/\/lepatriotebenin.com\/index.php\/wp-json\/wp\/v2\/categories?post=8158"},{"taxonomy":"post_tag","embeddable":true,"href":"https:\/\/lepatriotebenin.com\/index.php\/wp-json\/wp\/v2\/tags?post=8158"}],"curies":[{"name":"wp","href":"https:\/\/api.w.org\/{rel}","templated":true}]}}